{"id":48804,"date":"2020-07-07T17:22:35","date_gmt":"2020-07-07T16:22:35","guid":{"rendered":"http:\/\/www.altominho.tv\/site\/?p=48804"},"modified":"2020-07-07T17:22:39","modified_gmt":"2020-07-07T16:22:39","slug":"castro-que-pertence-a-caminha-e-viana-do-castelo-proposto-como-monumento-nacional","status":"publish","type":"post","link":"https:\/\/www.altominho.tv\/site\/2020\/07\/07\/castro-que-pertence-a-caminha-e-viana-do-castelo-proposto-como-monumento-nacional\/","title":{"rendered":"Castro que pertence a Caminha e Viana do Castelo proposto como monumento nacional"},"content":{"rendered":"<p>A Dire\u00e7\u00e3o-Geral do Patrim\u00f3nio Cultural prop\u00f4s ao Governo a classifica\u00e7\u00e3o, como monumento nacional, de um conjunto arqueol\u00f3gico situado no limite das freguesias de \u00c2ncora e Afife, distrito de Viana do Castelo, segundo an\u00fancio hoje publicado em Di\u00e1rio da Rep\u00fablica.<\/p>\n<p>De acordo com informa\u00e7\u00e3o do extinto Instituto de Gest\u00e3o do Patrim\u00f3nio Arquitet\u00f3nico e Arqueol\u00f3gico (IGESPAR), substitu\u00eddo pela Dire\u00e7\u00e3o-Geral do Patrim\u00f3nio Cultural, trata-se de &#8220;um castro milenar, isolado no monte da Cividade que delimita aquelas freguesias dos dois concelhos vizinhos [Caminha e Viana do Castelo], onde foram identificadas em sucessivas escava\u00e7\u00f5es, realizadas nos \u00faltimos 50 anos, casas de planta circular, algumas das quais com lareiras e bancos de pedra no interior, al\u00e9m de um tro\u00e7o de muralha com 24 metros de extens\u00e3o&#8221;.<\/p>\n<p>Este castro abrange terrenos daquelas duas freguesias e, por isso, em Viana \u00e9 conhecido como a Cividade de Afife, enquanto em Caminha essa designa\u00e7\u00e3o \u00e9 atribu\u00edda a \u00c2ncora.<\/p>\n<p>O an\u00fancio hoje publicado em Di\u00e1rio da Rep\u00fablica (DR) refere ser &#8220;inten\u00e7\u00e3o da Dire\u00e7\u00e3o-Geral do Patrim\u00f3nio Cultural propor \u00e0 secret\u00e1ria de Estado Adjunta e do Patrim\u00f3nio Cultural a classifica\u00e7\u00e3o como s\u00edtio de interesse nacional, com a designa\u00e7\u00e3o de monumento nacional (MN), da Cividade de \u00c2ncora\/Afife, no Monte da Cividade, freguesia de \u00c2ncora, concelho de Caminha, e freguesia de Afife, concelho de Viana do Castelo, distrito de Viana do Castelo&#8221;.<\/p>\n<p>No documento, datado de 12 de abril, o Diretor-Geral do Patrim\u00f3nio Cultural, Bernardo Alaba\u00e7a, fundamenta a proposta de classifica\u00e7\u00e3o &#8220;num parecer da sec\u00e7\u00e3o do Patrim\u00f3nio Arquitet\u00f3nico e Arqueol\u00f3gico do Conselho Nacional de Cultura de 16 de outubro de 2019, que mereceu a concord\u00e2ncia da anterior diretora-geral&#8221;.<\/p>\n<p>A classifica\u00e7\u00e3o daquele castro foi oficialmente iniciada em maio de 2018, com a publica\u00e7\u00e3o, em Di\u00e1rio da Rep\u00fablica (DR), do an\u00fancio da abertura do procedimento.<\/p>\n<p>Anteriormente, em 2013, os dois munic\u00edpios celebraram um protocolo de colabora\u00e7\u00e3o para a gest\u00e3o conjunta daquela Cividade, comprometendo-se a recuperar, estudar e potenciar turisticamente aquele conjunto arqueol\u00f3gico.<\/p>\n<p>Com aquele protocolo, as autarquias comprometeram-se a desenvolver uma estrat\u00e9gia conjunta de a\u00e7\u00e3o para a Cividade de \u00c2ncora\/Afife, que permita a conserva\u00e7\u00e3o e preserva\u00e7\u00e3o dos vest\u00edgios arqueol\u00f3gicos existentes, &#8220;bem como de outros que se venham a ser descobertos&#8221;.<\/p>\n<p>Em julho de 2013, o local foi alvo de trabalhos arqueol\u00f3gicos realizados por especialistas da Universidade do Minho.<\/p>\n<p>O acordo prev\u00ea ainda a musealiza\u00e7\u00e3o daquela \u00e1rea e a integra\u00e7\u00e3o daquele castro num roteiro de visitas a pontos de interesse arqueol\u00f3gico na regi\u00e3o.<\/p>\n<div id='gallery-1' class='gallery galleryid-48804 gallery-columns-3 gallery-size-gridlove-single'><figure class='gallery-item'>\n\t\t\t<div class='gallery-icon landscape'>\n\t\t\t\t<a class=\"gridlove-popup\" href='https:\/\/www.altominho.tv\/site\/wp-content\/uploads\/2020\/07\/Arqueologia_cividade.jpg'><img loading=\"lazy\" decoding=\"async\" width=\"740\" height=\"492\" src=\"https:\/\/www.altominho.tv\/site\/wp-content\/uploads\/2020\/07\/Arqueologia_cividade-740x492.jpg\" class=\"attachment-gridlove-single size-gridlove-single\" alt=\"\" srcset=\"https:\/\/www.altominho.tv\/site\/wp-content\/uploads\/2020\/07\/Arqueologia_cividade-740x492.jpg 740w, https:\/\/www.altominho.tv\/site\/wp-content\/uploads\/2020\/07\/Arqueologia_cividade-652x433.jpg 652w, https:\/\/www.altominho.tv\/site\/wp-content\/uploads\/2020\/07\/Arqueologia_cividade-1024x680.jpg 1024w, https:\/\/www.altominho.tv\/site\/wp-content\/uploads\/2020\/07\/Arqueologia_cividade-768x510.jpg 768w, https:\/\/www.altominho.tv\/site\/wp-content\/uploads\/2020\/07\/Arqueologia_cividade-370x246.jpg 370w, https:\/\/www.altominho.tv\/site\/wp-content\/uploads\/2020\/07\/Arqueologia_cividade-270x179.jpg 270w, https:\/\/www.altominho.tv\/site\/wp-content\/uploads\/2020\/07\/Arqueologia_cividade-570x379.jpg 570w, https:\/\/www.altominho.tv\/site\/wp-content\/uploads\/2020\/07\/Arqueologia_cividade.jpg 1204w\" sizes=\"auto, (max-width: 740px) 100vw, 740px\" \/><\/a>\n\t\t\t<\/div><\/figure><figure class='gallery-item'>\n\t\t\t<div class='gallery-icon landscape'>\n\t\t\t\t<a class=\"gridlove-popup\" href='https:\/\/www.altominho.tv\/site\/wp-content\/uploads\/2020\/07\/Arqueologia_cividade_3.jpg'><img loading=\"lazy\" decoding=\"async\" width=\"512\" height=\"340\" src=\"https:\/\/www.altominho.tv\/site\/wp-content\/uploads\/2020\/07\/Arqueologia_cividade_3.jpg\" class=\"attachment-gridlove-single size-gridlove-single\" alt=\"\" srcset=\"https:\/\/www.altominho.tv\/site\/wp-content\/uploads\/2020\/07\/Arqueologia_cividade_3.jpg 512w, https:\/\/www.altominho.tv\/site\/wp-content\/uploads\/2020\/07\/Arqueologia_cividade_3-370x246.jpg 370w, https:\/\/www.altominho.tv\/site\/wp-content\/uploads\/2020\/07\/Arqueologia_cividade_3-270x179.jpg 270w\" sizes=\"auto, (max-width: 512px) 100vw, 512px\" \/><\/a>\n\t\t\t<\/div><\/figure><figure class='gallery-item'>\n\t\t\t<div class='gallery-icon landscape'>\n\t\t\t\t<a class=\"gridlove-popup\" href='https:\/\/www.altominho.tv\/site\/wp-content\/uploads\/2020\/07\/Arqueologia_cividade_2.jpg'><img loading=\"lazy\" decoding=\"async\" width=\"610\" height=\"405\" src=\"https:\/\/www.altominho.tv\/site\/wp-content\/uploads\/2020\/07\/Arqueologia_cividade_2.jpg\" class=\"attachment-gridlove-single size-gridlove-single\" alt=\"\" srcset=\"https:\/\/www.altominho.tv\/site\/wp-content\/uploads\/2020\/07\/Arqueologia_cividade_2.jpg 610w, https:\/\/www.altominho.tv\/site\/wp-content\/uploads\/2020\/07\/Arqueologia_cividade_2-370x246.jpg 370w, https:\/\/www.altominho.tv\/site\/wp-content\/uploads\/2020\/07\/Arqueologia_cividade_2-270x179.jpg 270w, https:\/\/www.altominho.tv\/site\/wp-content\/uploads\/2020\/07\/Arqueologia_cividade_2-570x378.jpg 570w\" sizes=\"auto, (max-width: 610px) 100vw, 610px\" \/><\/a>\n\t\t\t<\/div><\/figure>\n\t\t<\/div>\n\n","protected":false},"excerpt":{"rendered":"<p>A Dire\u00e7\u00e3o-Geral do Patrim\u00f3nio Cultural prop\u00f4s ao Governo a classifica\u00e7\u00e3o, como monumento nacional, de um conjunto arqueol\u00f3gico situado no limite das freguesias de \u00c2ncora e Afife, distrito de Viana do Castelo, segundo an\u00fancio hoje publicado em Di\u00e1rio da Rep\u00fablica. De acordo com informa\u00e7\u00e3o do extinto Instituto de Gest\u00e3o do Patrim\u00f3nio Arquitet\u00f3nico e Arqueol\u00f3gico (IGESPAR), substitu\u00eddo [&hellip;]<\/p>\n","protected":false},"author":13,"featured_media":48805,"comment_status":"closed","ping_status":"closed","sticky":false,"template":"","format":"standard","meta":{"_exactmetrics_skip_tracking":false,"footnotes":""},"categories":[73],"tags":[19],"class_list":["post-48804","post","type-post","status-publish","format-standard","has-post-thumbnail","hentry","category-alto-minho","tag-cultura"],"yoast_head":"<!-- This site is optimized with the Yoast SEO Premium plugin v28.3 (Yoast SEO v28.3) - https:\/\/yoast.com\/product\/yoast-seo-premium-wordpress\/ -->\n<title>Castro que pertence a Caminha e Viana do Castelo proposto como monumento nacional<\/title>\n<meta name=\"robots\" content=\"index, follow, max-snippet:-1, max-image-preview:large, max-video-preview:-1\" \/>\n<link rel=\"canonical\" href=\"https:\/\/www.altominho.tv\/site\/2020\/07\/07\/castro-que-pertence-a-caminha-e-viana-do-castelo-proposto-como-monumento-nacional\/\" \/>\n<meta property=\"og:locale\" content=\"pt_PT\" \/>\n<meta property=\"og:type\" content=\"article\" \/>\n<meta property=\"og:title\" content=\"Castro que pertence a Caminha e Viana do Castelo proposto como monumento nacional\" \/>\n<meta property=\"og:description\" content=\"A Dire\u00e7\u00e3o-Geral do Patrim\u00f3nio Cultural prop\u00f4s ao Governo a classifica\u00e7\u00e3o, como monumento nacional, de um conjunto arqueol\u00f3gico situado no limite das freguesias de \u00c2ncora e Afife, distrito de Viana do Castelo, segundo an\u00fancio hoje publicado em Di\u00e1rio da Rep\u00fablica. De acordo com informa\u00e7\u00e3o do extinto Instituto de Gest\u00e3o do Patrim\u00f3nio Arquitet\u00f3nico e Arqueol\u00f3gico (IGESPAR), substitu\u00eddo [&hellip;]\" \/>\n<meta property=\"og:url\" content=\"https:\/\/www.altominho.tv\/site\/2020\/07\/07\/castro-que-pertence-a-caminha-e-viana-do-castelo-proposto-como-monumento-nacional\/\" \/>\n<meta property=\"og:site_name\" content=\"Altominho.tv\" \/>\n<meta property=\"article:publisher\" content=\"https:\/\/www.facebook.com\/altominhotv\" \/>\n<meta property=\"article:published_time\" content=\"2020-07-07T16:22:35+00:00\" \/>\n<meta property=\"article:modified_time\" content=\"2020-07-07T16:22:39+00:00\" \/>\n<meta property=\"og:image\" content=\"https:\/\/www.altominho.tv\/site\/wp-content\/uploads\/2020\/07\/Cividade_Afife.jpg\" \/>\n\t<meta property=\"og:image:width\" content=\"1500\" \/>\n\t<meta property=\"og:image:height\" content=\"1125\" \/>\n\t<meta property=\"og:image:type\" content=\"image\/jpeg\" \/>\n<meta name=\"author\" content=\"Lusa\" \/>\n<meta name=\"twitter:card\" content=\"summary_large_image\" \/>\n<meta name=\"twitter:creator\" content=\"@altominhoTV\" \/>\n<meta name=\"twitter:site\" content=\"@altominhoTV\" \/>\n<meta name=\"twitter:label1\" content=\"Escrito por\" \/>\n\t<meta name=\"twitter:data1\" content=\"Lusa\" \/>\n\t<meta name=\"twitter:label2\" content=\"Tempo estimado de leitura\" \/>\n\t<meta name=\"twitter:data2\" content=\"2 minutos\" \/>\n<script type=\"application\/ld+json\" class=\"yoast-schema-graph\">{\"@context\":\"https:\\\/\\\/schema.org\",\"@graph\":[{\"@type\":\"Article\",\"@id\":\"https:\\\/\\\/www.altominho.tv\\\/site\\\/2020\\\/07\\\/07\\\/castro-que-pertence-a-caminha-e-viana-do-castelo-proposto-como-monumento-nacional\\\/#article\",\"isPartOf\":{\"@id\":\"https:\\\/\\\/www.altominho.tv\\\/site\\\/2020\\\/07\\\/07\\\/castro-que-pertence-a-caminha-e-viana-do-castelo-proposto-como-monumento-nacional\\\/\"},\"author\":{\"name\":\"Lusa\",\"@id\":\"https:\\\/\\\/www.altominho.tv\\\/site\\\/#\\\/schema\\\/person\\\/63f693da3e1899361cbe955c46f3232e\"},\"headline\":\"Castro que pertence a Caminha e Viana do Castelo proposto como monumento nacional\",\"datePublished\":\"2020-07-07T16:22:35+00:00\",\"dateModified\":\"2020-07-07T16:22:39+00:00\",\"mainEntityOfPage\":{\"@id\":\"https:\\\/\\\/www.altominho.tv\\\/site\\\/2020\\\/07\\\/07\\\/castro-que-pertence-a-caminha-e-viana-do-castelo-proposto-como-monumento-nacional\\\/\"},\"wordCount\":460,\"image\":{\"@id\":\"https:\\\/\\\/www.altominho.tv\\\/site\\\/2020\\\/07\\\/07\\\/castro-que-pertence-a-caminha-e-viana-do-castelo-proposto-como-monumento-nacional\\\/#primaryimage\"},\"thumbnailUrl\":\"https:\\\/\\\/www.altominho.tv\\\/site\\\/wp-content\\\/uploads\\\/2020\\\/07\\\/Cividade_Afife.jpg\",\"keywords\":[\"Cultura\"],\"articleSection\":[\"Alto Minho\"],\"inLanguage\":\"pt-PT\",\"copyrightYear\":\"2020\",\"copyrightHolder\":{\"@id\":\"https:\\\/\\\/www.altominho.tv\\\/site\\\/#organization\"}},{\"@type\":\"WebPage\",\"@id\":\"https:\\\/\\\/www.altominho.tv\\\/site\\\/2020\\\/07\\\/07\\\/castro-que-pertence-a-caminha-e-viana-do-castelo-proposto-como-monumento-nacional\\\/\",\"url\":\"https:\\\/\\\/www.altominho.tv\\\/site\\\/2020\\\/07\\\/07\\\/castro-que-pertence-a-caminha-e-viana-do-castelo-proposto-como-monumento-nacional\\\/\",\"name\":\"Castro que pertence a Caminha e Viana do Castelo proposto como monumento nacional\",\"isPartOf\":{\"@id\":\"https:\\\/\\\/www.altominho.tv\\\/site\\\/#website\"},\"primaryImageOfPage\":{\"@id\":\"https:\\\/\\\/www.altominho.tv\\\/site\\\/2020\\\/07\\\/07\\\/castro-que-pertence-a-caminha-e-viana-do-castelo-proposto-como-monumento-nacional\\\/#primaryimage\"},\"image\":{\"@id\":\"https:\\\/\\\/www.altominho.tv\\\/site\\\/2020\\\/07\\\/07\\\/castro-que-pertence-a-caminha-e-viana-do-castelo-proposto-como-monumento-nacional\\\/#primaryimage\"},\"thumbnailUrl\":\"https:\\\/\\\/www.altominho.tv\\\/site\\\/wp-content\\\/uploads\\\/2020\\\/07\\\/Cividade_Afife.jpg\",\"datePublished\":\"2020-07-07T16:22:35+00:00\",\"dateModified\":\"2020-07-07T16:22:39+00:00\",\"author\":{\"@id\":\"https:\\\/\\\/www.altominho.tv\\\/site\\\/#\\\/schema\\\/person\\\/63f693da3e1899361cbe955c46f3232e\"},\"breadcrumb\":{\"@id\":\"https:\\\/\\\/www.altominho.tv\\\/site\\\/2020\\\/07\\\/07\\\/castro-que-pertence-a-caminha-e-viana-do-castelo-proposto-como-monumento-nacional\\\/#breadcrumb\"},\"inLanguage\":\"pt-PT\",\"potentialAction\":[{\"@type\":\"ReadAction\",\"target\":[\"https:\\\/\\\/www.altominho.tv\\\/site\\\/2020\\\/07\\\/07\\\/castro-que-pertence-a-caminha-e-viana-do-castelo-proposto-como-monumento-nacional\\\/\"]}]},{\"@type\":\"ImageObject\",\"inLanguage\":\"pt-PT\",\"@id\":\"https:\\\/\\\/www.altominho.tv\\\/site\\\/2020\\\/07\\\/07\\\/castro-que-pertence-a-caminha-e-viana-do-castelo-proposto-como-monumento-nacional\\\/#primaryimage\",\"url\":\"https:\\\/\\\/www.altominho.tv\\\/site\\\/wp-content\\\/uploads\\\/2020\\\/07\\\/Cividade_Afife.jpg\",\"contentUrl\":\"https:\\\/\\\/www.altominho.tv\\\/site\\\/wp-content\\\/uploads\\\/2020\\\/07\\\/Cividade_Afife.jpg\",\"width\":1500,\"height\":1125},{\"@type\":\"BreadcrumbList\",\"@id\":\"https:\\\/\\\/www.altominho.tv\\\/site\\\/2020\\\/07\\\/07\\\/castro-que-pertence-a-caminha-e-viana-do-castelo-proposto-como-monumento-nacional\\\/#breadcrumb\",\"itemListElement\":[{\"@type\":\"ListItem\",\"position\":1,\"name\":\"In\u00edcio\",\"item\":\"https:\\\/\\\/www.altominho.tv\\\/site\\\/\"},{\"@type\":\"ListItem\",\"position\":2,\"name\":\"Castro que pertence a Caminha e Viana do Castelo proposto como monumento nacional\"}]},{\"@type\":\"WebSite\",\"@id\":\"https:\\\/\\\/www.altominho.tv\\\/site\\\/#website\",\"url\":\"https:\\\/\\\/www.altominho.tv\\\/site\\\/\",\"name\":\"Altominho.tv\",\"description\":\"A sua regi\u00e3o \u00e0 dist\u00e2ncia de um clique...\",\"potentialAction\":[{\"@type\":\"SearchAction\",\"target\":{\"@type\":\"EntryPoint\",\"urlTemplate\":\"https:\\\/\\\/www.altominho.tv\\\/site\\\/?s={search_term_string}\"},\"query-input\":{\"@type\":\"PropertyValueSpecification\",\"valueRequired\":true,\"valueName\":\"search_term_string\"}}],\"inLanguage\":\"pt-PT\"},{\"@type\":\"Person\",\"@id\":\"https:\\\/\\\/www.altominho.tv\\\/site\\\/#\\\/schema\\\/person\\\/63f693da3e1899361cbe955c46f3232e\",\"name\":\"Lusa\",\"image\":{\"@type\":\"ImageObject\",\"inLanguage\":\"pt-PT\",\"@id\":\"https:\\\/\\\/www.altominho.tv\\\/site\\\/wp-content\\\/uploads\\\/2019\\\/08\\\/LUSA_Logo.gif\",\"url\":\"https:\\\/\\\/www.altominho.tv\\\/site\\\/wp-content\\\/uploads\\\/2019\\\/08\\\/LUSA_Logo.gif\",\"contentUrl\":\"https:\\\/\\\/www.altominho.tv\\\/site\\\/wp-content\\\/uploads\\\/2019\\\/08\\\/LUSA_Logo.gif\",\"caption\":\"Lusa\"},\"sameAs\":[\"http:\\\/\\\/\\\/\\\/www.altominho.tv\\\/site\"],\"url\":\"https:\\\/\\\/www.altominho.tv\\\/site\\\/author\\\/lusa\\\/\"}]}<\/script>\n<!-- \/ Yoast SEO Premium plugin. -->","yoast_head_json":{"title":"Castro que pertence a Caminha e Viana do Castelo proposto como monumento nacional","robots":{"index":"index","follow":"follow","max-snippet":"max-snippet:-1","max-image-preview":"max-image-preview:large","max-video-preview":"max-video-preview:-1"},"canonical":"https:\/\/www.altominho.tv\/site\/2020\/07\/07\/castro-que-pertence-a-caminha-e-viana-do-castelo-proposto-como-monumento-nacional\/","og_locale":"pt_PT","og_type":"article","og_title":"Castro que pertence a Caminha e Viana do Castelo proposto como monumento nacional","og_description":"A Dire\u00e7\u00e3o-Geral do Patrim\u00f3nio Cultural prop\u00f4s ao Governo a classifica\u00e7\u00e3o, como monumento nacional, de um conjunto arqueol\u00f3gico situado no limite das freguesias de \u00c2ncora e Afife, distrito de Viana do Castelo, segundo an\u00fancio hoje publicado em Di\u00e1rio da Rep\u00fablica. De acordo com informa\u00e7\u00e3o do extinto Instituto de Gest\u00e3o do Patrim\u00f3nio Arquitet\u00f3nico e Arqueol\u00f3gico (IGESPAR), substitu\u00eddo [&hellip;]","og_url":"https:\/\/www.altominho.tv\/site\/2020\/07\/07\/castro-que-pertence-a-caminha-e-viana-do-castelo-proposto-como-monumento-nacional\/","og_site_name":"Altominho.tv","article_publisher":"https:\/\/www.facebook.com\/altominhotv","article_published_time":"2020-07-07T16:22:35+00:00","article_modified_time":"2020-07-07T16:22:39+00:00","og_image":[{"width":1500,"height":1125,"url":"https:\/\/www.altominho.tv\/site\/wp-content\/uploads\/2020\/07\/Cividade_Afife.jpg","type":"image\/jpeg"}],"author":"Lusa","twitter_card":"summary_large_image","twitter_creator":"@altominhoTV","twitter_site":"@altominhoTV","twitter_misc":{"Escrito por":"Lusa","Tempo estimado de leitura":"2 minutos"},"schema":{"@context":"https:\/\/schema.org","@graph":[{"@type":"Article","@id":"https:\/\/www.altominho.tv\/site\/2020\/07\/07\/castro-que-pertence-a-caminha-e-viana-do-castelo-proposto-como-monumento-nacional\/#article","isPartOf":{"@id":"https:\/\/www.altominho.tv\/site\/2020\/07\/07\/castro-que-pertence-a-caminha-e-viana-do-castelo-proposto-como-monumento-nacional\/"},"author":{"name":"Lusa","@id":"https:\/\/www.altominho.tv\/site\/#\/schema\/person\/63f693da3e1899361cbe955c46f3232e"},"headline":"Castro que pertence a Caminha e Viana do Castelo proposto como monumento nacional","datePublished":"2020-07-07T16:22:35+00:00","dateModified":"2020-07-07T16:22:39+00:00","mainEntityOfPage":{"@id":"https:\/\/www.altominho.tv\/site\/2020\/07\/07\/castro-que-pertence-a-caminha-e-viana-do-castelo-proposto-como-monumento-nacional\/"},"wordCount":460,"image":{"@id":"https:\/\/www.altominho.tv\/site\/2020\/07\/07\/castro-que-pertence-a-caminha-e-viana-do-castelo-proposto-como-monumento-nacional\/#primaryimage"},"thumbnailUrl":"https:\/\/www.altominho.tv\/site\/wp-content\/uploads\/2020\/07\/Cividade_Afife.jpg","keywords":["Cultura"],"articleSection":["Alto Minho"],"inLanguage":"pt-PT","copyrightYear":"2020","copyrightHolder":{"@id":"https:\/\/www.altominho.tv\/site\/#organization"}},{"@type":"WebPage","@id":"https:\/\/www.altominho.tv\/site\/2020\/07\/07\/castro-que-pertence-a-caminha-e-viana-do-castelo-proposto-como-monumento-nacional\/","url":"https:\/\/www.altominho.tv\/site\/2020\/07\/07\/castro-que-pertence-a-caminha-e-viana-do-castelo-proposto-como-monumento-nacional\/","name":"Castro que pertence a Caminha e Viana do Castelo proposto como monumento nacional","isPartOf":{"@id":"https:\/\/www.altominho.tv\/site\/#website"},"primaryImageOfPage":{"@id":"https:\/\/www.altominho.tv\/site\/2020\/07\/07\/castro-que-pertence-a-caminha-e-viana-do-castelo-proposto-como-monumento-nacional\/#primaryimage"},"image":{"@id":"https:\/\/www.altominho.tv\/site\/2020\/07\/07\/castro-que-pertence-a-caminha-e-viana-do-castelo-proposto-como-monumento-nacional\/#primaryimage"},"thumbnailUrl":"https:\/\/www.altominho.tv\/site\/wp-content\/uploads\/2020\/07\/Cividade_Afife.jpg","datePublished":"2020-07-07T16:22:35+00:00","dateModified":"2020-07-07T16:22:39+00:00","author":{"@id":"https:\/\/www.altominho.tv\/site\/#\/schema\/person\/63f693da3e1899361cbe955c46f3232e"},"breadcrumb":{"@id":"https:\/\/www.altominho.tv\/site\/2020\/07\/07\/castro-que-pertence-a-caminha-e-viana-do-castelo-proposto-como-monumento-nacional\/#breadcrumb"},"inLanguage":"pt-PT","potentialAction":[{"@type":"ReadAction","target":["https:\/\/www.altominho.tv\/site\/2020\/07\/07\/castro-que-pertence-a-caminha-e-viana-do-castelo-proposto-como-monumento-nacional\/"]}]},{"@type":"ImageObject","inLanguage":"pt-PT","@id":"https:\/\/www.altominho.tv\/site\/2020\/07\/07\/castro-que-pertence-a-caminha-e-viana-do-castelo-proposto-como-monumento-nacional\/#primaryimage","url":"https:\/\/www.altominho.tv\/site\/wp-content\/uploads\/2020\/07\/Cividade_Afife.jpg","contentUrl":"https:\/\/www.altominho.tv\/site\/wp-content\/uploads\/2020\/07\/Cividade_Afife.jpg","width":1500,"height":1125},{"@type":"BreadcrumbList","@id":"https:\/\/www.altominho.tv\/site\/2020\/07\/07\/castro-que-pertence-a-caminha-e-viana-do-castelo-proposto-como-monumento-nacional\/#breadcrumb","itemListElement":[{"@type":"ListItem","position":1,"name":"In\u00edcio","item":"https:\/\/www.altominho.tv\/site\/"},{"@type":"ListItem","position":2,"name":"Castro que pertence a Caminha e Viana do Castelo proposto como monumento nacional"}]},{"@type":"WebSite","@id":"https:\/\/www.altominho.tv\/site\/#website","url":"https:\/\/www.altominho.tv\/site\/","name":"Altominho.tv","description":"A sua regi\u00e3o \u00e0 dist\u00e2ncia de um clique...","potentialAction":[{"@type":"SearchAction","target":{"@type":"EntryPoint","urlTemplate":"https:\/\/www.altominho.tv\/site\/?s={search_term_string}"},"query-input":{"@type":"PropertyValueSpecification","valueRequired":true,"valueName":"search_term_string"}}],"inLanguage":"pt-PT"},{"@type":"Person","@id":"https:\/\/www.altominho.tv\/site\/#\/schema\/person\/63f693da3e1899361cbe955c46f3232e","name":"Lusa","image":{"@type":"ImageObject","inLanguage":"pt-PT","@id":"https:\/\/www.altominho.tv\/site\/wp-content\/uploads\/2019\/08\/LUSA_Logo.gif","url":"https:\/\/www.altominho.tv\/site\/wp-content\/uploads\/2019\/08\/LUSA_Logo.gif","contentUrl":"https:\/\/www.altominho.tv\/site\/wp-content\/uploads\/2019\/08\/LUSA_Logo.gif","caption":"Lusa"},"sameAs":["http:\/\/\/\/www.altominho.tv\/site"],"url":"https:\/\/www.altominho.tv\/site\/author\/lusa\/"}]}},"_links":{"self":[{"href":"https:\/\/www.altominho.tv\/site\/wp-json\/wp\/v2\/posts\/48804","targetHints":{"allow":["GET"]}}],"collection":[{"href":"https:\/\/www.altominho.tv\/site\/wp-json\/wp\/v2\/posts"}],"about":[{"href":"https:\/\/www.altominho.tv\/site\/wp-json\/wp\/v2\/types\/post"}],"author":[{"embeddable":true,"href":"https:\/\/www.altominho.tv\/site\/wp-json\/wp\/v2\/users\/13"}],"replies":[{"embeddable":true,"href":"https:\/\/www.altominho.tv\/site\/wp-json\/wp\/v2\/comments?post=48804"}],"version-history":[{"count":0,"href":"https:\/\/www.altominho.tv\/site\/wp-json\/wp\/v2\/posts\/48804\/revisions"}],"wp:featuredmedia":[{"embeddable":true,"href":"https:\/\/www.altominho.tv\/site\/wp-json\/wp\/v2\/media\/48805"}],"wp:attachment":[{"href":"https:\/\/www.altominho.tv\/site\/wp-json\/wp\/v2\/media?parent=48804"}],"wp:term":[{"taxonomy":"category","embeddable":true,"href":"https:\/\/www.altominho.tv\/site\/wp-json\/wp\/v2\/categories?post=48804"},{"taxonomy":"post_tag","embeddable":true,"href":"https:\/\/www.altominho.tv\/site\/wp-json\/wp\/v2\/tags?post=48804"}],"curies":[{"name":"wp","href":"https:\/\/api.w.org\/{rel}","templated":true}]}}