{"id":48739,"date":"2020-07-06T16:14:16","date_gmt":"2020-07-06T15:14:16","guid":{"rendered":"http:\/\/www.altominho.tv\/site\/?p=48739"},"modified":"2020-07-06T16:14:20","modified_gmt":"2020-07-06T15:14:20","slug":"festival-de-vilar-de-mouros-volta-de-26-a-28-de-agosto-de-2021","status":"publish","type":"post","link":"https:\/\/www.altominho.tv\/site\/2020\/07\/06\/festival-de-vilar-de-mouros-volta-de-26-a-28-de-agosto-de-2021\/","title":{"rendered":"Festival de Vilar de Mouros volta de 26 a 28 de agosto de 2021"},"content":{"rendered":"<p>A organiza\u00e7\u00e3o do Festival de\u00a0<span class=\"il\">Vilar<\/span>\u00a0de\u00a0<span class=\"il\">Mouros<\/span>, em Caminha, anunciou esta segunda-feira que a edi\u00e7\u00e3o de 2021 vai realizar-se nos dias 26, 27 e 28 de agosto.<\/p>\n<p>&#8220;O EDP Vilar de Mouros realiza-se em 2021, a 26, 27 e 28 de agosto. Esta semana ser\u00e3o j\u00e1 anunciados artistas para 2021, assim como novidades especiais que permitir\u00e3o que 2020 n\u00e3o passe em branco&#8221;, refere a organiza\u00e7\u00e3o em comunicado.<\/p>\n<p>Este ano, o festival vai ser assinalado com o evento\u00a0&#8220;Drive In Vilar de <span class=\"il\">Mouros<\/span>&#8220;. A iniciativa vai decorrer entre 23 a 29 de agosto, no mesmo espa\u00e7o do festival, organizado pela C\u00e2mara de Caminha e pelos mesmos produtores do Festival <span class=\"il\">Vilar<\/span>\u00a0de\u00a0<span class=\"il\">Mouros<\/span>.<\/p>\n<p>De acordo com a informa\u00e7\u00e3o j\u00e1 divulgada pelo autarca de Caminha, Miguel Alves, vai haver um \u201cpalco em sistema de \u2018drive in\u2019\u201d, onde se oferece a possibilidade de dentro dos carros as pessoas poderem assistir a concertos musicais, a <em>stand-up comedy<\/em>, a espet\u00e1culos para crian\u00e7as, apresenta\u00e7\u00e3o de DJ, &#8220;num espa\u00e7o absolutamente controlado do ponto de vista sanit\u00e1rio&#8221;.<\/p>\n<p>Em rela\u00e7\u00e3o aos bilhetes da edi\u00e7\u00e3o deste ano, a organiza\u00e7\u00e3o adianta que o p\u00fablico que tenha adquirido o passe geral ou um bilhete di\u00e1rio para o EDP Vilar de Mouros 2020 &#8220;ter\u00e1 garantida a sua entrada para a edi\u00e7\u00e3o de 2021, no(s) respetivo(s) dia(s) da semana associados \u00e0 sua compra&#8221;.<\/p>\n<p><span style=\"font-size: inherit\">No mesmo comunicado acrescentam que tamb\u00e9m \u00e9 poss\u00edvel &#8220;requerer, sem qualquer complica\u00e7\u00e3o, a devolu\u00e7\u00e3o do valor dos ingressos no local ou plataforma de ticketing onde tenham sido adquiridos, entre 13 de Julho e 31 de agosto&#8221;. <\/span><\/p>\n<p><span style=\"font-size: inherit\">&#8220;Findo este prazo poder\u00e1 ser solicitado um vale no valor do(s) bilhete(s) adquirido(s), at\u00e9 30 de novembro 2020, na plataforma ou local de aquisi\u00e7\u00e3o do(s) mesmo(s). Se por qualquer motivo o(s) voucher(s) n\u00e3o forem utilizados, poder\u00e1 ser solicitado o seu reembolso nas plataformas ou ponto(s) de venda da aquisi\u00e7\u00e3o, a partir de 1 de julho 2021 e at\u00e9 ao 14\u00ba dia \u00fatil de janeiro 2022&#8221;, concluem.<\/span><\/p>\n","protected":false},"excerpt":{"rendered":"<p>A organiza\u00e7\u00e3o do Festival de\u00a0Vilar\u00a0de\u00a0Mouros, em Caminha, anunciou esta segunda-feira que a edi\u00e7\u00e3o de 2021 vai realizar-se nos dias 26, 27 e 28 de agosto. &#8220;O EDP Vilar de Mouros realiza-se em 2021, a 26, 27 e 28 de agosto. Esta semana ser\u00e3o j\u00e1 anunciados artistas para 2021, assim como novidades especiais que permitir\u00e3o que [&hellip;]<\/p>\n","protected":false},"author":12,"featured_media":48742,"comment_status":"closed","ping_status":"closed","sticky":false,"template":"","format":"standard","meta":{"_exactmetrics_skip_tracking":false,"_exactmetrics_sitenote_active":false,"_exactmetrics_sitenote_note":"","_exactmetrics_sitenote_category":0,"footnotes":""},"categories":[7],"tags":[19],"class_list":["post-48739","post","type-post","status-publish","format-standard","has-post-thumbnail","hentry","category-caminha","tag-cultura"],"yoast_head":"<!-- This site is optimized with the Yoast SEO Premium plugin v27.5 (Yoast SEO v27.5) - https:\/\/yoast.com\/product\/yoast-seo-premium-wordpress\/ -->\n<title>Festival de Vilar de Mouros volta de 26 a 28 de agosto de 2021<\/title>\n<meta name=\"robots\" content=\"index, follow, max-snippet:-1, max-image-preview:large, max-video-preview:-1\" \/>\n<link rel=\"canonical\" href=\"https:\/\/www.altominho.tv\/site\/2020\/07\/06\/festival-de-vilar-de-mouros-volta-de-26-a-28-de-agosto-de-2021\/\" \/>\n<meta property=\"og:locale\" content=\"pt_PT\" \/>\n<meta property=\"og:type\" content=\"article\" \/>\n<meta property=\"og:title\" content=\"Festival de Vilar de Mouros volta de 26 a 28 de agosto de 2021\" \/>\n<meta property=\"og:description\" content=\"A organiza\u00e7\u00e3o do Festival de\u00a0Vilar\u00a0de\u00a0Mouros, em Caminha, anunciou esta segunda-feira que a edi\u00e7\u00e3o de 2021 vai realizar-se nos dias 26, 27 e 28 de agosto. &#8220;O EDP Vilar de Mouros realiza-se em 2021, a 26, 27 e 28 de agosto. Esta semana ser\u00e3o j\u00e1 anunciados artistas para 2021, assim como novidades especiais que permitir\u00e3o que [&hellip;]\" \/>\n<meta property=\"og:url\" content=\"https:\/\/www.altominho.tv\/site\/2020\/07\/06\/festival-de-vilar-de-mouros-volta-de-26-a-28-de-agosto-de-2021\/\" \/>\n<meta property=\"og:site_name\" content=\"Altominho.tv\" \/>\n<meta property=\"article:publisher\" content=\"https:\/\/www.facebook.com\/altominhotv\" \/>\n<meta property=\"article:published_time\" content=\"2020-07-06T15:14:16+00:00\" \/>\n<meta property=\"article:modified_time\" content=\"2020-07-06T15:14:20+00:00\" \/>\n<meta property=\"og:image\" content=\"https:\/\/www.altominho.tv\/site\/wp-content\/uploads\/2020\/07\/maxresdefault.jpg\" \/>\n\t<meta property=\"og:image:width\" content=\"1280\" \/>\n\t<meta property=\"og:image:height\" content=\"720\" \/>\n\t<meta property=\"og:image:type\" content=\"image\/jpeg\" \/>\n<meta name=\"author\" content=\"Andreia Ferreira\" \/>\n<meta name=\"twitter:card\" content=\"summary_large_image\" \/>\n<meta name=\"twitter:creator\" content=\"@altominhoTV\" \/>\n<meta name=\"twitter:site\" content=\"@altominhoTV\" \/>\n<meta name=\"twitter:label1\" content=\"Escrito por\" \/>\n\t<meta name=\"twitter:data1\" content=\"Andreia Ferreira\" \/>\n\t<meta name=\"twitter:label2\" content=\"Tempo estimado de leitura\" \/>\n\t<meta name=\"twitter:data2\" content=\"2 minutos\" \/>\n<script type=\"application\/ld+json\" class=\"yoast-schema-graph\">{\"@context\":\"https:\\\/\\\/schema.org\",\"@graph\":[{\"@type\":\"Article\",\"@id\":\"https:\\\/\\\/www.altominho.tv\\\/site\\\/2020\\\/07\\\/06\\\/festival-de-vilar-de-mouros-volta-de-26-a-28-de-agosto-de-2021\\\/#article\",\"isPartOf\":{\"@id\":\"https:\\\/\\\/www.altominho.tv\\\/site\\\/2020\\\/07\\\/06\\\/festival-de-vilar-de-mouros-volta-de-26-a-28-de-agosto-de-2021\\\/\"},\"author\":{\"name\":\"Andreia Ferreira\",\"@id\":\"https:\\\/\\\/www.altominho.tv\\\/site\\\/#\\\/schema\\\/person\\\/d9be4265364723f14ea8e0d56a1d38cd\"},\"headline\":\"Festival de Vilar de Mouros volta de 26 a 28 de agosto de 2021\",\"datePublished\":\"2020-07-06T15:14:16+00:00\",\"dateModified\":\"2020-07-06T15:14:20+00:00\",\"mainEntityOfPage\":{\"@id\":\"https:\\\/\\\/www.altominho.tv\\\/site\\\/2020\\\/07\\\/06\\\/festival-de-vilar-de-mouros-volta-de-26-a-28-de-agosto-de-2021\\\/\"},\"wordCount\":346,\"image\":{\"@id\":\"https:\\\/\\\/www.altominho.tv\\\/site\\\/2020\\\/07\\\/06\\\/festival-de-vilar-de-mouros-volta-de-26-a-28-de-agosto-de-2021\\\/#primaryimage\"},\"thumbnailUrl\":\"https:\\\/\\\/www.altominho.tv\\\/site\\\/wp-content\\\/uploads\\\/2020\\\/07\\\/maxresdefault.jpg\",\"keywords\":[\"Cultura\"],\"articleSection\":[\"Caminha\"],\"inLanguage\":\"pt-PT\",\"copyrightYear\":\"2020\",\"copyrightHolder\":{\"@id\":\"https:\\\/\\\/www.altominho.tv\\\/site\\\/#organization\"}},{\"@type\":\"WebPage\",\"@id\":\"https:\\\/\\\/www.altominho.tv\\\/site\\\/2020\\\/07\\\/06\\\/festival-de-vilar-de-mouros-volta-de-26-a-28-de-agosto-de-2021\\\/\",\"url\":\"https:\\\/\\\/www.altominho.tv\\\/site\\\/2020\\\/07\\\/06\\\/festival-de-vilar-de-mouros-volta-de-26-a-28-de-agosto-de-2021\\\/\",\"name\":\"Festival de Vilar de Mouros volta de 26 a 28 de agosto de 2021\",\"isPartOf\":{\"@id\":\"https:\\\/\\\/www.altominho.tv\\\/site\\\/#website\"},\"primaryImageOfPage\":{\"@id\":\"https:\\\/\\\/www.altominho.tv\\\/site\\\/2020\\\/07\\\/06\\\/festival-de-vilar-de-mouros-volta-de-26-a-28-de-agosto-de-2021\\\/#primaryimage\"},\"image\":{\"@id\":\"https:\\\/\\\/www.altominho.tv\\\/site\\\/2020\\\/07\\\/06\\\/festival-de-vilar-de-mouros-volta-de-26-a-28-de-agosto-de-2021\\\/#primaryimage\"},\"thumbnailUrl\":\"https:\\\/\\\/www.altominho.tv\\\/site\\\/wp-content\\\/uploads\\\/2020\\\/07\\\/maxresdefault.jpg\",\"datePublished\":\"2020-07-06T15:14:16+00:00\",\"dateModified\":\"2020-07-06T15:14:20+00:00\",\"author\":{\"@id\":\"https:\\\/\\\/www.altominho.tv\\\/site\\\/#\\\/schema\\\/person\\\/d9be4265364723f14ea8e0d56a1d38cd\"},\"breadcrumb\":{\"@id\":\"https:\\\/\\\/www.altominho.tv\\\/site\\\/2020\\\/07\\\/06\\\/festival-de-vilar-de-mouros-volta-de-26-a-28-de-agosto-de-2021\\\/#breadcrumb\"},\"inLanguage\":\"pt-PT\",\"potentialAction\":[{\"@type\":\"ReadAction\",\"target\":[\"https:\\\/\\\/www.altominho.tv\\\/site\\\/2020\\\/07\\\/06\\\/festival-de-vilar-de-mouros-volta-de-26-a-28-de-agosto-de-2021\\\/\"]}]},{\"@type\":\"ImageObject\",\"inLanguage\":\"pt-PT\",\"@id\":\"https:\\\/\\\/www.altominho.tv\\\/site\\\/2020\\\/07\\\/06\\\/festival-de-vilar-de-mouros-volta-de-26-a-28-de-agosto-de-2021\\\/#primaryimage\",\"url\":\"https:\\\/\\\/www.altominho.tv\\\/site\\\/wp-content\\\/uploads\\\/2020\\\/07\\\/maxresdefault.jpg\",\"contentUrl\":\"https:\\\/\\\/www.altominho.tv\\\/site\\\/wp-content\\\/uploads\\\/2020\\\/07\\\/maxresdefault.jpg\",\"width\":1280,\"height\":720},{\"@type\":\"BreadcrumbList\",\"@id\":\"https:\\\/\\\/www.altominho.tv\\\/site\\\/2020\\\/07\\\/06\\\/festival-de-vilar-de-mouros-volta-de-26-a-28-de-agosto-de-2021\\\/#breadcrumb\",\"itemListElement\":[{\"@type\":\"ListItem\",\"position\":1,\"name\":\"In\u00edcio\",\"item\":\"https:\\\/\\\/www.altominho.tv\\\/site\\\/\"},{\"@type\":\"ListItem\",\"position\":2,\"name\":\"Festival de Vilar de Mouros volta de 26 a 28 de agosto de 2021\"}]},{\"@type\":\"WebSite\",\"@id\":\"https:\\\/\\\/www.altominho.tv\\\/site\\\/#website\",\"url\":\"https:\\\/\\\/www.altominho.tv\\\/site\\\/\",\"name\":\"Altominho.tv\",\"description\":\"A sua regi\u00e3o \u00e0 dist\u00e2ncia de um clique...\",\"potentialAction\":[{\"@type\":\"SearchAction\",\"target\":{\"@type\":\"EntryPoint\",\"urlTemplate\":\"https:\\\/\\\/www.altominho.tv\\\/site\\\/?s={search_term_string}\"},\"query-input\":{\"@type\":\"PropertyValueSpecification\",\"valueRequired\":true,\"valueName\":\"search_term_string\"}}],\"inLanguage\":\"pt-PT\"},{\"@type\":\"Person\",\"@id\":\"https:\\\/\\\/www.altominho.tv\\\/site\\\/#\\\/schema\\\/person\\\/d9be4265364723f14ea8e0d56a1d38cd\",\"name\":\"Andreia Ferreira\",\"image\":{\"@type\":\"ImageObject\",\"inLanguage\":\"pt-PT\",\"@id\":\"https:\\\/\\\/www.altominho.tv\\\/site\\\/wp-content\\\/uploads\\\/2021\\\/01\\\/AndreiaFerreira-150x150.jpg\",\"url\":\"https:\\\/\\\/www.altominho.tv\\\/site\\\/wp-content\\\/uploads\\\/2021\\\/01\\\/AndreiaFerreira-150x150.jpg\",\"contentUrl\":\"https:\\\/\\\/www.altominho.tv\\\/site\\\/wp-content\\\/uploads\\\/2021\\\/01\\\/AndreiaFerreira-150x150.jpg\",\"caption\":\"Andreia Ferreira\"},\"url\":\"https:\\\/\\\/www.altominho.tv\\\/site\\\/author\\\/andreiaferreira\\\/\"}]}<\/script>\n<!-- \/ Yoast SEO Premium plugin. -->","yoast_head_json":{"title":"Festival de Vilar de Mouros volta de 26 a 28 de agosto de 2021","robots":{"index":"index","follow":"follow","max-snippet":"max-snippet:-1","max-image-preview":"max-image-preview:large","max-video-preview":"max-video-preview:-1"},"canonical":"https:\/\/www.altominho.tv\/site\/2020\/07\/06\/festival-de-vilar-de-mouros-volta-de-26-a-28-de-agosto-de-2021\/","og_locale":"pt_PT","og_type":"article","og_title":"Festival de Vilar de Mouros volta de 26 a 28 de agosto de 2021","og_description":"A organiza\u00e7\u00e3o do Festival de\u00a0Vilar\u00a0de\u00a0Mouros, em Caminha, anunciou esta segunda-feira que a edi\u00e7\u00e3o de 2021 vai realizar-se nos dias 26, 27 e 28 de agosto. &#8220;O EDP Vilar de Mouros realiza-se em 2021, a 26, 27 e 28 de agosto. Esta semana ser\u00e3o j\u00e1 anunciados artistas para 2021, assim como novidades especiais que permitir\u00e3o que [&hellip;]","og_url":"https:\/\/www.altominho.tv\/site\/2020\/07\/06\/festival-de-vilar-de-mouros-volta-de-26-a-28-de-agosto-de-2021\/","og_site_name":"Altominho.tv","article_publisher":"https:\/\/www.facebook.com\/altominhotv","article_published_time":"2020-07-06T15:14:16+00:00","article_modified_time":"2020-07-06T15:14:20+00:00","og_image":[{"width":1280,"height":720,"url":"https:\/\/www.altominho.tv\/site\/wp-content\/uploads\/2020\/07\/maxresdefault.jpg","type":"image\/jpeg"}],"author":"Andreia Ferreira","twitter_card":"summary_large_image","twitter_creator":"@altominhoTV","twitter_site":"@altominhoTV","twitter_misc":{"Escrito por":"Andreia Ferreira","Tempo estimado de leitura":"2 minutos"},"schema":{"@context":"https:\/\/schema.org","@graph":[{"@type":"Article","@id":"https:\/\/www.altominho.tv\/site\/2020\/07\/06\/festival-de-vilar-de-mouros-volta-de-26-a-28-de-agosto-de-2021\/#article","isPartOf":{"@id":"https:\/\/www.altominho.tv\/site\/2020\/07\/06\/festival-de-vilar-de-mouros-volta-de-26-a-28-de-agosto-de-2021\/"},"author":{"name":"Andreia Ferreira","@id":"https:\/\/www.altominho.tv\/site\/#\/schema\/person\/d9be4265364723f14ea8e0d56a1d38cd"},"headline":"Festival de Vilar de Mouros volta de 26 a 28 de agosto de 2021","datePublished":"2020-07-06T15:14:16+00:00","dateModified":"2020-07-06T15:14:20+00:00","mainEntityOfPage":{"@id":"https:\/\/www.altominho.tv\/site\/2020\/07\/06\/festival-de-vilar-de-mouros-volta-de-26-a-28-de-agosto-de-2021\/"},"wordCount":346,"image":{"@id":"https:\/\/www.altominho.tv\/site\/2020\/07\/06\/festival-de-vilar-de-mouros-volta-de-26-a-28-de-agosto-de-2021\/#primaryimage"},"thumbnailUrl":"https:\/\/www.altominho.tv\/site\/wp-content\/uploads\/2020\/07\/maxresdefault.jpg","keywords":["Cultura"],"articleSection":["Caminha"],"inLanguage":"pt-PT","copyrightYear":"2020","copyrightHolder":{"@id":"https:\/\/www.altominho.tv\/site\/#organization"}},{"@type":"WebPage","@id":"https:\/\/www.altominho.tv\/site\/2020\/07\/06\/festival-de-vilar-de-mouros-volta-de-26-a-28-de-agosto-de-2021\/","url":"https:\/\/www.altominho.tv\/site\/2020\/07\/06\/festival-de-vilar-de-mouros-volta-de-26-a-28-de-agosto-de-2021\/","name":"Festival de Vilar de Mouros volta de 26 a 28 de agosto de 2021","isPartOf":{"@id":"https:\/\/www.altominho.tv\/site\/#website"},"primaryImageOfPage":{"@id":"https:\/\/www.altominho.tv\/site\/2020\/07\/06\/festival-de-vilar-de-mouros-volta-de-26-a-28-de-agosto-de-2021\/#primaryimage"},"image":{"@id":"https:\/\/www.altominho.tv\/site\/2020\/07\/06\/festival-de-vilar-de-mouros-volta-de-26-a-28-de-agosto-de-2021\/#primaryimage"},"thumbnailUrl":"https:\/\/www.altominho.tv\/site\/wp-content\/uploads\/2020\/07\/maxresdefault.jpg","datePublished":"2020-07-06T15:14:16+00:00","dateModified":"2020-07-06T15:14:20+00:00","author":{"@id":"https:\/\/www.altominho.tv\/site\/#\/schema\/person\/d9be4265364723f14ea8e0d56a1d38cd"},"breadcrumb":{"@id":"https:\/\/www.altominho.tv\/site\/2020\/07\/06\/festival-de-vilar-de-mouros-volta-de-26-a-28-de-agosto-de-2021\/#breadcrumb"},"inLanguage":"pt-PT","potentialAction":[{"@type":"ReadAction","target":["https:\/\/www.altominho.tv\/site\/2020\/07\/06\/festival-de-vilar-de-mouros-volta-de-26-a-28-de-agosto-de-2021\/"]}]},{"@type":"ImageObject","inLanguage":"pt-PT","@id":"https:\/\/www.altominho.tv\/site\/2020\/07\/06\/festival-de-vilar-de-mouros-volta-de-26-a-28-de-agosto-de-2021\/#primaryimage","url":"https:\/\/www.altominho.tv\/site\/wp-content\/uploads\/2020\/07\/maxresdefault.jpg","contentUrl":"https:\/\/www.altominho.tv\/site\/wp-content\/uploads\/2020\/07\/maxresdefault.jpg","width":1280,"height":720},{"@type":"BreadcrumbList","@id":"https:\/\/www.altominho.tv\/site\/2020\/07\/06\/festival-de-vilar-de-mouros-volta-de-26-a-28-de-agosto-de-2021\/#breadcrumb","itemListElement":[{"@type":"ListItem","position":1,"name":"In\u00edcio","item":"https:\/\/www.altominho.tv\/site\/"},{"@type":"ListItem","position":2,"name":"Festival de Vilar de Mouros volta de 26 a 28 de agosto de 2021"}]},{"@type":"WebSite","@id":"https:\/\/www.altominho.tv\/site\/#website","url":"https:\/\/www.altominho.tv\/site\/","name":"Altominho.tv","description":"A sua regi\u00e3o \u00e0 dist\u00e2ncia de um clique...","potentialAction":[{"@type":"SearchAction","target":{"@type":"EntryPoint","urlTemplate":"https:\/\/www.altominho.tv\/site\/?s={search_term_string}"},"query-input":{"@type":"PropertyValueSpecification","valueRequired":true,"valueName":"search_term_string"}}],"inLanguage":"pt-PT"},{"@type":"Person","@id":"https:\/\/www.altominho.tv\/site\/#\/schema\/person\/d9be4265364723f14ea8e0d56a1d38cd","name":"Andreia Ferreira","image":{"@type":"ImageObject","inLanguage":"pt-PT","@id":"https:\/\/www.altominho.tv\/site\/wp-content\/uploads\/2021\/01\/AndreiaFerreira-150x150.jpg","url":"https:\/\/www.altominho.tv\/site\/wp-content\/uploads\/2021\/01\/AndreiaFerreira-150x150.jpg","contentUrl":"https:\/\/www.altominho.tv\/site\/wp-content\/uploads\/2021\/01\/AndreiaFerreira-150x150.jpg","caption":"Andreia Ferreira"},"url":"https:\/\/www.altominho.tv\/site\/author\/andreiaferreira\/"}]}},"_links":{"self":[{"href":"https:\/\/www.altominho.tv\/site\/wp-json\/wp\/v2\/posts\/48739","targetHints":{"allow":["GET"]}}],"collection":[{"href":"https:\/\/www.altominho.tv\/site\/wp-json\/wp\/v2\/posts"}],"about":[{"href":"https:\/\/www.altominho.tv\/site\/wp-json\/wp\/v2\/types\/post"}],"author":[{"embeddable":true,"href":"https:\/\/www.altominho.tv\/site\/wp-json\/wp\/v2\/users\/12"}],"replies":[{"embeddable":true,"href":"https:\/\/www.altominho.tv\/site\/wp-json\/wp\/v2\/comments?post=48739"}],"version-history":[{"count":0,"href":"https:\/\/www.altominho.tv\/site\/wp-json\/wp\/v2\/posts\/48739\/revisions"}],"wp:featuredmedia":[{"embeddable":true,"href":"https:\/\/www.altominho.tv\/site\/wp-json\/wp\/v2\/media\/48742"}],"wp:attachment":[{"href":"https:\/\/www.altominho.tv\/site\/wp-json\/wp\/v2\/media?parent=48739"}],"wp:term":[{"taxonomy":"category","embeddable":true,"href":"https:\/\/www.altominho.tv\/site\/wp-json\/wp\/v2\/categories?post=48739"},{"taxonomy":"post_tag","embeddable":true,"href":"https:\/\/www.altominho.tv\/site\/wp-json\/wp\/v2\/tags?post=48739"}],"curies":[{"name":"wp","href":"https:\/\/api.w.org\/{rel}","templated":true}]}}