{"id":48590,"date":"2020-07-01T18:01:53","date_gmt":"2020-07-01T17:01:53","guid":{"rendered":"http:\/\/www.altominho.tv\/site\/?p=48590"},"modified":"2020-07-01T18:01:56","modified_gmt":"2020-07-01T17:01:56","slug":"mais-de-339-mil-pessoas-controladas-na-fronteira-de-valenca","status":"publish","type":"post","link":"https:\/\/www.altominho.tv\/site\/2020\/07\/01\/mais-de-339-mil-pessoas-controladas-na-fronteira-de-valenca\/","title":{"rendered":"Mais de 339 mil pessoas controladas na fronteira de Valen\u00e7a"},"content":{"rendered":"<p>Valen\u00e7a foi o ponto de passagem mais controlado nos tr\u00eas meses e meio em que as fronteiras com Espanha estiveram encerradas, segundo dados do Minist\u00e9rio da Administra\u00e7\u00e3o Interna (MAI).<\/p>\n<p>O Minist\u00e9rio tutelado por Eduardo Cabrita avan\u00e7a que o Ponto de Passagem Autorizado (PPA) onde mais pessoas foram controladas foi o de Valen\u00e7a, com um total de 339.634, seguido de Caia, Elvas (136.047), Vilar Formoso, Guarda (111.363),\u00a0 Vila Verde da Raia, Chaves (106.918), Castro Marim, Faro (66.507), Vila Verde de Ficalho, Beja (34.247),\u00a0 Quintanilha, Bragan\u00e7a (34.225), Termas de Monfortinho, Castelo Branco (18.401), Marv\u00e3o, Portalegre (9.363).<\/p>\n<p>As <a href=\"\/\/www.altominho.tv\/site\/2020\/07\/01\/fronteiras-reabrem-depois-de-mais-de-tres-meses\/\">fronteiras terrestres entre Portugal e Espanha foram reabertas<\/a> esta quarta-feira, depois de terem sido encerradas temporariamente a 16 de mar\u00e7o devido \u00e0 pandemia de Covid-19, numa opera\u00e7\u00e3o em que o controlo de pessoas nos Pontos de Passagem Autorizados foi da responsabilidade do Servi\u00e7o de Estrangeiros e Fronteiras (SEF), em colabora\u00e7\u00e3o com a GNR.<\/p>\n<p>Segundo o MAI, o SEF controlou um total de 882.958 pessoas nas fronteiras com Espanha, 6.790 dos quais foram impedidos de entrar no pa\u00eds e 36 foram detidos.<\/p>\n<p>Este controlo de fronteiras foi feito essencialmente com o objetivo de impedir as desloca\u00e7\u00f5es tur\u00edsticas e de lazer entre os dois pa\u00edses, sendo apenas permitida circula\u00e7\u00e3o de transportes de mercadorias, de trabalhadores transfronteiri\u00e7os, trabalhadores sazonais, ve\u00edculos de emerg\u00eancia e socorro e de servi\u00e7o de urg\u00eancia.<\/p>\n<p>Ao longo desta \u00e9poca, foram reabertos alguns pontos de fronteiras que possibilitavam a passagem de pessoas em determinados per\u00edodos do dia. Desde 15 de junho, foram controladas 6.867 pessoas em Vila Nova de Cerveira (passagem nos dias \u00fateis, entre as 07h00 e as 21h00), 10.450 em Mon\u00e7\u00e3o (dias \u00fateis entre as 07h00 e as 21h00), e 2.217 em Melga\u00e7o (dias \u00fateis entre as 07h00 e as 21h00).<\/p>\n<p>Durante estes cerca de tr\u00eas meses e meio, a Guarda Nacional Republicana fiscalizou 785.166 viaturas no \u00e2mbito desta opera\u00e7\u00e3o e deteve 46 pessoas pela pr\u00e1tica de diversos crimes. O SEF empenhou 308 inspetores e a GNR cerca de 340 militares por dia nesta miss\u00e3o de controlo de fronteira.<\/p>\n","protected":false},"excerpt":{"rendered":"<p>Valen\u00e7a foi o ponto de passagem mais controlado nos tr\u00eas meses e meio em que as fronteiras com Espanha estiveram encerradas, segundo dados do Minist\u00e9rio da Administra\u00e7\u00e3o Interna (MAI). O Minist\u00e9rio tutelado por Eduardo Cabrita avan\u00e7a que o Ponto de Passagem Autorizado (PPA) onde mais pessoas foram controladas foi o de Valen\u00e7a, com um total [&hellip;]<\/p>\n","protected":false},"author":12,"featured_media":48591,"comment_status":"closed","ping_status":"closed","sticky":false,"template":"","format":"standard","meta":{"_exactmetrics_skip_tracking":false,"_exactmetrics_sitenote_active":false,"_exactmetrics_sitenote_note":"","_exactmetrics_sitenote_category":0,"footnotes":""},"categories":[13],"tags":[27],"class_list":["post-48590","post","type-post","status-publish","format-standard","has-post-thumbnail","hentry","category-valenca","tag-sociedade"],"yoast_head":"<!-- This site is optimized with the Yoast SEO Premium plugin v27.4 (Yoast SEO v27.4) - https:\/\/yoast.com\/product\/yoast-seo-premium-wordpress\/ -->\n<title>Mais de 339 mil pessoas controladas na fronteira de Valen\u00e7a<\/title>\n<meta name=\"robots\" content=\"index, follow, max-snippet:-1, max-image-preview:large, max-video-preview:-1\" \/>\n<link rel=\"canonical\" href=\"https:\/\/www.altominho.tv\/site\/2020\/07\/01\/mais-de-339-mil-pessoas-controladas-na-fronteira-de-valenca\/\" \/>\n<meta property=\"og:locale\" content=\"pt_PT\" \/>\n<meta property=\"og:type\" content=\"article\" \/>\n<meta property=\"og:title\" content=\"Mais de 339 mil pessoas controladas na fronteira de Valen\u00e7a\" \/>\n<meta property=\"og:description\" content=\"Valen\u00e7a foi o ponto de passagem mais controlado nos tr\u00eas meses e meio em que as fronteiras com Espanha estiveram encerradas, segundo dados do Minist\u00e9rio da Administra\u00e7\u00e3o Interna (MAI). O Minist\u00e9rio tutelado por Eduardo Cabrita avan\u00e7a que o Ponto de Passagem Autorizado (PPA) onde mais pessoas foram controladas foi o de Valen\u00e7a, com um total [&hellip;]\" \/>\n<meta property=\"og:url\" content=\"https:\/\/www.altominho.tv\/site\/2020\/07\/01\/mais-de-339-mil-pessoas-controladas-na-fronteira-de-valenca\/\" \/>\n<meta property=\"og:site_name\" content=\"Altominho.tv\" \/>\n<meta property=\"article:publisher\" content=\"https:\/\/www.facebook.com\/altominhotv\" \/>\n<meta property=\"article:published_time\" content=\"2020-07-01T17:01:53+00:00\" \/>\n<meta property=\"article:modified_time\" content=\"2020-07-01T17:01:56+00:00\" \/>\n<meta property=\"og:image\" content=\"https:\/\/www.altominho.tv\/site\/wp-content\/uploads\/2020\/07\/Captura-de-ecra\u0303-2020-05-29-a\u0300s-16.05.53.png\" \/>\n\t<meta property=\"og:image:width\" content=\"1256\" \/>\n\t<meta property=\"og:image:height\" content=\"660\" \/>\n\t<meta property=\"og:image:type\" content=\"image\/png\" \/>\n<meta name=\"author\" content=\"Andreia Ferreira\" \/>\n<meta name=\"twitter:card\" content=\"summary_large_image\" \/>\n<meta name=\"twitter:creator\" content=\"@altominhoTV\" \/>\n<meta name=\"twitter:site\" content=\"@altominhoTV\" \/>\n<meta name=\"twitter:label1\" content=\"Escrito por\" \/>\n\t<meta name=\"twitter:data1\" content=\"Andreia Ferreira\" \/>\n\t<meta name=\"twitter:label2\" content=\"Tempo estimado de leitura\" \/>\n\t<meta name=\"twitter:data2\" content=\"2 minutos\" \/>\n<script type=\"application\/ld+json\" class=\"yoast-schema-graph\">{\"@context\":\"https:\\\/\\\/schema.org\",\"@graph\":[{\"@type\":\"Article\",\"@id\":\"https:\\\/\\\/www.altominho.tv\\\/site\\\/2020\\\/07\\\/01\\\/mais-de-339-mil-pessoas-controladas-na-fronteira-de-valenca\\\/#article\",\"isPartOf\":{\"@id\":\"https:\\\/\\\/www.altominho.tv\\\/site\\\/2020\\\/07\\\/01\\\/mais-de-339-mil-pessoas-controladas-na-fronteira-de-valenca\\\/\"},\"author\":{\"name\":\"Andreia Ferreira\",\"@id\":\"https:\\\/\\\/www.altominho.tv\\\/site\\\/#\\\/schema\\\/person\\\/d9be4265364723f14ea8e0d56a1d38cd\"},\"headline\":\"Mais de 339 mil pessoas controladas na fronteira de Valen\u00e7a\",\"datePublished\":\"2020-07-01T17:01:53+00:00\",\"dateModified\":\"2020-07-01T17:01:56+00:00\",\"mainEntityOfPage\":{\"@id\":\"https:\\\/\\\/www.altominho.tv\\\/site\\\/2020\\\/07\\\/01\\\/mais-de-339-mil-pessoas-controladas-na-fronteira-de-valenca\\\/\"},\"wordCount\":354,\"image\":{\"@id\":\"https:\\\/\\\/www.altominho.tv\\\/site\\\/2020\\\/07\\\/01\\\/mais-de-339-mil-pessoas-controladas-na-fronteira-de-valenca\\\/#primaryimage\"},\"thumbnailUrl\":\"https:\\\/\\\/www.altominho.tv\\\/site\\\/wp-content\\\/uploads\\\/2020\\\/07\\\/Captura-de-ecra\u0303-2020-05-29-a\u0300s-16.05.53.png\",\"keywords\":[\"Sociedade\"],\"articleSection\":[\"Valen\u00e7a\"],\"inLanguage\":\"pt-PT\",\"copyrightYear\":\"2020\",\"copyrightHolder\":{\"@id\":\"https:\\\/\\\/www.altominho.tv\\\/site\\\/#organization\"}},{\"@type\":\"WebPage\",\"@id\":\"https:\\\/\\\/www.altominho.tv\\\/site\\\/2020\\\/07\\\/01\\\/mais-de-339-mil-pessoas-controladas-na-fronteira-de-valenca\\\/\",\"url\":\"https:\\\/\\\/www.altominho.tv\\\/site\\\/2020\\\/07\\\/01\\\/mais-de-339-mil-pessoas-controladas-na-fronteira-de-valenca\\\/\",\"name\":\"Mais de 339 mil pessoas controladas na fronteira de Valen\u00e7a\",\"isPartOf\":{\"@id\":\"https:\\\/\\\/www.altominho.tv\\\/site\\\/#website\"},\"primaryImageOfPage\":{\"@id\":\"https:\\\/\\\/www.altominho.tv\\\/site\\\/2020\\\/07\\\/01\\\/mais-de-339-mil-pessoas-controladas-na-fronteira-de-valenca\\\/#primaryimage\"},\"image\":{\"@id\":\"https:\\\/\\\/www.altominho.tv\\\/site\\\/2020\\\/07\\\/01\\\/mais-de-339-mil-pessoas-controladas-na-fronteira-de-valenca\\\/#primaryimage\"},\"thumbnailUrl\":\"https:\\\/\\\/www.altominho.tv\\\/site\\\/wp-content\\\/uploads\\\/2020\\\/07\\\/Captura-de-ecra\u0303-2020-05-29-a\u0300s-16.05.53.png\",\"datePublished\":\"2020-07-01T17:01:53+00:00\",\"dateModified\":\"2020-07-01T17:01:56+00:00\",\"author\":{\"@id\":\"https:\\\/\\\/www.altominho.tv\\\/site\\\/#\\\/schema\\\/person\\\/d9be4265364723f14ea8e0d56a1d38cd\"},\"breadcrumb\":{\"@id\":\"https:\\\/\\\/www.altominho.tv\\\/site\\\/2020\\\/07\\\/01\\\/mais-de-339-mil-pessoas-controladas-na-fronteira-de-valenca\\\/#breadcrumb\"},\"inLanguage\":\"pt-PT\",\"potentialAction\":[{\"@type\":\"ReadAction\",\"target\":[\"https:\\\/\\\/www.altominho.tv\\\/site\\\/2020\\\/07\\\/01\\\/mais-de-339-mil-pessoas-controladas-na-fronteira-de-valenca\\\/\"]}]},{\"@type\":\"ImageObject\",\"inLanguage\":\"pt-PT\",\"@id\":\"https:\\\/\\\/www.altominho.tv\\\/site\\\/2020\\\/07\\\/01\\\/mais-de-339-mil-pessoas-controladas-na-fronteira-de-valenca\\\/#primaryimage\",\"url\":\"https:\\\/\\\/www.altominho.tv\\\/site\\\/wp-content\\\/uploads\\\/2020\\\/07\\\/Captura-de-ecra\u0303-2020-05-29-a\u0300s-16.05.53.png\",\"contentUrl\":\"https:\\\/\\\/www.altominho.tv\\\/site\\\/wp-content\\\/uploads\\\/2020\\\/07\\\/Captura-de-ecra\u0303-2020-05-29-a\u0300s-16.05.53.png\",\"width\":1256,\"height\":660},{\"@type\":\"BreadcrumbList\",\"@id\":\"https:\\\/\\\/www.altominho.tv\\\/site\\\/2020\\\/07\\\/01\\\/mais-de-339-mil-pessoas-controladas-na-fronteira-de-valenca\\\/#breadcrumb\",\"itemListElement\":[{\"@type\":\"ListItem\",\"position\":1,\"name\":\"In\u00edcio\",\"item\":\"https:\\\/\\\/www.altominho.tv\\\/site\\\/\"},{\"@type\":\"ListItem\",\"position\":2,\"name\":\"Mais de 339 mil pessoas controladas na fronteira de Valen\u00e7a\"}]},{\"@type\":\"WebSite\",\"@id\":\"https:\\\/\\\/www.altominho.tv\\\/site\\\/#website\",\"url\":\"https:\\\/\\\/www.altominho.tv\\\/site\\\/\",\"name\":\"Altominho.tv\",\"description\":\"A sua regi\u00e3o \u00e0 dist\u00e2ncia de um clique...\",\"potentialAction\":[{\"@type\":\"SearchAction\",\"target\":{\"@type\":\"EntryPoint\",\"urlTemplate\":\"https:\\\/\\\/www.altominho.tv\\\/site\\\/?s={search_term_string}\"},\"query-input\":{\"@type\":\"PropertyValueSpecification\",\"valueRequired\":true,\"valueName\":\"search_term_string\"}}],\"inLanguage\":\"pt-PT\"},{\"@type\":\"Person\",\"@id\":\"https:\\\/\\\/www.altominho.tv\\\/site\\\/#\\\/schema\\\/person\\\/d9be4265364723f14ea8e0d56a1d38cd\",\"name\":\"Andreia Ferreira\",\"image\":{\"@type\":\"ImageObject\",\"inLanguage\":\"pt-PT\",\"@id\":\"https:\\\/\\\/www.altominho.tv\\\/site\\\/wp-content\\\/uploads\\\/2021\\\/01\\\/AndreiaFerreira-150x150.jpg\",\"url\":\"https:\\\/\\\/www.altominho.tv\\\/site\\\/wp-content\\\/uploads\\\/2021\\\/01\\\/AndreiaFerreira-150x150.jpg\",\"contentUrl\":\"https:\\\/\\\/www.altominho.tv\\\/site\\\/wp-content\\\/uploads\\\/2021\\\/01\\\/AndreiaFerreira-150x150.jpg\",\"caption\":\"Andreia Ferreira\"},\"url\":\"https:\\\/\\\/www.altominho.tv\\\/site\\\/author\\\/andreiaferreira\\\/\"}]}<\/script>\n<!-- \/ Yoast SEO Premium plugin. -->","yoast_head_json":{"title":"Mais de 339 mil pessoas controladas na fronteira de Valen\u00e7a","robots":{"index":"index","follow":"follow","max-snippet":"max-snippet:-1","max-image-preview":"max-image-preview:large","max-video-preview":"max-video-preview:-1"},"canonical":"https:\/\/www.altominho.tv\/site\/2020\/07\/01\/mais-de-339-mil-pessoas-controladas-na-fronteira-de-valenca\/","og_locale":"pt_PT","og_type":"article","og_title":"Mais de 339 mil pessoas controladas na fronteira de Valen\u00e7a","og_description":"Valen\u00e7a foi o ponto de passagem mais controlado nos tr\u00eas meses e meio em que as fronteiras com Espanha estiveram encerradas, segundo dados do Minist\u00e9rio da Administra\u00e7\u00e3o Interna (MAI). O Minist\u00e9rio tutelado por Eduardo Cabrita avan\u00e7a que o Ponto de Passagem Autorizado (PPA) onde mais pessoas foram controladas foi o de Valen\u00e7a, com um total [&hellip;]","og_url":"https:\/\/www.altominho.tv\/site\/2020\/07\/01\/mais-de-339-mil-pessoas-controladas-na-fronteira-de-valenca\/","og_site_name":"Altominho.tv","article_publisher":"https:\/\/www.facebook.com\/altominhotv","article_published_time":"2020-07-01T17:01:53+00:00","article_modified_time":"2020-07-01T17:01:56+00:00","og_image":[{"width":1256,"height":660,"url":"https:\/\/www.altominho.tv\/site\/wp-content\/uploads\/2020\/07\/Captura-de-ecra\u0303-2020-05-29-a\u0300s-16.05.53.png","type":"image\/png"}],"author":"Andreia Ferreira","twitter_card":"summary_large_image","twitter_creator":"@altominhoTV","twitter_site":"@altominhoTV","twitter_misc":{"Escrito por":"Andreia Ferreira","Tempo estimado de leitura":"2 minutos"},"schema":{"@context":"https:\/\/schema.org","@graph":[{"@type":"Article","@id":"https:\/\/www.altominho.tv\/site\/2020\/07\/01\/mais-de-339-mil-pessoas-controladas-na-fronteira-de-valenca\/#article","isPartOf":{"@id":"https:\/\/www.altominho.tv\/site\/2020\/07\/01\/mais-de-339-mil-pessoas-controladas-na-fronteira-de-valenca\/"},"author":{"name":"Andreia Ferreira","@id":"https:\/\/www.altominho.tv\/site\/#\/schema\/person\/d9be4265364723f14ea8e0d56a1d38cd"},"headline":"Mais de 339 mil pessoas controladas na fronteira de Valen\u00e7a","datePublished":"2020-07-01T17:01:53+00:00","dateModified":"2020-07-01T17:01:56+00:00","mainEntityOfPage":{"@id":"https:\/\/www.altominho.tv\/site\/2020\/07\/01\/mais-de-339-mil-pessoas-controladas-na-fronteira-de-valenca\/"},"wordCount":354,"image":{"@id":"https:\/\/www.altominho.tv\/site\/2020\/07\/01\/mais-de-339-mil-pessoas-controladas-na-fronteira-de-valenca\/#primaryimage"},"thumbnailUrl":"https:\/\/www.altominho.tv\/site\/wp-content\/uploads\/2020\/07\/Captura-de-ecra\u0303-2020-05-29-a\u0300s-16.05.53.png","keywords":["Sociedade"],"articleSection":["Valen\u00e7a"],"inLanguage":"pt-PT","copyrightYear":"2020","copyrightHolder":{"@id":"https:\/\/www.altominho.tv\/site\/#organization"}},{"@type":"WebPage","@id":"https:\/\/www.altominho.tv\/site\/2020\/07\/01\/mais-de-339-mil-pessoas-controladas-na-fronteira-de-valenca\/","url":"https:\/\/www.altominho.tv\/site\/2020\/07\/01\/mais-de-339-mil-pessoas-controladas-na-fronteira-de-valenca\/","name":"Mais de 339 mil pessoas controladas na fronteira de Valen\u00e7a","isPartOf":{"@id":"https:\/\/www.altominho.tv\/site\/#website"},"primaryImageOfPage":{"@id":"https:\/\/www.altominho.tv\/site\/2020\/07\/01\/mais-de-339-mil-pessoas-controladas-na-fronteira-de-valenca\/#primaryimage"},"image":{"@id":"https:\/\/www.altominho.tv\/site\/2020\/07\/01\/mais-de-339-mil-pessoas-controladas-na-fronteira-de-valenca\/#primaryimage"},"thumbnailUrl":"https:\/\/www.altominho.tv\/site\/wp-content\/uploads\/2020\/07\/Captura-de-ecra\u0303-2020-05-29-a\u0300s-16.05.53.png","datePublished":"2020-07-01T17:01:53+00:00","dateModified":"2020-07-01T17:01:56+00:00","author":{"@id":"https:\/\/www.altominho.tv\/site\/#\/schema\/person\/d9be4265364723f14ea8e0d56a1d38cd"},"breadcrumb":{"@id":"https:\/\/www.altominho.tv\/site\/2020\/07\/01\/mais-de-339-mil-pessoas-controladas-na-fronteira-de-valenca\/#breadcrumb"},"inLanguage":"pt-PT","potentialAction":[{"@type":"ReadAction","target":["https:\/\/www.altominho.tv\/site\/2020\/07\/01\/mais-de-339-mil-pessoas-controladas-na-fronteira-de-valenca\/"]}]},{"@type":"ImageObject","inLanguage":"pt-PT","@id":"https:\/\/www.altominho.tv\/site\/2020\/07\/01\/mais-de-339-mil-pessoas-controladas-na-fronteira-de-valenca\/#primaryimage","url":"https:\/\/www.altominho.tv\/site\/wp-content\/uploads\/2020\/07\/Captura-de-ecra\u0303-2020-05-29-a\u0300s-16.05.53.png","contentUrl":"https:\/\/www.altominho.tv\/site\/wp-content\/uploads\/2020\/07\/Captura-de-ecra\u0303-2020-05-29-a\u0300s-16.05.53.png","width":1256,"height":660},{"@type":"BreadcrumbList","@id":"https:\/\/www.altominho.tv\/site\/2020\/07\/01\/mais-de-339-mil-pessoas-controladas-na-fronteira-de-valenca\/#breadcrumb","itemListElement":[{"@type":"ListItem","position":1,"name":"In\u00edcio","item":"https:\/\/www.altominho.tv\/site\/"},{"@type":"ListItem","position":2,"name":"Mais de 339 mil pessoas controladas na fronteira de Valen\u00e7a"}]},{"@type":"WebSite","@id":"https:\/\/www.altominho.tv\/site\/#website","url":"https:\/\/www.altominho.tv\/site\/","name":"Altominho.tv","description":"A sua regi\u00e3o \u00e0 dist\u00e2ncia de um clique...","potentialAction":[{"@type":"SearchAction","target":{"@type":"EntryPoint","urlTemplate":"https:\/\/www.altominho.tv\/site\/?s={search_term_string}"},"query-input":{"@type":"PropertyValueSpecification","valueRequired":true,"valueName":"search_term_string"}}],"inLanguage":"pt-PT"},{"@type":"Person","@id":"https:\/\/www.altominho.tv\/site\/#\/schema\/person\/d9be4265364723f14ea8e0d56a1d38cd","name":"Andreia Ferreira","image":{"@type":"ImageObject","inLanguage":"pt-PT","@id":"https:\/\/www.altominho.tv\/site\/wp-content\/uploads\/2021\/01\/AndreiaFerreira-150x150.jpg","url":"https:\/\/www.altominho.tv\/site\/wp-content\/uploads\/2021\/01\/AndreiaFerreira-150x150.jpg","contentUrl":"https:\/\/www.altominho.tv\/site\/wp-content\/uploads\/2021\/01\/AndreiaFerreira-150x150.jpg","caption":"Andreia Ferreira"},"url":"https:\/\/www.altominho.tv\/site\/author\/andreiaferreira\/"}]}},"_links":{"self":[{"href":"https:\/\/www.altominho.tv\/site\/wp-json\/wp\/v2\/posts\/48590","targetHints":{"allow":["GET"]}}],"collection":[{"href":"https:\/\/www.altominho.tv\/site\/wp-json\/wp\/v2\/posts"}],"about":[{"href":"https:\/\/www.altominho.tv\/site\/wp-json\/wp\/v2\/types\/post"}],"author":[{"embeddable":true,"href":"https:\/\/www.altominho.tv\/site\/wp-json\/wp\/v2\/users\/12"}],"replies":[{"embeddable":true,"href":"https:\/\/www.altominho.tv\/site\/wp-json\/wp\/v2\/comments?post=48590"}],"version-history":[{"count":0,"href":"https:\/\/www.altominho.tv\/site\/wp-json\/wp\/v2\/posts\/48590\/revisions"}],"wp:featuredmedia":[{"embeddable":true,"href":"https:\/\/www.altominho.tv\/site\/wp-json\/wp\/v2\/media\/48591"}],"wp:attachment":[{"href":"https:\/\/www.altominho.tv\/site\/wp-json\/wp\/v2\/media?parent=48590"}],"wp:term":[{"taxonomy":"category","embeddable":true,"href":"https:\/\/www.altominho.tv\/site\/wp-json\/wp\/v2\/categories?post=48590"},{"taxonomy":"post_tag","embeddable":true,"href":"https:\/\/www.altominho.tv\/site\/wp-json\/wp\/v2\/tags?post=48590"}],"curies":[{"name":"wp","href":"https:\/\/api.w.org\/{rel}","templated":true}]}}