{"id":48533,"date":"2020-06-30T17:33:31","date_gmt":"2020-06-30T16:33:31","guid":{"rendered":"http:\/\/www.altominho.tv\/site\/?p=48533"},"modified":"2020-06-30T19:20:32","modified_gmt":"2020-06-30T18:20:32","slug":"aprovada-candidatura-do-municipio-de-melgaco-ao-programa-de-contratos-locais-de-desenvolvimento-social","status":"publish","type":"post","link":"https:\/\/www.altominho.tv\/site\/2020\/06\/30\/aprovada-candidatura-do-municipio-de-melgaco-ao-programa-de-contratos-locais-de-desenvolvimento-social\/","title":{"rendered":"Aprovada candidatura do munic\u00edpio de Melga\u00e7o ao Programa de Contratos Locais de Desenvolvimento Social"},"content":{"rendered":"<p>A C\u00e2mara de Melga\u00e7o informou esta ter\u00e7a-feira que foi aprovada a candidatura do munic\u00edpio ao Programa de Contratos Locais de Desenvolvimento Social (CLDS)\u00a0para o desenvolvimento do CLDS-4G Melga\u00e7o.<\/p>\n<p>Segundo a autarquia, o programa vai arrancar durante o m\u00eas de julho e complementar o trabalho j\u00e1 desenvolvido pelo munic\u00edpio no \u00e2mbito do apoio e da promo\u00e7\u00e3o do envelhecimento ativo e no combate \u00e0 exclus\u00e3o social.<\/p>\n<p>&#8220;O CLDS-4G Melga\u00e7o conta com um financiamento de 503.853,25 euros, a executar durante os 36 meses de dura\u00e7\u00e3o do mesmo, e tem como entidade coordenadora local da parceria o Centro Paroquial e Social de Chavi\u00e3es, sendo respons\u00e1vel pela coordena\u00e7\u00e3o administrativa e financeira do projeto&#8221;, explica o munic\u00edpio na nota enviada \u00e0 imprensa.<\/p>\n<p>Melga\u00e7o foi caracterizado como territ\u00f3rio envelhecido e fortemente atingido por calamidades. Neste \u00e2mbito, o\u00a0eixo de interven\u00e7\u00e3o direcionado \u00e0 terceira idade prev\u00ea o desenvolvimento de a\u00e7\u00f5es socioculturais que promovem o envelhecimento ativo e a autonomia das pessoas idosas, a\u00e7\u00f5es de combate \u00e0 solid\u00e3o e ao isolamento e o desenvolvimento de projetos de voluntariado vocacionados para o trabalho com popula\u00e7\u00f5es envelhecidas.<\/p>\n<p>J\u00e1 o eixo de interven\u00e7\u00e3o direcionado aos territ\u00f3rios fortemente atingido por calamidades contempla o desenvolvimento de a\u00e7\u00f5es de promo\u00e7\u00e3o da auto-organiza\u00e7\u00e3o dos habitantes do territ\u00f3rio e a cria\u00e7\u00e3o\/revitaliza\u00e7\u00e3o de associa\u00e7\u00f5es, designadamente de moradores, tem\u00e1ticas ou juvenis, atrav\u00e9s de est\u00edmulo aos grupos alvo, de acompanhamento de t\u00e9cnicos facilitadores das iniciativas, e da disponibiliza\u00e7\u00e3o de espa\u00e7os para guarda de material de desgaste e de apoio e o desenvolvimento de instrumentos facilitadores do acesso das pessoas a servi\u00e7os p\u00fablicos de utilidade p\u00fablica, a n\u00edvel local, reduzindo o isolamento e a exclus\u00e3o social.<\/p>\n<p>O programa CLDS-4G tem como objetivo &#8220;promover a inclus\u00e3o social de grupos populacionais que revelem maiores n\u00edveis de fragilidade social num determinado territ\u00f3rio&#8221;.<\/p>\n<p>O projeto constitui-se como &#8220;um instrumento de combate \u00e0 exclus\u00e3o social fortemente marcado por uma interven\u00e7\u00e3o de proximidade realizada em parceria, de forma a aumentar os n\u00edveis de coes\u00e3o social dos concelhos objetos de interven\u00e7\u00e3o dinamizando a altera\u00e7\u00e3o da sua situa\u00e7\u00e3o socioterritorial; concentrar a interven\u00e7\u00e3o nos grupos populacionais que em cada territ\u00f3rio evidenciam fragilidades mais significativas, promovendo a mudan\u00e7a na situa\u00e7\u00e3o das pessoas tendo em conta os seus fatores de vulnerabilidade; potenciar a congrega\u00e7\u00e3o de esfor\u00e7os entre o setor p\u00fablico e o privado na promo\u00e7\u00e3o e execu\u00e7\u00e3o dos projetos atrav\u00e9s da mobiliza\u00e7\u00e3o de atores locais com diferentes proveni\u00eancias; e fortalecer a liga\u00e7\u00e3o entre as interven\u00e7\u00f5es a desenvolver e os diferentes instrumentos de planeamento existentes de dimens\u00e3o municipal.<\/p>\n<p>O CLDS-4G \u00e9 financiado por fundos estruturais em conformidade com a legisla\u00e7\u00e3o nacional e europeia aplic\u00e1vel, designadamente pelo Fundo Social Europeu (FSE). A comparticipa\u00e7\u00e3o p\u00fablica da despesa total eleg\u00edvel \u00e9 repartida pelo Fundo Social Europeu (85%) e pela Contribui\u00e7\u00e3o P\u00fablica Nacional (15%).<\/p>\n<p><strong><em>Not\u00edcia atualizada \u00e0s 19h20<\/em><\/strong><\/p>\n","protected":false},"excerpt":{"rendered":"<p>A C\u00e2mara de Melga\u00e7o informou esta ter\u00e7a-feira que foi aprovada a candidatura do munic\u00edpio ao Programa de Contratos Locais de Desenvolvimento Social (CLDS)\u00a0para o desenvolvimento do CLDS-4G Melga\u00e7o. Segundo a autarquia, o programa vai arrancar durante o m\u00eas de julho e complementar o trabalho j\u00e1 desenvolvido pelo munic\u00edpio no \u00e2mbito do apoio e da promo\u00e7\u00e3o [&hellip;]<\/p>\n","protected":false},"author":12,"featured_media":48534,"comment_status":"closed","ping_status":"closed","sticky":false,"template":"","format":"standard","meta":{"_exactmetrics_skip_tracking":false,"_exactmetrics_sitenote_active":false,"_exactmetrics_sitenote_note":"","_exactmetrics_sitenote_category":0,"footnotes":""},"categories":[8],"tags":[27],"class_list":["post-48533","post","type-post","status-publish","format-standard","has-post-thumbnail","hentry","category-melgaco","tag-sociedade"],"yoast_head":"<!-- This site is optimized with the Yoast SEO Premium plugin v27.4 (Yoast SEO v27.4) - https:\/\/yoast.com\/product\/yoast-seo-premium-wordpress\/ -->\n<title>Aprovada candidatura do munic\u00edpio de Melga\u00e7o ao Programa de Contratos Locais de Desenvolvimento Social<\/title>\n<meta name=\"robots\" content=\"index, follow, max-snippet:-1, max-image-preview:large, max-video-preview:-1\" \/>\n<link rel=\"canonical\" href=\"https:\/\/www.altominho.tv\/site\/2020\/06\/30\/aprovada-candidatura-do-municipio-de-melgaco-ao-programa-de-contratos-locais-de-desenvolvimento-social\/\" \/>\n<meta property=\"og:locale\" content=\"pt_PT\" \/>\n<meta property=\"og:type\" content=\"article\" \/>\n<meta property=\"og:title\" content=\"Aprovada candidatura do munic\u00edpio de Melga\u00e7o ao Programa de Contratos Locais de Desenvolvimento Social\" \/>\n<meta property=\"og:description\" content=\"A C\u00e2mara de Melga\u00e7o informou esta ter\u00e7a-feira que foi aprovada a candidatura do munic\u00edpio ao Programa de Contratos Locais de Desenvolvimento Social (CLDS)\u00a0para o desenvolvimento do CLDS-4G Melga\u00e7o. Segundo a autarquia, o programa vai arrancar durante o m\u00eas de julho e complementar o trabalho j\u00e1 desenvolvido pelo munic\u00edpio no \u00e2mbito do apoio e da promo\u00e7\u00e3o [&hellip;]\" \/>\n<meta property=\"og:url\" content=\"https:\/\/www.altominho.tv\/site\/2020\/06\/30\/aprovada-candidatura-do-municipio-de-melgaco-ao-programa-de-contratos-locais-de-desenvolvimento-social\/\" \/>\n<meta property=\"og:site_name\" content=\"Altominho.tv\" \/>\n<meta property=\"article:publisher\" content=\"https:\/\/www.facebook.com\/altominhotv\" \/>\n<meta property=\"article:published_time\" content=\"2020-06-30T16:33:31+00:00\" \/>\n<meta property=\"article:modified_time\" content=\"2020-06-30T18:20:32+00:00\" \/>\n<meta property=\"og:image\" content=\"https:\/\/www.altominho.tv\/site\/wp-content\/uploads\/2020\/06\/Melgac\u0327o-Centro-scaled.jpg\" \/>\n\t<meta property=\"og:image:width\" content=\"2560\" \/>\n\t<meta property=\"og:image:height\" content=\"1463\" \/>\n\t<meta property=\"og:image:type\" content=\"image\/jpeg\" \/>\n<meta name=\"author\" content=\"Andreia Ferreira\" \/>\n<meta name=\"twitter:card\" content=\"summary_large_image\" \/>\n<meta name=\"twitter:creator\" content=\"@altominhoTV\" \/>\n<meta name=\"twitter:site\" content=\"@altominhoTV\" \/>\n<meta name=\"twitter:label1\" content=\"Escrito por\" \/>\n\t<meta name=\"twitter:data1\" content=\"Andreia Ferreira\" \/>\n\t<meta name=\"twitter:label2\" content=\"Tempo estimado de leitura\" \/>\n\t<meta name=\"twitter:data2\" content=\"3 minutos\" \/>\n<script type=\"application\/ld+json\" class=\"yoast-schema-graph\">{\"@context\":\"https:\\\/\\\/schema.org\",\"@graph\":[{\"@type\":\"Article\",\"@id\":\"https:\\\/\\\/www.altominho.tv\\\/site\\\/2020\\\/06\\\/30\\\/aprovada-candidatura-do-municipio-de-melgaco-ao-programa-de-contratos-locais-de-desenvolvimento-social\\\/#article\",\"isPartOf\":{\"@id\":\"https:\\\/\\\/www.altominho.tv\\\/site\\\/2020\\\/06\\\/30\\\/aprovada-candidatura-do-municipio-de-melgaco-ao-programa-de-contratos-locais-de-desenvolvimento-social\\\/\"},\"author\":{\"name\":\"Andreia Ferreira\",\"@id\":\"https:\\\/\\\/www.altominho.tv\\\/site\\\/#\\\/schema\\\/person\\\/d9be4265364723f14ea8e0d56a1d38cd\"},\"headline\":\"Aprovada candidatura do munic\u00edpio de Melga\u00e7o ao Programa de Contratos Locais de Desenvolvimento Social\",\"datePublished\":\"2020-06-30T16:33:31+00:00\",\"dateModified\":\"2020-06-30T18:20:32+00:00\",\"mainEntityOfPage\":{\"@id\":\"https:\\\/\\\/www.altominho.tv\\\/site\\\/2020\\\/06\\\/30\\\/aprovada-candidatura-do-municipio-de-melgaco-ao-programa-de-contratos-locais-de-desenvolvimento-social\\\/\"},\"wordCount\":537,\"image\":{\"@id\":\"https:\\\/\\\/www.altominho.tv\\\/site\\\/2020\\\/06\\\/30\\\/aprovada-candidatura-do-municipio-de-melgaco-ao-programa-de-contratos-locais-de-desenvolvimento-social\\\/#primaryimage\"},\"thumbnailUrl\":\"https:\\\/\\\/www.altominho.tv\\\/site\\\/wp-content\\\/uploads\\\/2020\\\/06\\\/Melgac\u0327o-Centro-scaled.jpg\",\"keywords\":[\"Sociedade\"],\"articleSection\":[\"Melga\u00e7o\"],\"inLanguage\":\"pt-PT\",\"copyrightYear\":\"2020\",\"copyrightHolder\":{\"@id\":\"https:\\\/\\\/www.altominho.tv\\\/site\\\/#organization\"}},{\"@type\":\"WebPage\",\"@id\":\"https:\\\/\\\/www.altominho.tv\\\/site\\\/2020\\\/06\\\/30\\\/aprovada-candidatura-do-municipio-de-melgaco-ao-programa-de-contratos-locais-de-desenvolvimento-social\\\/\",\"url\":\"https:\\\/\\\/www.altominho.tv\\\/site\\\/2020\\\/06\\\/30\\\/aprovada-candidatura-do-municipio-de-melgaco-ao-programa-de-contratos-locais-de-desenvolvimento-social\\\/\",\"name\":\"Aprovada candidatura do munic\u00edpio de Melga\u00e7o ao Programa de Contratos Locais de Desenvolvimento Social\",\"isPartOf\":{\"@id\":\"https:\\\/\\\/www.altominho.tv\\\/site\\\/#website\"},\"primaryImageOfPage\":{\"@id\":\"https:\\\/\\\/www.altominho.tv\\\/site\\\/2020\\\/06\\\/30\\\/aprovada-candidatura-do-municipio-de-melgaco-ao-programa-de-contratos-locais-de-desenvolvimento-social\\\/#primaryimage\"},\"image\":{\"@id\":\"https:\\\/\\\/www.altominho.tv\\\/site\\\/2020\\\/06\\\/30\\\/aprovada-candidatura-do-municipio-de-melgaco-ao-programa-de-contratos-locais-de-desenvolvimento-social\\\/#primaryimage\"},\"thumbnailUrl\":\"https:\\\/\\\/www.altominho.tv\\\/site\\\/wp-content\\\/uploads\\\/2020\\\/06\\\/Melgac\u0327o-Centro-scaled.jpg\",\"datePublished\":\"2020-06-30T16:33:31+00:00\",\"dateModified\":\"2020-06-30T18:20:32+00:00\",\"author\":{\"@id\":\"https:\\\/\\\/www.altominho.tv\\\/site\\\/#\\\/schema\\\/person\\\/d9be4265364723f14ea8e0d56a1d38cd\"},\"breadcrumb\":{\"@id\":\"https:\\\/\\\/www.altominho.tv\\\/site\\\/2020\\\/06\\\/30\\\/aprovada-candidatura-do-municipio-de-melgaco-ao-programa-de-contratos-locais-de-desenvolvimento-social\\\/#breadcrumb\"},\"inLanguage\":\"pt-PT\",\"potentialAction\":[{\"@type\":\"ReadAction\",\"target\":[\"https:\\\/\\\/www.altominho.tv\\\/site\\\/2020\\\/06\\\/30\\\/aprovada-candidatura-do-municipio-de-melgaco-ao-programa-de-contratos-locais-de-desenvolvimento-social\\\/\"]}]},{\"@type\":\"ImageObject\",\"inLanguage\":\"pt-PT\",\"@id\":\"https:\\\/\\\/www.altominho.tv\\\/site\\\/2020\\\/06\\\/30\\\/aprovada-candidatura-do-municipio-de-melgaco-ao-programa-de-contratos-locais-de-desenvolvimento-social\\\/#primaryimage\",\"url\":\"https:\\\/\\\/www.altominho.tv\\\/site\\\/wp-content\\\/uploads\\\/2020\\\/06\\\/Melgac\u0327o-Centro-scaled.jpg\",\"contentUrl\":\"https:\\\/\\\/www.altominho.tv\\\/site\\\/wp-content\\\/uploads\\\/2020\\\/06\\\/Melgac\u0327o-Centro-scaled.jpg\",\"width\":2560,\"height\":1463},{\"@type\":\"BreadcrumbList\",\"@id\":\"https:\\\/\\\/www.altominho.tv\\\/site\\\/2020\\\/06\\\/30\\\/aprovada-candidatura-do-municipio-de-melgaco-ao-programa-de-contratos-locais-de-desenvolvimento-social\\\/#breadcrumb\",\"itemListElement\":[{\"@type\":\"ListItem\",\"position\":1,\"name\":\"In\u00edcio\",\"item\":\"https:\\\/\\\/www.altominho.tv\\\/site\\\/\"},{\"@type\":\"ListItem\",\"position\":2,\"name\":\"Aprovada candidatura do munic\u00edpio de Melga\u00e7o ao Programa de Contratos Locais de Desenvolvimento Social\"}]},{\"@type\":\"WebSite\",\"@id\":\"https:\\\/\\\/www.altominho.tv\\\/site\\\/#website\",\"url\":\"https:\\\/\\\/www.altominho.tv\\\/site\\\/\",\"name\":\"Altominho.tv\",\"description\":\"A sua regi\u00e3o \u00e0 dist\u00e2ncia de um clique...\",\"potentialAction\":[{\"@type\":\"SearchAction\",\"target\":{\"@type\":\"EntryPoint\",\"urlTemplate\":\"https:\\\/\\\/www.altominho.tv\\\/site\\\/?s={search_term_string}\"},\"query-input\":{\"@type\":\"PropertyValueSpecification\",\"valueRequired\":true,\"valueName\":\"search_term_string\"}}],\"inLanguage\":\"pt-PT\"},{\"@type\":\"Person\",\"@id\":\"https:\\\/\\\/www.altominho.tv\\\/site\\\/#\\\/schema\\\/person\\\/d9be4265364723f14ea8e0d56a1d38cd\",\"name\":\"Andreia Ferreira\",\"image\":{\"@type\":\"ImageObject\",\"inLanguage\":\"pt-PT\",\"@id\":\"https:\\\/\\\/www.altominho.tv\\\/site\\\/wp-content\\\/uploads\\\/2021\\\/01\\\/AndreiaFerreira-150x150.jpg\",\"url\":\"https:\\\/\\\/www.altominho.tv\\\/site\\\/wp-content\\\/uploads\\\/2021\\\/01\\\/AndreiaFerreira-150x150.jpg\",\"contentUrl\":\"https:\\\/\\\/www.altominho.tv\\\/site\\\/wp-content\\\/uploads\\\/2021\\\/01\\\/AndreiaFerreira-150x150.jpg\",\"caption\":\"Andreia Ferreira\"},\"url\":\"https:\\\/\\\/www.altominho.tv\\\/site\\\/author\\\/andreiaferreira\\\/\"}]}<\/script>\n<!-- \/ Yoast SEO Premium plugin. -->","yoast_head_json":{"title":"Aprovada candidatura do munic\u00edpio de Melga\u00e7o ao Programa de Contratos Locais de Desenvolvimento Social","robots":{"index":"index","follow":"follow","max-snippet":"max-snippet:-1","max-image-preview":"max-image-preview:large","max-video-preview":"max-video-preview:-1"},"canonical":"https:\/\/www.altominho.tv\/site\/2020\/06\/30\/aprovada-candidatura-do-municipio-de-melgaco-ao-programa-de-contratos-locais-de-desenvolvimento-social\/","og_locale":"pt_PT","og_type":"article","og_title":"Aprovada candidatura do munic\u00edpio de Melga\u00e7o ao Programa de Contratos Locais de Desenvolvimento Social","og_description":"A C\u00e2mara de Melga\u00e7o informou esta ter\u00e7a-feira que foi aprovada a candidatura do munic\u00edpio ao Programa de Contratos Locais de Desenvolvimento Social (CLDS)\u00a0para o desenvolvimento do CLDS-4G Melga\u00e7o. Segundo a autarquia, o programa vai arrancar durante o m\u00eas de julho e complementar o trabalho j\u00e1 desenvolvido pelo munic\u00edpio no \u00e2mbito do apoio e da promo\u00e7\u00e3o [&hellip;]","og_url":"https:\/\/www.altominho.tv\/site\/2020\/06\/30\/aprovada-candidatura-do-municipio-de-melgaco-ao-programa-de-contratos-locais-de-desenvolvimento-social\/","og_site_name":"Altominho.tv","article_publisher":"https:\/\/www.facebook.com\/altominhotv","article_published_time":"2020-06-30T16:33:31+00:00","article_modified_time":"2020-06-30T18:20:32+00:00","og_image":[{"width":2560,"height":1463,"url":"https:\/\/www.altominho.tv\/site\/wp-content\/uploads\/2020\/06\/Melgac\u0327o-Centro-scaled.jpg","type":"image\/jpeg"}],"author":"Andreia Ferreira","twitter_card":"summary_large_image","twitter_creator":"@altominhoTV","twitter_site":"@altominhoTV","twitter_misc":{"Escrito por":"Andreia Ferreira","Tempo estimado de leitura":"3 minutos"},"schema":{"@context":"https:\/\/schema.org","@graph":[{"@type":"Article","@id":"https:\/\/www.altominho.tv\/site\/2020\/06\/30\/aprovada-candidatura-do-municipio-de-melgaco-ao-programa-de-contratos-locais-de-desenvolvimento-social\/#article","isPartOf":{"@id":"https:\/\/www.altominho.tv\/site\/2020\/06\/30\/aprovada-candidatura-do-municipio-de-melgaco-ao-programa-de-contratos-locais-de-desenvolvimento-social\/"},"author":{"name":"Andreia Ferreira","@id":"https:\/\/www.altominho.tv\/site\/#\/schema\/person\/d9be4265364723f14ea8e0d56a1d38cd"},"headline":"Aprovada candidatura do munic\u00edpio de Melga\u00e7o ao Programa de Contratos Locais de Desenvolvimento Social","datePublished":"2020-06-30T16:33:31+00:00","dateModified":"2020-06-30T18:20:32+00:00","mainEntityOfPage":{"@id":"https:\/\/www.altominho.tv\/site\/2020\/06\/30\/aprovada-candidatura-do-municipio-de-melgaco-ao-programa-de-contratos-locais-de-desenvolvimento-social\/"},"wordCount":537,"image":{"@id":"https:\/\/www.altominho.tv\/site\/2020\/06\/30\/aprovada-candidatura-do-municipio-de-melgaco-ao-programa-de-contratos-locais-de-desenvolvimento-social\/#primaryimage"},"thumbnailUrl":"https:\/\/www.altominho.tv\/site\/wp-content\/uploads\/2020\/06\/Melgac\u0327o-Centro-scaled.jpg","keywords":["Sociedade"],"articleSection":["Melga\u00e7o"],"inLanguage":"pt-PT","copyrightYear":"2020","copyrightHolder":{"@id":"https:\/\/www.altominho.tv\/site\/#organization"}},{"@type":"WebPage","@id":"https:\/\/www.altominho.tv\/site\/2020\/06\/30\/aprovada-candidatura-do-municipio-de-melgaco-ao-programa-de-contratos-locais-de-desenvolvimento-social\/","url":"https:\/\/www.altominho.tv\/site\/2020\/06\/30\/aprovada-candidatura-do-municipio-de-melgaco-ao-programa-de-contratos-locais-de-desenvolvimento-social\/","name":"Aprovada candidatura do munic\u00edpio de Melga\u00e7o ao Programa de Contratos Locais de Desenvolvimento Social","isPartOf":{"@id":"https:\/\/www.altominho.tv\/site\/#website"},"primaryImageOfPage":{"@id":"https:\/\/www.altominho.tv\/site\/2020\/06\/30\/aprovada-candidatura-do-municipio-de-melgaco-ao-programa-de-contratos-locais-de-desenvolvimento-social\/#primaryimage"},"image":{"@id":"https:\/\/www.altominho.tv\/site\/2020\/06\/30\/aprovada-candidatura-do-municipio-de-melgaco-ao-programa-de-contratos-locais-de-desenvolvimento-social\/#primaryimage"},"thumbnailUrl":"https:\/\/www.altominho.tv\/site\/wp-content\/uploads\/2020\/06\/Melgac\u0327o-Centro-scaled.jpg","datePublished":"2020-06-30T16:33:31+00:00","dateModified":"2020-06-30T18:20:32+00:00","author":{"@id":"https:\/\/www.altominho.tv\/site\/#\/schema\/person\/d9be4265364723f14ea8e0d56a1d38cd"},"breadcrumb":{"@id":"https:\/\/www.altominho.tv\/site\/2020\/06\/30\/aprovada-candidatura-do-municipio-de-melgaco-ao-programa-de-contratos-locais-de-desenvolvimento-social\/#breadcrumb"},"inLanguage":"pt-PT","potentialAction":[{"@type":"ReadAction","target":["https:\/\/www.altominho.tv\/site\/2020\/06\/30\/aprovada-candidatura-do-municipio-de-melgaco-ao-programa-de-contratos-locais-de-desenvolvimento-social\/"]}]},{"@type":"ImageObject","inLanguage":"pt-PT","@id":"https:\/\/www.altominho.tv\/site\/2020\/06\/30\/aprovada-candidatura-do-municipio-de-melgaco-ao-programa-de-contratos-locais-de-desenvolvimento-social\/#primaryimage","url":"https:\/\/www.altominho.tv\/site\/wp-content\/uploads\/2020\/06\/Melgac\u0327o-Centro-scaled.jpg","contentUrl":"https:\/\/www.altominho.tv\/site\/wp-content\/uploads\/2020\/06\/Melgac\u0327o-Centro-scaled.jpg","width":2560,"height":1463},{"@type":"BreadcrumbList","@id":"https:\/\/www.altominho.tv\/site\/2020\/06\/30\/aprovada-candidatura-do-municipio-de-melgaco-ao-programa-de-contratos-locais-de-desenvolvimento-social\/#breadcrumb","itemListElement":[{"@type":"ListItem","position":1,"name":"In\u00edcio","item":"https:\/\/www.altominho.tv\/site\/"},{"@type":"ListItem","position":2,"name":"Aprovada candidatura do munic\u00edpio de Melga\u00e7o ao Programa de Contratos Locais de Desenvolvimento Social"}]},{"@type":"WebSite","@id":"https:\/\/www.altominho.tv\/site\/#website","url":"https:\/\/www.altominho.tv\/site\/","name":"Altominho.tv","description":"A sua regi\u00e3o \u00e0 dist\u00e2ncia de um clique...","potentialAction":[{"@type":"SearchAction","target":{"@type":"EntryPoint","urlTemplate":"https:\/\/www.altominho.tv\/site\/?s={search_term_string}"},"query-input":{"@type":"PropertyValueSpecification","valueRequired":true,"valueName":"search_term_string"}}],"inLanguage":"pt-PT"},{"@type":"Person","@id":"https:\/\/www.altominho.tv\/site\/#\/schema\/person\/d9be4265364723f14ea8e0d56a1d38cd","name":"Andreia Ferreira","image":{"@type":"ImageObject","inLanguage":"pt-PT","@id":"https:\/\/www.altominho.tv\/site\/wp-content\/uploads\/2021\/01\/AndreiaFerreira-150x150.jpg","url":"https:\/\/www.altominho.tv\/site\/wp-content\/uploads\/2021\/01\/AndreiaFerreira-150x150.jpg","contentUrl":"https:\/\/www.altominho.tv\/site\/wp-content\/uploads\/2021\/01\/AndreiaFerreira-150x150.jpg","caption":"Andreia Ferreira"},"url":"https:\/\/www.altominho.tv\/site\/author\/andreiaferreira\/"}]}},"_links":{"self":[{"href":"https:\/\/www.altominho.tv\/site\/wp-json\/wp\/v2\/posts\/48533","targetHints":{"allow":["GET"]}}],"collection":[{"href":"https:\/\/www.altominho.tv\/site\/wp-json\/wp\/v2\/posts"}],"about":[{"href":"https:\/\/www.altominho.tv\/site\/wp-json\/wp\/v2\/types\/post"}],"author":[{"embeddable":true,"href":"https:\/\/www.altominho.tv\/site\/wp-json\/wp\/v2\/users\/12"}],"replies":[{"embeddable":true,"href":"https:\/\/www.altominho.tv\/site\/wp-json\/wp\/v2\/comments?post=48533"}],"version-history":[{"count":0,"href":"https:\/\/www.altominho.tv\/site\/wp-json\/wp\/v2\/posts\/48533\/revisions"}],"wp:featuredmedia":[{"embeddable":true,"href":"https:\/\/www.altominho.tv\/site\/wp-json\/wp\/v2\/media\/48534"}],"wp:attachment":[{"href":"https:\/\/www.altominho.tv\/site\/wp-json\/wp\/v2\/media?parent=48533"}],"wp:term":[{"taxonomy":"category","embeddable":true,"href":"https:\/\/www.altominho.tv\/site\/wp-json\/wp\/v2\/categories?post=48533"},{"taxonomy":"post_tag","embeddable":true,"href":"https:\/\/www.altominho.tv\/site\/wp-json\/wp\/v2\/tags?post=48533"}],"curies":[{"name":"wp","href":"https:\/\/api.w.org\/{rel}","templated":true}]}}