{"id":48525,"date":"2020-06-30T16:03:22","date_gmt":"2020-06-30T15:03:22","guid":{"rendered":"http:\/\/www.altominho.tv\/site\/?p=48525"},"modified":"2020-06-30T16:03:25","modified_gmt":"2020-06-30T15:03:25","slug":"prazo-para-municipios-substituirem-proprietarios-na-limpeza-de-terrenos-termina-esta-terca-feira","status":"publish","type":"post","link":"https:\/\/www.altominho.tv\/site\/2020\/06\/30\/prazo-para-municipios-substituirem-proprietarios-na-limpeza-de-terrenos-termina-esta-terca-feira\/","title":{"rendered":"Prazo para munic\u00edpios substitu\u00edrem propriet\u00e1rios na limpeza de terrenos termina esta ter\u00e7a-feira"},"content":{"rendered":"<p>O prazo para os munic\u00edpios assegurarem a limpeza de terrenos em substitui\u00e7\u00e3o aos propriet\u00e1rios termina esta ter\u00e7a-feira, inclusive nas 23.852 situa\u00e7\u00f5es em incumprimento identificadas em Portugal continental, ficando sujeitos, em caso de incumprimento, a reten\u00e7\u00e3o do Fundo de Equil\u00edbrio Financeiro.<\/p>\n<p>Em causa est\u00e1 a obriga\u00e7\u00e3o das c\u00e2maras municipais, perante o incumprimento dos propriet\u00e1rios do prazo para a limpeza de terrenos &#8211; que terminou em 31 de maio, ap\u00f3s ser prorrogado, por duas vezes, devido \u00e0 pandemia da Covid-19 -, de garantirem a realiza\u00e7\u00e3o de todos os trabalhos de gest\u00e3o de combust\u00edvel at\u00e9 30 de junho, prazo que era at\u00e9 31 de maio, mas foi tamb\u00e9m prorrogado.<\/p>\n<p>No caso de incumprimento dos munic\u00edpios, &#8220;\u00e9 retido, no m\u00eas seguinte, 20% do duod\u00e9cimo das transfer\u00eancias correntes do Fundo de Equil\u00edbrio Financeiro (FEF)&#8221;, segundo o Regime Excecional das Redes Secund\u00e1rias de Faixas de Gest\u00e3o de Combust\u00edvel.<\/p>\n<p>\u201cTodas as 23.852 situa\u00e7\u00f5es em incumprimento detetadas at\u00e9 31 de maio foram comunicadas \u00e0s respetivas autarquias, com maior incid\u00eancia em Leiria, Castelo Branco, Viseu, Coimbra, Braga, Santar\u00e9m, Vila Real, Viana do Castelo e Aveiro\u201d, avan\u00e7ou a Guarda Nacional Republicana (GNR), em resposta \u00e0 ag\u00eancia Lusa.<\/p>\n<p>Em 1 de junho, a GNR come\u00e7ou a fiscaliza\u00e7\u00e3o de terrenos florestais na sequ\u00eancia do fim do prazo para a limpeza, estabelecendo como prioridade de atua\u00e7\u00e3o as 1.114 freguesias priorit\u00e1rias com risco elevado de inc\u00eandio.<\/p>\n<p>Neste \u00e2mbito, os cerca de 24 mil incumprimentos identificados na limpeza da floresta arriscam processos de contraordena\u00e7\u00e3o, pun\u00edveis com coimas de 280 a 10.000 euros, no caso de pessoa singular, e de 1.600 a 120.000 euros, no caso de pessoas coletivas.<\/p>\n<p>Desde o in\u00edcio deste ano e at\u00e9 28 de junho, a GNR regista 19 detidos em flagrante delito e 138 pessoas identificadas pela pr\u00e1tica do crime de inc\u00eandio rural, contabilizando ainda 1.403 autos por contraordena\u00e7\u00e3o, dos quais, \u201c938 devido \u00e0 falta de gest\u00e3o de combust\u00edvel (limpeza de terrenos), 372 em queimas e 92 em queimadas, por realiza\u00e7\u00e3o n\u00e3o autorizada ou por neglig\u00eancia na sua execu\u00e7\u00e3o, e um por falta de recupera\u00e7\u00e3o de \u00e1reas ardidas\u201d.<\/p>\n<p>Entre os distritos onde se registam os 1.403 autos de contraordena\u00e7\u00e3o destacam-se Braga (178), Guarda (161), Coimbra (144), Set\u00fabal (114), Beja (97), Viseu (85), Leiria (78), Santar\u00e9m (77), Castelo Branco (72), Vila Real (72), Aveiro (71), Porto (53), Lisboa (46), Viana do Castelo (43), Bragan\u00e7a (40), Faro (26), \u00c9vora (25) e Portalegre (21).<\/p>\n<p>Dos autos de contraordena\u00e7\u00e3o levantados, a GNR envia uma c\u00f3pia \u00e0s respetivas c\u00e2mara municipais, para que possam intervir.<\/p>\n<p>De acordo com a lei, os munic\u00edpios devem &#8220;substituir-se aos propriet\u00e1rios e outros produtores florestais em incumprimento, procedendo \u00e0 gest\u00e3o de combust\u00edvel prevista na lei, mediante comunica\u00e7\u00e3o e, na falta de resposta em cinco dias, por aviso a afixar no local dos trabalhos&#8221;.<\/p>\n<p>Assim, &#8220;os propriet\u00e1rios e outros produtores florestais s\u00e3o obrigados a permitir o acesso aos seus terrenos e a ressarcir a c\u00e2mara municipal das despesas efetuadas com a gest\u00e3o de combust\u00edvel&#8221;.<\/p>\n<p>De forma a assegurarem o pagamento das despesas dos trabalhos de limpeza de terrenos, os munic\u00edpios podem aceder a uma linha de cr\u00e9dito de cinco milh\u00f5es de euros, para atribui\u00e7\u00e3o de subven\u00e7\u00f5es reembols\u00e1veis.<\/p>\n<p>Em causa est\u00e1 o prazo para a realiza\u00e7\u00e3o das opera\u00e7\u00f5es de limpeza de terrenos, que terminava em 15 de mar\u00e7o, mas foi prorrogado, por decis\u00e3o do Governo, primeiro para 30 de abril e depois para 31 de maio, na sequ\u00eancia das medidas excecionais e tempor\u00e1rias relativas \u00e0 pandemia da doen\u00e7a covid-19.<\/p>\n<p>\u00c0 semelhan\u00e7a de anos anteriores, a Opera\u00e7\u00e3o Floresta Segura 2020 iniciou-se &#8220;com uma forte campanha de sensibiliza\u00e7\u00e3o&#8221;, em que foram realizadas, at\u00e9 28 de junho, \u201ccerca de 3.800 a\u00e7\u00f5es de sensibiliza\u00e7\u00e3o, alcan\u00e7ando mais de 56 mil pessoas\u201d, segundo a GNR.<\/p>\n<p>De acordo com a Associa\u00e7\u00e3o Nacional de Empresas Florestais, Agr\u00edcolas e do Ambiente (ANEFA), independentemente da prorroga\u00e7\u00e3o do prazo de limpeza de terrenos florestais, este ano houve menos procura dos propriet\u00e1rios por estes trabalhos, temendo-se, por isso, &#8220;grandes cat\u00e1strofes&#8221;.<\/p>\n","protected":false},"excerpt":{"rendered":"<p>O prazo para os munic\u00edpios assegurarem a limpeza de terrenos em substitui\u00e7\u00e3o aos propriet\u00e1rios termina esta ter\u00e7a-feira, inclusive nas 23.852 situa\u00e7\u00f5es em incumprimento identificadas em Portugal continental, ficando sujeitos, em caso de incumprimento, a reten\u00e7\u00e3o do Fundo de Equil\u00edbrio Financeiro. Em causa est\u00e1 a obriga\u00e7\u00e3o das c\u00e2maras municipais, perante o incumprimento dos propriet\u00e1rios do prazo [&hellip;]<\/p>\n","protected":false},"author":13,"featured_media":48526,"comment_status":"closed","ping_status":"closed","sticky":false,"template":"","format":"standard","meta":{"_exactmetrics_skip_tracking":false,"_exactmetrics_sitenote_active":false,"_exactmetrics_sitenote_note":"","_exactmetrics_sitenote_category":0,"footnotes":""},"categories":[73],"tags":[27],"class_list":["post-48525","post","type-post","status-publish","format-standard","has-post-thumbnail","hentry","category-alto-minho","tag-sociedade"],"yoast_head":"<!-- This site is optimized with the Yoast SEO Premium plugin v27.4 (Yoast SEO v27.4) - https:\/\/yoast.com\/product\/yoast-seo-premium-wordpress\/ -->\n<title>Prazo para munic\u00edpios substitu\u00edrem propriet\u00e1rios na limpeza de terrenos termina esta ter\u00e7a-feira<\/title>\n<meta name=\"robots\" content=\"index, follow, max-snippet:-1, max-image-preview:large, max-video-preview:-1\" \/>\n<link rel=\"canonical\" href=\"https:\/\/www.altominho.tv\/site\/2020\/06\/30\/prazo-para-municipios-substituirem-proprietarios-na-limpeza-de-terrenos-termina-esta-terca-feira\/\" \/>\n<meta property=\"og:locale\" content=\"pt_PT\" \/>\n<meta property=\"og:type\" content=\"article\" \/>\n<meta property=\"og:title\" content=\"Prazo para munic\u00edpios substitu\u00edrem propriet\u00e1rios na limpeza de terrenos termina esta ter\u00e7a-feira\" \/>\n<meta property=\"og:description\" content=\"O prazo para os munic\u00edpios assegurarem a limpeza de terrenos em substitui\u00e7\u00e3o aos propriet\u00e1rios termina esta ter\u00e7a-feira, inclusive nas 23.852 situa\u00e7\u00f5es em incumprimento identificadas em Portugal continental, ficando sujeitos, em caso de incumprimento, a reten\u00e7\u00e3o do Fundo de Equil\u00edbrio Financeiro. Em causa est\u00e1 a obriga\u00e7\u00e3o das c\u00e2maras municipais, perante o incumprimento dos propriet\u00e1rios do prazo [&hellip;]\" \/>\n<meta property=\"og:url\" content=\"https:\/\/www.altominho.tv\/site\/2020\/06\/30\/prazo-para-municipios-substituirem-proprietarios-na-limpeza-de-terrenos-termina-esta-terca-feira\/\" \/>\n<meta property=\"og:site_name\" content=\"Altominho.tv\" \/>\n<meta property=\"article:publisher\" content=\"https:\/\/www.facebook.com\/altominhotv\" \/>\n<meta property=\"article:published_time\" content=\"2020-06-30T15:03:22+00:00\" \/>\n<meta property=\"article:modified_time\" content=\"2020-06-30T15:03:25+00:00\" \/>\n<meta property=\"og:image\" content=\"https:\/\/www.altominho.tv\/site\/wp-content\/uploads\/2020\/06\/limpeza.jpeg\" \/>\n\t<meta property=\"og:image:width\" content=\"740\" \/>\n\t<meta property=\"og:image:height\" content=\"406\" \/>\n\t<meta property=\"og:image:type\" content=\"image\/jpeg\" \/>\n<meta name=\"author\" content=\"Lusa\" \/>\n<meta name=\"twitter:card\" content=\"summary_large_image\" \/>\n<meta name=\"twitter:creator\" content=\"@altominhoTV\" \/>\n<meta name=\"twitter:site\" content=\"@altominhoTV\" \/>\n<meta name=\"twitter:label1\" content=\"Escrito por\" \/>\n\t<meta name=\"twitter:data1\" content=\"Lusa\" \/>\n\t<meta name=\"twitter:label2\" content=\"Tempo estimado de leitura\" \/>\n\t<meta name=\"twitter:data2\" content=\"3 minutos\" \/>\n<script type=\"application\/ld+json\" class=\"yoast-schema-graph\">{\"@context\":\"https:\\\/\\\/schema.org\",\"@graph\":[{\"@type\":\"Article\",\"@id\":\"https:\\\/\\\/www.altominho.tv\\\/site\\\/2020\\\/06\\\/30\\\/prazo-para-municipios-substituirem-proprietarios-na-limpeza-de-terrenos-termina-esta-terca-feira\\\/#article\",\"isPartOf\":{\"@id\":\"https:\\\/\\\/www.altominho.tv\\\/site\\\/2020\\\/06\\\/30\\\/prazo-para-municipios-substituirem-proprietarios-na-limpeza-de-terrenos-termina-esta-terca-feira\\\/\"},\"author\":{\"name\":\"Lusa\",\"@id\":\"https:\\\/\\\/www.altominho.tv\\\/site\\\/#\\\/schema\\\/person\\\/63f693da3e1899361cbe955c46f3232e\"},\"headline\":\"Prazo para munic\u00edpios substitu\u00edrem propriet\u00e1rios na limpeza de terrenos termina esta ter\u00e7a-feira\",\"datePublished\":\"2020-06-30T15:03:22+00:00\",\"dateModified\":\"2020-06-30T15:03:25+00:00\",\"mainEntityOfPage\":{\"@id\":\"https:\\\/\\\/www.altominho.tv\\\/site\\\/2020\\\/06\\\/30\\\/prazo-para-municipios-substituirem-proprietarios-na-limpeza-de-terrenos-termina-esta-terca-feira\\\/\"},\"wordCount\":694,\"image\":{\"@id\":\"https:\\\/\\\/www.altominho.tv\\\/site\\\/2020\\\/06\\\/30\\\/prazo-para-municipios-substituirem-proprietarios-na-limpeza-de-terrenos-termina-esta-terca-feira\\\/#primaryimage\"},\"thumbnailUrl\":\"https:\\\/\\\/www.altominho.tv\\\/site\\\/wp-content\\\/uploads\\\/2020\\\/06\\\/limpeza.jpeg\",\"keywords\":[\"Sociedade\"],\"articleSection\":[\"Alto Minho\"],\"inLanguage\":\"pt-PT\",\"copyrightYear\":\"2020\",\"copyrightHolder\":{\"@id\":\"https:\\\/\\\/www.altominho.tv\\\/site\\\/#organization\"}},{\"@type\":\"WebPage\",\"@id\":\"https:\\\/\\\/www.altominho.tv\\\/site\\\/2020\\\/06\\\/30\\\/prazo-para-municipios-substituirem-proprietarios-na-limpeza-de-terrenos-termina-esta-terca-feira\\\/\",\"url\":\"https:\\\/\\\/www.altominho.tv\\\/site\\\/2020\\\/06\\\/30\\\/prazo-para-municipios-substituirem-proprietarios-na-limpeza-de-terrenos-termina-esta-terca-feira\\\/\",\"name\":\"Prazo para munic\u00edpios substitu\u00edrem propriet\u00e1rios na limpeza de terrenos termina esta ter\u00e7a-feira\",\"isPartOf\":{\"@id\":\"https:\\\/\\\/www.altominho.tv\\\/site\\\/#website\"},\"primaryImageOfPage\":{\"@id\":\"https:\\\/\\\/www.altominho.tv\\\/site\\\/2020\\\/06\\\/30\\\/prazo-para-municipios-substituirem-proprietarios-na-limpeza-de-terrenos-termina-esta-terca-feira\\\/#primaryimage\"},\"image\":{\"@id\":\"https:\\\/\\\/www.altominho.tv\\\/site\\\/2020\\\/06\\\/30\\\/prazo-para-municipios-substituirem-proprietarios-na-limpeza-de-terrenos-termina-esta-terca-feira\\\/#primaryimage\"},\"thumbnailUrl\":\"https:\\\/\\\/www.altominho.tv\\\/site\\\/wp-content\\\/uploads\\\/2020\\\/06\\\/limpeza.jpeg\",\"datePublished\":\"2020-06-30T15:03:22+00:00\",\"dateModified\":\"2020-06-30T15:03:25+00:00\",\"author\":{\"@id\":\"https:\\\/\\\/www.altominho.tv\\\/site\\\/#\\\/schema\\\/person\\\/63f693da3e1899361cbe955c46f3232e\"},\"breadcrumb\":{\"@id\":\"https:\\\/\\\/www.altominho.tv\\\/site\\\/2020\\\/06\\\/30\\\/prazo-para-municipios-substituirem-proprietarios-na-limpeza-de-terrenos-termina-esta-terca-feira\\\/#breadcrumb\"},\"inLanguage\":\"pt-PT\",\"potentialAction\":[{\"@type\":\"ReadAction\",\"target\":[\"https:\\\/\\\/www.altominho.tv\\\/site\\\/2020\\\/06\\\/30\\\/prazo-para-municipios-substituirem-proprietarios-na-limpeza-de-terrenos-termina-esta-terca-feira\\\/\"]}]},{\"@type\":\"ImageObject\",\"inLanguage\":\"pt-PT\",\"@id\":\"https:\\\/\\\/www.altominho.tv\\\/site\\\/2020\\\/06\\\/30\\\/prazo-para-municipios-substituirem-proprietarios-na-limpeza-de-terrenos-termina-esta-terca-feira\\\/#primaryimage\",\"url\":\"https:\\\/\\\/www.altominho.tv\\\/site\\\/wp-content\\\/uploads\\\/2020\\\/06\\\/limpeza.jpeg\",\"contentUrl\":\"https:\\\/\\\/www.altominho.tv\\\/site\\\/wp-content\\\/uploads\\\/2020\\\/06\\\/limpeza.jpeg\",\"width\":740,\"height\":406},{\"@type\":\"BreadcrumbList\",\"@id\":\"https:\\\/\\\/www.altominho.tv\\\/site\\\/2020\\\/06\\\/30\\\/prazo-para-municipios-substituirem-proprietarios-na-limpeza-de-terrenos-termina-esta-terca-feira\\\/#breadcrumb\",\"itemListElement\":[{\"@type\":\"ListItem\",\"position\":1,\"name\":\"In\u00edcio\",\"item\":\"https:\\\/\\\/www.altominho.tv\\\/site\\\/\"},{\"@type\":\"ListItem\",\"position\":2,\"name\":\"Prazo para munic\u00edpios substitu\u00edrem propriet\u00e1rios na limpeza de terrenos termina esta ter\u00e7a-feira\"}]},{\"@type\":\"WebSite\",\"@id\":\"https:\\\/\\\/www.altominho.tv\\\/site\\\/#website\",\"url\":\"https:\\\/\\\/www.altominho.tv\\\/site\\\/\",\"name\":\"Altominho.tv\",\"description\":\"A sua regi\u00e3o \u00e0 dist\u00e2ncia de um clique...\",\"potentialAction\":[{\"@type\":\"SearchAction\",\"target\":{\"@type\":\"EntryPoint\",\"urlTemplate\":\"https:\\\/\\\/www.altominho.tv\\\/site\\\/?s={search_term_string}\"},\"query-input\":{\"@type\":\"PropertyValueSpecification\",\"valueRequired\":true,\"valueName\":\"search_term_string\"}}],\"inLanguage\":\"pt-PT\"},{\"@type\":\"Person\",\"@id\":\"https:\\\/\\\/www.altominho.tv\\\/site\\\/#\\\/schema\\\/person\\\/63f693da3e1899361cbe955c46f3232e\",\"name\":\"Lusa\",\"image\":{\"@type\":\"ImageObject\",\"inLanguage\":\"pt-PT\",\"@id\":\"https:\\\/\\\/www.altominho.tv\\\/site\\\/wp-content\\\/uploads\\\/2019\\\/08\\\/LUSA_Logo.gif\",\"url\":\"https:\\\/\\\/www.altominho.tv\\\/site\\\/wp-content\\\/uploads\\\/2019\\\/08\\\/LUSA_Logo.gif\",\"contentUrl\":\"https:\\\/\\\/www.altominho.tv\\\/site\\\/wp-content\\\/uploads\\\/2019\\\/08\\\/LUSA_Logo.gif\",\"caption\":\"Lusa\"},\"sameAs\":[\"http:\\\/\\\/\\\/\\\/www.altominho.tv\\\/site\"],\"url\":\"https:\\\/\\\/www.altominho.tv\\\/site\\\/author\\\/lusa\\\/\"}]}<\/script>\n<!-- \/ Yoast SEO Premium plugin. -->","yoast_head_json":{"title":"Prazo para munic\u00edpios substitu\u00edrem propriet\u00e1rios na limpeza de terrenos termina esta ter\u00e7a-feira","robots":{"index":"index","follow":"follow","max-snippet":"max-snippet:-1","max-image-preview":"max-image-preview:large","max-video-preview":"max-video-preview:-1"},"canonical":"https:\/\/www.altominho.tv\/site\/2020\/06\/30\/prazo-para-municipios-substituirem-proprietarios-na-limpeza-de-terrenos-termina-esta-terca-feira\/","og_locale":"pt_PT","og_type":"article","og_title":"Prazo para munic\u00edpios substitu\u00edrem propriet\u00e1rios na limpeza de terrenos termina esta ter\u00e7a-feira","og_description":"O prazo para os munic\u00edpios assegurarem a limpeza de terrenos em substitui\u00e7\u00e3o aos propriet\u00e1rios termina esta ter\u00e7a-feira, inclusive nas 23.852 situa\u00e7\u00f5es em incumprimento identificadas em Portugal continental, ficando sujeitos, em caso de incumprimento, a reten\u00e7\u00e3o do Fundo de Equil\u00edbrio Financeiro. Em causa est\u00e1 a obriga\u00e7\u00e3o das c\u00e2maras municipais, perante o incumprimento dos propriet\u00e1rios do prazo [&hellip;]","og_url":"https:\/\/www.altominho.tv\/site\/2020\/06\/30\/prazo-para-municipios-substituirem-proprietarios-na-limpeza-de-terrenos-termina-esta-terca-feira\/","og_site_name":"Altominho.tv","article_publisher":"https:\/\/www.facebook.com\/altominhotv","article_published_time":"2020-06-30T15:03:22+00:00","article_modified_time":"2020-06-30T15:03:25+00:00","og_image":[{"width":740,"height":406,"url":"https:\/\/www.altominho.tv\/site\/wp-content\/uploads\/2020\/06\/limpeza.jpeg","type":"image\/jpeg"}],"author":"Lusa","twitter_card":"summary_large_image","twitter_creator":"@altominhoTV","twitter_site":"@altominhoTV","twitter_misc":{"Escrito por":"Lusa","Tempo estimado de leitura":"3 minutos"},"schema":{"@context":"https:\/\/schema.org","@graph":[{"@type":"Article","@id":"https:\/\/www.altominho.tv\/site\/2020\/06\/30\/prazo-para-municipios-substituirem-proprietarios-na-limpeza-de-terrenos-termina-esta-terca-feira\/#article","isPartOf":{"@id":"https:\/\/www.altominho.tv\/site\/2020\/06\/30\/prazo-para-municipios-substituirem-proprietarios-na-limpeza-de-terrenos-termina-esta-terca-feira\/"},"author":{"name":"Lusa","@id":"https:\/\/www.altominho.tv\/site\/#\/schema\/person\/63f693da3e1899361cbe955c46f3232e"},"headline":"Prazo para munic\u00edpios substitu\u00edrem propriet\u00e1rios na limpeza de terrenos termina esta ter\u00e7a-feira","datePublished":"2020-06-30T15:03:22+00:00","dateModified":"2020-06-30T15:03:25+00:00","mainEntityOfPage":{"@id":"https:\/\/www.altominho.tv\/site\/2020\/06\/30\/prazo-para-municipios-substituirem-proprietarios-na-limpeza-de-terrenos-termina-esta-terca-feira\/"},"wordCount":694,"image":{"@id":"https:\/\/www.altominho.tv\/site\/2020\/06\/30\/prazo-para-municipios-substituirem-proprietarios-na-limpeza-de-terrenos-termina-esta-terca-feira\/#primaryimage"},"thumbnailUrl":"https:\/\/www.altominho.tv\/site\/wp-content\/uploads\/2020\/06\/limpeza.jpeg","keywords":["Sociedade"],"articleSection":["Alto Minho"],"inLanguage":"pt-PT","copyrightYear":"2020","copyrightHolder":{"@id":"https:\/\/www.altominho.tv\/site\/#organization"}},{"@type":"WebPage","@id":"https:\/\/www.altominho.tv\/site\/2020\/06\/30\/prazo-para-municipios-substituirem-proprietarios-na-limpeza-de-terrenos-termina-esta-terca-feira\/","url":"https:\/\/www.altominho.tv\/site\/2020\/06\/30\/prazo-para-municipios-substituirem-proprietarios-na-limpeza-de-terrenos-termina-esta-terca-feira\/","name":"Prazo para munic\u00edpios substitu\u00edrem propriet\u00e1rios na limpeza de terrenos termina esta ter\u00e7a-feira","isPartOf":{"@id":"https:\/\/www.altominho.tv\/site\/#website"},"primaryImageOfPage":{"@id":"https:\/\/www.altominho.tv\/site\/2020\/06\/30\/prazo-para-municipios-substituirem-proprietarios-na-limpeza-de-terrenos-termina-esta-terca-feira\/#primaryimage"},"image":{"@id":"https:\/\/www.altominho.tv\/site\/2020\/06\/30\/prazo-para-municipios-substituirem-proprietarios-na-limpeza-de-terrenos-termina-esta-terca-feira\/#primaryimage"},"thumbnailUrl":"https:\/\/www.altominho.tv\/site\/wp-content\/uploads\/2020\/06\/limpeza.jpeg","datePublished":"2020-06-30T15:03:22+00:00","dateModified":"2020-06-30T15:03:25+00:00","author":{"@id":"https:\/\/www.altominho.tv\/site\/#\/schema\/person\/63f693da3e1899361cbe955c46f3232e"},"breadcrumb":{"@id":"https:\/\/www.altominho.tv\/site\/2020\/06\/30\/prazo-para-municipios-substituirem-proprietarios-na-limpeza-de-terrenos-termina-esta-terca-feira\/#breadcrumb"},"inLanguage":"pt-PT","potentialAction":[{"@type":"ReadAction","target":["https:\/\/www.altominho.tv\/site\/2020\/06\/30\/prazo-para-municipios-substituirem-proprietarios-na-limpeza-de-terrenos-termina-esta-terca-feira\/"]}]},{"@type":"ImageObject","inLanguage":"pt-PT","@id":"https:\/\/www.altominho.tv\/site\/2020\/06\/30\/prazo-para-municipios-substituirem-proprietarios-na-limpeza-de-terrenos-termina-esta-terca-feira\/#primaryimage","url":"https:\/\/www.altominho.tv\/site\/wp-content\/uploads\/2020\/06\/limpeza.jpeg","contentUrl":"https:\/\/www.altominho.tv\/site\/wp-content\/uploads\/2020\/06\/limpeza.jpeg","width":740,"height":406},{"@type":"BreadcrumbList","@id":"https:\/\/www.altominho.tv\/site\/2020\/06\/30\/prazo-para-municipios-substituirem-proprietarios-na-limpeza-de-terrenos-termina-esta-terca-feira\/#breadcrumb","itemListElement":[{"@type":"ListItem","position":1,"name":"In\u00edcio","item":"https:\/\/www.altominho.tv\/site\/"},{"@type":"ListItem","position":2,"name":"Prazo para munic\u00edpios substitu\u00edrem propriet\u00e1rios na limpeza de terrenos termina esta ter\u00e7a-feira"}]},{"@type":"WebSite","@id":"https:\/\/www.altominho.tv\/site\/#website","url":"https:\/\/www.altominho.tv\/site\/","name":"Altominho.tv","description":"A sua regi\u00e3o \u00e0 dist\u00e2ncia de um clique...","potentialAction":[{"@type":"SearchAction","target":{"@type":"EntryPoint","urlTemplate":"https:\/\/www.altominho.tv\/site\/?s={search_term_string}"},"query-input":{"@type":"PropertyValueSpecification","valueRequired":true,"valueName":"search_term_string"}}],"inLanguage":"pt-PT"},{"@type":"Person","@id":"https:\/\/www.altominho.tv\/site\/#\/schema\/person\/63f693da3e1899361cbe955c46f3232e","name":"Lusa","image":{"@type":"ImageObject","inLanguage":"pt-PT","@id":"https:\/\/www.altominho.tv\/site\/wp-content\/uploads\/2019\/08\/LUSA_Logo.gif","url":"https:\/\/www.altominho.tv\/site\/wp-content\/uploads\/2019\/08\/LUSA_Logo.gif","contentUrl":"https:\/\/www.altominho.tv\/site\/wp-content\/uploads\/2019\/08\/LUSA_Logo.gif","caption":"Lusa"},"sameAs":["http:\/\/\/\/www.altominho.tv\/site"],"url":"https:\/\/www.altominho.tv\/site\/author\/lusa\/"}]}},"_links":{"self":[{"href":"https:\/\/www.altominho.tv\/site\/wp-json\/wp\/v2\/posts\/48525","targetHints":{"allow":["GET"]}}],"collection":[{"href":"https:\/\/www.altominho.tv\/site\/wp-json\/wp\/v2\/posts"}],"about":[{"href":"https:\/\/www.altominho.tv\/site\/wp-json\/wp\/v2\/types\/post"}],"author":[{"embeddable":true,"href":"https:\/\/www.altominho.tv\/site\/wp-json\/wp\/v2\/users\/13"}],"replies":[{"embeddable":true,"href":"https:\/\/www.altominho.tv\/site\/wp-json\/wp\/v2\/comments?post=48525"}],"version-history":[{"count":0,"href":"https:\/\/www.altominho.tv\/site\/wp-json\/wp\/v2\/posts\/48525\/revisions"}],"wp:featuredmedia":[{"embeddable":true,"href":"https:\/\/www.altominho.tv\/site\/wp-json\/wp\/v2\/media\/48526"}],"wp:attachment":[{"href":"https:\/\/www.altominho.tv\/site\/wp-json\/wp\/v2\/media?parent=48525"}],"wp:term":[{"taxonomy":"category","embeddable":true,"href":"https:\/\/www.altominho.tv\/site\/wp-json\/wp\/v2\/categories?post=48525"},{"taxonomy":"post_tag","embeddable":true,"href":"https:\/\/www.altominho.tv\/site\/wp-json\/wp\/v2\/tags?post=48525"}],"curies":[{"name":"wp","href":"https:\/\/api.w.org\/{rel}","templated":true}]}}