{"id":48520,"date":"2020-06-30T15:02:21","date_gmt":"2020-06-30T14:02:21","guid":{"rendered":"http:\/\/www.altominho.tv\/site\/?p=48520"},"modified":"2020-06-30T15:02:24","modified_gmt":"2020-06-30T14:02:24","slug":"gnr-detem-dois-homens-por-trafico-de-estupefacientes-e-posse-de-armas-proibidas","status":"publish","type":"post","link":"https:\/\/www.altominho.tv\/site\/2020\/06\/30\/gnr-detem-dois-homens-por-trafico-de-estupefacientes-e-posse-de-armas-proibidas\/","title":{"rendered":"GNR det\u00e9m dois homens por tr\u00e1fico de estupefacientes e posse de armas proibidas"},"content":{"rendered":"<p>A GNR deteve, nos concelhos de Valen\u00e7a e Vila Nova de Cerveira, dois homens de 35 e 43 anos, por tr\u00e1fico de estupefacientes e posse de armas proibidas.<\/p>\n<p>Em comunicado, o Comando Territorial da GNR de Viana do Castelo adianta que a deten\u00e7\u00e3o ocorreu na segunda-feira, no \u00e2mbito de uma investiga\u00e7\u00e3o por furto em interior de resid\u00eancia, que decorria h\u00e1 dois meses.<\/p>\n<p>Segundo a GNR, foi dado cumprimento a tr\u00eas mandados de busca domicili\u00e1ria e tr\u00eas em viaturas, que permitiram apreender e recuperar 1294 doses de liamba, uma ca\u00e7adeira transformada, 92 muni\u00e7\u00f5es, uma arma branca e um esquentador.<\/p>\n<p>Os detidos, um deles com antecedentes criminais relacionados com o tr\u00e1fico de estupefacientes e furto, foram constitu\u00eddos arguidos e os factos remetidos ao Tribunal Judicial de Valen\u00e7a.<\/p>\n","protected":false},"excerpt":{"rendered":"<p>A GNR deteve, nos concelhos de Valen\u00e7a e Vila Nova de Cerveira, dois homens de 35 e 43 anos, por tr\u00e1fico de estupefacientes e posse de armas proibidas. Em comunicado, o Comando Territorial da GNR de Viana do Castelo adianta que a deten\u00e7\u00e3o ocorreu na segunda-feira, no \u00e2mbito de uma investiga\u00e7\u00e3o por furto em interior [&hellip;]<\/p>\n","protected":false},"author":12,"featured_media":48521,"comment_status":"closed","ping_status":"closed","sticky":false,"template":"","format":"standard","meta":{"_exactmetrics_skip_tracking":false,"_exactmetrics_sitenote_active":false,"_exactmetrics_sitenote_note":"","_exactmetrics_sitenote_category":0,"footnotes":""},"categories":[73],"tags":[27],"class_list":["post-48520","post","type-post","status-publish","format-standard","has-post-thumbnail","hentry","category-alto-minho","tag-sociedade"],"yoast_head":"<!-- This site is optimized with the Yoast SEO Premium plugin v27.4 (Yoast SEO v27.4) - https:\/\/yoast.com\/product\/yoast-seo-premium-wordpress\/ -->\n<title>GNR det\u00e9m dois homens por tr\u00e1fico de estupefacientes e posse de armas proibidas<\/title>\n<meta name=\"robots\" content=\"index, follow, max-snippet:-1, max-image-preview:large, max-video-preview:-1\" \/>\n<link rel=\"canonical\" href=\"https:\/\/www.altominho.tv\/site\/2020\/06\/30\/gnr-detem-dois-homens-por-trafico-de-estupefacientes-e-posse-de-armas-proibidas\/\" \/>\n<meta property=\"og:locale\" content=\"pt_PT\" \/>\n<meta property=\"og:type\" content=\"article\" \/>\n<meta property=\"og:title\" content=\"GNR det\u00e9m dois homens por tr\u00e1fico de estupefacientes e posse de armas proibidas\" \/>\n<meta property=\"og:description\" content=\"A GNR deteve, nos concelhos de Valen\u00e7a e Vila Nova de Cerveira, dois homens de 35 e 43 anos, por tr\u00e1fico de estupefacientes e posse de armas proibidas. Em comunicado, o Comando Territorial da GNR de Viana do Castelo adianta que a deten\u00e7\u00e3o ocorreu na segunda-feira, no \u00e2mbito de uma investiga\u00e7\u00e3o por furto em interior [&hellip;]\" \/>\n<meta property=\"og:url\" content=\"https:\/\/www.altominho.tv\/site\/2020\/06\/30\/gnr-detem-dois-homens-por-trafico-de-estupefacientes-e-posse-de-armas-proibidas\/\" \/>\n<meta property=\"og:site_name\" content=\"Altominho.tv\" \/>\n<meta property=\"article:publisher\" content=\"https:\/\/www.facebook.com\/altominhotv\" \/>\n<meta property=\"article:published_time\" content=\"2020-06-30T14:02:21+00:00\" \/>\n<meta property=\"article:modified_time\" content=\"2020-06-30T14:02:24+00:00\" \/>\n<meta property=\"og:image\" content=\"https:\/\/www.altominho.tv\/site\/wp-content\/uploads\/2020\/06\/GNR-Viana-do-Castelo-Apreensa\u0303o-1-1-e1593525710397.jpg\" \/>\n\t<meta property=\"og:image:width\" content=\"1500\" \/>\n\t<meta property=\"og:image:height\" content=\"907\" \/>\n\t<meta property=\"og:image:type\" content=\"image\/jpeg\" \/>\n<meta name=\"author\" content=\"Andreia Ferreira\" \/>\n<meta name=\"twitter:card\" content=\"summary_large_image\" \/>\n<meta name=\"twitter:creator\" content=\"@altominhoTV\" \/>\n<meta name=\"twitter:site\" content=\"@altominhoTV\" \/>\n<meta name=\"twitter:label1\" content=\"Escrito por\" \/>\n\t<meta name=\"twitter:data1\" content=\"Andreia Ferreira\" \/>\n\t<meta name=\"twitter:label2\" content=\"Tempo estimado de leitura\" \/>\n\t<meta name=\"twitter:data2\" content=\"1 minuto\" \/>\n<script type=\"application\/ld+json\" class=\"yoast-schema-graph\">{\"@context\":\"https:\\\/\\\/schema.org\",\"@graph\":[{\"@type\":\"Article\",\"@id\":\"https:\\\/\\\/www.altominho.tv\\\/site\\\/2020\\\/06\\\/30\\\/gnr-detem-dois-homens-por-trafico-de-estupefacientes-e-posse-de-armas-proibidas\\\/#article\",\"isPartOf\":{\"@id\":\"https:\\\/\\\/www.altominho.tv\\\/site\\\/2020\\\/06\\\/30\\\/gnr-detem-dois-homens-por-trafico-de-estupefacientes-e-posse-de-armas-proibidas\\\/\"},\"author\":{\"name\":\"Andreia Ferreira\",\"@id\":\"https:\\\/\\\/www.altominho.tv\\\/site\\\/#\\\/schema\\\/person\\\/d9be4265364723f14ea8e0d56a1d38cd\"},\"headline\":\"GNR det\u00e9m dois homens por tr\u00e1fico de estupefacientes e posse de armas proibidas\",\"datePublished\":\"2020-06-30T14:02:21+00:00\",\"dateModified\":\"2020-06-30T14:02:24+00:00\",\"mainEntityOfPage\":{\"@id\":\"https:\\\/\\\/www.altominho.tv\\\/site\\\/2020\\\/06\\\/30\\\/gnr-detem-dois-homens-por-trafico-de-estupefacientes-e-posse-de-armas-proibidas\\\/\"},\"wordCount\":149,\"image\":{\"@id\":\"https:\\\/\\\/www.altominho.tv\\\/site\\\/2020\\\/06\\\/30\\\/gnr-detem-dois-homens-por-trafico-de-estupefacientes-e-posse-de-armas-proibidas\\\/#primaryimage\"},\"thumbnailUrl\":\"https:\\\/\\\/www.altominho.tv\\\/site\\\/wp-content\\\/uploads\\\/2020\\\/06\\\/GNR-Viana-do-Castelo-Apreensa\u0303o-1-1-e1593525710397.jpg\",\"keywords\":[\"Sociedade\"],\"articleSection\":[\"Alto Minho\"],\"inLanguage\":\"pt-PT\",\"copyrightYear\":\"2020\",\"copyrightHolder\":{\"@id\":\"https:\\\/\\\/www.altominho.tv\\\/site\\\/#organization\"}},{\"@type\":\"WebPage\",\"@id\":\"https:\\\/\\\/www.altominho.tv\\\/site\\\/2020\\\/06\\\/30\\\/gnr-detem-dois-homens-por-trafico-de-estupefacientes-e-posse-de-armas-proibidas\\\/\",\"url\":\"https:\\\/\\\/www.altominho.tv\\\/site\\\/2020\\\/06\\\/30\\\/gnr-detem-dois-homens-por-trafico-de-estupefacientes-e-posse-de-armas-proibidas\\\/\",\"name\":\"GNR det\u00e9m dois homens por tr\u00e1fico de estupefacientes e posse de armas proibidas\",\"isPartOf\":{\"@id\":\"https:\\\/\\\/www.altominho.tv\\\/site\\\/#website\"},\"primaryImageOfPage\":{\"@id\":\"https:\\\/\\\/www.altominho.tv\\\/site\\\/2020\\\/06\\\/30\\\/gnr-detem-dois-homens-por-trafico-de-estupefacientes-e-posse-de-armas-proibidas\\\/#primaryimage\"},\"image\":{\"@id\":\"https:\\\/\\\/www.altominho.tv\\\/site\\\/2020\\\/06\\\/30\\\/gnr-detem-dois-homens-por-trafico-de-estupefacientes-e-posse-de-armas-proibidas\\\/#primaryimage\"},\"thumbnailUrl\":\"https:\\\/\\\/www.altominho.tv\\\/site\\\/wp-content\\\/uploads\\\/2020\\\/06\\\/GNR-Viana-do-Castelo-Apreensa\u0303o-1-1-e1593525710397.jpg\",\"datePublished\":\"2020-06-30T14:02:21+00:00\",\"dateModified\":\"2020-06-30T14:02:24+00:00\",\"author\":{\"@id\":\"https:\\\/\\\/www.altominho.tv\\\/site\\\/#\\\/schema\\\/person\\\/d9be4265364723f14ea8e0d56a1d38cd\"},\"breadcrumb\":{\"@id\":\"https:\\\/\\\/www.altominho.tv\\\/site\\\/2020\\\/06\\\/30\\\/gnr-detem-dois-homens-por-trafico-de-estupefacientes-e-posse-de-armas-proibidas\\\/#breadcrumb\"},\"inLanguage\":\"pt-PT\",\"potentialAction\":[{\"@type\":\"ReadAction\",\"target\":[\"https:\\\/\\\/www.altominho.tv\\\/site\\\/2020\\\/06\\\/30\\\/gnr-detem-dois-homens-por-trafico-de-estupefacientes-e-posse-de-armas-proibidas\\\/\"]}]},{\"@type\":\"ImageObject\",\"inLanguage\":\"pt-PT\",\"@id\":\"https:\\\/\\\/www.altominho.tv\\\/site\\\/2020\\\/06\\\/30\\\/gnr-detem-dois-homens-por-trafico-de-estupefacientes-e-posse-de-armas-proibidas\\\/#primaryimage\",\"url\":\"https:\\\/\\\/www.altominho.tv\\\/site\\\/wp-content\\\/uploads\\\/2020\\\/06\\\/GNR-Viana-do-Castelo-Apreensa\u0303o-1-1-e1593525710397.jpg\",\"contentUrl\":\"https:\\\/\\\/www.altominho.tv\\\/site\\\/wp-content\\\/uploads\\\/2020\\\/06\\\/GNR-Viana-do-Castelo-Apreensa\u0303o-1-1-e1593525710397.jpg\",\"width\":1500,\"height\":907,\"caption\":\"GNR\"},{\"@type\":\"BreadcrumbList\",\"@id\":\"https:\\\/\\\/www.altominho.tv\\\/site\\\/2020\\\/06\\\/30\\\/gnr-detem-dois-homens-por-trafico-de-estupefacientes-e-posse-de-armas-proibidas\\\/#breadcrumb\",\"itemListElement\":[{\"@type\":\"ListItem\",\"position\":1,\"name\":\"In\u00edcio\",\"item\":\"https:\\\/\\\/www.altominho.tv\\\/site\\\/\"},{\"@type\":\"ListItem\",\"position\":2,\"name\":\"GNR det\u00e9m dois homens por tr\u00e1fico de estupefacientes e posse de armas proibidas\"}]},{\"@type\":\"WebSite\",\"@id\":\"https:\\\/\\\/www.altominho.tv\\\/site\\\/#website\",\"url\":\"https:\\\/\\\/www.altominho.tv\\\/site\\\/\",\"name\":\"Altominho.tv\",\"description\":\"A sua regi\u00e3o \u00e0 dist\u00e2ncia de um clique...\",\"potentialAction\":[{\"@type\":\"SearchAction\",\"target\":{\"@type\":\"EntryPoint\",\"urlTemplate\":\"https:\\\/\\\/www.altominho.tv\\\/site\\\/?s={search_term_string}\"},\"query-input\":{\"@type\":\"PropertyValueSpecification\",\"valueRequired\":true,\"valueName\":\"search_term_string\"}}],\"inLanguage\":\"pt-PT\"},{\"@type\":\"Person\",\"@id\":\"https:\\\/\\\/www.altominho.tv\\\/site\\\/#\\\/schema\\\/person\\\/d9be4265364723f14ea8e0d56a1d38cd\",\"name\":\"Andreia Ferreira\",\"image\":{\"@type\":\"ImageObject\",\"inLanguage\":\"pt-PT\",\"@id\":\"https:\\\/\\\/www.altominho.tv\\\/site\\\/wp-content\\\/uploads\\\/2021\\\/01\\\/AndreiaFerreira-150x150.jpg\",\"url\":\"https:\\\/\\\/www.altominho.tv\\\/site\\\/wp-content\\\/uploads\\\/2021\\\/01\\\/AndreiaFerreira-150x150.jpg\",\"contentUrl\":\"https:\\\/\\\/www.altominho.tv\\\/site\\\/wp-content\\\/uploads\\\/2021\\\/01\\\/AndreiaFerreira-150x150.jpg\",\"caption\":\"Andreia Ferreira\"},\"url\":\"https:\\\/\\\/www.altominho.tv\\\/site\\\/author\\\/andreiaferreira\\\/\"}]}<\/script>\n<!-- \/ Yoast SEO Premium plugin. -->","yoast_head_json":{"title":"GNR det\u00e9m dois homens por tr\u00e1fico de estupefacientes e posse de armas proibidas","robots":{"index":"index","follow":"follow","max-snippet":"max-snippet:-1","max-image-preview":"max-image-preview:large","max-video-preview":"max-video-preview:-1"},"canonical":"https:\/\/www.altominho.tv\/site\/2020\/06\/30\/gnr-detem-dois-homens-por-trafico-de-estupefacientes-e-posse-de-armas-proibidas\/","og_locale":"pt_PT","og_type":"article","og_title":"GNR det\u00e9m dois homens por tr\u00e1fico de estupefacientes e posse de armas proibidas","og_description":"A GNR deteve, nos concelhos de Valen\u00e7a e Vila Nova de Cerveira, dois homens de 35 e 43 anos, por tr\u00e1fico de estupefacientes e posse de armas proibidas. Em comunicado, o Comando Territorial da GNR de Viana do Castelo adianta que a deten\u00e7\u00e3o ocorreu na segunda-feira, no \u00e2mbito de uma investiga\u00e7\u00e3o por furto em interior [&hellip;]","og_url":"https:\/\/www.altominho.tv\/site\/2020\/06\/30\/gnr-detem-dois-homens-por-trafico-de-estupefacientes-e-posse-de-armas-proibidas\/","og_site_name":"Altominho.tv","article_publisher":"https:\/\/www.facebook.com\/altominhotv","article_published_time":"2020-06-30T14:02:21+00:00","article_modified_time":"2020-06-30T14:02:24+00:00","og_image":[{"width":1500,"height":907,"url":"https:\/\/www.altominho.tv\/site\/wp-content\/uploads\/2020\/06\/GNR-Viana-do-Castelo-Apreensa\u0303o-1-1-e1593525710397.jpg","type":"image\/jpeg"}],"author":"Andreia Ferreira","twitter_card":"summary_large_image","twitter_creator":"@altominhoTV","twitter_site":"@altominhoTV","twitter_misc":{"Escrito por":"Andreia Ferreira","Tempo estimado de leitura":"1 minuto"},"schema":{"@context":"https:\/\/schema.org","@graph":[{"@type":"Article","@id":"https:\/\/www.altominho.tv\/site\/2020\/06\/30\/gnr-detem-dois-homens-por-trafico-de-estupefacientes-e-posse-de-armas-proibidas\/#article","isPartOf":{"@id":"https:\/\/www.altominho.tv\/site\/2020\/06\/30\/gnr-detem-dois-homens-por-trafico-de-estupefacientes-e-posse-de-armas-proibidas\/"},"author":{"name":"Andreia Ferreira","@id":"https:\/\/www.altominho.tv\/site\/#\/schema\/person\/d9be4265364723f14ea8e0d56a1d38cd"},"headline":"GNR det\u00e9m dois homens por tr\u00e1fico de estupefacientes e posse de armas proibidas","datePublished":"2020-06-30T14:02:21+00:00","dateModified":"2020-06-30T14:02:24+00:00","mainEntityOfPage":{"@id":"https:\/\/www.altominho.tv\/site\/2020\/06\/30\/gnr-detem-dois-homens-por-trafico-de-estupefacientes-e-posse-de-armas-proibidas\/"},"wordCount":149,"image":{"@id":"https:\/\/www.altominho.tv\/site\/2020\/06\/30\/gnr-detem-dois-homens-por-trafico-de-estupefacientes-e-posse-de-armas-proibidas\/#primaryimage"},"thumbnailUrl":"https:\/\/www.altominho.tv\/site\/wp-content\/uploads\/2020\/06\/GNR-Viana-do-Castelo-Apreensa\u0303o-1-1-e1593525710397.jpg","keywords":["Sociedade"],"articleSection":["Alto Minho"],"inLanguage":"pt-PT","copyrightYear":"2020","copyrightHolder":{"@id":"https:\/\/www.altominho.tv\/site\/#organization"}},{"@type":"WebPage","@id":"https:\/\/www.altominho.tv\/site\/2020\/06\/30\/gnr-detem-dois-homens-por-trafico-de-estupefacientes-e-posse-de-armas-proibidas\/","url":"https:\/\/www.altominho.tv\/site\/2020\/06\/30\/gnr-detem-dois-homens-por-trafico-de-estupefacientes-e-posse-de-armas-proibidas\/","name":"GNR det\u00e9m dois homens por tr\u00e1fico de estupefacientes e posse de armas proibidas","isPartOf":{"@id":"https:\/\/www.altominho.tv\/site\/#website"},"primaryImageOfPage":{"@id":"https:\/\/www.altominho.tv\/site\/2020\/06\/30\/gnr-detem-dois-homens-por-trafico-de-estupefacientes-e-posse-de-armas-proibidas\/#primaryimage"},"image":{"@id":"https:\/\/www.altominho.tv\/site\/2020\/06\/30\/gnr-detem-dois-homens-por-trafico-de-estupefacientes-e-posse-de-armas-proibidas\/#primaryimage"},"thumbnailUrl":"https:\/\/www.altominho.tv\/site\/wp-content\/uploads\/2020\/06\/GNR-Viana-do-Castelo-Apreensa\u0303o-1-1-e1593525710397.jpg","datePublished":"2020-06-30T14:02:21+00:00","dateModified":"2020-06-30T14:02:24+00:00","author":{"@id":"https:\/\/www.altominho.tv\/site\/#\/schema\/person\/d9be4265364723f14ea8e0d56a1d38cd"},"breadcrumb":{"@id":"https:\/\/www.altominho.tv\/site\/2020\/06\/30\/gnr-detem-dois-homens-por-trafico-de-estupefacientes-e-posse-de-armas-proibidas\/#breadcrumb"},"inLanguage":"pt-PT","potentialAction":[{"@type":"ReadAction","target":["https:\/\/www.altominho.tv\/site\/2020\/06\/30\/gnr-detem-dois-homens-por-trafico-de-estupefacientes-e-posse-de-armas-proibidas\/"]}]},{"@type":"ImageObject","inLanguage":"pt-PT","@id":"https:\/\/www.altominho.tv\/site\/2020\/06\/30\/gnr-detem-dois-homens-por-trafico-de-estupefacientes-e-posse-de-armas-proibidas\/#primaryimage","url":"https:\/\/www.altominho.tv\/site\/wp-content\/uploads\/2020\/06\/GNR-Viana-do-Castelo-Apreensa\u0303o-1-1-e1593525710397.jpg","contentUrl":"https:\/\/www.altominho.tv\/site\/wp-content\/uploads\/2020\/06\/GNR-Viana-do-Castelo-Apreensa\u0303o-1-1-e1593525710397.jpg","width":1500,"height":907,"caption":"GNR"},{"@type":"BreadcrumbList","@id":"https:\/\/www.altominho.tv\/site\/2020\/06\/30\/gnr-detem-dois-homens-por-trafico-de-estupefacientes-e-posse-de-armas-proibidas\/#breadcrumb","itemListElement":[{"@type":"ListItem","position":1,"name":"In\u00edcio","item":"https:\/\/www.altominho.tv\/site\/"},{"@type":"ListItem","position":2,"name":"GNR det\u00e9m dois homens por tr\u00e1fico de estupefacientes e posse de armas proibidas"}]},{"@type":"WebSite","@id":"https:\/\/www.altominho.tv\/site\/#website","url":"https:\/\/www.altominho.tv\/site\/","name":"Altominho.tv","description":"A sua regi\u00e3o \u00e0 dist\u00e2ncia de um clique...","potentialAction":[{"@type":"SearchAction","target":{"@type":"EntryPoint","urlTemplate":"https:\/\/www.altominho.tv\/site\/?s={search_term_string}"},"query-input":{"@type":"PropertyValueSpecification","valueRequired":true,"valueName":"search_term_string"}}],"inLanguage":"pt-PT"},{"@type":"Person","@id":"https:\/\/www.altominho.tv\/site\/#\/schema\/person\/d9be4265364723f14ea8e0d56a1d38cd","name":"Andreia Ferreira","image":{"@type":"ImageObject","inLanguage":"pt-PT","@id":"https:\/\/www.altominho.tv\/site\/wp-content\/uploads\/2021\/01\/AndreiaFerreira-150x150.jpg","url":"https:\/\/www.altominho.tv\/site\/wp-content\/uploads\/2021\/01\/AndreiaFerreira-150x150.jpg","contentUrl":"https:\/\/www.altominho.tv\/site\/wp-content\/uploads\/2021\/01\/AndreiaFerreira-150x150.jpg","caption":"Andreia Ferreira"},"url":"https:\/\/www.altominho.tv\/site\/author\/andreiaferreira\/"}]}},"_links":{"self":[{"href":"https:\/\/www.altominho.tv\/site\/wp-json\/wp\/v2\/posts\/48520","targetHints":{"allow":["GET"]}}],"collection":[{"href":"https:\/\/www.altominho.tv\/site\/wp-json\/wp\/v2\/posts"}],"about":[{"href":"https:\/\/www.altominho.tv\/site\/wp-json\/wp\/v2\/types\/post"}],"author":[{"embeddable":true,"href":"https:\/\/www.altominho.tv\/site\/wp-json\/wp\/v2\/users\/12"}],"replies":[{"embeddable":true,"href":"https:\/\/www.altominho.tv\/site\/wp-json\/wp\/v2\/comments?post=48520"}],"version-history":[{"count":0,"href":"https:\/\/www.altominho.tv\/site\/wp-json\/wp\/v2\/posts\/48520\/revisions"}],"wp:featuredmedia":[{"embeddable":true,"href":"https:\/\/www.altominho.tv\/site\/wp-json\/wp\/v2\/media\/48521"}],"wp:attachment":[{"href":"https:\/\/www.altominho.tv\/site\/wp-json\/wp\/v2\/media?parent=48520"}],"wp:term":[{"taxonomy":"category","embeddable":true,"href":"https:\/\/www.altominho.tv\/site\/wp-json\/wp\/v2\/categories?post=48520"},{"taxonomy":"post_tag","embeddable":true,"href":"https:\/\/www.altominho.tv\/site\/wp-json\/wp\/v2\/tags?post=48520"}],"curies":[{"name":"wp","href":"https:\/\/api.w.org\/{rel}","templated":true}]}}