{"id":48482,"date":"2020-06-29T12:49:40","date_gmt":"2020-06-29T11:49:40","guid":{"rendered":"http:\/\/www.altominho.tv\/site\/?p=48482"},"modified":"2020-06-29T12:49:44","modified_gmt":"2020-06-29T11:49:44","slug":"excesso-de-velocidade-lidera-infracoes-de-transito-na-ultima-semana-nas-estradas-do-alto-minho","status":"publish","type":"post","link":"https:\/\/www.altominho.tv\/site\/2020\/06\/29\/excesso-de-velocidade-lidera-infracoes-de-transito-na-ultima-semana-nas-estradas-do-alto-minho\/","title":{"rendered":"Excesso de velocidade lidera infra\u00e7\u00f5es de tr\u00e2nsito na \u00faltima semana nas estradas do Alto Minho"},"content":{"rendered":"<p>A GNR detetou, na \u00faltima semana, no distrito de Viana do Castelo, 370 infra\u00e7\u00f5es de tr\u00e2nsito, 179 das quais por excesso de velocidade.<\/p>\n<p>Em comunicado, com o balan\u00e7o da atividade operacional da semana entre 22 e 28 de junho, o Comando Territorial da GNR de Viana do Castelo adiantou que o uso indevido do telem\u00f3vel no exerc\u00edcio da condu\u00e7\u00e3o (61) e a falta ou incorreta utiliza\u00e7\u00e3o do cinto de seguran\u00e7a e\/ou sistema de reten\u00e7\u00e3o para crian\u00e7as (13) s\u00e3o outras das principais infra\u00e7\u00f5es registadas.<\/p>\n<p>A for\u00e7a policial revelou ainda ter efetuado 12 deten\u00e7\u00f5es em flagrante delito. Na nota enviada \u00e0 imprensa, destacam-se quatro deten\u00e7\u00f5es por condu\u00e7\u00e3o sob efeito do \u00e1lcool, quatro por condu\u00e7\u00e3o sem habilita\u00e7\u00e3o legal e duas por tr\u00e1fico de estupefacientes.<\/p>\n<p><span style=\"font-size: inherit\">Naquele per\u00edodo, os militares apreenderam ainda <\/span>298 doses de liamba, uma arma branca, um telem\u00f3vel, uma balan\u00e7a de precis\u00e3o e 780 euros em numer\u00e1rio e f<span style=\"font-size: inherit\">oram registados 41 acidentes, dos quais resultaram d<\/span>ois feridos graves e 15 ligeiros.<\/p>\n","protected":false},"excerpt":{"rendered":"<p>A GNR detetou, na \u00faltima semana, no distrito de Viana do Castelo, 370 infra\u00e7\u00f5es de tr\u00e2nsito, 179 das quais por excesso de velocidade. Em comunicado, com o balan\u00e7o da atividade operacional da semana entre 22 e 28 de junho, o Comando Territorial da GNR de Viana do Castelo adiantou que o uso indevido do telem\u00f3vel [&hellip;]<\/p>\n","protected":false},"author":12,"featured_media":48483,"comment_status":"closed","ping_status":"closed","sticky":false,"template":"","format":"standard","meta":{"_exactmetrics_skip_tracking":false,"_exactmetrics_sitenote_active":false,"_exactmetrics_sitenote_note":"","_exactmetrics_sitenote_category":0,"footnotes":""},"categories":[73],"tags":[27],"class_list":["post-48482","post","type-post","status-publish","format-standard","has-post-thumbnail","hentry","category-alto-minho","tag-sociedade"],"yoast_head":"<!-- This site is optimized with the Yoast SEO Premium plugin v27.4 (Yoast SEO v27.4) - https:\/\/yoast.com\/product\/yoast-seo-premium-wordpress\/ -->\n<title>Excesso de velocidade lidera infra\u00e7\u00f5es de tr\u00e2nsito na \u00faltima semana nas estradas do Alto Minho<\/title>\n<meta name=\"robots\" content=\"index, follow, max-snippet:-1, max-image-preview:large, max-video-preview:-1\" \/>\n<link rel=\"canonical\" href=\"https:\/\/www.altominho.tv\/site\/2020\/06\/29\/excesso-de-velocidade-lidera-infracoes-de-transito-na-ultima-semana-nas-estradas-do-alto-minho\/\" \/>\n<meta property=\"og:locale\" content=\"pt_PT\" \/>\n<meta property=\"og:type\" content=\"article\" \/>\n<meta property=\"og:title\" content=\"Excesso de velocidade lidera infra\u00e7\u00f5es de tr\u00e2nsito na \u00faltima semana nas estradas do Alto Minho\" \/>\n<meta property=\"og:description\" content=\"A GNR detetou, na \u00faltima semana, no distrito de Viana do Castelo, 370 infra\u00e7\u00f5es de tr\u00e2nsito, 179 das quais por excesso de velocidade. Em comunicado, com o balan\u00e7o da atividade operacional da semana entre 22 e 28 de junho, o Comando Territorial da GNR de Viana do Castelo adiantou que o uso indevido do telem\u00f3vel [&hellip;]\" \/>\n<meta property=\"og:url\" content=\"https:\/\/www.altominho.tv\/site\/2020\/06\/29\/excesso-de-velocidade-lidera-infracoes-de-transito-na-ultima-semana-nas-estradas-do-alto-minho\/\" \/>\n<meta property=\"og:site_name\" content=\"Altominho.tv\" \/>\n<meta property=\"article:publisher\" content=\"https:\/\/www.facebook.com\/altominhotv\" \/>\n<meta property=\"article:published_time\" content=\"2020-06-29T11:49:40+00:00\" \/>\n<meta property=\"article:modified_time\" content=\"2020-06-29T11:49:44+00:00\" \/>\n<meta property=\"og:image\" content=\"https:\/\/www.altominho.tv\/site\/wp-content\/uploads\/2020\/06\/velocimetro.jpg\" \/>\n\t<meta property=\"og:image:width\" content=\"1000\" \/>\n\t<meta property=\"og:image:height\" content=\"563\" \/>\n\t<meta property=\"og:image:type\" content=\"image\/jpeg\" \/>\n<meta name=\"author\" content=\"Andreia Ferreira\" \/>\n<meta name=\"twitter:card\" content=\"summary_large_image\" \/>\n<meta name=\"twitter:creator\" content=\"@altominhoTV\" \/>\n<meta name=\"twitter:site\" content=\"@altominhoTV\" \/>\n<meta name=\"twitter:label1\" content=\"Escrito por\" \/>\n\t<meta name=\"twitter:data1\" content=\"Andreia Ferreira\" \/>\n\t<meta name=\"twitter:label2\" content=\"Tempo estimado de leitura\" \/>\n\t<meta name=\"twitter:data2\" content=\"1 minuto\" \/>\n<script type=\"application\/ld+json\" class=\"yoast-schema-graph\">{\"@context\":\"https:\\\/\\\/schema.org\",\"@graph\":[{\"@type\":\"Article\",\"@id\":\"https:\\\/\\\/www.altominho.tv\\\/site\\\/2020\\\/06\\\/29\\\/excesso-de-velocidade-lidera-infracoes-de-transito-na-ultima-semana-nas-estradas-do-alto-minho\\\/#article\",\"isPartOf\":{\"@id\":\"https:\\\/\\\/www.altominho.tv\\\/site\\\/2020\\\/06\\\/29\\\/excesso-de-velocidade-lidera-infracoes-de-transito-na-ultima-semana-nas-estradas-do-alto-minho\\\/\"},\"author\":{\"name\":\"Andreia Ferreira\",\"@id\":\"https:\\\/\\\/www.altominho.tv\\\/site\\\/#\\\/schema\\\/person\\\/d9be4265364723f14ea8e0d56a1d38cd\"},\"headline\":\"Excesso de velocidade lidera infra\u00e7\u00f5es de tr\u00e2nsito na \u00faltima semana nas estradas do Alto Minho\",\"datePublished\":\"2020-06-29T11:49:40+00:00\",\"dateModified\":\"2020-06-29T11:49:44+00:00\",\"mainEntityOfPage\":{\"@id\":\"https:\\\/\\\/www.altominho.tv\\\/site\\\/2020\\\/06\\\/29\\\/excesso-de-velocidade-lidera-infracoes-de-transito-na-ultima-semana-nas-estradas-do-alto-minho\\\/\"},\"wordCount\":189,\"image\":{\"@id\":\"https:\\\/\\\/www.altominho.tv\\\/site\\\/2020\\\/06\\\/29\\\/excesso-de-velocidade-lidera-infracoes-de-transito-na-ultima-semana-nas-estradas-do-alto-minho\\\/#primaryimage\"},\"thumbnailUrl\":\"https:\\\/\\\/www.altominho.tv\\\/site\\\/wp-content\\\/uploads\\\/2020\\\/06\\\/velocimetro.jpg\",\"keywords\":[\"Sociedade\"],\"articleSection\":[\"Alto Minho\"],\"inLanguage\":\"pt-PT\",\"copyrightYear\":\"2020\",\"copyrightHolder\":{\"@id\":\"https:\\\/\\\/www.altominho.tv\\\/site\\\/#organization\"}},{\"@type\":\"WebPage\",\"@id\":\"https:\\\/\\\/www.altominho.tv\\\/site\\\/2020\\\/06\\\/29\\\/excesso-de-velocidade-lidera-infracoes-de-transito-na-ultima-semana-nas-estradas-do-alto-minho\\\/\",\"url\":\"https:\\\/\\\/www.altominho.tv\\\/site\\\/2020\\\/06\\\/29\\\/excesso-de-velocidade-lidera-infracoes-de-transito-na-ultima-semana-nas-estradas-do-alto-minho\\\/\",\"name\":\"Excesso de velocidade lidera infra\u00e7\u00f5es de tr\u00e2nsito na \u00faltima semana nas estradas do Alto Minho\",\"isPartOf\":{\"@id\":\"https:\\\/\\\/www.altominho.tv\\\/site\\\/#website\"},\"primaryImageOfPage\":{\"@id\":\"https:\\\/\\\/www.altominho.tv\\\/site\\\/2020\\\/06\\\/29\\\/excesso-de-velocidade-lidera-infracoes-de-transito-na-ultima-semana-nas-estradas-do-alto-minho\\\/#primaryimage\"},\"image\":{\"@id\":\"https:\\\/\\\/www.altominho.tv\\\/site\\\/2020\\\/06\\\/29\\\/excesso-de-velocidade-lidera-infracoes-de-transito-na-ultima-semana-nas-estradas-do-alto-minho\\\/#primaryimage\"},\"thumbnailUrl\":\"https:\\\/\\\/www.altominho.tv\\\/site\\\/wp-content\\\/uploads\\\/2020\\\/06\\\/velocimetro.jpg\",\"datePublished\":\"2020-06-29T11:49:40+00:00\",\"dateModified\":\"2020-06-29T11:49:44+00:00\",\"author\":{\"@id\":\"https:\\\/\\\/www.altominho.tv\\\/site\\\/#\\\/schema\\\/person\\\/d9be4265364723f14ea8e0d56a1d38cd\"},\"breadcrumb\":{\"@id\":\"https:\\\/\\\/www.altominho.tv\\\/site\\\/2020\\\/06\\\/29\\\/excesso-de-velocidade-lidera-infracoes-de-transito-na-ultima-semana-nas-estradas-do-alto-minho\\\/#breadcrumb\"},\"inLanguage\":\"pt-PT\",\"potentialAction\":[{\"@type\":\"ReadAction\",\"target\":[\"https:\\\/\\\/www.altominho.tv\\\/site\\\/2020\\\/06\\\/29\\\/excesso-de-velocidade-lidera-infracoes-de-transito-na-ultima-semana-nas-estradas-do-alto-minho\\\/\"]}]},{\"@type\":\"ImageObject\",\"inLanguage\":\"pt-PT\",\"@id\":\"https:\\\/\\\/www.altominho.tv\\\/site\\\/2020\\\/06\\\/29\\\/excesso-de-velocidade-lidera-infracoes-de-transito-na-ultima-semana-nas-estradas-do-alto-minho\\\/#primaryimage\",\"url\":\"https:\\\/\\\/www.altominho.tv\\\/site\\\/wp-content\\\/uploads\\\/2020\\\/06\\\/velocimetro.jpg\",\"contentUrl\":\"https:\\\/\\\/www.altominho.tv\\\/site\\\/wp-content\\\/uploads\\\/2020\\\/06\\\/velocimetro.jpg\",\"width\":1000,\"height\":563},{\"@type\":\"BreadcrumbList\",\"@id\":\"https:\\\/\\\/www.altominho.tv\\\/site\\\/2020\\\/06\\\/29\\\/excesso-de-velocidade-lidera-infracoes-de-transito-na-ultima-semana-nas-estradas-do-alto-minho\\\/#breadcrumb\",\"itemListElement\":[{\"@type\":\"ListItem\",\"position\":1,\"name\":\"In\u00edcio\",\"item\":\"https:\\\/\\\/www.altominho.tv\\\/site\\\/\"},{\"@type\":\"ListItem\",\"position\":2,\"name\":\"Excesso de velocidade lidera infra\u00e7\u00f5es de tr\u00e2nsito na \u00faltima semana nas estradas do Alto Minho\"}]},{\"@type\":\"WebSite\",\"@id\":\"https:\\\/\\\/www.altominho.tv\\\/site\\\/#website\",\"url\":\"https:\\\/\\\/www.altominho.tv\\\/site\\\/\",\"name\":\"Altominho.tv\",\"description\":\"A sua regi\u00e3o \u00e0 dist\u00e2ncia de um clique...\",\"potentialAction\":[{\"@type\":\"SearchAction\",\"target\":{\"@type\":\"EntryPoint\",\"urlTemplate\":\"https:\\\/\\\/www.altominho.tv\\\/site\\\/?s={search_term_string}\"},\"query-input\":{\"@type\":\"PropertyValueSpecification\",\"valueRequired\":true,\"valueName\":\"search_term_string\"}}],\"inLanguage\":\"pt-PT\"},{\"@type\":\"Person\",\"@id\":\"https:\\\/\\\/www.altominho.tv\\\/site\\\/#\\\/schema\\\/person\\\/d9be4265364723f14ea8e0d56a1d38cd\",\"name\":\"Andreia Ferreira\",\"image\":{\"@type\":\"ImageObject\",\"inLanguage\":\"pt-PT\",\"@id\":\"https:\\\/\\\/www.altominho.tv\\\/site\\\/wp-content\\\/uploads\\\/2021\\\/01\\\/AndreiaFerreira-150x150.jpg\",\"url\":\"https:\\\/\\\/www.altominho.tv\\\/site\\\/wp-content\\\/uploads\\\/2021\\\/01\\\/AndreiaFerreira-150x150.jpg\",\"contentUrl\":\"https:\\\/\\\/www.altominho.tv\\\/site\\\/wp-content\\\/uploads\\\/2021\\\/01\\\/AndreiaFerreira-150x150.jpg\",\"caption\":\"Andreia Ferreira\"},\"url\":\"https:\\\/\\\/www.altominho.tv\\\/site\\\/author\\\/andreiaferreira\\\/\"}]}<\/script>\n<!-- \/ Yoast SEO Premium plugin. -->","yoast_head_json":{"title":"Excesso de velocidade lidera infra\u00e7\u00f5es de tr\u00e2nsito na \u00faltima semana nas estradas do Alto Minho","robots":{"index":"index","follow":"follow","max-snippet":"max-snippet:-1","max-image-preview":"max-image-preview:large","max-video-preview":"max-video-preview:-1"},"canonical":"https:\/\/www.altominho.tv\/site\/2020\/06\/29\/excesso-de-velocidade-lidera-infracoes-de-transito-na-ultima-semana-nas-estradas-do-alto-minho\/","og_locale":"pt_PT","og_type":"article","og_title":"Excesso de velocidade lidera infra\u00e7\u00f5es de tr\u00e2nsito na \u00faltima semana nas estradas do Alto Minho","og_description":"A GNR detetou, na \u00faltima semana, no distrito de Viana do Castelo, 370 infra\u00e7\u00f5es de tr\u00e2nsito, 179 das quais por excesso de velocidade. Em comunicado, com o balan\u00e7o da atividade operacional da semana entre 22 e 28 de junho, o Comando Territorial da GNR de Viana do Castelo adiantou que o uso indevido do telem\u00f3vel [&hellip;]","og_url":"https:\/\/www.altominho.tv\/site\/2020\/06\/29\/excesso-de-velocidade-lidera-infracoes-de-transito-na-ultima-semana-nas-estradas-do-alto-minho\/","og_site_name":"Altominho.tv","article_publisher":"https:\/\/www.facebook.com\/altominhotv","article_published_time":"2020-06-29T11:49:40+00:00","article_modified_time":"2020-06-29T11:49:44+00:00","og_image":[{"width":1000,"height":563,"url":"https:\/\/www.altominho.tv\/site\/wp-content\/uploads\/2020\/06\/velocimetro.jpg","type":"image\/jpeg"}],"author":"Andreia Ferreira","twitter_card":"summary_large_image","twitter_creator":"@altominhoTV","twitter_site":"@altominhoTV","twitter_misc":{"Escrito por":"Andreia Ferreira","Tempo estimado de leitura":"1 minuto"},"schema":{"@context":"https:\/\/schema.org","@graph":[{"@type":"Article","@id":"https:\/\/www.altominho.tv\/site\/2020\/06\/29\/excesso-de-velocidade-lidera-infracoes-de-transito-na-ultima-semana-nas-estradas-do-alto-minho\/#article","isPartOf":{"@id":"https:\/\/www.altominho.tv\/site\/2020\/06\/29\/excesso-de-velocidade-lidera-infracoes-de-transito-na-ultima-semana-nas-estradas-do-alto-minho\/"},"author":{"name":"Andreia Ferreira","@id":"https:\/\/www.altominho.tv\/site\/#\/schema\/person\/d9be4265364723f14ea8e0d56a1d38cd"},"headline":"Excesso de velocidade lidera infra\u00e7\u00f5es de tr\u00e2nsito na \u00faltima semana nas estradas do Alto Minho","datePublished":"2020-06-29T11:49:40+00:00","dateModified":"2020-06-29T11:49:44+00:00","mainEntityOfPage":{"@id":"https:\/\/www.altominho.tv\/site\/2020\/06\/29\/excesso-de-velocidade-lidera-infracoes-de-transito-na-ultima-semana-nas-estradas-do-alto-minho\/"},"wordCount":189,"image":{"@id":"https:\/\/www.altominho.tv\/site\/2020\/06\/29\/excesso-de-velocidade-lidera-infracoes-de-transito-na-ultima-semana-nas-estradas-do-alto-minho\/#primaryimage"},"thumbnailUrl":"https:\/\/www.altominho.tv\/site\/wp-content\/uploads\/2020\/06\/velocimetro.jpg","keywords":["Sociedade"],"articleSection":["Alto Minho"],"inLanguage":"pt-PT","copyrightYear":"2020","copyrightHolder":{"@id":"https:\/\/www.altominho.tv\/site\/#organization"}},{"@type":"WebPage","@id":"https:\/\/www.altominho.tv\/site\/2020\/06\/29\/excesso-de-velocidade-lidera-infracoes-de-transito-na-ultima-semana-nas-estradas-do-alto-minho\/","url":"https:\/\/www.altominho.tv\/site\/2020\/06\/29\/excesso-de-velocidade-lidera-infracoes-de-transito-na-ultima-semana-nas-estradas-do-alto-minho\/","name":"Excesso de velocidade lidera infra\u00e7\u00f5es de tr\u00e2nsito na \u00faltima semana nas estradas do Alto Minho","isPartOf":{"@id":"https:\/\/www.altominho.tv\/site\/#website"},"primaryImageOfPage":{"@id":"https:\/\/www.altominho.tv\/site\/2020\/06\/29\/excesso-de-velocidade-lidera-infracoes-de-transito-na-ultima-semana-nas-estradas-do-alto-minho\/#primaryimage"},"image":{"@id":"https:\/\/www.altominho.tv\/site\/2020\/06\/29\/excesso-de-velocidade-lidera-infracoes-de-transito-na-ultima-semana-nas-estradas-do-alto-minho\/#primaryimage"},"thumbnailUrl":"https:\/\/www.altominho.tv\/site\/wp-content\/uploads\/2020\/06\/velocimetro.jpg","datePublished":"2020-06-29T11:49:40+00:00","dateModified":"2020-06-29T11:49:44+00:00","author":{"@id":"https:\/\/www.altominho.tv\/site\/#\/schema\/person\/d9be4265364723f14ea8e0d56a1d38cd"},"breadcrumb":{"@id":"https:\/\/www.altominho.tv\/site\/2020\/06\/29\/excesso-de-velocidade-lidera-infracoes-de-transito-na-ultima-semana-nas-estradas-do-alto-minho\/#breadcrumb"},"inLanguage":"pt-PT","potentialAction":[{"@type":"ReadAction","target":["https:\/\/www.altominho.tv\/site\/2020\/06\/29\/excesso-de-velocidade-lidera-infracoes-de-transito-na-ultima-semana-nas-estradas-do-alto-minho\/"]}]},{"@type":"ImageObject","inLanguage":"pt-PT","@id":"https:\/\/www.altominho.tv\/site\/2020\/06\/29\/excesso-de-velocidade-lidera-infracoes-de-transito-na-ultima-semana-nas-estradas-do-alto-minho\/#primaryimage","url":"https:\/\/www.altominho.tv\/site\/wp-content\/uploads\/2020\/06\/velocimetro.jpg","contentUrl":"https:\/\/www.altominho.tv\/site\/wp-content\/uploads\/2020\/06\/velocimetro.jpg","width":1000,"height":563},{"@type":"BreadcrumbList","@id":"https:\/\/www.altominho.tv\/site\/2020\/06\/29\/excesso-de-velocidade-lidera-infracoes-de-transito-na-ultima-semana-nas-estradas-do-alto-minho\/#breadcrumb","itemListElement":[{"@type":"ListItem","position":1,"name":"In\u00edcio","item":"https:\/\/www.altominho.tv\/site\/"},{"@type":"ListItem","position":2,"name":"Excesso de velocidade lidera infra\u00e7\u00f5es de tr\u00e2nsito na \u00faltima semana nas estradas do Alto Minho"}]},{"@type":"WebSite","@id":"https:\/\/www.altominho.tv\/site\/#website","url":"https:\/\/www.altominho.tv\/site\/","name":"Altominho.tv","description":"A sua regi\u00e3o \u00e0 dist\u00e2ncia de um clique...","potentialAction":[{"@type":"SearchAction","target":{"@type":"EntryPoint","urlTemplate":"https:\/\/www.altominho.tv\/site\/?s={search_term_string}"},"query-input":{"@type":"PropertyValueSpecification","valueRequired":true,"valueName":"search_term_string"}}],"inLanguage":"pt-PT"},{"@type":"Person","@id":"https:\/\/www.altominho.tv\/site\/#\/schema\/person\/d9be4265364723f14ea8e0d56a1d38cd","name":"Andreia Ferreira","image":{"@type":"ImageObject","inLanguage":"pt-PT","@id":"https:\/\/www.altominho.tv\/site\/wp-content\/uploads\/2021\/01\/AndreiaFerreira-150x150.jpg","url":"https:\/\/www.altominho.tv\/site\/wp-content\/uploads\/2021\/01\/AndreiaFerreira-150x150.jpg","contentUrl":"https:\/\/www.altominho.tv\/site\/wp-content\/uploads\/2021\/01\/AndreiaFerreira-150x150.jpg","caption":"Andreia Ferreira"},"url":"https:\/\/www.altominho.tv\/site\/author\/andreiaferreira\/"}]}},"_links":{"self":[{"href":"https:\/\/www.altominho.tv\/site\/wp-json\/wp\/v2\/posts\/48482","targetHints":{"allow":["GET"]}}],"collection":[{"href":"https:\/\/www.altominho.tv\/site\/wp-json\/wp\/v2\/posts"}],"about":[{"href":"https:\/\/www.altominho.tv\/site\/wp-json\/wp\/v2\/types\/post"}],"author":[{"embeddable":true,"href":"https:\/\/www.altominho.tv\/site\/wp-json\/wp\/v2\/users\/12"}],"replies":[{"embeddable":true,"href":"https:\/\/www.altominho.tv\/site\/wp-json\/wp\/v2\/comments?post=48482"}],"version-history":[{"count":0,"href":"https:\/\/www.altominho.tv\/site\/wp-json\/wp\/v2\/posts\/48482\/revisions"}],"wp:featuredmedia":[{"embeddable":true,"href":"https:\/\/www.altominho.tv\/site\/wp-json\/wp\/v2\/media\/48483"}],"wp:attachment":[{"href":"https:\/\/www.altominho.tv\/site\/wp-json\/wp\/v2\/media?parent=48482"}],"wp:term":[{"taxonomy":"category","embeddable":true,"href":"https:\/\/www.altominho.tv\/site\/wp-json\/wp\/v2\/categories?post=48482"},{"taxonomy":"post_tag","embeddable":true,"href":"https:\/\/www.altominho.tv\/site\/wp-json\/wp\/v2\/tags?post=48482"}],"curies":[{"name":"wp","href":"https:\/\/api.w.org\/{rel}","templated":true}]}}