{"id":48458,"date":"2020-06-28T14:02:18","date_gmt":"2020-06-28T13:02:18","guid":{"rendered":"http:\/\/www.altominho.tv\/site\/?p=48458"},"modified":"2020-06-28T14:04:27","modified_gmt":"2020-06-28T13:04:27","slug":"cim-alto-minho-considera-inusitada-providencia-cautelar-contra-injecao-de-capital-na-tap","status":"publish","type":"post","link":"https:\/\/www.altominho.tv\/site\/2020\/06\/28\/cim-alto-minho-considera-inusitada-providencia-cautelar-contra-injecao-de-capital-na-tap\/","title":{"rendered":"CIM Alto Minho considera inusitada provid\u00eancia cautelar contra inje\u00e7\u00e3o de capital na TAP"},"content":{"rendered":"<p><strong>O presidente da Comunidade Intermunicipal do Alto Minho criticou no s\u00e1bado a Associa\u00e7\u00e3o Comercial do Porto por ter apresentado uma provid\u00eancia cautelar &#8220;intempestiva, inusitada&#8221; para travar a inje\u00e7\u00e3o de 1,2 mil milh\u00f5es de euros do Estado na TAP<\/strong>.<\/p>\n<p>Em comunicado enviado \u00e0s reda\u00e7\u00f5es, o tamb\u00e9m presidente da C\u00e2mara Municipal de Viana do Castelo, Jos\u00e9 Maria Costa, afirma que a provid\u00eancia cautelar interposta pela Associa\u00e7\u00e3o Comercial do Porto, no passado dia 20 no Supremo Tribunal Administrativo, &#8220;n\u00e3o defende o interesse da regi\u00e3o norte e muito menos da coes\u00e3o territorial nacional&#8221;.<\/p>\n<p>&#8220;<strong>Foi intempestiva, inusitada e n\u00e3o teve em conta os atores da regi\u00e3o norte e acima de tudo n\u00e3o ajuda a encontrar solu\u00e7\u00f5es<\/strong>&#8220;, afirma o autarca.<\/p>\n<p>A 20 de junho, o presidente da Associa\u00e7\u00e3o Comercial do Porto, Nuno Botelho, argumentava que &#8220;n\u00e3o pode haver inje\u00e7\u00e3o do Estado <a href=\"\/\/www.altominho.tv\/site\/2020\/05\/26\/autarcas-do-norte-acusam-tap-de-ignorar-a-regiao\/\">enquanto n\u00e3o for assegurado que a TAP serve o interesse nacional no seu todo e n\u00e3o apenas a regi\u00e3o de Lisboa<\/a>\u201d.<\/p>\n<p>No entanto, o Supremo Tribunal Administrativo autorizou na sexta-feira o Governo a avan\u00e7ar com a inje\u00e7\u00e3o de capital \u00e0 TAP, se demonstrar que o adiamento da ajuda &#8220;seria gravemente prejudicial para o interesse p\u00fablico&#8221;.<\/p>\n<p>O presidente da Comunidade Intermunicipal do Alto Minho considera que a posi\u00e7\u00e3o da Associa\u00e7\u00e3o Comercial do Porto &#8220;vem condicionar o futuro da empresa, vem atropelar a negocia\u00e7\u00e3o entre o Governo e os acionistas privados da TAP e vem condicionar o di\u00e1logo construtivo em curso dos atores regionais com a administra\u00e7\u00e3o&#8221; da transportadora a\u00e9rea.<\/p>\n<p>O Estado (atrav\u00e9s da Parp\u00fablica) j\u00e1 det\u00e9m 50% da TAP, resultado das negocia\u00e7\u00f5es do Governo de Ant\u00f3nio Costa com o cons\u00f3rcio Gateway (de Humberto Pedrosa e David Neeleman), que ficou com 45% do capital da transportadora, e os restantes 5% da empresa est\u00e3o nas m\u00e3os dos trabalhadores.<\/p>\n","protected":false},"excerpt":{"rendered":"<p>O presidente da Comunidade Intermunicipal do Alto Minho criticou no s\u00e1bado a Associa\u00e7\u00e3o Comercial do Porto por ter apresentado uma provid\u00eancia cautelar &#8220;intempestiva, inusitada&#8221; para travar a inje\u00e7\u00e3o de 1,2 mil milh\u00f5es de euros do Estado na TAP. Em comunicado enviado \u00e0s reda\u00e7\u00f5es, o tamb\u00e9m presidente da C\u00e2mara Municipal de Viana do Castelo, Jos\u00e9 Maria [&hellip;]<\/p>\n","protected":false},"author":13,"featured_media":48459,"comment_status":"closed","ping_status":"closed","sticky":false,"template":"","format":"standard","meta":{"_exactmetrics_skip_tracking":false,"_exactmetrics_sitenote_active":false,"_exactmetrics_sitenote_note":"","_exactmetrics_sitenote_category":0,"footnotes":""},"categories":[73],"tags":[21,27],"class_list":["post-48458","post","type-post","status-publish","format-standard","has-post-thumbnail","hentry","category-alto-minho","tag-economia","tag-sociedade"],"yoast_head":"<!-- This site is optimized with the Yoast SEO Premium plugin v27.4 (Yoast SEO v27.4) - https:\/\/yoast.com\/product\/yoast-seo-premium-wordpress\/ -->\n<title>CIM Alto Minho considera inusitada provid\u00eancia cautelar contra inje\u00e7\u00e3o de capital na TAP<\/title>\n<meta name=\"robots\" content=\"index, follow, max-snippet:-1, max-image-preview:large, max-video-preview:-1\" \/>\n<link rel=\"canonical\" href=\"https:\/\/www.altominho.tv\/site\/2020\/06\/28\/cim-alto-minho-considera-inusitada-providencia-cautelar-contra-injecao-de-capital-na-tap\/\" \/>\n<meta property=\"og:locale\" content=\"pt_PT\" \/>\n<meta property=\"og:type\" content=\"article\" \/>\n<meta property=\"og:title\" content=\"CIM Alto Minho considera inusitada provid\u00eancia cautelar contra inje\u00e7\u00e3o de capital na TAP\" \/>\n<meta property=\"og:description\" content=\"O presidente da Comunidade Intermunicipal do Alto Minho criticou no s\u00e1bado a Associa\u00e7\u00e3o Comercial do Porto por ter apresentado uma provid\u00eancia cautelar &#8220;intempestiva, inusitada&#8221; para travar a inje\u00e7\u00e3o de 1,2 mil milh\u00f5es de euros do Estado na TAP. Em comunicado enviado \u00e0s reda\u00e7\u00f5es, o tamb\u00e9m presidente da C\u00e2mara Municipal de Viana do Castelo, Jos\u00e9 Maria [&hellip;]\" \/>\n<meta property=\"og:url\" content=\"https:\/\/www.altominho.tv\/site\/2020\/06\/28\/cim-alto-minho-considera-inusitada-providencia-cautelar-contra-injecao-de-capital-na-tap\/\" \/>\n<meta property=\"og:site_name\" content=\"Altominho.tv\" \/>\n<meta property=\"article:publisher\" content=\"https:\/\/www.facebook.com\/altominhotv\" \/>\n<meta property=\"article:published_time\" content=\"2020-06-28T13:02:18+00:00\" \/>\n<meta property=\"article:modified_time\" content=\"2020-06-28T13:04:27+00:00\" \/>\n<meta property=\"og:image\" content=\"https:\/\/www.altominho.tv\/site\/wp-content\/uploads\/2020\/06\/TAP_avio\u0303es.jpg\" \/>\n\t<meta property=\"og:image:width\" content=\"915\" \/>\n\t<meta property=\"og:image:height\" content=\"609\" \/>\n\t<meta property=\"og:image:type\" content=\"image\/jpeg\" \/>\n<meta name=\"author\" content=\"Lusa\" \/>\n<meta name=\"twitter:card\" content=\"summary_large_image\" \/>\n<meta name=\"twitter:creator\" content=\"@altominhoTV\" \/>\n<meta name=\"twitter:site\" content=\"@altominhoTV\" \/>\n<meta name=\"twitter:label1\" content=\"Escrito por\" \/>\n\t<meta name=\"twitter:data1\" content=\"Lusa\" \/>\n\t<meta name=\"twitter:label2\" content=\"Tempo estimado de leitura\" \/>\n\t<meta name=\"twitter:data2\" content=\"2 minutos\" \/>\n<script type=\"application\/ld+json\" class=\"yoast-schema-graph\">{\"@context\":\"https:\\\/\\\/schema.org\",\"@graph\":[{\"@type\":\"Article\",\"@id\":\"https:\\\/\\\/www.altominho.tv\\\/site\\\/2020\\\/06\\\/28\\\/cim-alto-minho-considera-inusitada-providencia-cautelar-contra-injecao-de-capital-na-tap\\\/#article\",\"isPartOf\":{\"@id\":\"https:\\\/\\\/www.altominho.tv\\\/site\\\/2020\\\/06\\\/28\\\/cim-alto-minho-considera-inusitada-providencia-cautelar-contra-injecao-de-capital-na-tap\\\/\"},\"author\":{\"name\":\"Lusa\",\"@id\":\"https:\\\/\\\/www.altominho.tv\\\/site\\\/#\\\/schema\\\/person\\\/63f693da3e1899361cbe955c46f3232e\"},\"headline\":\"CIM Alto Minho considera inusitada provid\u00eancia cautelar contra inje\u00e7\u00e3o de capital na TAP\",\"datePublished\":\"2020-06-28T13:02:18+00:00\",\"dateModified\":\"2020-06-28T13:04:27+00:00\",\"mainEntityOfPage\":{\"@id\":\"https:\\\/\\\/www.altominho.tv\\\/site\\\/2020\\\/06\\\/28\\\/cim-alto-minho-considera-inusitada-providencia-cautelar-contra-injecao-de-capital-na-tap\\\/\"},\"wordCount\":338,\"image\":{\"@id\":\"https:\\\/\\\/www.altominho.tv\\\/site\\\/2020\\\/06\\\/28\\\/cim-alto-minho-considera-inusitada-providencia-cautelar-contra-injecao-de-capital-na-tap\\\/#primaryimage\"},\"thumbnailUrl\":\"https:\\\/\\\/www.altominho.tv\\\/site\\\/wp-content\\\/uploads\\\/2020\\\/06\\\/TAP_avio\u0303es.jpg\",\"keywords\":[\"Economia\",\"Sociedade\"],\"articleSection\":[\"Alto Minho\"],\"inLanguage\":\"pt-PT\",\"copyrightYear\":\"2020\",\"copyrightHolder\":{\"@id\":\"https:\\\/\\\/www.altominho.tv\\\/site\\\/#organization\"}},{\"@type\":\"WebPage\",\"@id\":\"https:\\\/\\\/www.altominho.tv\\\/site\\\/2020\\\/06\\\/28\\\/cim-alto-minho-considera-inusitada-providencia-cautelar-contra-injecao-de-capital-na-tap\\\/\",\"url\":\"https:\\\/\\\/www.altominho.tv\\\/site\\\/2020\\\/06\\\/28\\\/cim-alto-minho-considera-inusitada-providencia-cautelar-contra-injecao-de-capital-na-tap\\\/\",\"name\":\"CIM Alto Minho considera inusitada provid\u00eancia cautelar contra inje\u00e7\u00e3o de capital na TAP\",\"isPartOf\":{\"@id\":\"https:\\\/\\\/www.altominho.tv\\\/site\\\/#website\"},\"primaryImageOfPage\":{\"@id\":\"https:\\\/\\\/www.altominho.tv\\\/site\\\/2020\\\/06\\\/28\\\/cim-alto-minho-considera-inusitada-providencia-cautelar-contra-injecao-de-capital-na-tap\\\/#primaryimage\"},\"image\":{\"@id\":\"https:\\\/\\\/www.altominho.tv\\\/site\\\/2020\\\/06\\\/28\\\/cim-alto-minho-considera-inusitada-providencia-cautelar-contra-injecao-de-capital-na-tap\\\/#primaryimage\"},\"thumbnailUrl\":\"https:\\\/\\\/www.altominho.tv\\\/site\\\/wp-content\\\/uploads\\\/2020\\\/06\\\/TAP_avio\u0303es.jpg\",\"datePublished\":\"2020-06-28T13:02:18+00:00\",\"dateModified\":\"2020-06-28T13:04:27+00:00\",\"author\":{\"@id\":\"https:\\\/\\\/www.altominho.tv\\\/site\\\/#\\\/schema\\\/person\\\/63f693da3e1899361cbe955c46f3232e\"},\"breadcrumb\":{\"@id\":\"https:\\\/\\\/www.altominho.tv\\\/site\\\/2020\\\/06\\\/28\\\/cim-alto-minho-considera-inusitada-providencia-cautelar-contra-injecao-de-capital-na-tap\\\/#breadcrumb\"},\"inLanguage\":\"pt-PT\",\"potentialAction\":[{\"@type\":\"ReadAction\",\"target\":[\"https:\\\/\\\/www.altominho.tv\\\/site\\\/2020\\\/06\\\/28\\\/cim-alto-minho-considera-inusitada-providencia-cautelar-contra-injecao-de-capital-na-tap\\\/\"]}]},{\"@type\":\"ImageObject\",\"inLanguage\":\"pt-PT\",\"@id\":\"https:\\\/\\\/www.altominho.tv\\\/site\\\/2020\\\/06\\\/28\\\/cim-alto-minho-considera-inusitada-providencia-cautelar-contra-injecao-de-capital-na-tap\\\/#primaryimage\",\"url\":\"https:\\\/\\\/www.altominho.tv\\\/site\\\/wp-content\\\/uploads\\\/2020\\\/06\\\/TAP_avio\u0303es.jpg\",\"contentUrl\":\"https:\\\/\\\/www.altominho.tv\\\/site\\\/wp-content\\\/uploads\\\/2020\\\/06\\\/TAP_avio\u0303es.jpg\",\"width\":915,\"height\":609,\"caption\":\"Global M\u00e9dia\"},{\"@type\":\"BreadcrumbList\",\"@id\":\"https:\\\/\\\/www.altominho.tv\\\/site\\\/2020\\\/06\\\/28\\\/cim-alto-minho-considera-inusitada-providencia-cautelar-contra-injecao-de-capital-na-tap\\\/#breadcrumb\",\"itemListElement\":[{\"@type\":\"ListItem\",\"position\":1,\"name\":\"In\u00edcio\",\"item\":\"https:\\\/\\\/www.altominho.tv\\\/site\\\/\"},{\"@type\":\"ListItem\",\"position\":2,\"name\":\"CIM Alto Minho considera inusitada provid\u00eancia cautelar contra inje\u00e7\u00e3o de capital na TAP\"}]},{\"@type\":\"WebSite\",\"@id\":\"https:\\\/\\\/www.altominho.tv\\\/site\\\/#website\",\"url\":\"https:\\\/\\\/www.altominho.tv\\\/site\\\/\",\"name\":\"Altominho.tv\",\"description\":\"A sua regi\u00e3o \u00e0 dist\u00e2ncia de um clique...\",\"potentialAction\":[{\"@type\":\"SearchAction\",\"target\":{\"@type\":\"EntryPoint\",\"urlTemplate\":\"https:\\\/\\\/www.altominho.tv\\\/site\\\/?s={search_term_string}\"},\"query-input\":{\"@type\":\"PropertyValueSpecification\",\"valueRequired\":true,\"valueName\":\"search_term_string\"}}],\"inLanguage\":\"pt-PT\"},{\"@type\":\"Person\",\"@id\":\"https:\\\/\\\/www.altominho.tv\\\/site\\\/#\\\/schema\\\/person\\\/63f693da3e1899361cbe955c46f3232e\",\"name\":\"Lusa\",\"image\":{\"@type\":\"ImageObject\",\"inLanguage\":\"pt-PT\",\"@id\":\"https:\\\/\\\/www.altominho.tv\\\/site\\\/wp-content\\\/uploads\\\/2019\\\/08\\\/LUSA_Logo.gif\",\"url\":\"https:\\\/\\\/www.altominho.tv\\\/site\\\/wp-content\\\/uploads\\\/2019\\\/08\\\/LUSA_Logo.gif\",\"contentUrl\":\"https:\\\/\\\/www.altominho.tv\\\/site\\\/wp-content\\\/uploads\\\/2019\\\/08\\\/LUSA_Logo.gif\",\"caption\":\"Lusa\"},\"sameAs\":[\"http:\\\/\\\/\\\/\\\/www.altominho.tv\\\/site\"],\"url\":\"https:\\\/\\\/www.altominho.tv\\\/site\\\/author\\\/lusa\\\/\"}]}<\/script>\n<!-- \/ Yoast SEO Premium plugin. -->","yoast_head_json":{"title":"CIM Alto Minho considera inusitada provid\u00eancia cautelar contra inje\u00e7\u00e3o de capital na TAP","robots":{"index":"index","follow":"follow","max-snippet":"max-snippet:-1","max-image-preview":"max-image-preview:large","max-video-preview":"max-video-preview:-1"},"canonical":"https:\/\/www.altominho.tv\/site\/2020\/06\/28\/cim-alto-minho-considera-inusitada-providencia-cautelar-contra-injecao-de-capital-na-tap\/","og_locale":"pt_PT","og_type":"article","og_title":"CIM Alto Minho considera inusitada provid\u00eancia cautelar contra inje\u00e7\u00e3o de capital na TAP","og_description":"O presidente da Comunidade Intermunicipal do Alto Minho criticou no s\u00e1bado a Associa\u00e7\u00e3o Comercial do Porto por ter apresentado uma provid\u00eancia cautelar &#8220;intempestiva, inusitada&#8221; para travar a inje\u00e7\u00e3o de 1,2 mil milh\u00f5es de euros do Estado na TAP. Em comunicado enviado \u00e0s reda\u00e7\u00f5es, o tamb\u00e9m presidente da C\u00e2mara Municipal de Viana do Castelo, Jos\u00e9 Maria [&hellip;]","og_url":"https:\/\/www.altominho.tv\/site\/2020\/06\/28\/cim-alto-minho-considera-inusitada-providencia-cautelar-contra-injecao-de-capital-na-tap\/","og_site_name":"Altominho.tv","article_publisher":"https:\/\/www.facebook.com\/altominhotv","article_published_time":"2020-06-28T13:02:18+00:00","article_modified_time":"2020-06-28T13:04:27+00:00","og_image":[{"width":915,"height":609,"url":"https:\/\/www.altominho.tv\/site\/wp-content\/uploads\/2020\/06\/TAP_avio\u0303es.jpg","type":"image\/jpeg"}],"author":"Lusa","twitter_card":"summary_large_image","twitter_creator":"@altominhoTV","twitter_site":"@altominhoTV","twitter_misc":{"Escrito por":"Lusa","Tempo estimado de leitura":"2 minutos"},"schema":{"@context":"https:\/\/schema.org","@graph":[{"@type":"Article","@id":"https:\/\/www.altominho.tv\/site\/2020\/06\/28\/cim-alto-minho-considera-inusitada-providencia-cautelar-contra-injecao-de-capital-na-tap\/#article","isPartOf":{"@id":"https:\/\/www.altominho.tv\/site\/2020\/06\/28\/cim-alto-minho-considera-inusitada-providencia-cautelar-contra-injecao-de-capital-na-tap\/"},"author":{"name":"Lusa","@id":"https:\/\/www.altominho.tv\/site\/#\/schema\/person\/63f693da3e1899361cbe955c46f3232e"},"headline":"CIM Alto Minho considera inusitada provid\u00eancia cautelar contra inje\u00e7\u00e3o de capital na TAP","datePublished":"2020-06-28T13:02:18+00:00","dateModified":"2020-06-28T13:04:27+00:00","mainEntityOfPage":{"@id":"https:\/\/www.altominho.tv\/site\/2020\/06\/28\/cim-alto-minho-considera-inusitada-providencia-cautelar-contra-injecao-de-capital-na-tap\/"},"wordCount":338,"image":{"@id":"https:\/\/www.altominho.tv\/site\/2020\/06\/28\/cim-alto-minho-considera-inusitada-providencia-cautelar-contra-injecao-de-capital-na-tap\/#primaryimage"},"thumbnailUrl":"https:\/\/www.altominho.tv\/site\/wp-content\/uploads\/2020\/06\/TAP_avio\u0303es.jpg","keywords":["Economia","Sociedade"],"articleSection":["Alto Minho"],"inLanguage":"pt-PT","copyrightYear":"2020","copyrightHolder":{"@id":"https:\/\/www.altominho.tv\/site\/#organization"}},{"@type":"WebPage","@id":"https:\/\/www.altominho.tv\/site\/2020\/06\/28\/cim-alto-minho-considera-inusitada-providencia-cautelar-contra-injecao-de-capital-na-tap\/","url":"https:\/\/www.altominho.tv\/site\/2020\/06\/28\/cim-alto-minho-considera-inusitada-providencia-cautelar-contra-injecao-de-capital-na-tap\/","name":"CIM Alto Minho considera inusitada provid\u00eancia cautelar contra inje\u00e7\u00e3o de capital na TAP","isPartOf":{"@id":"https:\/\/www.altominho.tv\/site\/#website"},"primaryImageOfPage":{"@id":"https:\/\/www.altominho.tv\/site\/2020\/06\/28\/cim-alto-minho-considera-inusitada-providencia-cautelar-contra-injecao-de-capital-na-tap\/#primaryimage"},"image":{"@id":"https:\/\/www.altominho.tv\/site\/2020\/06\/28\/cim-alto-minho-considera-inusitada-providencia-cautelar-contra-injecao-de-capital-na-tap\/#primaryimage"},"thumbnailUrl":"https:\/\/www.altominho.tv\/site\/wp-content\/uploads\/2020\/06\/TAP_avio\u0303es.jpg","datePublished":"2020-06-28T13:02:18+00:00","dateModified":"2020-06-28T13:04:27+00:00","author":{"@id":"https:\/\/www.altominho.tv\/site\/#\/schema\/person\/63f693da3e1899361cbe955c46f3232e"},"breadcrumb":{"@id":"https:\/\/www.altominho.tv\/site\/2020\/06\/28\/cim-alto-minho-considera-inusitada-providencia-cautelar-contra-injecao-de-capital-na-tap\/#breadcrumb"},"inLanguage":"pt-PT","potentialAction":[{"@type":"ReadAction","target":["https:\/\/www.altominho.tv\/site\/2020\/06\/28\/cim-alto-minho-considera-inusitada-providencia-cautelar-contra-injecao-de-capital-na-tap\/"]}]},{"@type":"ImageObject","inLanguage":"pt-PT","@id":"https:\/\/www.altominho.tv\/site\/2020\/06\/28\/cim-alto-minho-considera-inusitada-providencia-cautelar-contra-injecao-de-capital-na-tap\/#primaryimage","url":"https:\/\/www.altominho.tv\/site\/wp-content\/uploads\/2020\/06\/TAP_avio\u0303es.jpg","contentUrl":"https:\/\/www.altominho.tv\/site\/wp-content\/uploads\/2020\/06\/TAP_avio\u0303es.jpg","width":915,"height":609,"caption":"Global M\u00e9dia"},{"@type":"BreadcrumbList","@id":"https:\/\/www.altominho.tv\/site\/2020\/06\/28\/cim-alto-minho-considera-inusitada-providencia-cautelar-contra-injecao-de-capital-na-tap\/#breadcrumb","itemListElement":[{"@type":"ListItem","position":1,"name":"In\u00edcio","item":"https:\/\/www.altominho.tv\/site\/"},{"@type":"ListItem","position":2,"name":"CIM Alto Minho considera inusitada provid\u00eancia cautelar contra inje\u00e7\u00e3o de capital na TAP"}]},{"@type":"WebSite","@id":"https:\/\/www.altominho.tv\/site\/#website","url":"https:\/\/www.altominho.tv\/site\/","name":"Altominho.tv","description":"A sua regi\u00e3o \u00e0 dist\u00e2ncia de um clique...","potentialAction":[{"@type":"SearchAction","target":{"@type":"EntryPoint","urlTemplate":"https:\/\/www.altominho.tv\/site\/?s={search_term_string}"},"query-input":{"@type":"PropertyValueSpecification","valueRequired":true,"valueName":"search_term_string"}}],"inLanguage":"pt-PT"},{"@type":"Person","@id":"https:\/\/www.altominho.tv\/site\/#\/schema\/person\/63f693da3e1899361cbe955c46f3232e","name":"Lusa","image":{"@type":"ImageObject","inLanguage":"pt-PT","@id":"https:\/\/www.altominho.tv\/site\/wp-content\/uploads\/2019\/08\/LUSA_Logo.gif","url":"https:\/\/www.altominho.tv\/site\/wp-content\/uploads\/2019\/08\/LUSA_Logo.gif","contentUrl":"https:\/\/www.altominho.tv\/site\/wp-content\/uploads\/2019\/08\/LUSA_Logo.gif","caption":"Lusa"},"sameAs":["http:\/\/\/\/www.altominho.tv\/site"],"url":"https:\/\/www.altominho.tv\/site\/author\/lusa\/"}]}},"_links":{"self":[{"href":"https:\/\/www.altominho.tv\/site\/wp-json\/wp\/v2\/posts\/48458","targetHints":{"allow":["GET"]}}],"collection":[{"href":"https:\/\/www.altominho.tv\/site\/wp-json\/wp\/v2\/posts"}],"about":[{"href":"https:\/\/www.altominho.tv\/site\/wp-json\/wp\/v2\/types\/post"}],"author":[{"embeddable":true,"href":"https:\/\/www.altominho.tv\/site\/wp-json\/wp\/v2\/users\/13"}],"replies":[{"embeddable":true,"href":"https:\/\/www.altominho.tv\/site\/wp-json\/wp\/v2\/comments?post=48458"}],"version-history":[{"count":0,"href":"https:\/\/www.altominho.tv\/site\/wp-json\/wp\/v2\/posts\/48458\/revisions"}],"wp:featuredmedia":[{"embeddable":true,"href":"https:\/\/www.altominho.tv\/site\/wp-json\/wp\/v2\/media\/48459"}],"wp:attachment":[{"href":"https:\/\/www.altominho.tv\/site\/wp-json\/wp\/v2\/media?parent=48458"}],"wp:term":[{"taxonomy":"category","embeddable":true,"href":"https:\/\/www.altominho.tv\/site\/wp-json\/wp\/v2\/categories?post=48458"},{"taxonomy":"post_tag","embeddable":true,"href":"https:\/\/www.altominho.tv\/site\/wp-json\/wp\/v2\/tags?post=48458"}],"curies":[{"name":"wp","href":"https:\/\/api.w.org\/{rel}","templated":true}]}}