{"id":48454,"date":"2020-06-28T13:47:03","date_gmt":"2020-06-28T12:47:03","guid":{"rendered":"http:\/\/www.altominho.tv\/site\/?p=48454"},"modified":"2022-01-17T14:23:04","modified_gmt":"2022-01-17T14:23:04","slug":"novo-lider-do-psd-viana-do-castelo-quer-comecar-a-trabalhar-para-ganhar-autarquicas","status":"publish","type":"post","link":"https:\/\/www.altominho.tv\/site\/2020\/06\/28\/novo-lider-do-psd-viana-do-castelo-quer-comecar-a-trabalhar-para-ganhar-autarquicas\/","title":{"rendered":"Novo l\u00edder do PSD\/Viana do Castelo quer come\u00e7ar a trabalhar para ganhar aut\u00e1rquicas"},"content":{"rendered":"<p><strong>O novo presidente da Comiss\u00e3o Pol\u00edtica Distrital de Viana do Castelo do PSD, Oleg\u00e1rio Gon\u00e7alves, disse hoje querer come\u00e7ar a trabalhar &#8220;o mais r\u00e1pido poss\u00edvel&#8221; para &#8220;unir&#8221; o partido e &#8220;ganhar mais c\u00e2maras&#8221; nas pr\u00f3ximas elei\u00e7\u00f5es aut\u00e1rquicas.<\/strong><\/p>\n<p>&#8220;A data para a tomada de posse da nova distrital do PSD vai ser articulada com os \u00f3rg\u00e3os nacionais, mas queremos que seja o mais r\u00e1pido poss\u00edvel para come\u00e7ar a trabalhar na uni\u00e3o do partido na regi\u00e3o e para ganhar, ganhar e ganhar nas pr\u00f3ximas elei\u00e7\u00f5es aut\u00e1rquicas&#8221;, afirmou hoje \u00e0 Lusa o tamb\u00e9m vereador na C\u00e2mara de Arcos de Valdevez, que liderou a \u00fanica lista que concorreu \u00e0 lideran\u00e7a da estrutura partid\u00e1ria.<\/p>\n<p>Oleg\u00e1rio Gon\u00e7alves, de 51 anos de idade, substitui no cargo Carlos Morais Vieira, que n\u00e3o se recandidatou \u00e0 lideran\u00e7a por ter atingido o limite de mandatos para aquele \u00f3rg\u00e3o.<\/p>\n<p>Nas elei\u00e7\u00f5es realizadas ontem, entre as 14h00 e as 20h00, para a distrital de Viana do Castelo do PSD, dos 1.262 militantes em condi\u00e7\u00f5es de votar exercerem o seu direito de voto 601, <strong>sendo que 543 votaram na \u00fanica lista que concorreu ao ato eleitoral. Registaram-se ainda 51 votos em branco e sete nulos<\/strong>.<\/p>\n<p>&#8220;<strong>Ap\u00f3s tomar posse irei reunir-me com todas as concelhias do partido e, nos dois concelhos do distrito de Viana do Castelo onde n\u00e3o existem concelhias, Paredes de Coura e Melga\u00e7o, irei convocar elei\u00e7\u00f5es. Queremos apresentar candidatos \u00e0s elei\u00e7\u00f5es aut\u00e1rquicas do pr\u00f3ximo ano em todos os concelhos da regi\u00e3o<\/strong>&#8220;, refor\u00e7ou.<\/p>\n<p>A <a href=\"\/\/www.altominho.tv\/site\/2020\/06\/25\/vereador-da-camara-de-arcos-de-valdevez-lidera-lista-unica-a-distrital-do-psd-de-viana-do-castelo\/\">lista encabe\u00e7ada por Oleg\u00e1rio Gon\u00e7alves foi a \u00fanica a dar entrada<\/a> at\u00e9 \u00e0s 24h00 de quarta-feira, prazo definido para a entrega de candidaturas \u00e0s elei\u00e7\u00f5es para os \u00f3rg\u00e3os distritais.<\/p>\n<p>Com o lema &#8220;Pela uni\u00e3o do distrito de Viana do Castelo&#8221;, a lista integrava os nomes dos tr\u00eas deputados do PSD na Assembleia da Rep\u00fablica eleitos pelo c\u00edrculo de Viana do Castelo.<\/p>\n<p>Eduardo Teixeira, que \u00e9 tamb\u00e9m presidente da concelhia de Viana do Castelo, \u00e9 o nome escolhido para a lideran\u00e7a da Mesa da Assembleia Distrital.<\/p>\n<p>Eduardo Teixeira j\u00e1 liderou a distrital do PSD, durante seis anos, mas em 2014, por ter atingido o limite de mandatos para aquele \u00f3rg\u00e3o, n\u00e3o p\u00f4de concorrer.<\/p>\n<p>J\u00e1 Jorge Mendes, ex-autarca em Valen\u00e7a ficar\u00e1 com a pasta da auditoria financeira e Em\u00edlia Cerqueira com o conselho de jurisdi\u00e7\u00e3o.<\/p>\n<p>A concorrer, pela primeira vez, \u00e0 lideran\u00e7a da distrital social-democrata, Oleg\u00e1rio Gon\u00e7alves apontou que o objetivo da sua candidatura &#8220;<strong>\u00e9 unir e pacificar o partido no distrito de Viana do Castelo, manter as atuais quatro c\u00e2maras lideradas pelo PSD (Mon\u00e7\u00e3o, Valen\u00e7a, Arcos de Valdevez e Ponte da Barca) e aumentar esse n\u00famero, se poss\u00edvel<\/strong>&#8220;.<\/p>\n<p>Na C\u00e2mara de Arcos de Valdevez h\u00e1 sete anos, Oleg\u00e1rio Gon\u00e7alves \u00e9 atualmente vereador com os pelouros da Prote\u00e7\u00e3o Civil, Gest\u00e3o de Espa\u00e7os Verdes e Energia, Mercados e Feiras, Conserva\u00e7\u00e3o de Equipamentos e Viaturas Municipais, Conserva\u00e7\u00e3o da Rede Vi\u00e1ria e Tr\u00e2nsito, e Anima\u00e7\u00e3o Cultural e Recreativa.<\/p>\n","protected":false},"excerpt":{"rendered":"<p>O novo presidente da Comiss\u00e3o Pol\u00edtica Distrital de Viana do Castelo do PSD, Oleg\u00e1rio Gon\u00e7alves, disse hoje querer come\u00e7ar a trabalhar &#8220;o mais r\u00e1pido poss\u00edvel&#8221; para &#8220;unir&#8221; o partido e &#8220;ganhar mais c\u00e2maras&#8221; nas pr\u00f3ximas elei\u00e7\u00f5es aut\u00e1rquicas. &#8220;A data para a tomada de posse da nova distrital do PSD vai ser articulada com os \u00f3rg\u00e3os [&hellip;]<\/p>\n","protected":false},"author":13,"featured_media":48456,"comment_status":"closed","ping_status":"closed","sticky":false,"template":"","format":"standard","meta":{"_exactmetrics_skip_tracking":false,"_exactmetrics_sitenote_active":false,"_exactmetrics_sitenote_note":"","_exactmetrics_sitenote_category":0,"footnotes":""},"categories":[73],"tags":[56326,27],"class_list":["post-48454","post","type-post","status-publish","format-standard","has-post-thumbnail","hentry","category-alto-minho","tag-politica","tag-sociedade"],"yoast_head":"<!-- This site is optimized with the Yoast SEO Premium plugin v27.4 (Yoast SEO v27.4) - https:\/\/yoast.com\/product\/yoast-seo-premium-wordpress\/ -->\n<title>Novo l\u00edder do PSD\/Viana do Castelo quer come\u00e7ar a trabalhar para ganhar aut\u00e1rquicas<\/title>\n<meta name=\"robots\" content=\"index, follow, max-snippet:-1, max-image-preview:large, max-video-preview:-1\" \/>\n<link rel=\"canonical\" href=\"https:\/\/www.altominho.tv\/site\/2020\/06\/28\/novo-lider-do-psd-viana-do-castelo-quer-comecar-a-trabalhar-para-ganhar-autarquicas\/\" \/>\n<meta property=\"og:locale\" content=\"pt_PT\" \/>\n<meta property=\"og:type\" content=\"article\" \/>\n<meta property=\"og:title\" content=\"Novo l\u00edder do PSD\/Viana do Castelo quer come\u00e7ar a trabalhar para ganhar aut\u00e1rquicas\" \/>\n<meta property=\"og:description\" content=\"O novo presidente da Comiss\u00e3o Pol\u00edtica Distrital de Viana do Castelo do PSD, Oleg\u00e1rio Gon\u00e7alves, disse hoje querer come\u00e7ar a trabalhar &#8220;o mais r\u00e1pido poss\u00edvel&#8221; para &#8220;unir&#8221; o partido e &#8220;ganhar mais c\u00e2maras&#8221; nas pr\u00f3ximas elei\u00e7\u00f5es aut\u00e1rquicas. &#8220;A data para a tomada de posse da nova distrital do PSD vai ser articulada com os \u00f3rg\u00e3os [&hellip;]\" \/>\n<meta property=\"og:url\" content=\"https:\/\/www.altominho.tv\/site\/2020\/06\/28\/novo-lider-do-psd-viana-do-castelo-quer-comecar-a-trabalhar-para-ganhar-autarquicas\/\" \/>\n<meta property=\"og:site_name\" content=\"Altominho.tv\" \/>\n<meta property=\"article:publisher\" content=\"https:\/\/www.facebook.com\/altominhotv\" \/>\n<meta property=\"article:published_time\" content=\"2020-06-28T12:47:03+00:00\" \/>\n<meta property=\"article:modified_time\" content=\"2022-01-17T14:23:04+00:00\" \/>\n<meta property=\"og:image\" content=\"https:\/\/www.altominho.tv\/site\/wp-content\/uploads\/2020\/06\/Olegario_PSD.jpg\" \/>\n\t<meta property=\"og:image:width\" content=\"805\" \/>\n\t<meta property=\"og:image:height\" content=\"453\" \/>\n\t<meta property=\"og:image:type\" content=\"image\/jpeg\" \/>\n<meta name=\"author\" content=\"Lusa\" \/>\n<meta name=\"twitter:card\" content=\"summary_large_image\" \/>\n<meta name=\"twitter:creator\" content=\"@altominhoTV\" \/>\n<meta name=\"twitter:site\" content=\"@altominhoTV\" \/>\n<meta name=\"twitter:label1\" content=\"Escrito por\" \/>\n\t<meta name=\"twitter:data1\" content=\"Lusa\" \/>\n\t<meta name=\"twitter:label2\" content=\"Tempo estimado de leitura\" \/>\n\t<meta name=\"twitter:data2\" content=\"3 minutos\" \/>\n<script type=\"application\/ld+json\" class=\"yoast-schema-graph\">{\"@context\":\"https:\\\/\\\/schema.org\",\"@graph\":[{\"@type\":\"Article\",\"@id\":\"https:\\\/\\\/www.altominho.tv\\\/site\\\/2020\\\/06\\\/28\\\/novo-lider-do-psd-viana-do-castelo-quer-comecar-a-trabalhar-para-ganhar-autarquicas\\\/#article\",\"isPartOf\":{\"@id\":\"https:\\\/\\\/www.altominho.tv\\\/site\\\/2020\\\/06\\\/28\\\/novo-lider-do-psd-viana-do-castelo-quer-comecar-a-trabalhar-para-ganhar-autarquicas\\\/\"},\"author\":{\"name\":\"Lusa\",\"@id\":\"https:\\\/\\\/www.altominho.tv\\\/site\\\/#\\\/schema\\\/person\\\/63f693da3e1899361cbe955c46f3232e\"},\"headline\":\"Novo l\u00edder do PSD\\\/Viana do Castelo quer come\u00e7ar a trabalhar para ganhar aut\u00e1rquicas\",\"datePublished\":\"2020-06-28T12:47:03+00:00\",\"dateModified\":\"2022-01-17T14:23:04+00:00\",\"mainEntityOfPage\":{\"@id\":\"https:\\\/\\\/www.altominho.tv\\\/site\\\/2020\\\/06\\\/28\\\/novo-lider-do-psd-viana-do-castelo-quer-comecar-a-trabalhar-para-ganhar-autarquicas\\\/\"},\"wordCount\":554,\"image\":{\"@id\":\"https:\\\/\\\/www.altominho.tv\\\/site\\\/2020\\\/06\\\/28\\\/novo-lider-do-psd-viana-do-castelo-quer-comecar-a-trabalhar-para-ganhar-autarquicas\\\/#primaryimage\"},\"thumbnailUrl\":\"https:\\\/\\\/www.altominho.tv\\\/site\\\/wp-content\\\/uploads\\\/2020\\\/06\\\/Olegario_PSD.jpg\",\"keywords\":[\"Pol\u00edtica\",\"Sociedade\"],\"articleSection\":[\"Alto Minho\"],\"inLanguage\":\"pt-PT\",\"copyrightYear\":\"2020\",\"copyrightHolder\":{\"@id\":\"https:\\\/\\\/www.altominho.tv\\\/site\\\/#organization\"}},{\"@type\":\"WebPage\",\"@id\":\"https:\\\/\\\/www.altominho.tv\\\/site\\\/2020\\\/06\\\/28\\\/novo-lider-do-psd-viana-do-castelo-quer-comecar-a-trabalhar-para-ganhar-autarquicas\\\/\",\"url\":\"https:\\\/\\\/www.altominho.tv\\\/site\\\/2020\\\/06\\\/28\\\/novo-lider-do-psd-viana-do-castelo-quer-comecar-a-trabalhar-para-ganhar-autarquicas\\\/\",\"name\":\"Novo l\u00edder do PSD\\\/Viana do Castelo quer come\u00e7ar a trabalhar para ganhar aut\u00e1rquicas\",\"isPartOf\":{\"@id\":\"https:\\\/\\\/www.altominho.tv\\\/site\\\/#website\"},\"primaryImageOfPage\":{\"@id\":\"https:\\\/\\\/www.altominho.tv\\\/site\\\/2020\\\/06\\\/28\\\/novo-lider-do-psd-viana-do-castelo-quer-comecar-a-trabalhar-para-ganhar-autarquicas\\\/#primaryimage\"},\"image\":{\"@id\":\"https:\\\/\\\/www.altominho.tv\\\/site\\\/2020\\\/06\\\/28\\\/novo-lider-do-psd-viana-do-castelo-quer-comecar-a-trabalhar-para-ganhar-autarquicas\\\/#primaryimage\"},\"thumbnailUrl\":\"https:\\\/\\\/www.altominho.tv\\\/site\\\/wp-content\\\/uploads\\\/2020\\\/06\\\/Olegario_PSD.jpg\",\"datePublished\":\"2020-06-28T12:47:03+00:00\",\"dateModified\":\"2022-01-17T14:23:04+00:00\",\"author\":{\"@id\":\"https:\\\/\\\/www.altominho.tv\\\/site\\\/#\\\/schema\\\/person\\\/63f693da3e1899361cbe955c46f3232e\"},\"breadcrumb\":{\"@id\":\"https:\\\/\\\/www.altominho.tv\\\/site\\\/2020\\\/06\\\/28\\\/novo-lider-do-psd-viana-do-castelo-quer-comecar-a-trabalhar-para-ganhar-autarquicas\\\/#breadcrumb\"},\"inLanguage\":\"pt-PT\",\"potentialAction\":[{\"@type\":\"ReadAction\",\"target\":[\"https:\\\/\\\/www.altominho.tv\\\/site\\\/2020\\\/06\\\/28\\\/novo-lider-do-psd-viana-do-castelo-quer-comecar-a-trabalhar-para-ganhar-autarquicas\\\/\"]}]},{\"@type\":\"ImageObject\",\"inLanguage\":\"pt-PT\",\"@id\":\"https:\\\/\\\/www.altominho.tv\\\/site\\\/2020\\\/06\\\/28\\\/novo-lider-do-psd-viana-do-castelo-quer-comecar-a-trabalhar-para-ganhar-autarquicas\\\/#primaryimage\",\"url\":\"https:\\\/\\\/www.altominho.tv\\\/site\\\/wp-content\\\/uploads\\\/2020\\\/06\\\/Olegario_PSD.jpg\",\"contentUrl\":\"https:\\\/\\\/www.altominho.tv\\\/site\\\/wp-content\\\/uploads\\\/2020\\\/06\\\/Olegario_PSD.jpg\",\"width\":805,\"height\":453},{\"@type\":\"BreadcrumbList\",\"@id\":\"https:\\\/\\\/www.altominho.tv\\\/site\\\/2020\\\/06\\\/28\\\/novo-lider-do-psd-viana-do-castelo-quer-comecar-a-trabalhar-para-ganhar-autarquicas\\\/#breadcrumb\",\"itemListElement\":[{\"@type\":\"ListItem\",\"position\":1,\"name\":\"In\u00edcio\",\"item\":\"https:\\\/\\\/www.altominho.tv\\\/site\\\/\"},{\"@type\":\"ListItem\",\"position\":2,\"name\":\"Novo l\u00edder do PSD\\\/Viana do Castelo quer come\u00e7ar a trabalhar para ganhar aut\u00e1rquicas\"}]},{\"@type\":\"WebSite\",\"@id\":\"https:\\\/\\\/www.altominho.tv\\\/site\\\/#website\",\"url\":\"https:\\\/\\\/www.altominho.tv\\\/site\\\/\",\"name\":\"Altominho.tv\",\"description\":\"A sua regi\u00e3o \u00e0 dist\u00e2ncia de um clique...\",\"potentialAction\":[{\"@type\":\"SearchAction\",\"target\":{\"@type\":\"EntryPoint\",\"urlTemplate\":\"https:\\\/\\\/www.altominho.tv\\\/site\\\/?s={search_term_string}\"},\"query-input\":{\"@type\":\"PropertyValueSpecification\",\"valueRequired\":true,\"valueName\":\"search_term_string\"}}],\"inLanguage\":\"pt-PT\"},{\"@type\":\"Person\",\"@id\":\"https:\\\/\\\/www.altominho.tv\\\/site\\\/#\\\/schema\\\/person\\\/63f693da3e1899361cbe955c46f3232e\",\"name\":\"Lusa\",\"image\":{\"@type\":\"ImageObject\",\"inLanguage\":\"pt-PT\",\"@id\":\"https:\\\/\\\/www.altominho.tv\\\/site\\\/wp-content\\\/uploads\\\/2019\\\/08\\\/LUSA_Logo.gif\",\"url\":\"https:\\\/\\\/www.altominho.tv\\\/site\\\/wp-content\\\/uploads\\\/2019\\\/08\\\/LUSA_Logo.gif\",\"contentUrl\":\"https:\\\/\\\/www.altominho.tv\\\/site\\\/wp-content\\\/uploads\\\/2019\\\/08\\\/LUSA_Logo.gif\",\"caption\":\"Lusa\"},\"sameAs\":[\"http:\\\/\\\/\\\/\\\/www.altominho.tv\\\/site\"],\"url\":\"https:\\\/\\\/www.altominho.tv\\\/site\\\/author\\\/lusa\\\/\"}]}<\/script>\n<!-- \/ Yoast SEO Premium plugin. -->","yoast_head_json":{"title":"Novo l\u00edder do PSD\/Viana do Castelo quer come\u00e7ar a trabalhar para ganhar aut\u00e1rquicas","robots":{"index":"index","follow":"follow","max-snippet":"max-snippet:-1","max-image-preview":"max-image-preview:large","max-video-preview":"max-video-preview:-1"},"canonical":"https:\/\/www.altominho.tv\/site\/2020\/06\/28\/novo-lider-do-psd-viana-do-castelo-quer-comecar-a-trabalhar-para-ganhar-autarquicas\/","og_locale":"pt_PT","og_type":"article","og_title":"Novo l\u00edder do PSD\/Viana do Castelo quer come\u00e7ar a trabalhar para ganhar aut\u00e1rquicas","og_description":"O novo presidente da Comiss\u00e3o Pol\u00edtica Distrital de Viana do Castelo do PSD, Oleg\u00e1rio Gon\u00e7alves, disse hoje querer come\u00e7ar a trabalhar &#8220;o mais r\u00e1pido poss\u00edvel&#8221; para &#8220;unir&#8221; o partido e &#8220;ganhar mais c\u00e2maras&#8221; nas pr\u00f3ximas elei\u00e7\u00f5es aut\u00e1rquicas. &#8220;A data para a tomada de posse da nova distrital do PSD vai ser articulada com os \u00f3rg\u00e3os [&hellip;]","og_url":"https:\/\/www.altominho.tv\/site\/2020\/06\/28\/novo-lider-do-psd-viana-do-castelo-quer-comecar-a-trabalhar-para-ganhar-autarquicas\/","og_site_name":"Altominho.tv","article_publisher":"https:\/\/www.facebook.com\/altominhotv","article_published_time":"2020-06-28T12:47:03+00:00","article_modified_time":"2022-01-17T14:23:04+00:00","og_image":[{"width":805,"height":453,"url":"https:\/\/www.altominho.tv\/site\/wp-content\/uploads\/2020\/06\/Olegario_PSD.jpg","type":"image\/jpeg"}],"author":"Lusa","twitter_card":"summary_large_image","twitter_creator":"@altominhoTV","twitter_site":"@altominhoTV","twitter_misc":{"Escrito por":"Lusa","Tempo estimado de leitura":"3 minutos"},"schema":{"@context":"https:\/\/schema.org","@graph":[{"@type":"Article","@id":"https:\/\/www.altominho.tv\/site\/2020\/06\/28\/novo-lider-do-psd-viana-do-castelo-quer-comecar-a-trabalhar-para-ganhar-autarquicas\/#article","isPartOf":{"@id":"https:\/\/www.altominho.tv\/site\/2020\/06\/28\/novo-lider-do-psd-viana-do-castelo-quer-comecar-a-trabalhar-para-ganhar-autarquicas\/"},"author":{"name":"Lusa","@id":"https:\/\/www.altominho.tv\/site\/#\/schema\/person\/63f693da3e1899361cbe955c46f3232e"},"headline":"Novo l\u00edder do PSD\/Viana do Castelo quer come\u00e7ar a trabalhar para ganhar aut\u00e1rquicas","datePublished":"2020-06-28T12:47:03+00:00","dateModified":"2022-01-17T14:23:04+00:00","mainEntityOfPage":{"@id":"https:\/\/www.altominho.tv\/site\/2020\/06\/28\/novo-lider-do-psd-viana-do-castelo-quer-comecar-a-trabalhar-para-ganhar-autarquicas\/"},"wordCount":554,"image":{"@id":"https:\/\/www.altominho.tv\/site\/2020\/06\/28\/novo-lider-do-psd-viana-do-castelo-quer-comecar-a-trabalhar-para-ganhar-autarquicas\/#primaryimage"},"thumbnailUrl":"https:\/\/www.altominho.tv\/site\/wp-content\/uploads\/2020\/06\/Olegario_PSD.jpg","keywords":["Pol\u00edtica","Sociedade"],"articleSection":["Alto Minho"],"inLanguage":"pt-PT","copyrightYear":"2020","copyrightHolder":{"@id":"https:\/\/www.altominho.tv\/site\/#organization"}},{"@type":"WebPage","@id":"https:\/\/www.altominho.tv\/site\/2020\/06\/28\/novo-lider-do-psd-viana-do-castelo-quer-comecar-a-trabalhar-para-ganhar-autarquicas\/","url":"https:\/\/www.altominho.tv\/site\/2020\/06\/28\/novo-lider-do-psd-viana-do-castelo-quer-comecar-a-trabalhar-para-ganhar-autarquicas\/","name":"Novo l\u00edder do PSD\/Viana do Castelo quer come\u00e7ar a trabalhar para ganhar aut\u00e1rquicas","isPartOf":{"@id":"https:\/\/www.altominho.tv\/site\/#website"},"primaryImageOfPage":{"@id":"https:\/\/www.altominho.tv\/site\/2020\/06\/28\/novo-lider-do-psd-viana-do-castelo-quer-comecar-a-trabalhar-para-ganhar-autarquicas\/#primaryimage"},"image":{"@id":"https:\/\/www.altominho.tv\/site\/2020\/06\/28\/novo-lider-do-psd-viana-do-castelo-quer-comecar-a-trabalhar-para-ganhar-autarquicas\/#primaryimage"},"thumbnailUrl":"https:\/\/www.altominho.tv\/site\/wp-content\/uploads\/2020\/06\/Olegario_PSD.jpg","datePublished":"2020-06-28T12:47:03+00:00","dateModified":"2022-01-17T14:23:04+00:00","author":{"@id":"https:\/\/www.altominho.tv\/site\/#\/schema\/person\/63f693da3e1899361cbe955c46f3232e"},"breadcrumb":{"@id":"https:\/\/www.altominho.tv\/site\/2020\/06\/28\/novo-lider-do-psd-viana-do-castelo-quer-comecar-a-trabalhar-para-ganhar-autarquicas\/#breadcrumb"},"inLanguage":"pt-PT","potentialAction":[{"@type":"ReadAction","target":["https:\/\/www.altominho.tv\/site\/2020\/06\/28\/novo-lider-do-psd-viana-do-castelo-quer-comecar-a-trabalhar-para-ganhar-autarquicas\/"]}]},{"@type":"ImageObject","inLanguage":"pt-PT","@id":"https:\/\/www.altominho.tv\/site\/2020\/06\/28\/novo-lider-do-psd-viana-do-castelo-quer-comecar-a-trabalhar-para-ganhar-autarquicas\/#primaryimage","url":"https:\/\/www.altominho.tv\/site\/wp-content\/uploads\/2020\/06\/Olegario_PSD.jpg","contentUrl":"https:\/\/www.altominho.tv\/site\/wp-content\/uploads\/2020\/06\/Olegario_PSD.jpg","width":805,"height":453},{"@type":"BreadcrumbList","@id":"https:\/\/www.altominho.tv\/site\/2020\/06\/28\/novo-lider-do-psd-viana-do-castelo-quer-comecar-a-trabalhar-para-ganhar-autarquicas\/#breadcrumb","itemListElement":[{"@type":"ListItem","position":1,"name":"In\u00edcio","item":"https:\/\/www.altominho.tv\/site\/"},{"@type":"ListItem","position":2,"name":"Novo l\u00edder do PSD\/Viana do Castelo quer come\u00e7ar a trabalhar para ganhar aut\u00e1rquicas"}]},{"@type":"WebSite","@id":"https:\/\/www.altominho.tv\/site\/#website","url":"https:\/\/www.altominho.tv\/site\/","name":"Altominho.tv","description":"A sua regi\u00e3o \u00e0 dist\u00e2ncia de um clique...","potentialAction":[{"@type":"SearchAction","target":{"@type":"EntryPoint","urlTemplate":"https:\/\/www.altominho.tv\/site\/?s={search_term_string}"},"query-input":{"@type":"PropertyValueSpecification","valueRequired":true,"valueName":"search_term_string"}}],"inLanguage":"pt-PT"},{"@type":"Person","@id":"https:\/\/www.altominho.tv\/site\/#\/schema\/person\/63f693da3e1899361cbe955c46f3232e","name":"Lusa","image":{"@type":"ImageObject","inLanguage":"pt-PT","@id":"https:\/\/www.altominho.tv\/site\/wp-content\/uploads\/2019\/08\/LUSA_Logo.gif","url":"https:\/\/www.altominho.tv\/site\/wp-content\/uploads\/2019\/08\/LUSA_Logo.gif","contentUrl":"https:\/\/www.altominho.tv\/site\/wp-content\/uploads\/2019\/08\/LUSA_Logo.gif","caption":"Lusa"},"sameAs":["http:\/\/\/\/www.altominho.tv\/site"],"url":"https:\/\/www.altominho.tv\/site\/author\/lusa\/"}]}},"_links":{"self":[{"href":"https:\/\/www.altominho.tv\/site\/wp-json\/wp\/v2\/posts\/48454","targetHints":{"allow":["GET"]}}],"collection":[{"href":"https:\/\/www.altominho.tv\/site\/wp-json\/wp\/v2\/posts"}],"about":[{"href":"https:\/\/www.altominho.tv\/site\/wp-json\/wp\/v2\/types\/post"}],"author":[{"embeddable":true,"href":"https:\/\/www.altominho.tv\/site\/wp-json\/wp\/v2\/users\/13"}],"replies":[{"embeddable":true,"href":"https:\/\/www.altominho.tv\/site\/wp-json\/wp\/v2\/comments?post=48454"}],"version-history":[{"count":0,"href":"https:\/\/www.altominho.tv\/site\/wp-json\/wp\/v2\/posts\/48454\/revisions"}],"wp:featuredmedia":[{"embeddable":true,"href":"https:\/\/www.altominho.tv\/site\/wp-json\/wp\/v2\/media\/48456"}],"wp:attachment":[{"href":"https:\/\/www.altominho.tv\/site\/wp-json\/wp\/v2\/media?parent=48454"}],"wp:term":[{"taxonomy":"category","embeddable":true,"href":"https:\/\/www.altominho.tv\/site\/wp-json\/wp\/v2\/categories?post=48454"},{"taxonomy":"post_tag","embeddable":true,"href":"https:\/\/www.altominho.tv\/site\/wp-json\/wp\/v2\/tags?post=48454"}],"curies":[{"name":"wp","href":"https:\/\/api.w.org\/{rel}","templated":true}]}}