{"id":48432,"date":"2020-06-26T17:43:06","date_gmt":"2020-06-26T16:43:06","guid":{"rendered":"http:\/\/www.altominho.tv\/site\/?p=48432"},"modified":"2020-06-26T17:43:09","modified_gmt":"2020-06-26T16:43:09","slug":"lider-de-grupo-de-contrafacao-de-notas-condenado-a-oito-anos-de-prisao","status":"publish","type":"post","link":"https:\/\/www.altominho.tv\/site\/2020\/06\/26\/lider-de-grupo-de-contrafacao-de-notas-condenado-a-oito-anos-de-prisao\/","title":{"rendered":"L\u00edder de grupo de contrafa\u00e7\u00e3o de notas condenado a oito anos de pris\u00e3o"},"content":{"rendered":"<p>O l\u00edder de um grupo de contrafa\u00e7\u00e3o de notas de 50 e 10 euros foi esta sexta-feira condenado pelo Tribunal de Coimbra a oito anos de pris\u00e3o, pela pr\u00e1tica do crime de contrafa\u00e7\u00e3o de moeda.<\/p>\n<p>O tribunal de j\u00fari deu como provados todos os factos presentes na acusa\u00e7\u00e3o, considerando as declara\u00e7\u00f5es do arguido &#8211; que negou a acusa\u00e7\u00e3o &#8211; como &#8220;manifestamente incoerentes e sem sentido&#8221;, afirmou o presidente do coletivo de ju\u00edzes, durante a leitura da senten\u00e7a.<\/p>\n<p>O homem de 34 anos, natural de Arcos de Valdevez, era suspeito de liderar um grupo de quatro pessoas que se dedicava \u00e0 produ\u00e7\u00e3o de notas de euro, tendo produzido, pelo menos, 24.775 notas de 50 euros e 10 euros, entre 2017 e 2019, que foram distribu\u00eddas por v\u00e1rios pa\u00edses da Europa, atrav\u00e9s da sua venda na \u2018darknet&#8217;.<\/p>\n<p>O Tribunal de Coimbra &#8220;n\u00e3o teve d\u00favidas da veracidade dos depoimentos das testemunhas&#8221;, especialmente de dois membros do grupo que foram julgados num processo \u00e0 parte por n\u00e3o terem requerido tribunal de j\u00fari e que foram condenados a penas suspensas, mediante o pagamento de 125 mil euros.<\/p>\n<p>Esses depoimentos foram &#8220;coerentes&#8221;, havendo &#8220;elementos objetivos no processo que corroboram essas afirma\u00e7\u00f5es trazidas pelas testemunhas&#8221;, que afirmaram que o arguido era o \u2018cabecilha&#8217; do grupo, vincou o presidente do coletivo, salientando que os pr\u00f3prios documentos anexos ao processo bastariam para provar os factos que praticou.<\/p>\n<p>O Tribunal de Coimbra, suportando-se nas testemunhas e em conversa\u00e7\u00f5es digitais entre o arguido e os outros membros do grupo, n\u00e3o teve qualquer d\u00favidas de que o jovem era \u2018Colucci&#8217;, o pseud\u00f3nimo usado por este na \u2018darknet&#8217; para vender notas contrafeitas &#8211; elogiadas pelos utilizadores e tidas pelo Minist\u00e9rio P\u00fablico como de &#8220;elevada qualidade&#8221;.<\/p>\n<p>O arguido, que vinha acusado de dois crimes &#8211; contrafa\u00e7\u00e3o de moeda e passagem de moeda falsa &#8211; acabou condenado apenas pelo crime de contrafa\u00e7\u00e3o de moeda falsa, considerando o tribunal de j\u00fari que a passagem da moeda falsa era um comportamento j\u00e1 abrangido pelo crime pelo qual foi condenado.<\/p>\n<p>&#8220;O senhor n\u00e3o manifestou arrependimento e, ao n\u00e3o assumir os factos, tentou enganar o Tribunal e procurar desviar o rumo dos acontecimentos&#8221;, salientou o juiz.<\/p>\n<p>J\u00e1 nos momentos finais, dirigindo-se ao arguido, o presidente do coletivo disse: &#8220;O senhor tem capacidade. Aproveite estes anos na pris\u00e3o para perceber que as suas capacidades podem ser mais importantes se dirigidas para o caminho certo&#8221;.<\/p>\n<p>&#8220;Capacidade n\u00e3o lhe falta. Falta \u00e9 dirigi-la para a dire\u00e7\u00e3o certa. Se assim o fizer, pode ser que ainda tenha uma vida boa&#8221;, afirmou o juiz.<\/p>\n","protected":false},"excerpt":{"rendered":"<p>O l\u00edder de um grupo de contrafa\u00e7\u00e3o de notas de 50 e 10 euros foi esta sexta-feira condenado pelo Tribunal de Coimbra a oito anos de pris\u00e3o, pela pr\u00e1tica do crime de contrafa\u00e7\u00e3o de moeda. O tribunal de j\u00fari deu como provados todos os factos presentes na acusa\u00e7\u00e3o, considerando as declara\u00e7\u00f5es do arguido &#8211; que [&hellip;]<\/p>\n","protected":false},"author":15,"featured_media":48433,"comment_status":"closed","ping_status":"closed","sticky":false,"template":"","format":"standard","meta":{"_exactmetrics_skip_tracking":false,"_exactmetrics_sitenote_active":false,"_exactmetrics_sitenote_note":"","_exactmetrics_sitenote_category":0,"footnotes":""},"categories":[2],"tags":[27],"class_list":["post-48432","post","type-post","status-publish","format-standard","has-post-thumbnail","hentry","category-arcos-de-valdevez","tag-sociedade"],"yoast_head":"<!-- This site is optimized with the Yoast SEO Premium plugin v27.4 (Yoast SEO v27.4) - https:\/\/yoast.com\/product\/yoast-seo-premium-wordpress\/ -->\n<title>L\u00edder de grupo de contrafa\u00e7\u00e3o de notas condenado a oito anos de pris\u00e3o<\/title>\n<meta name=\"robots\" content=\"index, follow, max-snippet:-1, max-image-preview:large, max-video-preview:-1\" \/>\n<link rel=\"canonical\" href=\"https:\/\/www.altominho.tv\/site\/2020\/06\/26\/lider-de-grupo-de-contrafacao-de-notas-condenado-a-oito-anos-de-prisao\/\" \/>\n<meta property=\"og:locale\" content=\"pt_PT\" \/>\n<meta property=\"og:type\" content=\"article\" \/>\n<meta property=\"og:title\" content=\"L\u00edder de grupo de contrafa\u00e7\u00e3o de notas condenado a oito anos de pris\u00e3o\" \/>\n<meta property=\"og:description\" content=\"O l\u00edder de um grupo de contrafa\u00e7\u00e3o de notas de 50 e 10 euros foi esta sexta-feira condenado pelo Tribunal de Coimbra a oito anos de pris\u00e3o, pela pr\u00e1tica do crime de contrafa\u00e7\u00e3o de moeda. O tribunal de j\u00fari deu como provados todos os factos presentes na acusa\u00e7\u00e3o, considerando as declara\u00e7\u00f5es do arguido &#8211; que [&hellip;]\" \/>\n<meta property=\"og:url\" content=\"https:\/\/www.altominho.tv\/site\/2020\/06\/26\/lider-de-grupo-de-contrafacao-de-notas-condenado-a-oito-anos-de-prisao\/\" \/>\n<meta property=\"og:site_name\" content=\"Altominho.tv\" \/>\n<meta property=\"article:publisher\" content=\"https:\/\/www.facebook.com\/altominhotv\" \/>\n<meta property=\"article:published_time\" content=\"2020-06-26T16:43:06+00:00\" \/>\n<meta property=\"article:modified_time\" content=\"2020-06-26T16:43:09+00:00\" \/>\n<meta property=\"og:image\" content=\"https:\/\/www.altominho.tv\/site\/wp-content\/uploads\/2020\/06\/algemas-740x412-1.jpg\" \/>\n\t<meta property=\"og:image:width\" content=\"740\" \/>\n\t<meta property=\"og:image:height\" content=\"412\" \/>\n\t<meta property=\"og:image:type\" content=\"image\/jpeg\" \/>\n<meta name=\"author\" content=\"Andreia Ferreira | Lusa\" \/>\n<meta name=\"twitter:card\" content=\"summary_large_image\" \/>\n<meta name=\"twitter:creator\" content=\"@altominhoTV\" \/>\n<meta name=\"twitter:site\" content=\"@altominhoTV\" \/>\n<meta name=\"twitter:label1\" content=\"Escrito por\" \/>\n\t<meta name=\"twitter:data1\" content=\"Andreia Ferreira | Lusa\" \/>\n\t<meta name=\"twitter:label2\" content=\"Tempo estimado de leitura\" \/>\n\t<meta name=\"twitter:data2\" content=\"2 minutos\" \/>\n<script type=\"application\/ld+json\" class=\"yoast-schema-graph\">{\"@context\":\"https:\\\/\\\/schema.org\",\"@graph\":[{\"@type\":\"Article\",\"@id\":\"https:\\\/\\\/www.altominho.tv\\\/site\\\/2020\\\/06\\\/26\\\/lider-de-grupo-de-contrafacao-de-notas-condenado-a-oito-anos-de-prisao\\\/#article\",\"isPartOf\":{\"@id\":\"https:\\\/\\\/www.altominho.tv\\\/site\\\/2020\\\/06\\\/26\\\/lider-de-grupo-de-contrafacao-de-notas-condenado-a-oito-anos-de-prisao\\\/\"},\"author\":{\"name\":\"Andreia Ferreira | Lusa\",\"@id\":\"https:\\\/\\\/www.altominho.tv\\\/site\\\/#\\\/schema\\\/person\\\/a0bff6dc1041aadd46fa81887444b017\"},\"headline\":\"L\u00edder de grupo de contrafa\u00e7\u00e3o de notas condenado a oito anos de pris\u00e3o\",\"datePublished\":\"2020-06-26T16:43:06+00:00\",\"dateModified\":\"2020-06-26T16:43:09+00:00\",\"mainEntityOfPage\":{\"@id\":\"https:\\\/\\\/www.altominho.tv\\\/site\\\/2020\\\/06\\\/26\\\/lider-de-grupo-de-contrafacao-de-notas-condenado-a-oito-anos-de-prisao\\\/\"},\"wordCount\":460,\"image\":{\"@id\":\"https:\\\/\\\/www.altominho.tv\\\/site\\\/2020\\\/06\\\/26\\\/lider-de-grupo-de-contrafacao-de-notas-condenado-a-oito-anos-de-prisao\\\/#primaryimage\"},\"thumbnailUrl\":\"https:\\\/\\\/www.altominho.tv\\\/site\\\/wp-content\\\/uploads\\\/2020\\\/06\\\/algemas-740x412-1.jpg\",\"keywords\":[\"Sociedade\"],\"articleSection\":[\"Arcos de Valdevez\"],\"inLanguage\":\"pt-PT\",\"copyrightYear\":\"2020\",\"copyrightHolder\":{\"@id\":\"https:\\\/\\\/www.altominho.tv\\\/site\\\/#organization\"}},{\"@type\":\"WebPage\",\"@id\":\"https:\\\/\\\/www.altominho.tv\\\/site\\\/2020\\\/06\\\/26\\\/lider-de-grupo-de-contrafacao-de-notas-condenado-a-oito-anos-de-prisao\\\/\",\"url\":\"https:\\\/\\\/www.altominho.tv\\\/site\\\/2020\\\/06\\\/26\\\/lider-de-grupo-de-contrafacao-de-notas-condenado-a-oito-anos-de-prisao\\\/\",\"name\":\"L\u00edder de grupo de contrafa\u00e7\u00e3o de notas condenado a oito anos de pris\u00e3o\",\"isPartOf\":{\"@id\":\"https:\\\/\\\/www.altominho.tv\\\/site\\\/#website\"},\"primaryImageOfPage\":{\"@id\":\"https:\\\/\\\/www.altominho.tv\\\/site\\\/2020\\\/06\\\/26\\\/lider-de-grupo-de-contrafacao-de-notas-condenado-a-oito-anos-de-prisao\\\/#primaryimage\"},\"image\":{\"@id\":\"https:\\\/\\\/www.altominho.tv\\\/site\\\/2020\\\/06\\\/26\\\/lider-de-grupo-de-contrafacao-de-notas-condenado-a-oito-anos-de-prisao\\\/#primaryimage\"},\"thumbnailUrl\":\"https:\\\/\\\/www.altominho.tv\\\/site\\\/wp-content\\\/uploads\\\/2020\\\/06\\\/algemas-740x412-1.jpg\",\"datePublished\":\"2020-06-26T16:43:06+00:00\",\"dateModified\":\"2020-06-26T16:43:09+00:00\",\"author\":{\"@id\":\"https:\\\/\\\/www.altominho.tv\\\/site\\\/#\\\/schema\\\/person\\\/a0bff6dc1041aadd46fa81887444b017\"},\"breadcrumb\":{\"@id\":\"https:\\\/\\\/www.altominho.tv\\\/site\\\/2020\\\/06\\\/26\\\/lider-de-grupo-de-contrafacao-de-notas-condenado-a-oito-anos-de-prisao\\\/#breadcrumb\"},\"inLanguage\":\"pt-PT\",\"potentialAction\":[{\"@type\":\"ReadAction\",\"target\":[\"https:\\\/\\\/www.altominho.tv\\\/site\\\/2020\\\/06\\\/26\\\/lider-de-grupo-de-contrafacao-de-notas-condenado-a-oito-anos-de-prisao\\\/\"]}]},{\"@type\":\"ImageObject\",\"inLanguage\":\"pt-PT\",\"@id\":\"https:\\\/\\\/www.altominho.tv\\\/site\\\/2020\\\/06\\\/26\\\/lider-de-grupo-de-contrafacao-de-notas-condenado-a-oito-anos-de-prisao\\\/#primaryimage\",\"url\":\"https:\\\/\\\/www.altominho.tv\\\/site\\\/wp-content\\\/uploads\\\/2020\\\/06\\\/algemas-740x412-1.jpg\",\"contentUrl\":\"https:\\\/\\\/www.altominho.tv\\\/site\\\/wp-content\\\/uploads\\\/2020\\\/06\\\/algemas-740x412-1.jpg\",\"width\":740,\"height\":412},{\"@type\":\"BreadcrumbList\",\"@id\":\"https:\\\/\\\/www.altominho.tv\\\/site\\\/2020\\\/06\\\/26\\\/lider-de-grupo-de-contrafacao-de-notas-condenado-a-oito-anos-de-prisao\\\/#breadcrumb\",\"itemListElement\":[{\"@type\":\"ListItem\",\"position\":1,\"name\":\"In\u00edcio\",\"item\":\"https:\\\/\\\/www.altominho.tv\\\/site\\\/\"},{\"@type\":\"ListItem\",\"position\":2,\"name\":\"L\u00edder de grupo de contrafa\u00e7\u00e3o de notas condenado a oito anos de pris\u00e3o\"}]},{\"@type\":\"WebSite\",\"@id\":\"https:\\\/\\\/www.altominho.tv\\\/site\\\/#website\",\"url\":\"https:\\\/\\\/www.altominho.tv\\\/site\\\/\",\"name\":\"Altominho.tv\",\"description\":\"A sua regi\u00e3o \u00e0 dist\u00e2ncia de um clique...\",\"potentialAction\":[{\"@type\":\"SearchAction\",\"target\":{\"@type\":\"EntryPoint\",\"urlTemplate\":\"https:\\\/\\\/www.altominho.tv\\\/site\\\/?s={search_term_string}\"},\"query-input\":{\"@type\":\"PropertyValueSpecification\",\"valueRequired\":true,\"valueName\":\"search_term_string\"}}],\"inLanguage\":\"pt-PT\"},{\"@type\":\"Person\",\"@id\":\"https:\\\/\\\/www.altominho.tv\\\/site\\\/#\\\/schema\\\/person\\\/a0bff6dc1041aadd46fa81887444b017\",\"name\":\"Andreia Ferreira | Lusa\",\"image\":{\"@type\":\"ImageObject\",\"inLanguage\":\"pt-PT\",\"@id\":\"https:\\\/\\\/www.altominho.tv\\\/site\\\/wp-content\\\/uploads\\\/2018\\\/04\\\/Andreia-150x150.jpg\",\"url\":\"https:\\\/\\\/www.altominho.tv\\\/site\\\/wp-content\\\/uploads\\\/2018\\\/04\\\/Andreia-150x150.jpg\",\"contentUrl\":\"https:\\\/\\\/www.altominho.tv\\\/site\\\/wp-content\\\/uploads\\\/2018\\\/04\\\/Andreia-150x150.jpg\",\"caption\":\"Andreia Ferreira | Lusa\"},\"sameAs\":[\"https:\\\/\\\/www.altominho.tv\\\/site\"],\"url\":\"https:\\\/\\\/www.altominho.tv\\\/site\\\/author\\\/andreiaferreiralusa\\\/\"}]}<\/script>\n<!-- \/ Yoast SEO Premium plugin. -->","yoast_head_json":{"title":"L\u00edder de grupo de contrafa\u00e7\u00e3o de notas condenado a oito anos de pris\u00e3o","robots":{"index":"index","follow":"follow","max-snippet":"max-snippet:-1","max-image-preview":"max-image-preview:large","max-video-preview":"max-video-preview:-1"},"canonical":"https:\/\/www.altominho.tv\/site\/2020\/06\/26\/lider-de-grupo-de-contrafacao-de-notas-condenado-a-oito-anos-de-prisao\/","og_locale":"pt_PT","og_type":"article","og_title":"L\u00edder de grupo de contrafa\u00e7\u00e3o de notas condenado a oito anos de pris\u00e3o","og_description":"O l\u00edder de um grupo de contrafa\u00e7\u00e3o de notas de 50 e 10 euros foi esta sexta-feira condenado pelo Tribunal de Coimbra a oito anos de pris\u00e3o, pela pr\u00e1tica do crime de contrafa\u00e7\u00e3o de moeda. O tribunal de j\u00fari deu como provados todos os factos presentes na acusa\u00e7\u00e3o, considerando as declara\u00e7\u00f5es do arguido &#8211; que [&hellip;]","og_url":"https:\/\/www.altominho.tv\/site\/2020\/06\/26\/lider-de-grupo-de-contrafacao-de-notas-condenado-a-oito-anos-de-prisao\/","og_site_name":"Altominho.tv","article_publisher":"https:\/\/www.facebook.com\/altominhotv","article_published_time":"2020-06-26T16:43:06+00:00","article_modified_time":"2020-06-26T16:43:09+00:00","og_image":[{"width":740,"height":412,"url":"https:\/\/www.altominho.tv\/site\/wp-content\/uploads\/2020\/06\/algemas-740x412-1.jpg","type":"image\/jpeg"}],"author":"Andreia Ferreira | Lusa","twitter_card":"summary_large_image","twitter_creator":"@altominhoTV","twitter_site":"@altominhoTV","twitter_misc":{"Escrito por":"Andreia Ferreira | Lusa","Tempo estimado de leitura":"2 minutos"},"schema":{"@context":"https:\/\/schema.org","@graph":[{"@type":"Article","@id":"https:\/\/www.altominho.tv\/site\/2020\/06\/26\/lider-de-grupo-de-contrafacao-de-notas-condenado-a-oito-anos-de-prisao\/#article","isPartOf":{"@id":"https:\/\/www.altominho.tv\/site\/2020\/06\/26\/lider-de-grupo-de-contrafacao-de-notas-condenado-a-oito-anos-de-prisao\/"},"author":{"name":"Andreia Ferreira | Lusa","@id":"https:\/\/www.altominho.tv\/site\/#\/schema\/person\/a0bff6dc1041aadd46fa81887444b017"},"headline":"L\u00edder de grupo de contrafa\u00e7\u00e3o de notas condenado a oito anos de pris\u00e3o","datePublished":"2020-06-26T16:43:06+00:00","dateModified":"2020-06-26T16:43:09+00:00","mainEntityOfPage":{"@id":"https:\/\/www.altominho.tv\/site\/2020\/06\/26\/lider-de-grupo-de-contrafacao-de-notas-condenado-a-oito-anos-de-prisao\/"},"wordCount":460,"image":{"@id":"https:\/\/www.altominho.tv\/site\/2020\/06\/26\/lider-de-grupo-de-contrafacao-de-notas-condenado-a-oito-anos-de-prisao\/#primaryimage"},"thumbnailUrl":"https:\/\/www.altominho.tv\/site\/wp-content\/uploads\/2020\/06\/algemas-740x412-1.jpg","keywords":["Sociedade"],"articleSection":["Arcos de Valdevez"],"inLanguage":"pt-PT","copyrightYear":"2020","copyrightHolder":{"@id":"https:\/\/www.altominho.tv\/site\/#organization"}},{"@type":"WebPage","@id":"https:\/\/www.altominho.tv\/site\/2020\/06\/26\/lider-de-grupo-de-contrafacao-de-notas-condenado-a-oito-anos-de-prisao\/","url":"https:\/\/www.altominho.tv\/site\/2020\/06\/26\/lider-de-grupo-de-contrafacao-de-notas-condenado-a-oito-anos-de-prisao\/","name":"L\u00edder de grupo de contrafa\u00e7\u00e3o de notas condenado a oito anos de pris\u00e3o","isPartOf":{"@id":"https:\/\/www.altominho.tv\/site\/#website"},"primaryImageOfPage":{"@id":"https:\/\/www.altominho.tv\/site\/2020\/06\/26\/lider-de-grupo-de-contrafacao-de-notas-condenado-a-oito-anos-de-prisao\/#primaryimage"},"image":{"@id":"https:\/\/www.altominho.tv\/site\/2020\/06\/26\/lider-de-grupo-de-contrafacao-de-notas-condenado-a-oito-anos-de-prisao\/#primaryimage"},"thumbnailUrl":"https:\/\/www.altominho.tv\/site\/wp-content\/uploads\/2020\/06\/algemas-740x412-1.jpg","datePublished":"2020-06-26T16:43:06+00:00","dateModified":"2020-06-26T16:43:09+00:00","author":{"@id":"https:\/\/www.altominho.tv\/site\/#\/schema\/person\/a0bff6dc1041aadd46fa81887444b017"},"breadcrumb":{"@id":"https:\/\/www.altominho.tv\/site\/2020\/06\/26\/lider-de-grupo-de-contrafacao-de-notas-condenado-a-oito-anos-de-prisao\/#breadcrumb"},"inLanguage":"pt-PT","potentialAction":[{"@type":"ReadAction","target":["https:\/\/www.altominho.tv\/site\/2020\/06\/26\/lider-de-grupo-de-contrafacao-de-notas-condenado-a-oito-anos-de-prisao\/"]}]},{"@type":"ImageObject","inLanguage":"pt-PT","@id":"https:\/\/www.altominho.tv\/site\/2020\/06\/26\/lider-de-grupo-de-contrafacao-de-notas-condenado-a-oito-anos-de-prisao\/#primaryimage","url":"https:\/\/www.altominho.tv\/site\/wp-content\/uploads\/2020\/06\/algemas-740x412-1.jpg","contentUrl":"https:\/\/www.altominho.tv\/site\/wp-content\/uploads\/2020\/06\/algemas-740x412-1.jpg","width":740,"height":412},{"@type":"BreadcrumbList","@id":"https:\/\/www.altominho.tv\/site\/2020\/06\/26\/lider-de-grupo-de-contrafacao-de-notas-condenado-a-oito-anos-de-prisao\/#breadcrumb","itemListElement":[{"@type":"ListItem","position":1,"name":"In\u00edcio","item":"https:\/\/www.altominho.tv\/site\/"},{"@type":"ListItem","position":2,"name":"L\u00edder de grupo de contrafa\u00e7\u00e3o de notas condenado a oito anos de pris\u00e3o"}]},{"@type":"WebSite","@id":"https:\/\/www.altominho.tv\/site\/#website","url":"https:\/\/www.altominho.tv\/site\/","name":"Altominho.tv","description":"A sua regi\u00e3o \u00e0 dist\u00e2ncia de um clique...","potentialAction":[{"@type":"SearchAction","target":{"@type":"EntryPoint","urlTemplate":"https:\/\/www.altominho.tv\/site\/?s={search_term_string}"},"query-input":{"@type":"PropertyValueSpecification","valueRequired":true,"valueName":"search_term_string"}}],"inLanguage":"pt-PT"},{"@type":"Person","@id":"https:\/\/www.altominho.tv\/site\/#\/schema\/person\/a0bff6dc1041aadd46fa81887444b017","name":"Andreia Ferreira | Lusa","image":{"@type":"ImageObject","inLanguage":"pt-PT","@id":"https:\/\/www.altominho.tv\/site\/wp-content\/uploads\/2018\/04\/Andreia-150x150.jpg","url":"https:\/\/www.altominho.tv\/site\/wp-content\/uploads\/2018\/04\/Andreia-150x150.jpg","contentUrl":"https:\/\/www.altominho.tv\/site\/wp-content\/uploads\/2018\/04\/Andreia-150x150.jpg","caption":"Andreia Ferreira | Lusa"},"sameAs":["https:\/\/www.altominho.tv\/site"],"url":"https:\/\/www.altominho.tv\/site\/author\/andreiaferreiralusa\/"}]}},"_links":{"self":[{"href":"https:\/\/www.altominho.tv\/site\/wp-json\/wp\/v2\/posts\/48432","targetHints":{"allow":["GET"]}}],"collection":[{"href":"https:\/\/www.altominho.tv\/site\/wp-json\/wp\/v2\/posts"}],"about":[{"href":"https:\/\/www.altominho.tv\/site\/wp-json\/wp\/v2\/types\/post"}],"author":[{"embeddable":true,"href":"https:\/\/www.altominho.tv\/site\/wp-json\/wp\/v2\/users\/15"}],"replies":[{"embeddable":true,"href":"https:\/\/www.altominho.tv\/site\/wp-json\/wp\/v2\/comments?post=48432"}],"version-history":[{"count":0,"href":"https:\/\/www.altominho.tv\/site\/wp-json\/wp\/v2\/posts\/48432\/revisions"}],"wp:featuredmedia":[{"embeddable":true,"href":"https:\/\/www.altominho.tv\/site\/wp-json\/wp\/v2\/media\/48433"}],"wp:attachment":[{"href":"https:\/\/www.altominho.tv\/site\/wp-json\/wp\/v2\/media?parent=48432"}],"wp:term":[{"taxonomy":"category","embeddable":true,"href":"https:\/\/www.altominho.tv\/site\/wp-json\/wp\/v2\/categories?post=48432"},{"taxonomy":"post_tag","embeddable":true,"href":"https:\/\/www.altominho.tv\/site\/wp-json\/wp\/v2\/tags?post=48432"}],"curies":[{"name":"wp","href":"https:\/\/api.w.org\/{rel}","templated":true}]}}