{"id":48397,"date":"2020-06-26T11:10:10","date_gmt":"2020-06-26T10:10:10","guid":{"rendered":"http:\/\/www.altominho.tv\/site\/?p=48397"},"modified":"2020-06-26T11:14:26","modified_gmt":"2020-06-26T10:14:26","slug":"lugar-de-%f0%9d%97%a3%f0%9d%97%ae%f0%9d%97%bf%f0%9d%97%ae%f0%9d%97%b1%f0%9d%97%b2%f0%9d%97%b9%f0%9d%97%ae-%f0%9d%97%a6%f0%9d%97%bc%f0%9d%97%ae%f0%9d%97%b7%f0%9d%97%bc-acolhe-acao-no-ambito-do","status":"publish","type":"post","link":"https:\/\/www.altominho.tv\/site\/2020\/06\/26\/lugar-de-%f0%9d%97%a3%f0%9d%97%ae%f0%9d%97%bf%f0%9d%97%ae%f0%9d%97%b1%f0%9d%97%b2%f0%9d%97%b9%f0%9d%97%ae-%f0%9d%97%a6%f0%9d%97%bc%f0%9d%97%ae%f0%9d%97%b7%f0%9d%97%bc-acolhe-acao-no-ambito-do\/","title":{"rendered":"Lugar de Paradela &#8211; Soajo acolhe a\u00e7\u00e3o no \u00e2mbito do Programa &#8220;Aldeia Segura &#8211; Pessoas Seguras&#8221;"},"content":{"rendered":"\n<p>Os Bombeiros Volunt\u00e1rios de Arcos de Valdevez, em conjunto com o Servi\u00e7o de Prote\u00e7\u00e3o Civil Municipal, a Autoridade Nacional de Prote\u00e7\u00e3o Civil, a Autoridade Nacional de Emerg\u00eancia e Prote\u00e7\u00e3o Civil, o Comando Distrital de Opera\u00e7\u00f5es de Socorro de Viana do Castelo, a G.N.R Arcos de Valdevez, o INEM, a Junta de Freguesia de Soajo, a Comiss\u00e3o de Baldios de Soajo, os Sapadores Florestais e o ICNF, estiveram na quinta-feira, dia 25 de junho, no lugar de Paradela \u2013 Soajo com a iniciativa \u201cAldeia Segura, Pessoas Seguras\u201d.<\/p>\n\n\n\n<p>As v\u00e1rias entidades estiveram reunidas, nesta que \u00e9 uma a\u00e7\u00e3o de preven\u00e7\u00e3o, sensibiliza\u00e7\u00e3o e prepara\u00e7\u00e3o face a inc\u00eandios rurais. <\/p>\n\n\n\n<p>A implementa\u00e7\u00e3o deste programa resulta da articula\u00e7\u00e3o entre as v\u00e1rias entidades.<\/p>\n","protected":false},"excerpt":{"rendered":"<p>Os Bombeiros Volunt\u00e1rios de Arcos de Valdevez, em conjunto com o Servi\u00e7o de Prote\u00e7\u00e3o Civil Municipal, a Autoridade Nacional de Prote\u00e7\u00e3o Civil, a Autoridade Nacional de Emerg\u00eancia e Prote\u00e7\u00e3o Civil, o Comando Distrital de Opera\u00e7\u00f5es de Socorro de Viana do Castelo, a G.N.R Arcos de Valdevez, o INEM, a Junta de Freguesia de Soajo, a [&hellip;]<\/p>\n","protected":false},"author":7,"featured_media":48402,"comment_status":"closed","ping_status":"closed","sticky":false,"template":"","format":"standard","meta":{"_exactmetrics_skip_tracking":false,"_exactmetrics_sitenote_active":false,"_exactmetrics_sitenote_note":"","_exactmetrics_sitenote_category":0,"footnotes":""},"categories":[2],"tags":[27],"class_list":["post-48397","post","type-post","status-publish","format-standard","has-post-thumbnail","hentry","category-arcos-de-valdevez","tag-sociedade"],"yoast_head":"<!-- This site is optimized with the Yoast SEO Premium plugin v27.4 (Yoast SEO v27.4) - https:\/\/yoast.com\/product\/yoast-seo-premium-wordpress\/ -->\n<title>Lugar de Paradela - Soajo acolhe a\u00e7\u00e3o no \u00e2mbito do Programa &quot;Aldeia Segura - Pessoas Seguras&quot;<\/title>\n<meta name=\"robots\" content=\"index, follow, max-snippet:-1, max-image-preview:large, max-video-preview:-1\" \/>\n<link rel=\"canonical\" href=\"https:\/\/www.altominho.tv\/site\/2020\/06\/26\/lugar-de-\ud835\udde3\ud835\uddee\ud835\uddff\ud835\uddee\ud835\uddf1\ud835\uddf2\ud835\uddf9\ud835\uddee-\ud835\udde6\ud835\uddfc\ud835\uddee\ud835\uddf7\ud835\uddfc-acolhe-acao-no-ambito-do\/\" \/>\n<meta property=\"og:locale\" content=\"pt_PT\" \/>\n<meta property=\"og:type\" content=\"article\" \/>\n<meta property=\"og:title\" content=\"Lugar de Paradela - Soajo acolhe a\u00e7\u00e3o no \u00e2mbito do Programa &quot;Aldeia Segura - Pessoas Seguras&quot;\" \/>\n<meta property=\"og:description\" content=\"Os Bombeiros Volunt\u00e1rios de Arcos de Valdevez, em conjunto com o Servi\u00e7o de Prote\u00e7\u00e3o Civil Municipal, a Autoridade Nacional de Prote\u00e7\u00e3o Civil, a Autoridade Nacional de Emerg\u00eancia e Prote\u00e7\u00e3o Civil, o Comando Distrital de Opera\u00e7\u00f5es de Socorro de Viana do Castelo, a G.N.R Arcos de Valdevez, o INEM, a Junta de Freguesia de Soajo, a [&hellip;]\" \/>\n<meta property=\"og:url\" content=\"https:\/\/www.altominho.tv\/site\/2020\/06\/26\/lugar-de-\ud835\udde3\ud835\uddee\ud835\uddff\ud835\uddee\ud835\uddf1\ud835\uddf2\ud835\uddf9\ud835\uddee-\ud835\udde6\ud835\uddfc\ud835\uddee\ud835\uddf7\ud835\uddfc-acolhe-acao-no-ambito-do\/\" \/>\n<meta property=\"og:site_name\" content=\"Altominho.tv\" \/>\n<meta property=\"article:publisher\" content=\"https:\/\/www.facebook.com\/altominhotv\" \/>\n<meta property=\"article:published_time\" content=\"2020-06-26T10:10:10+00:00\" \/>\n<meta property=\"article:modified_time\" content=\"2020-06-26T10:14:26+00:00\" \/>\n<meta property=\"og:image\" content=\"https:\/\/www.altominho.tv\/site\/wp-content\/uploads\/2020\/06\/soajo-bombeiros.jpg\" \/>\n\t<meta property=\"og:image:width\" content=\"1824\" \/>\n\t<meta property=\"og:image:height\" content=\"1054\" \/>\n\t<meta property=\"og:image:type\" content=\"image\/jpeg\" \/>\n<meta name=\"author\" content=\"Andreia Cunha\" \/>\n<meta name=\"twitter:card\" content=\"summary_large_image\" \/>\n<meta name=\"twitter:creator\" content=\"@altominhoTV\" \/>\n<meta name=\"twitter:site\" content=\"@altominhoTV\" \/>\n<meta name=\"twitter:label1\" content=\"Escrito por\" \/>\n\t<meta name=\"twitter:data1\" content=\"Andreia Cunha\" \/>\n\t<meta name=\"twitter:label2\" content=\"Tempo estimado de leitura\" \/>\n\t<meta name=\"twitter:data2\" content=\"1 minuto\" \/>\n<script type=\"application\/ld+json\" class=\"yoast-schema-graph\">{\"@context\":\"https:\\\/\\\/schema.org\",\"@graph\":[{\"@type\":\"Article\",\"@id\":\"https:\\\/\\\/www.altominho.tv\\\/site\\\/2020\\\/06\\\/26\\\/lugar-de-%f0%9d%97%a3%f0%9d%97%ae%f0%9d%97%bf%f0%9d%97%ae%f0%9d%97%b1%f0%9d%97%b2%f0%9d%97%b9%f0%9d%97%ae-%f0%9d%97%a6%f0%9d%97%bc%f0%9d%97%ae%f0%9d%97%b7%f0%9d%97%bc-acolhe-acao-no-ambito-do\\\/#article\",\"isPartOf\":{\"@id\":\"https:\\\/\\\/www.altominho.tv\\\/site\\\/2020\\\/06\\\/26\\\/lugar-de-%f0%9d%97%a3%f0%9d%97%ae%f0%9d%97%bf%f0%9d%97%ae%f0%9d%97%b1%f0%9d%97%b2%f0%9d%97%b9%f0%9d%97%ae-%f0%9d%97%a6%f0%9d%97%bc%f0%9d%97%ae%f0%9d%97%b7%f0%9d%97%bc-acolhe-acao-no-ambito-do\\\/\"},\"author\":{\"name\":\"Andreia Cunha\",\"@id\":\"https:\\\/\\\/www.altominho.tv\\\/site\\\/#\\\/schema\\\/person\\\/a0e4ef6d041f98ca284393d8f1d97153\"},\"headline\":\"Lugar de Paradela &#8211; Soajo acolhe a\u00e7\u00e3o no \u00e2mbito do Programa &#8220;Aldeia Segura &#8211; Pessoas Seguras&#8221;\",\"datePublished\":\"2020-06-26T10:10:10+00:00\",\"dateModified\":\"2020-06-26T10:14:26+00:00\",\"mainEntityOfPage\":{\"@id\":\"https:\\\/\\\/www.altominho.tv\\\/site\\\/2020\\\/06\\\/26\\\/lugar-de-%f0%9d%97%a3%f0%9d%97%ae%f0%9d%97%bf%f0%9d%97%ae%f0%9d%97%b1%f0%9d%97%b2%f0%9d%97%b9%f0%9d%97%ae-%f0%9d%97%a6%f0%9d%97%bc%f0%9d%97%ae%f0%9d%97%b7%f0%9d%97%bc-acolhe-acao-no-ambito-do\\\/\"},\"wordCount\":149,\"image\":{\"@id\":\"https:\\\/\\\/www.altominho.tv\\\/site\\\/2020\\\/06\\\/26\\\/lugar-de-%f0%9d%97%a3%f0%9d%97%ae%f0%9d%97%bf%f0%9d%97%ae%f0%9d%97%b1%f0%9d%97%b2%f0%9d%97%b9%f0%9d%97%ae-%f0%9d%97%a6%f0%9d%97%bc%f0%9d%97%ae%f0%9d%97%b7%f0%9d%97%bc-acolhe-acao-no-ambito-do\\\/#primaryimage\"},\"thumbnailUrl\":\"https:\\\/\\\/www.altominho.tv\\\/site\\\/wp-content\\\/uploads\\\/2020\\\/06\\\/soajo-bombeiros.jpg\",\"keywords\":[\"Sociedade\"],\"articleSection\":[\"Arcos de Valdevez\"],\"inLanguage\":\"pt-PT\",\"copyrightYear\":\"2020\",\"copyrightHolder\":{\"@id\":\"https:\\\/\\\/www.altominho.tv\\\/site\\\/#organization\"}},{\"@type\":\"WebPage\",\"@id\":\"https:\\\/\\\/www.altominho.tv\\\/site\\\/2020\\\/06\\\/26\\\/lugar-de-%f0%9d%97%a3%f0%9d%97%ae%f0%9d%97%bf%f0%9d%97%ae%f0%9d%97%b1%f0%9d%97%b2%f0%9d%97%b9%f0%9d%97%ae-%f0%9d%97%a6%f0%9d%97%bc%f0%9d%97%ae%f0%9d%97%b7%f0%9d%97%bc-acolhe-acao-no-ambito-do\\\/\",\"url\":\"https:\\\/\\\/www.altominho.tv\\\/site\\\/2020\\\/06\\\/26\\\/lugar-de-%f0%9d%97%a3%f0%9d%97%ae%f0%9d%97%bf%f0%9d%97%ae%f0%9d%97%b1%f0%9d%97%b2%f0%9d%97%b9%f0%9d%97%ae-%f0%9d%97%a6%f0%9d%97%bc%f0%9d%97%ae%f0%9d%97%b7%f0%9d%97%bc-acolhe-acao-no-ambito-do\\\/\",\"name\":\"Lugar de Paradela - Soajo acolhe a\u00e7\u00e3o no \u00e2mbito do Programa \\\"Aldeia Segura - Pessoas Seguras\\\"\",\"isPartOf\":{\"@id\":\"https:\\\/\\\/www.altominho.tv\\\/site\\\/#website\"},\"primaryImageOfPage\":{\"@id\":\"https:\\\/\\\/www.altominho.tv\\\/site\\\/2020\\\/06\\\/26\\\/lugar-de-%f0%9d%97%a3%f0%9d%97%ae%f0%9d%97%bf%f0%9d%97%ae%f0%9d%97%b1%f0%9d%97%b2%f0%9d%97%b9%f0%9d%97%ae-%f0%9d%97%a6%f0%9d%97%bc%f0%9d%97%ae%f0%9d%97%b7%f0%9d%97%bc-acolhe-acao-no-ambito-do\\\/#primaryimage\"},\"image\":{\"@id\":\"https:\\\/\\\/www.altominho.tv\\\/site\\\/2020\\\/06\\\/26\\\/lugar-de-%f0%9d%97%a3%f0%9d%97%ae%f0%9d%97%bf%f0%9d%97%ae%f0%9d%97%b1%f0%9d%97%b2%f0%9d%97%b9%f0%9d%97%ae-%f0%9d%97%a6%f0%9d%97%bc%f0%9d%97%ae%f0%9d%97%b7%f0%9d%97%bc-acolhe-acao-no-ambito-do\\\/#primaryimage\"},\"thumbnailUrl\":\"https:\\\/\\\/www.altominho.tv\\\/site\\\/wp-content\\\/uploads\\\/2020\\\/06\\\/soajo-bombeiros.jpg\",\"datePublished\":\"2020-06-26T10:10:10+00:00\",\"dateModified\":\"2020-06-26T10:14:26+00:00\",\"author\":{\"@id\":\"https:\\\/\\\/www.altominho.tv\\\/site\\\/#\\\/schema\\\/person\\\/a0e4ef6d041f98ca284393d8f1d97153\"},\"breadcrumb\":{\"@id\":\"https:\\\/\\\/www.altominho.tv\\\/site\\\/2020\\\/06\\\/26\\\/lugar-de-%f0%9d%97%a3%f0%9d%97%ae%f0%9d%97%bf%f0%9d%97%ae%f0%9d%97%b1%f0%9d%97%b2%f0%9d%97%b9%f0%9d%97%ae-%f0%9d%97%a6%f0%9d%97%bc%f0%9d%97%ae%f0%9d%97%b7%f0%9d%97%bc-acolhe-acao-no-ambito-do\\\/#breadcrumb\"},\"inLanguage\":\"pt-PT\",\"potentialAction\":[{\"@type\":\"ReadAction\",\"target\":[\"https:\\\/\\\/www.altominho.tv\\\/site\\\/2020\\\/06\\\/26\\\/lugar-de-%f0%9d%97%a3%f0%9d%97%ae%f0%9d%97%bf%f0%9d%97%ae%f0%9d%97%b1%f0%9d%97%b2%f0%9d%97%b9%f0%9d%97%ae-%f0%9d%97%a6%f0%9d%97%bc%f0%9d%97%ae%f0%9d%97%b7%f0%9d%97%bc-acolhe-acao-no-ambito-do\\\/\"]}]},{\"@type\":\"ImageObject\",\"inLanguage\":\"pt-PT\",\"@id\":\"https:\\\/\\\/www.altominho.tv\\\/site\\\/2020\\\/06\\\/26\\\/lugar-de-%f0%9d%97%a3%f0%9d%97%ae%f0%9d%97%bf%f0%9d%97%ae%f0%9d%97%b1%f0%9d%97%b2%f0%9d%97%b9%f0%9d%97%ae-%f0%9d%97%a6%f0%9d%97%bc%f0%9d%97%ae%f0%9d%97%b7%f0%9d%97%bc-acolhe-acao-no-ambito-do\\\/#primaryimage\",\"url\":\"https:\\\/\\\/www.altominho.tv\\\/site\\\/wp-content\\\/uploads\\\/2020\\\/06\\\/soajo-bombeiros.jpg\",\"contentUrl\":\"https:\\\/\\\/www.altominho.tv\\\/site\\\/wp-content\\\/uploads\\\/2020\\\/06\\\/soajo-bombeiros.jpg\",\"width\":1824,\"height\":1054},{\"@type\":\"BreadcrumbList\",\"@id\":\"https:\\\/\\\/www.altominho.tv\\\/site\\\/2020\\\/06\\\/26\\\/lugar-de-%f0%9d%97%a3%f0%9d%97%ae%f0%9d%97%bf%f0%9d%97%ae%f0%9d%97%b1%f0%9d%97%b2%f0%9d%97%b9%f0%9d%97%ae-%f0%9d%97%a6%f0%9d%97%bc%f0%9d%97%ae%f0%9d%97%b7%f0%9d%97%bc-acolhe-acao-no-ambito-do\\\/#breadcrumb\",\"itemListElement\":[{\"@type\":\"ListItem\",\"position\":1,\"name\":\"In\u00edcio\",\"item\":\"https:\\\/\\\/www.altominho.tv\\\/site\\\/\"},{\"@type\":\"ListItem\",\"position\":2,\"name\":\"Lugar de Paradela &#8211; Soajo acolhe a\u00e7\u00e3o no \u00e2mbito do Programa &#8220;Aldeia Segura &#8211; Pessoas Seguras&#8221;\"}]},{\"@type\":\"WebSite\",\"@id\":\"https:\\\/\\\/www.altominho.tv\\\/site\\\/#website\",\"url\":\"https:\\\/\\\/www.altominho.tv\\\/site\\\/\",\"name\":\"Altominho.tv\",\"description\":\"A sua regi\u00e3o \u00e0 dist\u00e2ncia de um clique...\",\"potentialAction\":[{\"@type\":\"SearchAction\",\"target\":{\"@type\":\"EntryPoint\",\"urlTemplate\":\"https:\\\/\\\/www.altominho.tv\\\/site\\\/?s={search_term_string}\"},\"query-input\":{\"@type\":\"PropertyValueSpecification\",\"valueRequired\":true,\"valueName\":\"search_term_string\"}}],\"inLanguage\":\"pt-PT\"},{\"@type\":\"Person\",\"@id\":\"https:\\\/\\\/www.altominho.tv\\\/site\\\/#\\\/schema\\\/person\\\/a0e4ef6d041f98ca284393d8f1d97153\",\"name\":\"Andreia Cunha\",\"image\":{\"@type\":\"ImageObject\",\"inLanguage\":\"pt-PT\",\"@id\":\"https:\\\/\\\/www.altominho.tv\\\/site\\\/wp-content\\\/uploads\\\/2017\\\/11\\\/Andreia_Cunha-1-150x150.jpg\",\"url\":\"https:\\\/\\\/www.altominho.tv\\\/site\\\/wp-content\\\/uploads\\\/2017\\\/11\\\/Andreia_Cunha-1-150x150.jpg\",\"contentUrl\":\"https:\\\/\\\/www.altominho.tv\\\/site\\\/wp-content\\\/uploads\\\/2017\\\/11\\\/Andreia_Cunha-1-150x150.jpg\",\"caption\":\"Andreia Cunha\"},\"url\":\"https:\\\/\\\/www.altominho.tv\\\/site\\\/author\\\/andreiacunha\\\/\"}]}<\/script>\n<!-- \/ Yoast SEO Premium plugin. -->","yoast_head_json":{"title":"Lugar de Paradela - Soajo acolhe a\u00e7\u00e3o no \u00e2mbito do Programa \"Aldeia Segura - Pessoas Seguras\"","robots":{"index":"index","follow":"follow","max-snippet":"max-snippet:-1","max-image-preview":"max-image-preview:large","max-video-preview":"max-video-preview:-1"},"canonical":"https:\/\/www.altominho.tv\/site\/2020\/06\/26\/lugar-de-\ud835\udde3\ud835\uddee\ud835\uddff\ud835\uddee\ud835\uddf1\ud835\uddf2\ud835\uddf9\ud835\uddee-\ud835\udde6\ud835\uddfc\ud835\uddee\ud835\uddf7\ud835\uddfc-acolhe-acao-no-ambito-do\/","og_locale":"pt_PT","og_type":"article","og_title":"Lugar de Paradela - Soajo acolhe a\u00e7\u00e3o no \u00e2mbito do Programa \"Aldeia Segura - Pessoas Seguras\"","og_description":"Os Bombeiros Volunt\u00e1rios de Arcos de Valdevez, em conjunto com o Servi\u00e7o de Prote\u00e7\u00e3o Civil Municipal, a Autoridade Nacional de Prote\u00e7\u00e3o Civil, a Autoridade Nacional de Emerg\u00eancia e Prote\u00e7\u00e3o Civil, o Comando Distrital de Opera\u00e7\u00f5es de Socorro de Viana do Castelo, a G.N.R Arcos de Valdevez, o INEM, a Junta de Freguesia de Soajo, a [&hellip;]","og_url":"https:\/\/www.altominho.tv\/site\/2020\/06\/26\/lugar-de-\ud835\udde3\ud835\uddee\ud835\uddff\ud835\uddee\ud835\uddf1\ud835\uddf2\ud835\uddf9\ud835\uddee-\ud835\udde6\ud835\uddfc\ud835\uddee\ud835\uddf7\ud835\uddfc-acolhe-acao-no-ambito-do\/","og_site_name":"Altominho.tv","article_publisher":"https:\/\/www.facebook.com\/altominhotv","article_published_time":"2020-06-26T10:10:10+00:00","article_modified_time":"2020-06-26T10:14:26+00:00","og_image":[{"width":1824,"height":1054,"url":"https:\/\/www.altominho.tv\/site\/wp-content\/uploads\/2020\/06\/soajo-bombeiros.jpg","type":"image\/jpeg"}],"author":"Andreia Cunha","twitter_card":"summary_large_image","twitter_creator":"@altominhoTV","twitter_site":"@altominhoTV","twitter_misc":{"Escrito por":"Andreia Cunha","Tempo estimado de leitura":"1 minuto"},"schema":{"@context":"https:\/\/schema.org","@graph":[{"@type":"Article","@id":"https:\/\/www.altominho.tv\/site\/2020\/06\/26\/lugar-de-%f0%9d%97%a3%f0%9d%97%ae%f0%9d%97%bf%f0%9d%97%ae%f0%9d%97%b1%f0%9d%97%b2%f0%9d%97%b9%f0%9d%97%ae-%f0%9d%97%a6%f0%9d%97%bc%f0%9d%97%ae%f0%9d%97%b7%f0%9d%97%bc-acolhe-acao-no-ambito-do\/#article","isPartOf":{"@id":"https:\/\/www.altominho.tv\/site\/2020\/06\/26\/lugar-de-%f0%9d%97%a3%f0%9d%97%ae%f0%9d%97%bf%f0%9d%97%ae%f0%9d%97%b1%f0%9d%97%b2%f0%9d%97%b9%f0%9d%97%ae-%f0%9d%97%a6%f0%9d%97%bc%f0%9d%97%ae%f0%9d%97%b7%f0%9d%97%bc-acolhe-acao-no-ambito-do\/"},"author":{"name":"Andreia Cunha","@id":"https:\/\/www.altominho.tv\/site\/#\/schema\/person\/a0e4ef6d041f98ca284393d8f1d97153"},"headline":"Lugar de Paradela &#8211; Soajo acolhe a\u00e7\u00e3o no \u00e2mbito do Programa &#8220;Aldeia Segura &#8211; Pessoas Seguras&#8221;","datePublished":"2020-06-26T10:10:10+00:00","dateModified":"2020-06-26T10:14:26+00:00","mainEntityOfPage":{"@id":"https:\/\/www.altominho.tv\/site\/2020\/06\/26\/lugar-de-%f0%9d%97%a3%f0%9d%97%ae%f0%9d%97%bf%f0%9d%97%ae%f0%9d%97%b1%f0%9d%97%b2%f0%9d%97%b9%f0%9d%97%ae-%f0%9d%97%a6%f0%9d%97%bc%f0%9d%97%ae%f0%9d%97%b7%f0%9d%97%bc-acolhe-acao-no-ambito-do\/"},"wordCount":149,"image":{"@id":"https:\/\/www.altominho.tv\/site\/2020\/06\/26\/lugar-de-%f0%9d%97%a3%f0%9d%97%ae%f0%9d%97%bf%f0%9d%97%ae%f0%9d%97%b1%f0%9d%97%b2%f0%9d%97%b9%f0%9d%97%ae-%f0%9d%97%a6%f0%9d%97%bc%f0%9d%97%ae%f0%9d%97%b7%f0%9d%97%bc-acolhe-acao-no-ambito-do\/#primaryimage"},"thumbnailUrl":"https:\/\/www.altominho.tv\/site\/wp-content\/uploads\/2020\/06\/soajo-bombeiros.jpg","keywords":["Sociedade"],"articleSection":["Arcos de Valdevez"],"inLanguage":"pt-PT","copyrightYear":"2020","copyrightHolder":{"@id":"https:\/\/www.altominho.tv\/site\/#organization"}},{"@type":"WebPage","@id":"https:\/\/www.altominho.tv\/site\/2020\/06\/26\/lugar-de-%f0%9d%97%a3%f0%9d%97%ae%f0%9d%97%bf%f0%9d%97%ae%f0%9d%97%b1%f0%9d%97%b2%f0%9d%97%b9%f0%9d%97%ae-%f0%9d%97%a6%f0%9d%97%bc%f0%9d%97%ae%f0%9d%97%b7%f0%9d%97%bc-acolhe-acao-no-ambito-do\/","url":"https:\/\/www.altominho.tv\/site\/2020\/06\/26\/lugar-de-%f0%9d%97%a3%f0%9d%97%ae%f0%9d%97%bf%f0%9d%97%ae%f0%9d%97%b1%f0%9d%97%b2%f0%9d%97%b9%f0%9d%97%ae-%f0%9d%97%a6%f0%9d%97%bc%f0%9d%97%ae%f0%9d%97%b7%f0%9d%97%bc-acolhe-acao-no-ambito-do\/","name":"Lugar de Paradela - Soajo acolhe a\u00e7\u00e3o no \u00e2mbito do Programa \"Aldeia Segura - Pessoas Seguras\"","isPartOf":{"@id":"https:\/\/www.altominho.tv\/site\/#website"},"primaryImageOfPage":{"@id":"https:\/\/www.altominho.tv\/site\/2020\/06\/26\/lugar-de-%f0%9d%97%a3%f0%9d%97%ae%f0%9d%97%bf%f0%9d%97%ae%f0%9d%97%b1%f0%9d%97%b2%f0%9d%97%b9%f0%9d%97%ae-%f0%9d%97%a6%f0%9d%97%bc%f0%9d%97%ae%f0%9d%97%b7%f0%9d%97%bc-acolhe-acao-no-ambito-do\/#primaryimage"},"image":{"@id":"https:\/\/www.altominho.tv\/site\/2020\/06\/26\/lugar-de-%f0%9d%97%a3%f0%9d%97%ae%f0%9d%97%bf%f0%9d%97%ae%f0%9d%97%b1%f0%9d%97%b2%f0%9d%97%b9%f0%9d%97%ae-%f0%9d%97%a6%f0%9d%97%bc%f0%9d%97%ae%f0%9d%97%b7%f0%9d%97%bc-acolhe-acao-no-ambito-do\/#primaryimage"},"thumbnailUrl":"https:\/\/www.altominho.tv\/site\/wp-content\/uploads\/2020\/06\/soajo-bombeiros.jpg","datePublished":"2020-06-26T10:10:10+00:00","dateModified":"2020-06-26T10:14:26+00:00","author":{"@id":"https:\/\/www.altominho.tv\/site\/#\/schema\/person\/a0e4ef6d041f98ca284393d8f1d97153"},"breadcrumb":{"@id":"https:\/\/www.altominho.tv\/site\/2020\/06\/26\/lugar-de-%f0%9d%97%a3%f0%9d%97%ae%f0%9d%97%bf%f0%9d%97%ae%f0%9d%97%b1%f0%9d%97%b2%f0%9d%97%b9%f0%9d%97%ae-%f0%9d%97%a6%f0%9d%97%bc%f0%9d%97%ae%f0%9d%97%b7%f0%9d%97%bc-acolhe-acao-no-ambito-do\/#breadcrumb"},"inLanguage":"pt-PT","potentialAction":[{"@type":"ReadAction","target":["https:\/\/www.altominho.tv\/site\/2020\/06\/26\/lugar-de-%f0%9d%97%a3%f0%9d%97%ae%f0%9d%97%bf%f0%9d%97%ae%f0%9d%97%b1%f0%9d%97%b2%f0%9d%97%b9%f0%9d%97%ae-%f0%9d%97%a6%f0%9d%97%bc%f0%9d%97%ae%f0%9d%97%b7%f0%9d%97%bc-acolhe-acao-no-ambito-do\/"]}]},{"@type":"ImageObject","inLanguage":"pt-PT","@id":"https:\/\/www.altominho.tv\/site\/2020\/06\/26\/lugar-de-%f0%9d%97%a3%f0%9d%97%ae%f0%9d%97%bf%f0%9d%97%ae%f0%9d%97%b1%f0%9d%97%b2%f0%9d%97%b9%f0%9d%97%ae-%f0%9d%97%a6%f0%9d%97%bc%f0%9d%97%ae%f0%9d%97%b7%f0%9d%97%bc-acolhe-acao-no-ambito-do\/#primaryimage","url":"https:\/\/www.altominho.tv\/site\/wp-content\/uploads\/2020\/06\/soajo-bombeiros.jpg","contentUrl":"https:\/\/www.altominho.tv\/site\/wp-content\/uploads\/2020\/06\/soajo-bombeiros.jpg","width":1824,"height":1054},{"@type":"BreadcrumbList","@id":"https:\/\/www.altominho.tv\/site\/2020\/06\/26\/lugar-de-%f0%9d%97%a3%f0%9d%97%ae%f0%9d%97%bf%f0%9d%97%ae%f0%9d%97%b1%f0%9d%97%b2%f0%9d%97%b9%f0%9d%97%ae-%f0%9d%97%a6%f0%9d%97%bc%f0%9d%97%ae%f0%9d%97%b7%f0%9d%97%bc-acolhe-acao-no-ambito-do\/#breadcrumb","itemListElement":[{"@type":"ListItem","position":1,"name":"In\u00edcio","item":"https:\/\/www.altominho.tv\/site\/"},{"@type":"ListItem","position":2,"name":"Lugar de Paradela &#8211; Soajo acolhe a\u00e7\u00e3o no \u00e2mbito do Programa &#8220;Aldeia Segura &#8211; Pessoas Seguras&#8221;"}]},{"@type":"WebSite","@id":"https:\/\/www.altominho.tv\/site\/#website","url":"https:\/\/www.altominho.tv\/site\/","name":"Altominho.tv","description":"A sua regi\u00e3o \u00e0 dist\u00e2ncia de um clique...","potentialAction":[{"@type":"SearchAction","target":{"@type":"EntryPoint","urlTemplate":"https:\/\/www.altominho.tv\/site\/?s={search_term_string}"},"query-input":{"@type":"PropertyValueSpecification","valueRequired":true,"valueName":"search_term_string"}}],"inLanguage":"pt-PT"},{"@type":"Person","@id":"https:\/\/www.altominho.tv\/site\/#\/schema\/person\/a0e4ef6d041f98ca284393d8f1d97153","name":"Andreia Cunha","image":{"@type":"ImageObject","inLanguage":"pt-PT","@id":"https:\/\/www.altominho.tv\/site\/wp-content\/uploads\/2017\/11\/Andreia_Cunha-1-150x150.jpg","url":"https:\/\/www.altominho.tv\/site\/wp-content\/uploads\/2017\/11\/Andreia_Cunha-1-150x150.jpg","contentUrl":"https:\/\/www.altominho.tv\/site\/wp-content\/uploads\/2017\/11\/Andreia_Cunha-1-150x150.jpg","caption":"Andreia Cunha"},"url":"https:\/\/www.altominho.tv\/site\/author\/andreiacunha\/"}]}},"_links":{"self":[{"href":"https:\/\/www.altominho.tv\/site\/wp-json\/wp\/v2\/posts\/48397","targetHints":{"allow":["GET"]}}],"collection":[{"href":"https:\/\/www.altominho.tv\/site\/wp-json\/wp\/v2\/posts"}],"about":[{"href":"https:\/\/www.altominho.tv\/site\/wp-json\/wp\/v2\/types\/post"}],"author":[{"embeddable":true,"href":"https:\/\/www.altominho.tv\/site\/wp-json\/wp\/v2\/users\/7"}],"replies":[{"embeddable":true,"href":"https:\/\/www.altominho.tv\/site\/wp-json\/wp\/v2\/comments?post=48397"}],"version-history":[{"count":0,"href":"https:\/\/www.altominho.tv\/site\/wp-json\/wp\/v2\/posts\/48397\/revisions"}],"wp:featuredmedia":[{"embeddable":true,"href":"https:\/\/www.altominho.tv\/site\/wp-json\/wp\/v2\/media\/48402"}],"wp:attachment":[{"href":"https:\/\/www.altominho.tv\/site\/wp-json\/wp\/v2\/media?parent=48397"}],"wp:term":[{"taxonomy":"category","embeddable":true,"href":"https:\/\/www.altominho.tv\/site\/wp-json\/wp\/v2\/categories?post=48397"},{"taxonomy":"post_tag","embeddable":true,"href":"https:\/\/www.altominho.tv\/site\/wp-json\/wp\/v2\/tags?post=48397"}],"curies":[{"name":"wp","href":"https:\/\/api.w.org\/{rel}","templated":true}]}}