{"id":48387,"date":"2020-06-26T09:54:49","date_gmt":"2020-06-26T08:54:49","guid":{"rendered":"http:\/\/www.altominho.tv\/site\/?p=48387"},"modified":"2020-06-26T09:54:54","modified_gmt":"2020-06-26T08:54:54","slug":"ano-letivo-atipico-termina-hoje-com-maioria-dos-alunos-em-casa","status":"publish","type":"post","link":"https:\/\/www.altominho.tv\/site\/2020\/06\/26\/ano-letivo-atipico-termina-hoje-com-maioria-dos-alunos-em-casa\/","title":{"rendered":"Ano letivo at\u00edpico termina hoje, com maioria dos alunos em casa"},"content":{"rendered":"\n<p>O ano letivo termina hoje, com o final do 3.\u00ba per\u00edodo, depois de mais de tr\u00eas meses de ensino \u00e0 dist\u00e2ncia, em que a maioria dos alunos e professores estiveram ligados \u2018online\u2019.<\/p>\n\n\n\n<p>Este ano, a \u00faltima aula dos alunos do ensino b\u00e1sico e secund\u00e1rio \u00e9 dada mais tarde do que em circunst\u00e2ncias normais e sem o habitual toque de sa\u00edda, devido \u00e0 pandemia da covid-19 que, em 16 de mar\u00e7o, obrigou ao encerramento de todas as escolas.<\/p>\n\n\n\n<p>Nesse dia, turmas e professores trocaram as salas de aula pelas suas casas e s\u00f3 os alunos do 11.\u00ba e 12.\u00ba puderam, entretanto, regressar \u00e0 escola para retomar as atividades presenciais das disciplinas sujeitas a exame nacional.<\/p>\n\n\n\n<p>\u201cEste 3.\u00ba per\u00edodo iniciar-se-\u00e1, como previsto, no pr\u00f3ximo dia 14, sem atividades letivas presenciais. No ensino b\u00e1sico, do 1.\u00ba ao 9.\u00ba ano, todo o terceiro per\u00edodo prosseguir\u00e1 com o ensino \u00e0 dist\u00e2ncia\u201d, anunciou o primeiro-ministro, Ant\u00f3nio Costa, no dia 09 de abril.<\/p>\n\n\n\n<p>A not\u00edcia n\u00e3o surpreendeu a comunidade educativa e, na altura, as estruturas sindicais representativas da classe docente elogiaram a decis\u00e3o do Governo, mas nem por isso o ensino a dist\u00e2ncia deixou de impor constrangimentos no trabalho de alunos e professores.<\/p>\n\n\n\n<p>Segundo os resultados de um inqu\u00e9rito feito em maio pela Federa\u00e7\u00e3o Nacional de Professores (Fenprof), mais de metade dos docentes n\u00e3o conseguiu chegar a todos os alunos durante o primeiro m\u00eas do 3.\u00ba per\u00edodo e a grande maioria (93,5%) admitiu que as desigualdades se agravaram em resultado do novo modelo de ensino.<\/p>\n\n\n\n<p>Nesse per\u00edodo, escolas, autarquias e outras institui\u00e7\u00f5es juntaram-se para assegurar o acesso ao ensino dos alunos mais desfavorecidos ao ensino, atrav\u00e9s da distribui\u00e7\u00e3o de materiais de trabalho em suporte de papel ou do empr\u00e9stimo de computadores, e o Minist\u00e9rio da Educa\u00e7\u00e3o encontrou na RTP Mem\u00f3ria uma forma de fazer chegar as aulas das v\u00e1rias disciplinas a casa de todos atrav\u00e9s da televis\u00e3o, mas os diversos esfor\u00e7os n\u00e3o eliminaram todos os problemas.<\/p>\n\n\n\n<p>Foi por reconhecer as dificuldades associadas ao ensino a dist\u00e2ncia que o Governo optou por estender a atividade letiva por mais tr\u00eas semanas do que inicialmente previsto, at\u00e9 ao dia de hoje, permitindo tamb\u00e9m que os alunos do ensino secund\u00e1rio tivessem mais tempo para se preparar para os exames nacionais, igualmente adiados.<\/p>\n\n\n\n<p>O final do 3.\u00ba per\u00edodo \u00e9 tamb\u00e9m assinalado pelo presidente da Rep\u00fablica, Marcelo Rebelo de Sousa, e pelo ministro da Educa\u00e7\u00e3o, Tiago Brand\u00e3o Rodrigues, que visitam hoje a Escola Secund\u00e1ria Fontes Pereira de Melo, no Porto, onde os alunos do 11.\u00ba e 12.\u00ba se despedem do ano letivo.<\/p>\n\n\n\n<p>Sobre o pr\u00f3ximo ano, ainda pouco se sabe, al\u00e9m de que dever\u00e1 arrancar entre 14 e 17 de setembro, datas avan\u00e7adas na ter\u00e7a-feira pelo ministro da Educa\u00e7\u00e3o, Tiago Brand\u00e3o Rodrigues.<\/p>\n\n\n\n<p>Ainda assim, uma certeza apontada por pais, diretores escolares, professores e pelos pr\u00f3prios governantes \u00e9 a de que o 1.\u00ba per\u00edodo do pr\u00f3ximo ano vai ser, necessariamente, dedicado \u00e0 recupera\u00e7\u00e3o das aprendizagens que ficaram por consolidar.<\/p>\n\n\n\n<p>No mesmo dia em que anunciou as datas para o ano letivo 2020\/2021, o ministro da Educa\u00e7\u00e3o afirmou que as primeiras cinco semanas do pr\u00f3ximo ano devem ser dedicadas \u00e0 &#8220;recupera\u00e7\u00e3o e consolida\u00e7\u00e3o da aprendizagem&#8221; por parte dos alunos, mas os diretores escolares j\u00e1 sublinharam que \u00e9 necess\u00e1rio assegurar condi\u00e7\u00f5es para que isso seja poss\u00edvel.<\/p>\n\n\n\n<p>Tanto o presidente da Associa\u00e7\u00e3o Nacional de Dirigentes Escolares (ANDE) como o presidente da Associa\u00e7\u00e3o Nacional de Diretores de Agrupamentos e Escolas P\u00fablicas (ANDAEP) concordam que as escolas v\u00e3o precisar de mais autonomia, em setembro, para gerir esse trabalho.<\/p>\n\n\n\n<p>&#8220;O Minist\u00e9rio da Educa\u00e7\u00e3o tem de confiar nas escolas e conceder-lhes a autonomia necess\u00e1ria para cada uma tomar as melhores decis\u00f5es&#8221;, disse o presidente da ANDE, Manuel Pereira, sublinhando que cada escola tem uma realidade diferente.<\/p>\n\n\n\n<p>Em entrevista \u00e0 Lusa, o antigo ministro da Educa\u00e7\u00e3o Nuno Crato tamb\u00e9m abordou o tema, defendendo que os alunos mais prejudicados pelo ensino \u00e0 dist\u00e2ncia v\u00e3o necessitar de um &#8220;cuidado especial&#8221; no in\u00edcio do pr\u00f3ximo ano letivo.<\/p>\n\n\n\n<p>No entanto, o ex-governante reconheceu que, apesar dos problemas deste modelo, o trabalho remoto pode ser positivo se servir como um complemento ao ensino presencial.<\/p>\n\n\n\n<p>O Minist\u00e9rio da Educa\u00e7\u00e3o, que dever\u00e1 estar a preparar o despacho normativo de Organiza\u00e7\u00e3o do Ano Letivo, ainda n\u00e3o informou se esse ser\u00e1, ou n\u00e3o, o cen\u00e1rio que vai marcar o 1.\u00ba per\u00edodo.<\/p>\n\n\n\n<p>Para j\u00e1, as tutela est\u00e1 a auscultar os v\u00e1rios representantes da comunidade educativa e, segundo os sindicatos de professores ouvidos na quinta-feira, o Governo demonstrou vontade em retomar de forma integral as aulas presenciais j\u00e1 a partir de setembro. &nbsp;<\/p>\n\n\n\n<p>No entanto, o secret\u00e1rio-geral da Fenprof, M\u00e1rio Nogueira, lamentou ter sa\u00eddo do encontro com o Minist\u00e9rio da Educa\u00e7\u00e3o sem conhecer propostas concretas para a organiza\u00e7\u00e3o do pr\u00f3ximo ano, adiantando que houve um compromisso para voltar a reunir com os sindicatos.<\/p>\n","protected":false},"excerpt":{"rendered":"<p>O ano letivo termina hoje, com o final do 3.\u00ba per\u00edodo, depois de mais de tr\u00eas meses de ensino \u00e0 dist\u00e2ncia, em que a maioria dos alunos e professores estiveram ligados \u2018online\u2019. Este ano, a \u00faltima aula dos alunos do ensino b\u00e1sico e secund\u00e1rio \u00e9 dada mais tarde do que em circunst\u00e2ncias normais e sem [&hellip;]<\/p>\n","protected":false},"author":16,"featured_media":48388,"comment_status":"closed","ping_status":"closed","sticky":false,"template":"","format":"standard","meta":{"_exactmetrics_skip_tracking":false,"_exactmetrics_sitenote_active":false,"_exactmetrics_sitenote_note":"","_exactmetrics_sitenote_category":0,"footnotes":""},"categories":[73],"tags":[22,27],"class_list":["post-48387","post","type-post","status-publish","format-standard","has-post-thumbnail","hentry","category-alto-minho","tag-educacao","tag-sociedade"],"yoast_head":"<!-- This site is optimized with the Yoast SEO Premium plugin v27.4 (Yoast SEO v27.4) - https:\/\/yoast.com\/product\/yoast-seo-premium-wordpress\/ -->\n<title>Ano letivo at\u00edpico termina hoje, com maioria dos alunos em casa<\/title>\n<meta name=\"robots\" content=\"index, follow, max-snippet:-1, max-image-preview:large, max-video-preview:-1\" \/>\n<link rel=\"canonical\" href=\"https:\/\/www.altominho.tv\/site\/2020\/06\/26\/ano-letivo-atipico-termina-hoje-com-maioria-dos-alunos-em-casa\/\" \/>\n<meta property=\"og:locale\" content=\"pt_PT\" \/>\n<meta property=\"og:type\" content=\"article\" \/>\n<meta property=\"og:title\" content=\"Ano letivo at\u00edpico termina hoje, com maioria dos alunos em casa\" \/>\n<meta property=\"og:description\" content=\"O ano letivo termina hoje, com o final do 3.\u00ba per\u00edodo, depois de mais de tr\u00eas meses de ensino \u00e0 dist\u00e2ncia, em que a maioria dos alunos e professores estiveram ligados \u2018online\u2019. Este ano, a \u00faltima aula dos alunos do ensino b\u00e1sico e secund\u00e1rio \u00e9 dada mais tarde do que em circunst\u00e2ncias normais e sem [&hellip;]\" \/>\n<meta property=\"og:url\" content=\"https:\/\/www.altominho.tv\/site\/2020\/06\/26\/ano-letivo-atipico-termina-hoje-com-maioria-dos-alunos-em-casa\/\" \/>\n<meta property=\"og:site_name\" content=\"Altominho.tv\" \/>\n<meta property=\"article:publisher\" content=\"https:\/\/www.facebook.com\/altominhotv\" \/>\n<meta property=\"article:published_time\" content=\"2020-06-26T08:54:49+00:00\" \/>\n<meta property=\"article:modified_time\" content=\"2020-06-26T08:54:54+00:00\" \/>\n<meta property=\"og:image\" content=\"https:\/\/www.altominho.tv\/site\/wp-content\/uploads\/2020\/06\/alunos-aulas.jpg\" \/>\n\t<meta property=\"og:image:width\" content=\"800\" \/>\n\t<meta property=\"og:image:height\" content=\"400\" \/>\n\t<meta property=\"og:image:type\" content=\"image\/jpeg\" \/>\n<meta name=\"author\" content=\"Andreia Cunha | Lusa\" \/>\n<meta name=\"twitter:card\" content=\"summary_large_image\" \/>\n<meta name=\"twitter:creator\" content=\"@altominhoTV\" \/>\n<meta name=\"twitter:site\" content=\"@altominhoTV\" \/>\n<meta name=\"twitter:label1\" content=\"Escrito por\" \/>\n\t<meta name=\"twitter:data1\" content=\"Andreia Cunha | Lusa\" \/>\n\t<meta name=\"twitter:label2\" content=\"Tempo estimado de leitura\" \/>\n\t<meta name=\"twitter:data2\" content=\"4 minutos\" \/>\n<script type=\"application\/ld+json\" class=\"yoast-schema-graph\">{\"@context\":\"https:\\\/\\\/schema.org\",\"@graph\":[{\"@type\":\"Article\",\"@id\":\"https:\\\/\\\/www.altominho.tv\\\/site\\\/2020\\\/06\\\/26\\\/ano-letivo-atipico-termina-hoje-com-maioria-dos-alunos-em-casa\\\/#article\",\"isPartOf\":{\"@id\":\"https:\\\/\\\/www.altominho.tv\\\/site\\\/2020\\\/06\\\/26\\\/ano-letivo-atipico-termina-hoje-com-maioria-dos-alunos-em-casa\\\/\"},\"author\":{\"name\":\"Andreia Cunha | Lusa\",\"@id\":\"https:\\\/\\\/www.altominho.tv\\\/site\\\/#\\\/schema\\\/person\\\/dbaf181c01b51ff40c9f461a905d321e\"},\"headline\":\"Ano letivo at\u00edpico termina hoje, com maioria dos alunos em casa\",\"datePublished\":\"2020-06-26T08:54:49+00:00\",\"dateModified\":\"2020-06-26T08:54:54+00:00\",\"mainEntityOfPage\":{\"@id\":\"https:\\\/\\\/www.altominho.tv\\\/site\\\/2020\\\/06\\\/26\\\/ano-letivo-atipico-termina-hoje-com-maioria-dos-alunos-em-casa\\\/\"},\"wordCount\":863,\"image\":{\"@id\":\"https:\\\/\\\/www.altominho.tv\\\/site\\\/2020\\\/06\\\/26\\\/ano-letivo-atipico-termina-hoje-com-maioria-dos-alunos-em-casa\\\/#primaryimage\"},\"thumbnailUrl\":\"https:\\\/\\\/www.altominho.tv\\\/site\\\/wp-content\\\/uploads\\\/2020\\\/06\\\/alunos-aulas.jpg\",\"keywords\":[\"Educa\u00e7\u00e3o\",\"Sociedade\"],\"articleSection\":[\"Alto Minho\"],\"inLanguage\":\"pt-PT\",\"copyrightYear\":\"2020\",\"copyrightHolder\":{\"@id\":\"https:\\\/\\\/www.altominho.tv\\\/site\\\/#organization\"}},{\"@type\":\"WebPage\",\"@id\":\"https:\\\/\\\/www.altominho.tv\\\/site\\\/2020\\\/06\\\/26\\\/ano-letivo-atipico-termina-hoje-com-maioria-dos-alunos-em-casa\\\/\",\"url\":\"https:\\\/\\\/www.altominho.tv\\\/site\\\/2020\\\/06\\\/26\\\/ano-letivo-atipico-termina-hoje-com-maioria-dos-alunos-em-casa\\\/\",\"name\":\"Ano letivo at\u00edpico termina hoje, com maioria dos alunos em casa\",\"isPartOf\":{\"@id\":\"https:\\\/\\\/www.altominho.tv\\\/site\\\/#website\"},\"primaryImageOfPage\":{\"@id\":\"https:\\\/\\\/www.altominho.tv\\\/site\\\/2020\\\/06\\\/26\\\/ano-letivo-atipico-termina-hoje-com-maioria-dos-alunos-em-casa\\\/#primaryimage\"},\"image\":{\"@id\":\"https:\\\/\\\/www.altominho.tv\\\/site\\\/2020\\\/06\\\/26\\\/ano-letivo-atipico-termina-hoje-com-maioria-dos-alunos-em-casa\\\/#primaryimage\"},\"thumbnailUrl\":\"https:\\\/\\\/www.altominho.tv\\\/site\\\/wp-content\\\/uploads\\\/2020\\\/06\\\/alunos-aulas.jpg\",\"datePublished\":\"2020-06-26T08:54:49+00:00\",\"dateModified\":\"2020-06-26T08:54:54+00:00\",\"author\":{\"@id\":\"https:\\\/\\\/www.altominho.tv\\\/site\\\/#\\\/schema\\\/person\\\/dbaf181c01b51ff40c9f461a905d321e\"},\"breadcrumb\":{\"@id\":\"https:\\\/\\\/www.altominho.tv\\\/site\\\/2020\\\/06\\\/26\\\/ano-letivo-atipico-termina-hoje-com-maioria-dos-alunos-em-casa\\\/#breadcrumb\"},\"inLanguage\":\"pt-PT\",\"potentialAction\":[{\"@type\":\"ReadAction\",\"target\":[\"https:\\\/\\\/www.altominho.tv\\\/site\\\/2020\\\/06\\\/26\\\/ano-letivo-atipico-termina-hoje-com-maioria-dos-alunos-em-casa\\\/\"]}]},{\"@type\":\"ImageObject\",\"inLanguage\":\"pt-PT\",\"@id\":\"https:\\\/\\\/www.altominho.tv\\\/site\\\/2020\\\/06\\\/26\\\/ano-letivo-atipico-termina-hoje-com-maioria-dos-alunos-em-casa\\\/#primaryimage\",\"url\":\"https:\\\/\\\/www.altominho.tv\\\/site\\\/wp-content\\\/uploads\\\/2020\\\/06\\\/alunos-aulas.jpg\",\"contentUrl\":\"https:\\\/\\\/www.altominho.tv\\\/site\\\/wp-content\\\/uploads\\\/2020\\\/06\\\/alunos-aulas.jpg\",\"width\":800,\"height\":400},{\"@type\":\"BreadcrumbList\",\"@id\":\"https:\\\/\\\/www.altominho.tv\\\/site\\\/2020\\\/06\\\/26\\\/ano-letivo-atipico-termina-hoje-com-maioria-dos-alunos-em-casa\\\/#breadcrumb\",\"itemListElement\":[{\"@type\":\"ListItem\",\"position\":1,\"name\":\"In\u00edcio\",\"item\":\"https:\\\/\\\/www.altominho.tv\\\/site\\\/\"},{\"@type\":\"ListItem\",\"position\":2,\"name\":\"Ano letivo at\u00edpico termina hoje, com maioria dos alunos em casa\"}]},{\"@type\":\"WebSite\",\"@id\":\"https:\\\/\\\/www.altominho.tv\\\/site\\\/#website\",\"url\":\"https:\\\/\\\/www.altominho.tv\\\/site\\\/\",\"name\":\"Altominho.tv\",\"description\":\"A sua regi\u00e3o \u00e0 dist\u00e2ncia de um clique...\",\"potentialAction\":[{\"@type\":\"SearchAction\",\"target\":{\"@type\":\"EntryPoint\",\"urlTemplate\":\"https:\\\/\\\/www.altominho.tv\\\/site\\\/?s={search_term_string}\"},\"query-input\":{\"@type\":\"PropertyValueSpecification\",\"valueRequired\":true,\"valueName\":\"search_term_string\"}}],\"inLanguage\":\"pt-PT\"},{\"@type\":\"Person\",\"@id\":\"https:\\\/\\\/www.altominho.tv\\\/site\\\/#\\\/schema\\\/person\\\/dbaf181c01b51ff40c9f461a905d321e\",\"name\":\"Andreia Cunha | Lusa\",\"image\":{\"@type\":\"ImageObject\",\"inLanguage\":\"pt-PT\",\"@id\":\"https:\\\/\\\/www.altominho.tv\\\/site\\\/wp-content\\\/uploads\\\/2017\\\/11\\\/Andreia_Cunha-1-150x150.jpg\",\"url\":\"https:\\\/\\\/www.altominho.tv\\\/site\\\/wp-content\\\/uploads\\\/2017\\\/11\\\/Andreia_Cunha-1-150x150.jpg\",\"contentUrl\":\"https:\\\/\\\/www.altominho.tv\\\/site\\\/wp-content\\\/uploads\\\/2017\\\/11\\\/Andreia_Cunha-1-150x150.jpg\",\"caption\":\"Andreia Cunha | Lusa\"},\"sameAs\":[\"https:\\\/\\\/www.altominho.tv\\\/site\"],\"url\":\"https:\\\/\\\/www.altominho.tv\\\/site\\\/author\\\/andreiacunhalusa\\\/\"}]}<\/script>\n<!-- \/ Yoast SEO Premium plugin. -->","yoast_head_json":{"title":"Ano letivo at\u00edpico termina hoje, com maioria dos alunos em casa","robots":{"index":"index","follow":"follow","max-snippet":"max-snippet:-1","max-image-preview":"max-image-preview:large","max-video-preview":"max-video-preview:-1"},"canonical":"https:\/\/www.altominho.tv\/site\/2020\/06\/26\/ano-letivo-atipico-termina-hoje-com-maioria-dos-alunos-em-casa\/","og_locale":"pt_PT","og_type":"article","og_title":"Ano letivo at\u00edpico termina hoje, com maioria dos alunos em casa","og_description":"O ano letivo termina hoje, com o final do 3.\u00ba per\u00edodo, depois de mais de tr\u00eas meses de ensino \u00e0 dist\u00e2ncia, em que a maioria dos alunos e professores estiveram ligados \u2018online\u2019. Este ano, a \u00faltima aula dos alunos do ensino b\u00e1sico e secund\u00e1rio \u00e9 dada mais tarde do que em circunst\u00e2ncias normais e sem [&hellip;]","og_url":"https:\/\/www.altominho.tv\/site\/2020\/06\/26\/ano-letivo-atipico-termina-hoje-com-maioria-dos-alunos-em-casa\/","og_site_name":"Altominho.tv","article_publisher":"https:\/\/www.facebook.com\/altominhotv","article_published_time":"2020-06-26T08:54:49+00:00","article_modified_time":"2020-06-26T08:54:54+00:00","og_image":[{"width":800,"height":400,"url":"https:\/\/www.altominho.tv\/site\/wp-content\/uploads\/2020\/06\/alunos-aulas.jpg","type":"image\/jpeg"}],"author":"Andreia Cunha | Lusa","twitter_card":"summary_large_image","twitter_creator":"@altominhoTV","twitter_site":"@altominhoTV","twitter_misc":{"Escrito por":"Andreia Cunha | Lusa","Tempo estimado de leitura":"4 minutos"},"schema":{"@context":"https:\/\/schema.org","@graph":[{"@type":"Article","@id":"https:\/\/www.altominho.tv\/site\/2020\/06\/26\/ano-letivo-atipico-termina-hoje-com-maioria-dos-alunos-em-casa\/#article","isPartOf":{"@id":"https:\/\/www.altominho.tv\/site\/2020\/06\/26\/ano-letivo-atipico-termina-hoje-com-maioria-dos-alunos-em-casa\/"},"author":{"name":"Andreia Cunha | Lusa","@id":"https:\/\/www.altominho.tv\/site\/#\/schema\/person\/dbaf181c01b51ff40c9f461a905d321e"},"headline":"Ano letivo at\u00edpico termina hoje, com maioria dos alunos em casa","datePublished":"2020-06-26T08:54:49+00:00","dateModified":"2020-06-26T08:54:54+00:00","mainEntityOfPage":{"@id":"https:\/\/www.altominho.tv\/site\/2020\/06\/26\/ano-letivo-atipico-termina-hoje-com-maioria-dos-alunos-em-casa\/"},"wordCount":863,"image":{"@id":"https:\/\/www.altominho.tv\/site\/2020\/06\/26\/ano-letivo-atipico-termina-hoje-com-maioria-dos-alunos-em-casa\/#primaryimage"},"thumbnailUrl":"https:\/\/www.altominho.tv\/site\/wp-content\/uploads\/2020\/06\/alunos-aulas.jpg","keywords":["Educa\u00e7\u00e3o","Sociedade"],"articleSection":["Alto Minho"],"inLanguage":"pt-PT","copyrightYear":"2020","copyrightHolder":{"@id":"https:\/\/www.altominho.tv\/site\/#organization"}},{"@type":"WebPage","@id":"https:\/\/www.altominho.tv\/site\/2020\/06\/26\/ano-letivo-atipico-termina-hoje-com-maioria-dos-alunos-em-casa\/","url":"https:\/\/www.altominho.tv\/site\/2020\/06\/26\/ano-letivo-atipico-termina-hoje-com-maioria-dos-alunos-em-casa\/","name":"Ano letivo at\u00edpico termina hoje, com maioria dos alunos em casa","isPartOf":{"@id":"https:\/\/www.altominho.tv\/site\/#website"},"primaryImageOfPage":{"@id":"https:\/\/www.altominho.tv\/site\/2020\/06\/26\/ano-letivo-atipico-termina-hoje-com-maioria-dos-alunos-em-casa\/#primaryimage"},"image":{"@id":"https:\/\/www.altominho.tv\/site\/2020\/06\/26\/ano-letivo-atipico-termina-hoje-com-maioria-dos-alunos-em-casa\/#primaryimage"},"thumbnailUrl":"https:\/\/www.altominho.tv\/site\/wp-content\/uploads\/2020\/06\/alunos-aulas.jpg","datePublished":"2020-06-26T08:54:49+00:00","dateModified":"2020-06-26T08:54:54+00:00","author":{"@id":"https:\/\/www.altominho.tv\/site\/#\/schema\/person\/dbaf181c01b51ff40c9f461a905d321e"},"breadcrumb":{"@id":"https:\/\/www.altominho.tv\/site\/2020\/06\/26\/ano-letivo-atipico-termina-hoje-com-maioria-dos-alunos-em-casa\/#breadcrumb"},"inLanguage":"pt-PT","potentialAction":[{"@type":"ReadAction","target":["https:\/\/www.altominho.tv\/site\/2020\/06\/26\/ano-letivo-atipico-termina-hoje-com-maioria-dos-alunos-em-casa\/"]}]},{"@type":"ImageObject","inLanguage":"pt-PT","@id":"https:\/\/www.altominho.tv\/site\/2020\/06\/26\/ano-letivo-atipico-termina-hoje-com-maioria-dos-alunos-em-casa\/#primaryimage","url":"https:\/\/www.altominho.tv\/site\/wp-content\/uploads\/2020\/06\/alunos-aulas.jpg","contentUrl":"https:\/\/www.altominho.tv\/site\/wp-content\/uploads\/2020\/06\/alunos-aulas.jpg","width":800,"height":400},{"@type":"BreadcrumbList","@id":"https:\/\/www.altominho.tv\/site\/2020\/06\/26\/ano-letivo-atipico-termina-hoje-com-maioria-dos-alunos-em-casa\/#breadcrumb","itemListElement":[{"@type":"ListItem","position":1,"name":"In\u00edcio","item":"https:\/\/www.altominho.tv\/site\/"},{"@type":"ListItem","position":2,"name":"Ano letivo at\u00edpico termina hoje, com maioria dos alunos em casa"}]},{"@type":"WebSite","@id":"https:\/\/www.altominho.tv\/site\/#website","url":"https:\/\/www.altominho.tv\/site\/","name":"Altominho.tv","description":"A sua regi\u00e3o \u00e0 dist\u00e2ncia de um clique...","potentialAction":[{"@type":"SearchAction","target":{"@type":"EntryPoint","urlTemplate":"https:\/\/www.altominho.tv\/site\/?s={search_term_string}"},"query-input":{"@type":"PropertyValueSpecification","valueRequired":true,"valueName":"search_term_string"}}],"inLanguage":"pt-PT"},{"@type":"Person","@id":"https:\/\/www.altominho.tv\/site\/#\/schema\/person\/dbaf181c01b51ff40c9f461a905d321e","name":"Andreia Cunha | Lusa","image":{"@type":"ImageObject","inLanguage":"pt-PT","@id":"https:\/\/www.altominho.tv\/site\/wp-content\/uploads\/2017\/11\/Andreia_Cunha-1-150x150.jpg","url":"https:\/\/www.altominho.tv\/site\/wp-content\/uploads\/2017\/11\/Andreia_Cunha-1-150x150.jpg","contentUrl":"https:\/\/www.altominho.tv\/site\/wp-content\/uploads\/2017\/11\/Andreia_Cunha-1-150x150.jpg","caption":"Andreia Cunha | Lusa"},"sameAs":["https:\/\/www.altominho.tv\/site"],"url":"https:\/\/www.altominho.tv\/site\/author\/andreiacunhalusa\/"}]}},"_links":{"self":[{"href":"https:\/\/www.altominho.tv\/site\/wp-json\/wp\/v2\/posts\/48387","targetHints":{"allow":["GET"]}}],"collection":[{"href":"https:\/\/www.altominho.tv\/site\/wp-json\/wp\/v2\/posts"}],"about":[{"href":"https:\/\/www.altominho.tv\/site\/wp-json\/wp\/v2\/types\/post"}],"author":[{"embeddable":true,"href":"https:\/\/www.altominho.tv\/site\/wp-json\/wp\/v2\/users\/16"}],"replies":[{"embeddable":true,"href":"https:\/\/www.altominho.tv\/site\/wp-json\/wp\/v2\/comments?post=48387"}],"version-history":[{"count":0,"href":"https:\/\/www.altominho.tv\/site\/wp-json\/wp\/v2\/posts\/48387\/revisions"}],"wp:featuredmedia":[{"embeddable":true,"href":"https:\/\/www.altominho.tv\/site\/wp-json\/wp\/v2\/media\/48388"}],"wp:attachment":[{"href":"https:\/\/www.altominho.tv\/site\/wp-json\/wp\/v2\/media?parent=48387"}],"wp:term":[{"taxonomy":"category","embeddable":true,"href":"https:\/\/www.altominho.tv\/site\/wp-json\/wp\/v2\/categories?post=48387"},{"taxonomy":"post_tag","embeddable":true,"href":"https:\/\/www.altominho.tv\/site\/wp-json\/wp\/v2\/tags?post=48387"}],"curies":[{"name":"wp","href":"https:\/\/api.w.org\/{rel}","templated":true}]}}