{"id":48381,"date":"2020-06-26T09:09:33","date_gmt":"2020-06-26T08:09:33","guid":{"rendered":"http:\/\/www.altominho.tv\/site\/?p=48381"},"modified":"2020-06-26T09:09:38","modified_gmt":"2020-06-26T08:09:38","slug":"alegado-lider-de-grupo-de-contrafacao-de-notas-de-arcos-de-valdevez-conhece-esta-sexta-a-sentenca","status":"publish","type":"post","link":"https:\/\/www.altominho.tv\/site\/2020\/06\/26\/alegado-lider-de-grupo-de-contrafacao-de-notas-de-arcos-de-valdevez-conhece-esta-sexta-a-sentenca\/","title":{"rendered":"Alegado l\u00edder de grupo de contrafa\u00e7\u00e3o de notas de Arcos de Valdevez conhece esta sexta a senten\u00e7a"},"content":{"rendered":"<p><strong>O Tribunal de Coimbra l\u00ea esta sexta, \u00e0s 12h00, a senten\u00e7a do alegado l\u00edder de um grupo de contrafa\u00e7\u00e3o de notas de 50 e 10 euros, acusado de preju\u00edzos em toda a Europa de 1,3 milh\u00f5es de euros.<\/strong><\/p>\n<p>O arguido, de 34 anos, natural de Arcos de Valdevez, \u00e9 acusado de liderar um grupo de quatro pessoas que se dedicava \u00e0 produ\u00e7\u00e3o de notas de euro contrafeitas e \u00e0 sua venda na \u2018darknet&#8217;, enviando para destinos na Europa, como Montenegro, Irlanda, Alemanha, Inglaterra, Fran\u00e7a, \u00c1ustria, entre outros.<\/p>\n<p>Os outros quatro membros do grupo, julgados pelo Tribunal de Coimbra noutro processo (houve separa\u00e7\u00e3o por o alegado l\u00edder ter pedido tribunal de j\u00fari), foram condenados a cinco anos de pena suspensa mediante o pagamento de 125 mil euros ao Estado durante o mesmo per\u00edodo de tempo, pelos crimes de falsifica\u00e7\u00e3o e passagem de moeda falsa.<\/p>\n<p>Ao contr\u00e1rio dessas quatro pessoas, que colaboraram com o coletivo de ju\u00edzes para o apuramento dos factos e mostraram arrependimento, o arguido negou, na primeira sess\u00e3o de julgamento, a acusa\u00e7\u00e3o do Minist\u00e9rio P\u00fablico, referindo que todo o despacho era &#8220;mentira&#8221;.<\/p>\n<p>&#8220;Nunca falsifiquei moeda e nunca entrei na \u2018darknet'&#8221;, frisou o alegado cabecilha, que est\u00e1 detido preventivamente, referindo que apenas negociava \u2018bitcoin&#8217; atrav\u00e9s de plataformas autorizadas, com o seu advogado a dizer que o arguido estava a ser v\u00edtima do depoimento dos outros quatro elementos, entre eles uma ex-namorada e seus pais.<\/p>\n<p>O advogado de defesa vincou que &#8220;n\u00e3o existe prova f\u00edsica nem documental, a n\u00e3o ser estes testemunhos que n\u00e3o podem ter credibilidade, porque s\u00e3o parte interessada&#8221;.<\/p>\n<p>O jovem \u00e9 suspeito de ter liderado um grupo que produziu entre 2017 e 2019 24.775 notas de 50 euros e 10 euros, sendo que a procuradora do Minist\u00e9rio P\u00fablico salientou, durante o julgamento, que as notas tinham uma &#8220;qualidade muito apurada&#8221;, podendo &#8220;facilmente&#8221; passar por verdadeiras.<\/p>\n","protected":false},"excerpt":{"rendered":"<p>O Tribunal de Coimbra l\u00ea esta sexta, \u00e0s 12h00, a senten\u00e7a do alegado l\u00edder de um grupo de contrafa\u00e7\u00e3o de notas de 50 e 10 euros, acusado de preju\u00edzos em toda a Europa de 1,3 milh\u00f5es de euros. O arguido, de 34 anos, natural de Arcos de Valdevez, \u00e9 acusado de liderar um grupo de [&hellip;]<\/p>\n","protected":false},"author":13,"featured_media":48382,"comment_status":"closed","ping_status":"closed","sticky":false,"template":"","format":"standard","meta":{"_exactmetrics_skip_tracking":false,"_exactmetrics_sitenote_active":false,"_exactmetrics_sitenote_note":"","_exactmetrics_sitenote_category":0,"footnotes":""},"categories":[2],"tags":[27],"class_list":["post-48381","post","type-post","status-publish","format-standard","has-post-thumbnail","hentry","category-arcos-de-valdevez","tag-sociedade"],"yoast_head":"<!-- This site is optimized with the Yoast SEO Premium plugin v27.4 (Yoast SEO v27.4) - https:\/\/yoast.com\/product\/yoast-seo-premium-wordpress\/ -->\n<title>Alegado l\u00edder de grupo de contrafa\u00e7\u00e3o de notas de Arcos de Valdevez conhece esta sexta a senten\u00e7a<\/title>\n<meta name=\"robots\" content=\"index, follow, max-snippet:-1, max-image-preview:large, max-video-preview:-1\" \/>\n<link rel=\"canonical\" href=\"https:\/\/www.altominho.tv\/site\/2020\/06\/26\/alegado-lider-de-grupo-de-contrafacao-de-notas-de-arcos-de-valdevez-conhece-esta-sexta-a-sentenca\/\" \/>\n<meta property=\"og:locale\" content=\"pt_PT\" \/>\n<meta property=\"og:type\" content=\"article\" \/>\n<meta property=\"og:title\" content=\"Alegado l\u00edder de grupo de contrafa\u00e7\u00e3o de notas de Arcos de Valdevez conhece esta sexta a senten\u00e7a\" \/>\n<meta property=\"og:description\" content=\"O Tribunal de Coimbra l\u00ea esta sexta, \u00e0s 12h00, a senten\u00e7a do alegado l\u00edder de um grupo de contrafa\u00e7\u00e3o de notas de 50 e 10 euros, acusado de preju\u00edzos em toda a Europa de 1,3 milh\u00f5es de euros. O arguido, de 34 anos, natural de Arcos de Valdevez, \u00e9 acusado de liderar um grupo de [&hellip;]\" \/>\n<meta property=\"og:url\" content=\"https:\/\/www.altominho.tv\/site\/2020\/06\/26\/alegado-lider-de-grupo-de-contrafacao-de-notas-de-arcos-de-valdevez-conhece-esta-sexta-a-sentenca\/\" \/>\n<meta property=\"og:site_name\" content=\"Altominho.tv\" \/>\n<meta property=\"article:publisher\" content=\"https:\/\/www.facebook.com\/altominhotv\" \/>\n<meta property=\"article:published_time\" content=\"2020-06-26T08:09:33+00:00\" \/>\n<meta property=\"article:modified_time\" content=\"2020-06-26T08:09:38+00:00\" \/>\n<meta property=\"og:image\" content=\"https:\/\/www.altominho.tv\/site\/wp-content\/uploads\/2020\/06\/Contrafac\u0327a\u0303o-de-notas_3.jpg\" \/>\n\t<meta property=\"og:image:width\" content=\"1600\" \/>\n\t<meta property=\"og:image:height\" content=\"900\" \/>\n\t<meta property=\"og:image:type\" content=\"image\/jpeg\" \/>\n<meta name=\"author\" content=\"Lusa\" \/>\n<meta name=\"twitter:card\" content=\"summary_large_image\" \/>\n<meta name=\"twitter:creator\" content=\"@altominhoTV\" \/>\n<meta name=\"twitter:site\" content=\"@altominhoTV\" \/>\n<meta name=\"twitter:label1\" content=\"Escrito por\" \/>\n\t<meta name=\"twitter:data1\" content=\"Lusa\" \/>\n\t<meta name=\"twitter:label2\" content=\"Tempo estimado de leitura\" \/>\n\t<meta name=\"twitter:data2\" content=\"2 minutos\" \/>\n<script type=\"application\/ld+json\" class=\"yoast-schema-graph\">{\"@context\":\"https:\\\/\\\/schema.org\",\"@graph\":[{\"@type\":\"Article\",\"@id\":\"https:\\\/\\\/www.altominho.tv\\\/site\\\/2020\\\/06\\\/26\\\/alegado-lider-de-grupo-de-contrafacao-de-notas-de-arcos-de-valdevez-conhece-esta-sexta-a-sentenca\\\/#article\",\"isPartOf\":{\"@id\":\"https:\\\/\\\/www.altominho.tv\\\/site\\\/2020\\\/06\\\/26\\\/alegado-lider-de-grupo-de-contrafacao-de-notas-de-arcos-de-valdevez-conhece-esta-sexta-a-sentenca\\\/\"},\"author\":{\"name\":\"Lusa\",\"@id\":\"https:\\\/\\\/www.altominho.tv\\\/site\\\/#\\\/schema\\\/person\\\/63f693da3e1899361cbe955c46f3232e\"},\"headline\":\"Alegado l\u00edder de grupo de contrafa\u00e7\u00e3o de notas de Arcos de Valdevez conhece esta sexta a senten\u00e7a\",\"datePublished\":\"2020-06-26T08:09:33+00:00\",\"dateModified\":\"2020-06-26T08:09:38+00:00\",\"mainEntityOfPage\":{\"@id\":\"https:\\\/\\\/www.altominho.tv\\\/site\\\/2020\\\/06\\\/26\\\/alegado-lider-de-grupo-de-contrafacao-de-notas-de-arcos-de-valdevez-conhece-esta-sexta-a-sentenca\\\/\"},\"wordCount\":340,\"image\":{\"@id\":\"https:\\\/\\\/www.altominho.tv\\\/site\\\/2020\\\/06\\\/26\\\/alegado-lider-de-grupo-de-contrafacao-de-notas-de-arcos-de-valdevez-conhece-esta-sexta-a-sentenca\\\/#primaryimage\"},\"thumbnailUrl\":\"https:\\\/\\\/www.altominho.tv\\\/site\\\/wp-content\\\/uploads\\\/2020\\\/06\\\/Contrafac\u0327a\u0303o-de-notas_3.jpg\",\"keywords\":[\"Sociedade\"],\"articleSection\":[\"Arcos de Valdevez\"],\"inLanguage\":\"pt-PT\",\"copyrightYear\":\"2020\",\"copyrightHolder\":{\"@id\":\"https:\\\/\\\/www.altominho.tv\\\/site\\\/#organization\"}},{\"@type\":\"WebPage\",\"@id\":\"https:\\\/\\\/www.altominho.tv\\\/site\\\/2020\\\/06\\\/26\\\/alegado-lider-de-grupo-de-contrafacao-de-notas-de-arcos-de-valdevez-conhece-esta-sexta-a-sentenca\\\/\",\"url\":\"https:\\\/\\\/www.altominho.tv\\\/site\\\/2020\\\/06\\\/26\\\/alegado-lider-de-grupo-de-contrafacao-de-notas-de-arcos-de-valdevez-conhece-esta-sexta-a-sentenca\\\/\",\"name\":\"Alegado l\u00edder de grupo de contrafa\u00e7\u00e3o de notas de Arcos de Valdevez conhece esta sexta a senten\u00e7a\",\"isPartOf\":{\"@id\":\"https:\\\/\\\/www.altominho.tv\\\/site\\\/#website\"},\"primaryImageOfPage\":{\"@id\":\"https:\\\/\\\/www.altominho.tv\\\/site\\\/2020\\\/06\\\/26\\\/alegado-lider-de-grupo-de-contrafacao-de-notas-de-arcos-de-valdevez-conhece-esta-sexta-a-sentenca\\\/#primaryimage\"},\"image\":{\"@id\":\"https:\\\/\\\/www.altominho.tv\\\/site\\\/2020\\\/06\\\/26\\\/alegado-lider-de-grupo-de-contrafacao-de-notas-de-arcos-de-valdevez-conhece-esta-sexta-a-sentenca\\\/#primaryimage\"},\"thumbnailUrl\":\"https:\\\/\\\/www.altominho.tv\\\/site\\\/wp-content\\\/uploads\\\/2020\\\/06\\\/Contrafac\u0327a\u0303o-de-notas_3.jpg\",\"datePublished\":\"2020-06-26T08:09:33+00:00\",\"dateModified\":\"2020-06-26T08:09:38+00:00\",\"author\":{\"@id\":\"https:\\\/\\\/www.altominho.tv\\\/site\\\/#\\\/schema\\\/person\\\/63f693da3e1899361cbe955c46f3232e\"},\"breadcrumb\":{\"@id\":\"https:\\\/\\\/www.altominho.tv\\\/site\\\/2020\\\/06\\\/26\\\/alegado-lider-de-grupo-de-contrafacao-de-notas-de-arcos-de-valdevez-conhece-esta-sexta-a-sentenca\\\/#breadcrumb\"},\"inLanguage\":\"pt-PT\",\"potentialAction\":[{\"@type\":\"ReadAction\",\"target\":[\"https:\\\/\\\/www.altominho.tv\\\/site\\\/2020\\\/06\\\/26\\\/alegado-lider-de-grupo-de-contrafacao-de-notas-de-arcos-de-valdevez-conhece-esta-sexta-a-sentenca\\\/\"]}]},{\"@type\":\"ImageObject\",\"inLanguage\":\"pt-PT\",\"@id\":\"https:\\\/\\\/www.altominho.tv\\\/site\\\/2020\\\/06\\\/26\\\/alegado-lider-de-grupo-de-contrafacao-de-notas-de-arcos-de-valdevez-conhece-esta-sexta-a-sentenca\\\/#primaryimage\",\"url\":\"https:\\\/\\\/www.altominho.tv\\\/site\\\/wp-content\\\/uploads\\\/2020\\\/06\\\/Contrafac\u0327a\u0303o-de-notas_3.jpg\",\"contentUrl\":\"https:\\\/\\\/www.altominho.tv\\\/site\\\/wp-content\\\/uploads\\\/2020\\\/06\\\/Contrafac\u0327a\u0303o-de-notas_3.jpg\",\"width\":1600,\"height\":900},{\"@type\":\"BreadcrumbList\",\"@id\":\"https:\\\/\\\/www.altominho.tv\\\/site\\\/2020\\\/06\\\/26\\\/alegado-lider-de-grupo-de-contrafacao-de-notas-de-arcos-de-valdevez-conhece-esta-sexta-a-sentenca\\\/#breadcrumb\",\"itemListElement\":[{\"@type\":\"ListItem\",\"position\":1,\"name\":\"In\u00edcio\",\"item\":\"https:\\\/\\\/www.altominho.tv\\\/site\\\/\"},{\"@type\":\"ListItem\",\"position\":2,\"name\":\"Alegado l\u00edder de grupo de contrafa\u00e7\u00e3o de notas de Arcos de Valdevez conhece esta sexta a senten\u00e7a\"}]},{\"@type\":\"WebSite\",\"@id\":\"https:\\\/\\\/www.altominho.tv\\\/site\\\/#website\",\"url\":\"https:\\\/\\\/www.altominho.tv\\\/site\\\/\",\"name\":\"Altominho.tv\",\"description\":\"A sua regi\u00e3o \u00e0 dist\u00e2ncia de um clique...\",\"potentialAction\":[{\"@type\":\"SearchAction\",\"target\":{\"@type\":\"EntryPoint\",\"urlTemplate\":\"https:\\\/\\\/www.altominho.tv\\\/site\\\/?s={search_term_string}\"},\"query-input\":{\"@type\":\"PropertyValueSpecification\",\"valueRequired\":true,\"valueName\":\"search_term_string\"}}],\"inLanguage\":\"pt-PT\"},{\"@type\":\"Person\",\"@id\":\"https:\\\/\\\/www.altominho.tv\\\/site\\\/#\\\/schema\\\/person\\\/63f693da3e1899361cbe955c46f3232e\",\"name\":\"Lusa\",\"image\":{\"@type\":\"ImageObject\",\"inLanguage\":\"pt-PT\",\"@id\":\"https:\\\/\\\/www.altominho.tv\\\/site\\\/wp-content\\\/uploads\\\/2019\\\/08\\\/LUSA_Logo.gif\",\"url\":\"https:\\\/\\\/www.altominho.tv\\\/site\\\/wp-content\\\/uploads\\\/2019\\\/08\\\/LUSA_Logo.gif\",\"contentUrl\":\"https:\\\/\\\/www.altominho.tv\\\/site\\\/wp-content\\\/uploads\\\/2019\\\/08\\\/LUSA_Logo.gif\",\"caption\":\"Lusa\"},\"sameAs\":[\"http:\\\/\\\/\\\/\\\/www.altominho.tv\\\/site\"],\"url\":\"https:\\\/\\\/www.altominho.tv\\\/site\\\/author\\\/lusa\\\/\"}]}<\/script>\n<!-- \/ Yoast SEO Premium plugin. -->","yoast_head_json":{"title":"Alegado l\u00edder de grupo de contrafa\u00e7\u00e3o de notas de Arcos de Valdevez conhece esta sexta a senten\u00e7a","robots":{"index":"index","follow":"follow","max-snippet":"max-snippet:-1","max-image-preview":"max-image-preview:large","max-video-preview":"max-video-preview:-1"},"canonical":"https:\/\/www.altominho.tv\/site\/2020\/06\/26\/alegado-lider-de-grupo-de-contrafacao-de-notas-de-arcos-de-valdevez-conhece-esta-sexta-a-sentenca\/","og_locale":"pt_PT","og_type":"article","og_title":"Alegado l\u00edder de grupo de contrafa\u00e7\u00e3o de notas de Arcos de Valdevez conhece esta sexta a senten\u00e7a","og_description":"O Tribunal de Coimbra l\u00ea esta sexta, \u00e0s 12h00, a senten\u00e7a do alegado l\u00edder de um grupo de contrafa\u00e7\u00e3o de notas de 50 e 10 euros, acusado de preju\u00edzos em toda a Europa de 1,3 milh\u00f5es de euros. O arguido, de 34 anos, natural de Arcos de Valdevez, \u00e9 acusado de liderar um grupo de [&hellip;]","og_url":"https:\/\/www.altominho.tv\/site\/2020\/06\/26\/alegado-lider-de-grupo-de-contrafacao-de-notas-de-arcos-de-valdevez-conhece-esta-sexta-a-sentenca\/","og_site_name":"Altominho.tv","article_publisher":"https:\/\/www.facebook.com\/altominhotv","article_published_time":"2020-06-26T08:09:33+00:00","article_modified_time":"2020-06-26T08:09:38+00:00","og_image":[{"width":1600,"height":900,"url":"https:\/\/www.altominho.tv\/site\/wp-content\/uploads\/2020\/06\/Contrafac\u0327a\u0303o-de-notas_3.jpg","type":"image\/jpeg"}],"author":"Lusa","twitter_card":"summary_large_image","twitter_creator":"@altominhoTV","twitter_site":"@altominhoTV","twitter_misc":{"Escrito por":"Lusa","Tempo estimado de leitura":"2 minutos"},"schema":{"@context":"https:\/\/schema.org","@graph":[{"@type":"Article","@id":"https:\/\/www.altominho.tv\/site\/2020\/06\/26\/alegado-lider-de-grupo-de-contrafacao-de-notas-de-arcos-de-valdevez-conhece-esta-sexta-a-sentenca\/#article","isPartOf":{"@id":"https:\/\/www.altominho.tv\/site\/2020\/06\/26\/alegado-lider-de-grupo-de-contrafacao-de-notas-de-arcos-de-valdevez-conhece-esta-sexta-a-sentenca\/"},"author":{"name":"Lusa","@id":"https:\/\/www.altominho.tv\/site\/#\/schema\/person\/63f693da3e1899361cbe955c46f3232e"},"headline":"Alegado l\u00edder de grupo de contrafa\u00e7\u00e3o de notas de Arcos de Valdevez conhece esta sexta a senten\u00e7a","datePublished":"2020-06-26T08:09:33+00:00","dateModified":"2020-06-26T08:09:38+00:00","mainEntityOfPage":{"@id":"https:\/\/www.altominho.tv\/site\/2020\/06\/26\/alegado-lider-de-grupo-de-contrafacao-de-notas-de-arcos-de-valdevez-conhece-esta-sexta-a-sentenca\/"},"wordCount":340,"image":{"@id":"https:\/\/www.altominho.tv\/site\/2020\/06\/26\/alegado-lider-de-grupo-de-contrafacao-de-notas-de-arcos-de-valdevez-conhece-esta-sexta-a-sentenca\/#primaryimage"},"thumbnailUrl":"https:\/\/www.altominho.tv\/site\/wp-content\/uploads\/2020\/06\/Contrafac\u0327a\u0303o-de-notas_3.jpg","keywords":["Sociedade"],"articleSection":["Arcos de Valdevez"],"inLanguage":"pt-PT","copyrightYear":"2020","copyrightHolder":{"@id":"https:\/\/www.altominho.tv\/site\/#organization"}},{"@type":"WebPage","@id":"https:\/\/www.altominho.tv\/site\/2020\/06\/26\/alegado-lider-de-grupo-de-contrafacao-de-notas-de-arcos-de-valdevez-conhece-esta-sexta-a-sentenca\/","url":"https:\/\/www.altominho.tv\/site\/2020\/06\/26\/alegado-lider-de-grupo-de-contrafacao-de-notas-de-arcos-de-valdevez-conhece-esta-sexta-a-sentenca\/","name":"Alegado l\u00edder de grupo de contrafa\u00e7\u00e3o de notas de Arcos de Valdevez conhece esta sexta a senten\u00e7a","isPartOf":{"@id":"https:\/\/www.altominho.tv\/site\/#website"},"primaryImageOfPage":{"@id":"https:\/\/www.altominho.tv\/site\/2020\/06\/26\/alegado-lider-de-grupo-de-contrafacao-de-notas-de-arcos-de-valdevez-conhece-esta-sexta-a-sentenca\/#primaryimage"},"image":{"@id":"https:\/\/www.altominho.tv\/site\/2020\/06\/26\/alegado-lider-de-grupo-de-contrafacao-de-notas-de-arcos-de-valdevez-conhece-esta-sexta-a-sentenca\/#primaryimage"},"thumbnailUrl":"https:\/\/www.altominho.tv\/site\/wp-content\/uploads\/2020\/06\/Contrafac\u0327a\u0303o-de-notas_3.jpg","datePublished":"2020-06-26T08:09:33+00:00","dateModified":"2020-06-26T08:09:38+00:00","author":{"@id":"https:\/\/www.altominho.tv\/site\/#\/schema\/person\/63f693da3e1899361cbe955c46f3232e"},"breadcrumb":{"@id":"https:\/\/www.altominho.tv\/site\/2020\/06\/26\/alegado-lider-de-grupo-de-contrafacao-de-notas-de-arcos-de-valdevez-conhece-esta-sexta-a-sentenca\/#breadcrumb"},"inLanguage":"pt-PT","potentialAction":[{"@type":"ReadAction","target":["https:\/\/www.altominho.tv\/site\/2020\/06\/26\/alegado-lider-de-grupo-de-contrafacao-de-notas-de-arcos-de-valdevez-conhece-esta-sexta-a-sentenca\/"]}]},{"@type":"ImageObject","inLanguage":"pt-PT","@id":"https:\/\/www.altominho.tv\/site\/2020\/06\/26\/alegado-lider-de-grupo-de-contrafacao-de-notas-de-arcos-de-valdevez-conhece-esta-sexta-a-sentenca\/#primaryimage","url":"https:\/\/www.altominho.tv\/site\/wp-content\/uploads\/2020\/06\/Contrafac\u0327a\u0303o-de-notas_3.jpg","contentUrl":"https:\/\/www.altominho.tv\/site\/wp-content\/uploads\/2020\/06\/Contrafac\u0327a\u0303o-de-notas_3.jpg","width":1600,"height":900},{"@type":"BreadcrumbList","@id":"https:\/\/www.altominho.tv\/site\/2020\/06\/26\/alegado-lider-de-grupo-de-contrafacao-de-notas-de-arcos-de-valdevez-conhece-esta-sexta-a-sentenca\/#breadcrumb","itemListElement":[{"@type":"ListItem","position":1,"name":"In\u00edcio","item":"https:\/\/www.altominho.tv\/site\/"},{"@type":"ListItem","position":2,"name":"Alegado l\u00edder de grupo de contrafa\u00e7\u00e3o de notas de Arcos de Valdevez conhece esta sexta a senten\u00e7a"}]},{"@type":"WebSite","@id":"https:\/\/www.altominho.tv\/site\/#website","url":"https:\/\/www.altominho.tv\/site\/","name":"Altominho.tv","description":"A sua regi\u00e3o \u00e0 dist\u00e2ncia de um clique...","potentialAction":[{"@type":"SearchAction","target":{"@type":"EntryPoint","urlTemplate":"https:\/\/www.altominho.tv\/site\/?s={search_term_string}"},"query-input":{"@type":"PropertyValueSpecification","valueRequired":true,"valueName":"search_term_string"}}],"inLanguage":"pt-PT"},{"@type":"Person","@id":"https:\/\/www.altominho.tv\/site\/#\/schema\/person\/63f693da3e1899361cbe955c46f3232e","name":"Lusa","image":{"@type":"ImageObject","inLanguage":"pt-PT","@id":"https:\/\/www.altominho.tv\/site\/wp-content\/uploads\/2019\/08\/LUSA_Logo.gif","url":"https:\/\/www.altominho.tv\/site\/wp-content\/uploads\/2019\/08\/LUSA_Logo.gif","contentUrl":"https:\/\/www.altominho.tv\/site\/wp-content\/uploads\/2019\/08\/LUSA_Logo.gif","caption":"Lusa"},"sameAs":["http:\/\/\/\/www.altominho.tv\/site"],"url":"https:\/\/www.altominho.tv\/site\/author\/lusa\/"}]}},"_links":{"self":[{"href":"https:\/\/www.altominho.tv\/site\/wp-json\/wp\/v2\/posts\/48381","targetHints":{"allow":["GET"]}}],"collection":[{"href":"https:\/\/www.altominho.tv\/site\/wp-json\/wp\/v2\/posts"}],"about":[{"href":"https:\/\/www.altominho.tv\/site\/wp-json\/wp\/v2\/types\/post"}],"author":[{"embeddable":true,"href":"https:\/\/www.altominho.tv\/site\/wp-json\/wp\/v2\/users\/13"}],"replies":[{"embeddable":true,"href":"https:\/\/www.altominho.tv\/site\/wp-json\/wp\/v2\/comments?post=48381"}],"version-history":[{"count":0,"href":"https:\/\/www.altominho.tv\/site\/wp-json\/wp\/v2\/posts\/48381\/revisions"}],"wp:featuredmedia":[{"embeddable":true,"href":"https:\/\/www.altominho.tv\/site\/wp-json\/wp\/v2\/media\/48382"}],"wp:attachment":[{"href":"https:\/\/www.altominho.tv\/site\/wp-json\/wp\/v2\/media?parent=48381"}],"wp:term":[{"taxonomy":"category","embeddable":true,"href":"https:\/\/www.altominho.tv\/site\/wp-json\/wp\/v2\/categories?post=48381"},{"taxonomy":"post_tag","embeddable":true,"href":"https:\/\/www.altominho.tv\/site\/wp-json\/wp\/v2\/tags?post=48381"}],"curies":[{"name":"wp","href":"https:\/\/api.w.org\/{rel}","templated":true}]}}