{"id":48370,"date":"2020-06-25T13:15:21","date_gmt":"2020-06-25T12:15:21","guid":{"rendered":"http:\/\/www.altominho.tv\/site\/?p=48370"},"modified":"2020-06-25T13:15:25","modified_gmt":"2020-06-25T12:15:25","slug":"mais-seis-mortes-311-novos-casos-e-299-recuperados-em-portugal","status":"publish","type":"post","link":"https:\/\/www.altominho.tv\/site\/2020\/06\/25\/mais-seis-mortes-311-novos-casos-e-299-recuperados-em-portugal\/","title":{"rendered":"Mais seis mortes, 311 novos casos e 299 recuperados em Portugal"},"content":{"rendered":"<p>Portugal registou nesta quinta-feira mais seis mortes por Covid-19, um aumento de 0,4%, e 311 novos casos confirmados, uma subida de 0,8%.<\/p>\n<p>Os dados da Dire\u00e7\u00e3o-Geral da Sa\u00fade (DGS) indicam um total de 1.549 mortes e 40.415 casos confirmados desde o in\u00edcio da pandemia. Nas \u00faltimas 24 horas, foram dadas como recuperadas mais 299 pessoas, subindo para 26.382 o n\u00famero total de casos recuperados.<\/p>\n<p>O relat\u00f3rio de situa\u00e7\u00e3o di\u00e1rio divulgado esta quinta-feira pela DGS d\u00e1 conta de 240 novos casos na regi\u00e3o de Lisboa e Vale do Tejo, o que corresponde a 77% dos novos cont\u00e1gios. Nesta regi\u00e3o, a pandemia de Covid-19 atingiu os 17.767 casos confirmados.<\/p>\n<p>H\u00e1 nesta altura 12.484 casos ativos em Portugal.<\/p>\n","protected":false},"excerpt":{"rendered":"<p>Portugal registou nesta quinta-feira mais seis mortes por Covid-19, um aumento de 0,4%, e 311 novos casos confirmados, uma subida de 0,8%. Os dados da Dire\u00e7\u00e3o-Geral da Sa\u00fade (DGS) indicam um total de 1.549 mortes e 40.415 casos confirmados desde o in\u00edcio da pandemia. Nas \u00faltimas 24 horas, foram dadas como recuperadas mais 299 pessoas, [&hellip;]<\/p>\n","protected":false},"author":12,"featured_media":44632,"comment_status":"closed","ping_status":"closed","sticky":false,"template":"","format":"standard","meta":{"_exactmetrics_skip_tracking":false,"_exactmetrics_sitenote_active":false,"_exactmetrics_sitenote_note":"","_exactmetrics_sitenote_category":0,"footnotes":""},"categories":[42722],"tags":[26,27],"class_list":["post-48370","post","type-post","status-publish","format-standard","has-post-thumbnail","hentry","category-covid-19","tag-saude","tag-sociedade"],"yoast_head":"<!-- This site is optimized with the Yoast SEO Premium plugin v27.4 (Yoast SEO v27.4) - https:\/\/yoast.com\/product\/yoast-seo-premium-wordpress\/ -->\n<title>Mais seis mortes, 311 novos casos e 299 recuperados em Portugal<\/title>\n<meta name=\"robots\" content=\"index, follow, max-snippet:-1, max-image-preview:large, max-video-preview:-1\" \/>\n<link rel=\"canonical\" href=\"https:\/\/www.altominho.tv\/site\/2020\/06\/25\/mais-seis-mortes-311-novos-casos-e-299-recuperados-em-portugal\/\" \/>\n<meta property=\"og:locale\" content=\"pt_PT\" \/>\n<meta property=\"og:type\" content=\"article\" \/>\n<meta property=\"og:title\" content=\"Mais seis mortes, 311 novos casos e 299 recuperados em Portugal\" \/>\n<meta property=\"og:description\" content=\"Portugal registou nesta quinta-feira mais seis mortes por Covid-19, um aumento de 0,4%, e 311 novos casos confirmados, uma subida de 0,8%. Os dados da Dire\u00e7\u00e3o-Geral da Sa\u00fade (DGS) indicam um total de 1.549 mortes e 40.415 casos confirmados desde o in\u00edcio da pandemia. Nas \u00faltimas 24 horas, foram dadas como recuperadas mais 299 pessoas, [&hellip;]\" \/>\n<meta property=\"og:url\" content=\"https:\/\/www.altominho.tv\/site\/2020\/06\/25\/mais-seis-mortes-311-novos-casos-e-299-recuperados-em-portugal\/\" \/>\n<meta property=\"og:site_name\" content=\"Altominho.tv\" \/>\n<meta property=\"article:publisher\" content=\"https:\/\/www.facebook.com\/altominhotv\" \/>\n<meta property=\"article:published_time\" content=\"2020-06-25T12:15:21+00:00\" \/>\n<meta property=\"article:modified_time\" content=\"2020-06-25T12:15:25+00:00\" \/>\n<meta property=\"og:image\" content=\"https:\/\/www.altominho.tv\/site\/wp-content\/uploads\/2020\/04\/vacinacovid.jpg\" \/>\n\t<meta property=\"og:image:width\" content=\"1920\" \/>\n\t<meta property=\"og:image:height\" content=\"1080\" \/>\n\t<meta property=\"og:image:type\" content=\"image\/jpeg\" \/>\n<meta name=\"author\" content=\"Andreia Ferreira\" \/>\n<meta name=\"twitter:card\" content=\"summary_large_image\" \/>\n<meta name=\"twitter:creator\" content=\"@altominhoTV\" \/>\n<meta name=\"twitter:site\" content=\"@altominhoTV\" \/>\n<meta name=\"twitter:label1\" content=\"Escrito por\" \/>\n\t<meta name=\"twitter:data1\" content=\"Andreia Ferreira\" \/>\n\t<meta name=\"twitter:label2\" content=\"Tempo estimado de leitura\" \/>\n\t<meta name=\"twitter:data2\" content=\"1 minuto\" \/>\n<script type=\"application\/ld+json\" class=\"yoast-schema-graph\">{\"@context\":\"https:\\\/\\\/schema.org\",\"@graph\":[{\"@type\":\"Article\",\"@id\":\"https:\\\/\\\/www.altominho.tv\\\/site\\\/2020\\\/06\\\/25\\\/mais-seis-mortes-311-novos-casos-e-299-recuperados-em-portugal\\\/#article\",\"isPartOf\":{\"@id\":\"https:\\\/\\\/www.altominho.tv\\\/site\\\/2020\\\/06\\\/25\\\/mais-seis-mortes-311-novos-casos-e-299-recuperados-em-portugal\\\/\"},\"author\":{\"name\":\"Andreia Ferreira\",\"@id\":\"https:\\\/\\\/www.altominho.tv\\\/site\\\/#\\\/schema\\\/person\\\/d9be4265364723f14ea8e0d56a1d38cd\"},\"headline\":\"Mais seis mortes, 311 novos casos e 299 recuperados em Portugal\",\"datePublished\":\"2020-06-25T12:15:21+00:00\",\"dateModified\":\"2020-06-25T12:15:25+00:00\",\"mainEntityOfPage\":{\"@id\":\"https:\\\/\\\/www.altominho.tv\\\/site\\\/2020\\\/06\\\/25\\\/mais-seis-mortes-311-novos-casos-e-299-recuperados-em-portugal\\\/\"},\"wordCount\":122,\"image\":{\"@id\":\"https:\\\/\\\/www.altominho.tv\\\/site\\\/2020\\\/06\\\/25\\\/mais-seis-mortes-311-novos-casos-e-299-recuperados-em-portugal\\\/#primaryimage\"},\"thumbnailUrl\":\"https:\\\/\\\/www.altominho.tv\\\/site\\\/wp-content\\\/uploads\\\/2020\\\/04\\\/vacinacovid.jpg\",\"keywords\":[\"Sa\u00fade\",\"Sociedade\"],\"articleSection\":[\"Coronav\u00edrus\"],\"inLanguage\":\"pt-PT\",\"copyrightYear\":\"2020\",\"copyrightHolder\":{\"@id\":\"https:\\\/\\\/www.altominho.tv\\\/site\\\/#organization\"}},{\"@type\":\"WebPage\",\"@id\":\"https:\\\/\\\/www.altominho.tv\\\/site\\\/2020\\\/06\\\/25\\\/mais-seis-mortes-311-novos-casos-e-299-recuperados-em-portugal\\\/\",\"url\":\"https:\\\/\\\/www.altominho.tv\\\/site\\\/2020\\\/06\\\/25\\\/mais-seis-mortes-311-novos-casos-e-299-recuperados-em-portugal\\\/\",\"name\":\"Mais seis mortes, 311 novos casos e 299 recuperados em Portugal\",\"isPartOf\":{\"@id\":\"https:\\\/\\\/www.altominho.tv\\\/site\\\/#website\"},\"primaryImageOfPage\":{\"@id\":\"https:\\\/\\\/www.altominho.tv\\\/site\\\/2020\\\/06\\\/25\\\/mais-seis-mortes-311-novos-casos-e-299-recuperados-em-portugal\\\/#primaryimage\"},\"image\":{\"@id\":\"https:\\\/\\\/www.altominho.tv\\\/site\\\/2020\\\/06\\\/25\\\/mais-seis-mortes-311-novos-casos-e-299-recuperados-em-portugal\\\/#primaryimage\"},\"thumbnailUrl\":\"https:\\\/\\\/www.altominho.tv\\\/site\\\/wp-content\\\/uploads\\\/2020\\\/04\\\/vacinacovid.jpg\",\"datePublished\":\"2020-06-25T12:15:21+00:00\",\"dateModified\":\"2020-06-25T12:15:25+00:00\",\"author\":{\"@id\":\"https:\\\/\\\/www.altominho.tv\\\/site\\\/#\\\/schema\\\/person\\\/d9be4265364723f14ea8e0d56a1d38cd\"},\"breadcrumb\":{\"@id\":\"https:\\\/\\\/www.altominho.tv\\\/site\\\/2020\\\/06\\\/25\\\/mais-seis-mortes-311-novos-casos-e-299-recuperados-em-portugal\\\/#breadcrumb\"},\"inLanguage\":\"pt-PT\",\"potentialAction\":[{\"@type\":\"ReadAction\",\"target\":[\"https:\\\/\\\/www.altominho.tv\\\/site\\\/2020\\\/06\\\/25\\\/mais-seis-mortes-311-novos-casos-e-299-recuperados-em-portugal\\\/\"]}]},{\"@type\":\"ImageObject\",\"inLanguage\":\"pt-PT\",\"@id\":\"https:\\\/\\\/www.altominho.tv\\\/site\\\/2020\\\/06\\\/25\\\/mais-seis-mortes-311-novos-casos-e-299-recuperados-em-portugal\\\/#primaryimage\",\"url\":\"https:\\\/\\\/www.altominho.tv\\\/site\\\/wp-content\\\/uploads\\\/2020\\\/04\\\/vacinacovid.jpg\",\"contentUrl\":\"https:\\\/\\\/www.altominho.tv\\\/site\\\/wp-content\\\/uploads\\\/2020\\\/04\\\/vacinacovid.jpg\",\"width\":1920,\"height\":1080},{\"@type\":\"BreadcrumbList\",\"@id\":\"https:\\\/\\\/www.altominho.tv\\\/site\\\/2020\\\/06\\\/25\\\/mais-seis-mortes-311-novos-casos-e-299-recuperados-em-portugal\\\/#breadcrumb\",\"itemListElement\":[{\"@type\":\"ListItem\",\"position\":1,\"name\":\"In\u00edcio\",\"item\":\"https:\\\/\\\/www.altominho.tv\\\/site\\\/\"},{\"@type\":\"ListItem\",\"position\":2,\"name\":\"Mais seis mortes, 311 novos casos e 299 recuperados em Portugal\"}]},{\"@type\":\"WebSite\",\"@id\":\"https:\\\/\\\/www.altominho.tv\\\/site\\\/#website\",\"url\":\"https:\\\/\\\/www.altominho.tv\\\/site\\\/\",\"name\":\"Altominho.tv\",\"description\":\"A sua regi\u00e3o \u00e0 dist\u00e2ncia de um clique...\",\"potentialAction\":[{\"@type\":\"SearchAction\",\"target\":{\"@type\":\"EntryPoint\",\"urlTemplate\":\"https:\\\/\\\/www.altominho.tv\\\/site\\\/?s={search_term_string}\"},\"query-input\":{\"@type\":\"PropertyValueSpecification\",\"valueRequired\":true,\"valueName\":\"search_term_string\"}}],\"inLanguage\":\"pt-PT\"},{\"@type\":\"Person\",\"@id\":\"https:\\\/\\\/www.altominho.tv\\\/site\\\/#\\\/schema\\\/person\\\/d9be4265364723f14ea8e0d56a1d38cd\",\"name\":\"Andreia Ferreira\",\"image\":{\"@type\":\"ImageObject\",\"inLanguage\":\"pt-PT\",\"@id\":\"https:\\\/\\\/www.altominho.tv\\\/site\\\/wp-content\\\/uploads\\\/2021\\\/01\\\/AndreiaFerreira-150x150.jpg\",\"url\":\"https:\\\/\\\/www.altominho.tv\\\/site\\\/wp-content\\\/uploads\\\/2021\\\/01\\\/AndreiaFerreira-150x150.jpg\",\"contentUrl\":\"https:\\\/\\\/www.altominho.tv\\\/site\\\/wp-content\\\/uploads\\\/2021\\\/01\\\/AndreiaFerreira-150x150.jpg\",\"caption\":\"Andreia Ferreira\"},\"url\":\"https:\\\/\\\/www.altominho.tv\\\/site\\\/author\\\/andreiaferreira\\\/\"}]}<\/script>\n<!-- \/ Yoast SEO Premium plugin. -->","yoast_head_json":{"title":"Mais seis mortes, 311 novos casos e 299 recuperados em Portugal","robots":{"index":"index","follow":"follow","max-snippet":"max-snippet:-1","max-image-preview":"max-image-preview:large","max-video-preview":"max-video-preview:-1"},"canonical":"https:\/\/www.altominho.tv\/site\/2020\/06\/25\/mais-seis-mortes-311-novos-casos-e-299-recuperados-em-portugal\/","og_locale":"pt_PT","og_type":"article","og_title":"Mais seis mortes, 311 novos casos e 299 recuperados em Portugal","og_description":"Portugal registou nesta quinta-feira mais seis mortes por Covid-19, um aumento de 0,4%, e 311 novos casos confirmados, uma subida de 0,8%. Os dados da Dire\u00e7\u00e3o-Geral da Sa\u00fade (DGS) indicam um total de 1.549 mortes e 40.415 casos confirmados desde o in\u00edcio da pandemia. Nas \u00faltimas 24 horas, foram dadas como recuperadas mais 299 pessoas, [&hellip;]","og_url":"https:\/\/www.altominho.tv\/site\/2020\/06\/25\/mais-seis-mortes-311-novos-casos-e-299-recuperados-em-portugal\/","og_site_name":"Altominho.tv","article_publisher":"https:\/\/www.facebook.com\/altominhotv","article_published_time":"2020-06-25T12:15:21+00:00","article_modified_time":"2020-06-25T12:15:25+00:00","og_image":[{"width":1920,"height":1080,"url":"https:\/\/www.altominho.tv\/site\/wp-content\/uploads\/2020\/04\/vacinacovid.jpg","type":"image\/jpeg"}],"author":"Andreia Ferreira","twitter_card":"summary_large_image","twitter_creator":"@altominhoTV","twitter_site":"@altominhoTV","twitter_misc":{"Escrito por":"Andreia Ferreira","Tempo estimado de leitura":"1 minuto"},"schema":{"@context":"https:\/\/schema.org","@graph":[{"@type":"Article","@id":"https:\/\/www.altominho.tv\/site\/2020\/06\/25\/mais-seis-mortes-311-novos-casos-e-299-recuperados-em-portugal\/#article","isPartOf":{"@id":"https:\/\/www.altominho.tv\/site\/2020\/06\/25\/mais-seis-mortes-311-novos-casos-e-299-recuperados-em-portugal\/"},"author":{"name":"Andreia Ferreira","@id":"https:\/\/www.altominho.tv\/site\/#\/schema\/person\/d9be4265364723f14ea8e0d56a1d38cd"},"headline":"Mais seis mortes, 311 novos casos e 299 recuperados em Portugal","datePublished":"2020-06-25T12:15:21+00:00","dateModified":"2020-06-25T12:15:25+00:00","mainEntityOfPage":{"@id":"https:\/\/www.altominho.tv\/site\/2020\/06\/25\/mais-seis-mortes-311-novos-casos-e-299-recuperados-em-portugal\/"},"wordCount":122,"image":{"@id":"https:\/\/www.altominho.tv\/site\/2020\/06\/25\/mais-seis-mortes-311-novos-casos-e-299-recuperados-em-portugal\/#primaryimage"},"thumbnailUrl":"https:\/\/www.altominho.tv\/site\/wp-content\/uploads\/2020\/04\/vacinacovid.jpg","keywords":["Sa\u00fade","Sociedade"],"articleSection":["Coronav\u00edrus"],"inLanguage":"pt-PT","copyrightYear":"2020","copyrightHolder":{"@id":"https:\/\/www.altominho.tv\/site\/#organization"}},{"@type":"WebPage","@id":"https:\/\/www.altominho.tv\/site\/2020\/06\/25\/mais-seis-mortes-311-novos-casos-e-299-recuperados-em-portugal\/","url":"https:\/\/www.altominho.tv\/site\/2020\/06\/25\/mais-seis-mortes-311-novos-casos-e-299-recuperados-em-portugal\/","name":"Mais seis mortes, 311 novos casos e 299 recuperados em Portugal","isPartOf":{"@id":"https:\/\/www.altominho.tv\/site\/#website"},"primaryImageOfPage":{"@id":"https:\/\/www.altominho.tv\/site\/2020\/06\/25\/mais-seis-mortes-311-novos-casos-e-299-recuperados-em-portugal\/#primaryimage"},"image":{"@id":"https:\/\/www.altominho.tv\/site\/2020\/06\/25\/mais-seis-mortes-311-novos-casos-e-299-recuperados-em-portugal\/#primaryimage"},"thumbnailUrl":"https:\/\/www.altominho.tv\/site\/wp-content\/uploads\/2020\/04\/vacinacovid.jpg","datePublished":"2020-06-25T12:15:21+00:00","dateModified":"2020-06-25T12:15:25+00:00","author":{"@id":"https:\/\/www.altominho.tv\/site\/#\/schema\/person\/d9be4265364723f14ea8e0d56a1d38cd"},"breadcrumb":{"@id":"https:\/\/www.altominho.tv\/site\/2020\/06\/25\/mais-seis-mortes-311-novos-casos-e-299-recuperados-em-portugal\/#breadcrumb"},"inLanguage":"pt-PT","potentialAction":[{"@type":"ReadAction","target":["https:\/\/www.altominho.tv\/site\/2020\/06\/25\/mais-seis-mortes-311-novos-casos-e-299-recuperados-em-portugal\/"]}]},{"@type":"ImageObject","inLanguage":"pt-PT","@id":"https:\/\/www.altominho.tv\/site\/2020\/06\/25\/mais-seis-mortes-311-novos-casos-e-299-recuperados-em-portugal\/#primaryimage","url":"https:\/\/www.altominho.tv\/site\/wp-content\/uploads\/2020\/04\/vacinacovid.jpg","contentUrl":"https:\/\/www.altominho.tv\/site\/wp-content\/uploads\/2020\/04\/vacinacovid.jpg","width":1920,"height":1080},{"@type":"BreadcrumbList","@id":"https:\/\/www.altominho.tv\/site\/2020\/06\/25\/mais-seis-mortes-311-novos-casos-e-299-recuperados-em-portugal\/#breadcrumb","itemListElement":[{"@type":"ListItem","position":1,"name":"In\u00edcio","item":"https:\/\/www.altominho.tv\/site\/"},{"@type":"ListItem","position":2,"name":"Mais seis mortes, 311 novos casos e 299 recuperados em Portugal"}]},{"@type":"WebSite","@id":"https:\/\/www.altominho.tv\/site\/#website","url":"https:\/\/www.altominho.tv\/site\/","name":"Altominho.tv","description":"A sua regi\u00e3o \u00e0 dist\u00e2ncia de um clique...","potentialAction":[{"@type":"SearchAction","target":{"@type":"EntryPoint","urlTemplate":"https:\/\/www.altominho.tv\/site\/?s={search_term_string}"},"query-input":{"@type":"PropertyValueSpecification","valueRequired":true,"valueName":"search_term_string"}}],"inLanguage":"pt-PT"},{"@type":"Person","@id":"https:\/\/www.altominho.tv\/site\/#\/schema\/person\/d9be4265364723f14ea8e0d56a1d38cd","name":"Andreia Ferreira","image":{"@type":"ImageObject","inLanguage":"pt-PT","@id":"https:\/\/www.altominho.tv\/site\/wp-content\/uploads\/2021\/01\/AndreiaFerreira-150x150.jpg","url":"https:\/\/www.altominho.tv\/site\/wp-content\/uploads\/2021\/01\/AndreiaFerreira-150x150.jpg","contentUrl":"https:\/\/www.altominho.tv\/site\/wp-content\/uploads\/2021\/01\/AndreiaFerreira-150x150.jpg","caption":"Andreia Ferreira"},"url":"https:\/\/www.altominho.tv\/site\/author\/andreiaferreira\/"}]}},"_links":{"self":[{"href":"https:\/\/www.altominho.tv\/site\/wp-json\/wp\/v2\/posts\/48370","targetHints":{"allow":["GET"]}}],"collection":[{"href":"https:\/\/www.altominho.tv\/site\/wp-json\/wp\/v2\/posts"}],"about":[{"href":"https:\/\/www.altominho.tv\/site\/wp-json\/wp\/v2\/types\/post"}],"author":[{"embeddable":true,"href":"https:\/\/www.altominho.tv\/site\/wp-json\/wp\/v2\/users\/12"}],"replies":[{"embeddable":true,"href":"https:\/\/www.altominho.tv\/site\/wp-json\/wp\/v2\/comments?post=48370"}],"version-history":[{"count":0,"href":"https:\/\/www.altominho.tv\/site\/wp-json\/wp\/v2\/posts\/48370\/revisions"}],"wp:featuredmedia":[{"embeddable":true,"href":"https:\/\/www.altominho.tv\/site\/wp-json\/wp\/v2\/media\/44632"}],"wp:attachment":[{"href":"https:\/\/www.altominho.tv\/site\/wp-json\/wp\/v2\/media?parent=48370"}],"wp:term":[{"taxonomy":"category","embeddable":true,"href":"https:\/\/www.altominho.tv\/site\/wp-json\/wp\/v2\/categories?post=48370"},{"taxonomy":"post_tag","embeddable":true,"href":"https:\/\/www.altominho.tv\/site\/wp-json\/wp\/v2\/tags?post=48370"}],"curies":[{"name":"wp","href":"https:\/\/api.w.org\/{rel}","templated":true}]}}