{"id":48357,"date":"2020-06-25T10:35:56","date_gmt":"2020-06-25T09:35:56","guid":{"rendered":"http:\/\/www.altominho.tv\/site\/?p=48357"},"modified":"2020-06-25T10:36:00","modified_gmt":"2020-06-25T09:36:00","slug":"vereador-da-camara-de-arcos-de-valdevez-lidera-lista-unica-a-distrital-do-psd-de-viana-do-castelo","status":"publish","type":"post","link":"https:\/\/www.altominho.tv\/site\/2020\/06\/25\/vereador-da-camara-de-arcos-de-valdevez-lidera-lista-unica-a-distrital-do-psd-de-viana-do-castelo\/","title":{"rendered":"Vereador da C\u00e2mara de Arcos de Valdevez lidera lista \u00fanica \u00e0 distrital do PSD de Viana do Castelo"},"content":{"rendered":"<p>O vereador na C\u00e2mara de Arcos de Valdevez, Oleg\u00e1rio Gon\u00e7alves, lidera a \u00fanica lista que concorre \u00e0s elei\u00e7\u00f5es para a distrital do PSD de Viana do Castelo marcadas para s\u00e1bado.<\/p>\n<p>Oleg\u00e1rio Gon\u00e7alves, de 51 anos, explicou \u00e0 Lusa que a sua lista foi a \u00fanica a dar entrada at\u00e9 \u00e0s 24h00 de quarta-feira, prazo definido para a entrega de candidaturas \u00e0s elei\u00e7\u00f5es para os \u00f3rg\u00e3os distritais.<\/p>\n<p>Com o lema &#8220;Pela uni\u00e3o do distrito de Viana do Castelo&#8221;, a lista integra os nomes dos tr\u00eas deputados do PSD na Assembleia da Rep\u00fablica eleitos pelo c\u00edrculo de Viana do Castelo.<\/p>\n<p>Eduardo Teixeira, que \u00e9 tamb\u00e9m presidente da concelhia de Viana do Castelo, \u00e9 o nome escolhido para a lideran\u00e7a da Mesa da Assembleia Distrital. Eduardo Teixeira j\u00e1 liderou a distrital do PSD, durante seis anos, mas em 2014, por ter atingido o limite de mandatos para aquele \u00f3rg\u00e3o, n\u00e3o p\u00f4de concorrer.<\/p>\n<p>J\u00e1 Jorge Mendes, ex-autarca em Valen\u00e7a ficar\u00e1 com a pasta da auditoria financeira e Em\u00edlia Cerqueira com o conselho de jurisdi\u00e7\u00e3o.<\/p>\n<p>A concorrer, pela primeira vez, \u00e0 lideran\u00e7a da distrital social-democrata, Oleg\u00e1rio Gon\u00e7alves apontou que o objetivo da sua candidatura &#8220;\u00e9 unir e pacificar o partido no distrito de Viana do Castelo, manter as atuais quatro c\u00e2maras lideradas pelo PSD (Mon\u00e7\u00e3o, Valen\u00e7a, Arcos de Valdevez e Ponte da Barca) e aumentar esse n\u00famero, se poss\u00edvel&#8221;.<\/p>\n<p>&#8220;A equipa que escolhi \u00e9 uma aposta nesse sentido e vai dar uma grande ajuda para alcan\u00e7ar esses objetivos&#8221;, considerou.<\/p>\n<p>Na C\u00e2mara de Arcos de Valdevez h\u00e1 sete anos, Oleg\u00e1rio Gon\u00e7alves \u00e9 atualmente vereador com os pelouros da Prote\u00e7\u00e3o Civil, Gest\u00e3o de Espa\u00e7os Verdes e Energia, Mercados e Feiras, Conserva\u00e7\u00e3o de Equipamentos e Viaturas Municipais, Conserva\u00e7\u00e3o da Rede Vi\u00e1ria e Tr\u00e2nsito, e Anima\u00e7\u00e3o Cultural e Recreativa.<\/p>\n<p>O atual presidente da estrutura, Carlos Morais Vieira, n\u00e3o pode recandidatar-se por ter completado o terceiro mandato. Morais Vieira foi eleito, pela primeira vez, em janeiro de 2014.<\/p>\n\n\n<p><\/p>\n","protected":false},"excerpt":{"rendered":"<p>O vereador na C\u00e2mara de Arcos de Valdevez, Oleg\u00e1rio Gon\u00e7alves, lidera a \u00fanica lista que concorre \u00e0s elei\u00e7\u00f5es para a distrital do PSD de Viana do Castelo marcadas para s\u00e1bado. Oleg\u00e1rio Gon\u00e7alves, de 51 anos, explicou \u00e0 Lusa que a sua lista foi a \u00fanica a dar entrada at\u00e9 \u00e0s 24h00 de quarta-feira, prazo definido [&hellip;]<\/p>\n","protected":false},"author":15,"featured_media":48367,"comment_status":"closed","ping_status":"closed","sticky":false,"template":"","format":"standard","meta":{"_exactmetrics_skip_tracking":false,"_exactmetrics_sitenote_active":false,"_exactmetrics_sitenote_note":"","_exactmetrics_sitenote_category":0,"footnotes":""},"categories":[2],"tags":[27],"class_list":["post-48357","post","type-post","status-publish","format-standard","has-post-thumbnail","hentry","category-arcos-de-valdevez","tag-sociedade"],"yoast_head":"<!-- This site is optimized with the Yoast SEO Premium plugin v27.4 (Yoast SEO v27.4) - https:\/\/yoast.com\/product\/yoast-seo-premium-wordpress\/ -->\n<title>Vereador da C\u00e2mara de Arcos de Valdevez lidera lista \u00fanica \u00e0 distrital do PSD de Viana do Castelo<\/title>\n<meta name=\"robots\" content=\"index, follow, max-snippet:-1, max-image-preview:large, max-video-preview:-1\" \/>\n<link rel=\"canonical\" href=\"https:\/\/www.altominho.tv\/site\/2020\/06\/25\/vereador-da-camara-de-arcos-de-valdevez-lidera-lista-unica-a-distrital-do-psd-de-viana-do-castelo\/\" \/>\n<meta property=\"og:locale\" content=\"pt_PT\" \/>\n<meta property=\"og:type\" content=\"article\" \/>\n<meta property=\"og:title\" content=\"Vereador da C\u00e2mara de Arcos de Valdevez lidera lista \u00fanica \u00e0 distrital do PSD de Viana do Castelo\" \/>\n<meta property=\"og:description\" content=\"O vereador na C\u00e2mara de Arcos de Valdevez, Oleg\u00e1rio Gon\u00e7alves, lidera a \u00fanica lista que concorre \u00e0s elei\u00e7\u00f5es para a distrital do PSD de Viana do Castelo marcadas para s\u00e1bado. Oleg\u00e1rio Gon\u00e7alves, de 51 anos, explicou \u00e0 Lusa que a sua lista foi a \u00fanica a dar entrada at\u00e9 \u00e0s 24h00 de quarta-feira, prazo definido [&hellip;]\" \/>\n<meta property=\"og:url\" content=\"https:\/\/www.altominho.tv\/site\/2020\/06\/25\/vereador-da-camara-de-arcos-de-valdevez-lidera-lista-unica-a-distrital-do-psd-de-viana-do-castelo\/\" \/>\n<meta property=\"og:site_name\" content=\"Altominho.tv\" \/>\n<meta property=\"article:publisher\" content=\"https:\/\/www.facebook.com\/altominhotv\" \/>\n<meta property=\"article:published_time\" content=\"2020-06-25T09:35:56+00:00\" \/>\n<meta property=\"article:modified_time\" content=\"2020-06-25T09:36:00+00:00\" \/>\n<meta property=\"og:image\" content=\"https:\/\/www.altominho.tv\/site\/wp-content\/uploads\/2020\/06\/Oleg\u00e1rio.jpg\" \/>\n\t<meta property=\"og:image:width\" content=\"1890\" \/>\n\t<meta property=\"og:image:height\" content=\"1046\" \/>\n\t<meta property=\"og:image:type\" content=\"image\/jpeg\" \/>\n<meta name=\"author\" content=\"Andreia Ferreira | Lusa\" \/>\n<meta name=\"twitter:card\" content=\"summary_large_image\" \/>\n<meta name=\"twitter:creator\" content=\"@altominhoTV\" \/>\n<meta name=\"twitter:site\" content=\"@altominhoTV\" \/>\n<meta name=\"twitter:label1\" content=\"Escrito por\" \/>\n\t<meta name=\"twitter:data1\" content=\"Andreia Ferreira | Lusa\" \/>\n\t<meta name=\"twitter:label2\" content=\"Tempo estimado de leitura\" \/>\n\t<meta name=\"twitter:data2\" content=\"2 minutos\" \/>\n<script type=\"application\/ld+json\" class=\"yoast-schema-graph\">{\"@context\":\"https:\\\/\\\/schema.org\",\"@graph\":[{\"@type\":\"Article\",\"@id\":\"https:\\\/\\\/www.altominho.tv\\\/site\\\/2020\\\/06\\\/25\\\/vereador-da-camara-de-arcos-de-valdevez-lidera-lista-unica-a-distrital-do-psd-de-viana-do-castelo\\\/#article\",\"isPartOf\":{\"@id\":\"https:\\\/\\\/www.altominho.tv\\\/site\\\/2020\\\/06\\\/25\\\/vereador-da-camara-de-arcos-de-valdevez-lidera-lista-unica-a-distrital-do-psd-de-viana-do-castelo\\\/\"},\"author\":{\"name\":\"Andreia Ferreira | Lusa\",\"@id\":\"https:\\\/\\\/www.altominho.tv\\\/site\\\/#\\\/schema\\\/person\\\/a0bff6dc1041aadd46fa81887444b017\"},\"headline\":\"Vereador da C\u00e2mara de Arcos de Valdevez lidera lista \u00fanica \u00e0 distrital do PSD de Viana do Castelo\",\"datePublished\":\"2020-06-25T09:35:56+00:00\",\"dateModified\":\"2020-06-25T09:36:00+00:00\",\"mainEntityOfPage\":{\"@id\":\"https:\\\/\\\/www.altominho.tv\\\/site\\\/2020\\\/06\\\/25\\\/vereador-da-camara-de-arcos-de-valdevez-lidera-lista-unica-a-distrital-do-psd-de-viana-do-castelo\\\/\"},\"wordCount\":368,\"image\":{\"@id\":\"https:\\\/\\\/www.altominho.tv\\\/site\\\/2020\\\/06\\\/25\\\/vereador-da-camara-de-arcos-de-valdevez-lidera-lista-unica-a-distrital-do-psd-de-viana-do-castelo\\\/#primaryimage\"},\"thumbnailUrl\":\"https:\\\/\\\/www.altominho.tv\\\/site\\\/wp-content\\\/uploads\\\/2020\\\/06\\\/Oleg\u00e1rio.jpg\",\"keywords\":[\"Sociedade\"],\"articleSection\":[\"Arcos de Valdevez\"],\"inLanguage\":\"pt-PT\",\"copyrightYear\":\"2020\",\"copyrightHolder\":{\"@id\":\"https:\\\/\\\/www.altominho.tv\\\/site\\\/#organization\"}},{\"@type\":\"WebPage\",\"@id\":\"https:\\\/\\\/www.altominho.tv\\\/site\\\/2020\\\/06\\\/25\\\/vereador-da-camara-de-arcos-de-valdevez-lidera-lista-unica-a-distrital-do-psd-de-viana-do-castelo\\\/\",\"url\":\"https:\\\/\\\/www.altominho.tv\\\/site\\\/2020\\\/06\\\/25\\\/vereador-da-camara-de-arcos-de-valdevez-lidera-lista-unica-a-distrital-do-psd-de-viana-do-castelo\\\/\",\"name\":\"Vereador da C\u00e2mara de Arcos de Valdevez lidera lista \u00fanica \u00e0 distrital do PSD de Viana do Castelo\",\"isPartOf\":{\"@id\":\"https:\\\/\\\/www.altominho.tv\\\/site\\\/#website\"},\"primaryImageOfPage\":{\"@id\":\"https:\\\/\\\/www.altominho.tv\\\/site\\\/2020\\\/06\\\/25\\\/vereador-da-camara-de-arcos-de-valdevez-lidera-lista-unica-a-distrital-do-psd-de-viana-do-castelo\\\/#primaryimage\"},\"image\":{\"@id\":\"https:\\\/\\\/www.altominho.tv\\\/site\\\/2020\\\/06\\\/25\\\/vereador-da-camara-de-arcos-de-valdevez-lidera-lista-unica-a-distrital-do-psd-de-viana-do-castelo\\\/#primaryimage\"},\"thumbnailUrl\":\"https:\\\/\\\/www.altominho.tv\\\/site\\\/wp-content\\\/uploads\\\/2020\\\/06\\\/Oleg\u00e1rio.jpg\",\"datePublished\":\"2020-06-25T09:35:56+00:00\",\"dateModified\":\"2020-06-25T09:36:00+00:00\",\"author\":{\"@id\":\"https:\\\/\\\/www.altominho.tv\\\/site\\\/#\\\/schema\\\/person\\\/a0bff6dc1041aadd46fa81887444b017\"},\"breadcrumb\":{\"@id\":\"https:\\\/\\\/www.altominho.tv\\\/site\\\/2020\\\/06\\\/25\\\/vereador-da-camara-de-arcos-de-valdevez-lidera-lista-unica-a-distrital-do-psd-de-viana-do-castelo\\\/#breadcrumb\"},\"inLanguage\":\"pt-PT\",\"potentialAction\":[{\"@type\":\"ReadAction\",\"target\":[\"https:\\\/\\\/www.altominho.tv\\\/site\\\/2020\\\/06\\\/25\\\/vereador-da-camara-de-arcos-de-valdevez-lidera-lista-unica-a-distrital-do-psd-de-viana-do-castelo\\\/\"]}]},{\"@type\":\"ImageObject\",\"inLanguage\":\"pt-PT\",\"@id\":\"https:\\\/\\\/www.altominho.tv\\\/site\\\/2020\\\/06\\\/25\\\/vereador-da-camara-de-arcos-de-valdevez-lidera-lista-unica-a-distrital-do-psd-de-viana-do-castelo\\\/#primaryimage\",\"url\":\"https:\\\/\\\/www.altominho.tv\\\/site\\\/wp-content\\\/uploads\\\/2020\\\/06\\\/Oleg\u00e1rio.jpg\",\"contentUrl\":\"https:\\\/\\\/www.altominho.tv\\\/site\\\/wp-content\\\/uploads\\\/2020\\\/06\\\/Oleg\u00e1rio.jpg\",\"width\":1890,\"height\":1046},{\"@type\":\"BreadcrumbList\",\"@id\":\"https:\\\/\\\/www.altominho.tv\\\/site\\\/2020\\\/06\\\/25\\\/vereador-da-camara-de-arcos-de-valdevez-lidera-lista-unica-a-distrital-do-psd-de-viana-do-castelo\\\/#breadcrumb\",\"itemListElement\":[{\"@type\":\"ListItem\",\"position\":1,\"name\":\"In\u00edcio\",\"item\":\"https:\\\/\\\/www.altominho.tv\\\/site\\\/\"},{\"@type\":\"ListItem\",\"position\":2,\"name\":\"Vereador da C\u00e2mara de Arcos de Valdevez lidera lista \u00fanica \u00e0 distrital do PSD de Viana do Castelo\"}]},{\"@type\":\"WebSite\",\"@id\":\"https:\\\/\\\/www.altominho.tv\\\/site\\\/#website\",\"url\":\"https:\\\/\\\/www.altominho.tv\\\/site\\\/\",\"name\":\"Altominho.tv\",\"description\":\"A sua regi\u00e3o \u00e0 dist\u00e2ncia de um clique...\",\"potentialAction\":[{\"@type\":\"SearchAction\",\"target\":{\"@type\":\"EntryPoint\",\"urlTemplate\":\"https:\\\/\\\/www.altominho.tv\\\/site\\\/?s={search_term_string}\"},\"query-input\":{\"@type\":\"PropertyValueSpecification\",\"valueRequired\":true,\"valueName\":\"search_term_string\"}}],\"inLanguage\":\"pt-PT\"},{\"@type\":\"Person\",\"@id\":\"https:\\\/\\\/www.altominho.tv\\\/site\\\/#\\\/schema\\\/person\\\/a0bff6dc1041aadd46fa81887444b017\",\"name\":\"Andreia Ferreira | Lusa\",\"image\":{\"@type\":\"ImageObject\",\"inLanguage\":\"pt-PT\",\"@id\":\"https:\\\/\\\/www.altominho.tv\\\/site\\\/wp-content\\\/uploads\\\/2018\\\/04\\\/Andreia-150x150.jpg\",\"url\":\"https:\\\/\\\/www.altominho.tv\\\/site\\\/wp-content\\\/uploads\\\/2018\\\/04\\\/Andreia-150x150.jpg\",\"contentUrl\":\"https:\\\/\\\/www.altominho.tv\\\/site\\\/wp-content\\\/uploads\\\/2018\\\/04\\\/Andreia-150x150.jpg\",\"caption\":\"Andreia Ferreira | Lusa\"},\"sameAs\":[\"https:\\\/\\\/www.altominho.tv\\\/site\"],\"url\":\"https:\\\/\\\/www.altominho.tv\\\/site\\\/author\\\/andreiaferreiralusa\\\/\"}]}<\/script>\n<!-- \/ Yoast SEO Premium plugin. -->","yoast_head_json":{"title":"Vereador da C\u00e2mara de Arcos de Valdevez lidera lista \u00fanica \u00e0 distrital do PSD de Viana do Castelo","robots":{"index":"index","follow":"follow","max-snippet":"max-snippet:-1","max-image-preview":"max-image-preview:large","max-video-preview":"max-video-preview:-1"},"canonical":"https:\/\/www.altominho.tv\/site\/2020\/06\/25\/vereador-da-camara-de-arcos-de-valdevez-lidera-lista-unica-a-distrital-do-psd-de-viana-do-castelo\/","og_locale":"pt_PT","og_type":"article","og_title":"Vereador da C\u00e2mara de Arcos de Valdevez lidera lista \u00fanica \u00e0 distrital do PSD de Viana do Castelo","og_description":"O vereador na C\u00e2mara de Arcos de Valdevez, Oleg\u00e1rio Gon\u00e7alves, lidera a \u00fanica lista que concorre \u00e0s elei\u00e7\u00f5es para a distrital do PSD de Viana do Castelo marcadas para s\u00e1bado. Oleg\u00e1rio Gon\u00e7alves, de 51 anos, explicou \u00e0 Lusa que a sua lista foi a \u00fanica a dar entrada at\u00e9 \u00e0s 24h00 de quarta-feira, prazo definido [&hellip;]","og_url":"https:\/\/www.altominho.tv\/site\/2020\/06\/25\/vereador-da-camara-de-arcos-de-valdevez-lidera-lista-unica-a-distrital-do-psd-de-viana-do-castelo\/","og_site_name":"Altominho.tv","article_publisher":"https:\/\/www.facebook.com\/altominhotv","article_published_time":"2020-06-25T09:35:56+00:00","article_modified_time":"2020-06-25T09:36:00+00:00","og_image":[{"width":1890,"height":1046,"url":"https:\/\/www.altominho.tv\/site\/wp-content\/uploads\/2020\/06\/Oleg\u00e1rio.jpg","type":"image\/jpeg"}],"author":"Andreia Ferreira | Lusa","twitter_card":"summary_large_image","twitter_creator":"@altominhoTV","twitter_site":"@altominhoTV","twitter_misc":{"Escrito por":"Andreia Ferreira | Lusa","Tempo estimado de leitura":"2 minutos"},"schema":{"@context":"https:\/\/schema.org","@graph":[{"@type":"Article","@id":"https:\/\/www.altominho.tv\/site\/2020\/06\/25\/vereador-da-camara-de-arcos-de-valdevez-lidera-lista-unica-a-distrital-do-psd-de-viana-do-castelo\/#article","isPartOf":{"@id":"https:\/\/www.altominho.tv\/site\/2020\/06\/25\/vereador-da-camara-de-arcos-de-valdevez-lidera-lista-unica-a-distrital-do-psd-de-viana-do-castelo\/"},"author":{"name":"Andreia Ferreira | Lusa","@id":"https:\/\/www.altominho.tv\/site\/#\/schema\/person\/a0bff6dc1041aadd46fa81887444b017"},"headline":"Vereador da C\u00e2mara de Arcos de Valdevez lidera lista \u00fanica \u00e0 distrital do PSD de Viana do Castelo","datePublished":"2020-06-25T09:35:56+00:00","dateModified":"2020-06-25T09:36:00+00:00","mainEntityOfPage":{"@id":"https:\/\/www.altominho.tv\/site\/2020\/06\/25\/vereador-da-camara-de-arcos-de-valdevez-lidera-lista-unica-a-distrital-do-psd-de-viana-do-castelo\/"},"wordCount":368,"image":{"@id":"https:\/\/www.altominho.tv\/site\/2020\/06\/25\/vereador-da-camara-de-arcos-de-valdevez-lidera-lista-unica-a-distrital-do-psd-de-viana-do-castelo\/#primaryimage"},"thumbnailUrl":"https:\/\/www.altominho.tv\/site\/wp-content\/uploads\/2020\/06\/Oleg\u00e1rio.jpg","keywords":["Sociedade"],"articleSection":["Arcos de Valdevez"],"inLanguage":"pt-PT","copyrightYear":"2020","copyrightHolder":{"@id":"https:\/\/www.altominho.tv\/site\/#organization"}},{"@type":"WebPage","@id":"https:\/\/www.altominho.tv\/site\/2020\/06\/25\/vereador-da-camara-de-arcos-de-valdevez-lidera-lista-unica-a-distrital-do-psd-de-viana-do-castelo\/","url":"https:\/\/www.altominho.tv\/site\/2020\/06\/25\/vereador-da-camara-de-arcos-de-valdevez-lidera-lista-unica-a-distrital-do-psd-de-viana-do-castelo\/","name":"Vereador da C\u00e2mara de Arcos de Valdevez lidera lista \u00fanica \u00e0 distrital do PSD de Viana do Castelo","isPartOf":{"@id":"https:\/\/www.altominho.tv\/site\/#website"},"primaryImageOfPage":{"@id":"https:\/\/www.altominho.tv\/site\/2020\/06\/25\/vereador-da-camara-de-arcos-de-valdevez-lidera-lista-unica-a-distrital-do-psd-de-viana-do-castelo\/#primaryimage"},"image":{"@id":"https:\/\/www.altominho.tv\/site\/2020\/06\/25\/vereador-da-camara-de-arcos-de-valdevez-lidera-lista-unica-a-distrital-do-psd-de-viana-do-castelo\/#primaryimage"},"thumbnailUrl":"https:\/\/www.altominho.tv\/site\/wp-content\/uploads\/2020\/06\/Oleg\u00e1rio.jpg","datePublished":"2020-06-25T09:35:56+00:00","dateModified":"2020-06-25T09:36:00+00:00","author":{"@id":"https:\/\/www.altominho.tv\/site\/#\/schema\/person\/a0bff6dc1041aadd46fa81887444b017"},"breadcrumb":{"@id":"https:\/\/www.altominho.tv\/site\/2020\/06\/25\/vereador-da-camara-de-arcos-de-valdevez-lidera-lista-unica-a-distrital-do-psd-de-viana-do-castelo\/#breadcrumb"},"inLanguage":"pt-PT","potentialAction":[{"@type":"ReadAction","target":["https:\/\/www.altominho.tv\/site\/2020\/06\/25\/vereador-da-camara-de-arcos-de-valdevez-lidera-lista-unica-a-distrital-do-psd-de-viana-do-castelo\/"]}]},{"@type":"ImageObject","inLanguage":"pt-PT","@id":"https:\/\/www.altominho.tv\/site\/2020\/06\/25\/vereador-da-camara-de-arcos-de-valdevez-lidera-lista-unica-a-distrital-do-psd-de-viana-do-castelo\/#primaryimage","url":"https:\/\/www.altominho.tv\/site\/wp-content\/uploads\/2020\/06\/Oleg\u00e1rio.jpg","contentUrl":"https:\/\/www.altominho.tv\/site\/wp-content\/uploads\/2020\/06\/Oleg\u00e1rio.jpg","width":1890,"height":1046},{"@type":"BreadcrumbList","@id":"https:\/\/www.altominho.tv\/site\/2020\/06\/25\/vereador-da-camara-de-arcos-de-valdevez-lidera-lista-unica-a-distrital-do-psd-de-viana-do-castelo\/#breadcrumb","itemListElement":[{"@type":"ListItem","position":1,"name":"In\u00edcio","item":"https:\/\/www.altominho.tv\/site\/"},{"@type":"ListItem","position":2,"name":"Vereador da C\u00e2mara de Arcos de Valdevez lidera lista \u00fanica \u00e0 distrital do PSD de Viana do Castelo"}]},{"@type":"WebSite","@id":"https:\/\/www.altominho.tv\/site\/#website","url":"https:\/\/www.altominho.tv\/site\/","name":"Altominho.tv","description":"A sua regi\u00e3o \u00e0 dist\u00e2ncia de um clique...","potentialAction":[{"@type":"SearchAction","target":{"@type":"EntryPoint","urlTemplate":"https:\/\/www.altominho.tv\/site\/?s={search_term_string}"},"query-input":{"@type":"PropertyValueSpecification","valueRequired":true,"valueName":"search_term_string"}}],"inLanguage":"pt-PT"},{"@type":"Person","@id":"https:\/\/www.altominho.tv\/site\/#\/schema\/person\/a0bff6dc1041aadd46fa81887444b017","name":"Andreia Ferreira | Lusa","image":{"@type":"ImageObject","inLanguage":"pt-PT","@id":"https:\/\/www.altominho.tv\/site\/wp-content\/uploads\/2018\/04\/Andreia-150x150.jpg","url":"https:\/\/www.altominho.tv\/site\/wp-content\/uploads\/2018\/04\/Andreia-150x150.jpg","contentUrl":"https:\/\/www.altominho.tv\/site\/wp-content\/uploads\/2018\/04\/Andreia-150x150.jpg","caption":"Andreia Ferreira | Lusa"},"sameAs":["https:\/\/www.altominho.tv\/site"],"url":"https:\/\/www.altominho.tv\/site\/author\/andreiaferreiralusa\/"}]}},"_links":{"self":[{"href":"https:\/\/www.altominho.tv\/site\/wp-json\/wp\/v2\/posts\/48357","targetHints":{"allow":["GET"]}}],"collection":[{"href":"https:\/\/www.altominho.tv\/site\/wp-json\/wp\/v2\/posts"}],"about":[{"href":"https:\/\/www.altominho.tv\/site\/wp-json\/wp\/v2\/types\/post"}],"author":[{"embeddable":true,"href":"https:\/\/www.altominho.tv\/site\/wp-json\/wp\/v2\/users\/15"}],"replies":[{"embeddable":true,"href":"https:\/\/www.altominho.tv\/site\/wp-json\/wp\/v2\/comments?post=48357"}],"version-history":[{"count":0,"href":"https:\/\/www.altominho.tv\/site\/wp-json\/wp\/v2\/posts\/48357\/revisions"}],"wp:featuredmedia":[{"embeddable":true,"href":"https:\/\/www.altominho.tv\/site\/wp-json\/wp\/v2\/media\/48367"}],"wp:attachment":[{"href":"https:\/\/www.altominho.tv\/site\/wp-json\/wp\/v2\/media?parent=48357"}],"wp:term":[{"taxonomy":"category","embeddable":true,"href":"https:\/\/www.altominho.tv\/site\/wp-json\/wp\/v2\/categories?post=48357"},{"taxonomy":"post_tag","embeddable":true,"href":"https:\/\/www.altominho.tv\/site\/wp-json\/wp\/v2\/tags?post=48357"}],"curies":[{"name":"wp","href":"https:\/\/api.w.org\/{rel}","templated":true}]}}