{"id":48334,"date":"2020-06-24T14:16:10","date_gmt":"2020-06-24T13:16:10","guid":{"rendered":"http:\/\/www.altominho.tv\/site\/?p=48334"},"modified":"2020-06-24T14:16:14","modified_gmt":"2020-06-24T13:16:14","slug":"portugal-com-mais-tres-mortos-e-367-novos-casos-confirmados","status":"publish","type":"post","link":"https:\/\/www.altominho.tv\/site\/2020\/06\/24\/portugal-com-mais-tres-mortos-e-367-novos-casos-confirmados\/","title":{"rendered":"Portugal com mais tr\u00eas mortos e 367 novos casos confirmados"},"content":{"rendered":"<p><strong>Portugal regista hoje mais tr\u00eas mortos relacionados com a covid-19 do que na ter\u00e7a-feira e mais 367 infetados, a maioria na Regi\u00e3o de Lisboa e Vale do Tejo, segundo o boletim epidemiol\u00f3gico da Dire\u00e7\u00e3o-Geral da Sa\u00fade (DGS).<\/strong><\/p>\n<p class=\"text-paragraph\">Os dados da DGS indicam 1.543 mortes relacionadas com a covid-19 e 40.104 casos confirmados desde o in\u00edcio da pandemia.<\/p>\n<p class=\"text-paragraph\">Em compara\u00e7\u00e3o com os dados de ter\u00e7a-feira, hoje constatou-se um aumento de \u00f3bitos de 0,2%. J\u00e1 os casos de infe\u00e7\u00e3o subiram 0,9%.<\/p>\n<p class=\"text-paragraph\">Na regi\u00e3o de Lisboa e Vale do Tejo (LVT), onde se tem registado o maior n\u00famero de surtos, a pandemia de covid-19 atingiu os 17.527 casos confirmados, mais 302 do que na ter\u00e7a-feira, o que corresponde a 82% dos novos cont\u00e1gios.<\/p>\n<p class=\"text-paragraph\">A regi\u00e3o de Lisboa e Vale do Tejo \u00e9 agora a que tem maior n\u00famero de infe\u00e7\u00f5es (17.527) e a segunda com maior n\u00famero de \u00f3bitos (449).<\/p>\n<p class=\"text-paragraph\">O Norte regista 17.339 infe\u00e7\u00f5es e 814 mortos, o Centro 4.042 casos confirmados e 248 \u00f3bitos, o Algarve 15 mortos e 552 pessoas infetadas e o Alentejo dois mortos e 406 pessoas com covid-19.<\/p>\n<p class=\"text-paragraph\">Os A\u00e7ores apresentam 146 casos de infe\u00e7\u00e3o pelo novo coronav\u00edrus SARA-Cov-2 e 15 mortes, enquanto a Madeira tem 92 pessoas infetadas e mant\u00e9m-se sem qualquer \u00f3bito registado.<\/p>\n<p class=\"text-paragraph\">Do total de pessoas infetadas em Portugal, 429 est\u00e3o internadas, menos 12 do que na ter\u00e7a-feira (-2,8%). O n\u00famero de doentes internados em unidades de cuidados intensivos subiu para 73 (mais um).<\/p>\n<p class=\"text-paragraph\">Na distribui\u00e7\u00e3o dos casos infetados por concelhos, Lisboa \u00e9 o que regista o maior n\u00famero de casos (3.238), seguido por Sintra (2.370), Loures (1.707), Vila Nova de Gaia (1.628), Amadora (1.511), Porto (1.414), Matosinhos (1.292), Braga (1.256), Odivelas (1017) e Maia (950).<\/p>\n<p class=\"text-paragraph\">Os dados do relat\u00f3rio da DGS indicam que, do total de mortes registadas at\u00e9 hoje, 777 s\u00e3o mulheres e 766 homens.<\/p>\n<p class=\"text-paragraph\">Por faixa et\u00e1ria, o maior n\u00famero de mortes regista-se entre as pessoas com 80 ou mais anos (1.033), seguida pela faixa entre os 70 e os 79 anos (298). Entre a popula\u00e7\u00e3o com idades compreendidas entre os 60 e 69 anos h\u00e1 141 mortes.<\/p>\n<p class=\"text-paragraph\">Os dados da DGS registam ainda 49 mortes na faixa et\u00e1ria entre os 50 e os 59 anos, 18 entre os 40 e os 49 anos, duas entre os 30 e os 39 anos e duas na faixa et\u00e1ria dos 20 aos 29 anos.<\/p>\n<p class=\"text-paragraph\">Relativamente ao total de casos de infe\u00e7\u00e3o, os dados apontam que 22.540 s\u00e3o mulheres e 17.564 homens.<\/p>\n<p class=\"text-paragraph\">A faixa et\u00e1ria mais afetada pela doen\u00e7a \u00e9 a dos 40 aos 49 anos (6.720), seguida da faixa entre os 50 e os 59 anos (6.389) e das pessoas com idades compreendidas entre os 30 e os 39 anos (6.329).<\/p>\n<p class=\"text-paragraph\">Nas faixas et\u00e1rias mais jovens, entre os 20 e os 29 anos, registam-se 5.790 casos e, entre os 10 e os 19 anos, 1.569.<\/p>\n<p class=\"text-paragraph\">Nas crian\u00e7as at\u00e9 aos nove anos verificam-se 1.090 casos, precisam os dados da Dire\u00e7\u00e3o-Geral da Sa\u00fade.<\/p>\n<p class=\"text-paragraph\">Segundo a DGS, 37% dos doentes apresentaram tosse, 28% febre, 21% dores musculares, 20% cefaleia, 15% fraqueza generalizada e 10% dificuldade respirat\u00f3ria.<\/p>\n<p class=\"text-paragraph\">A aguardar resultado laboratorial de testes est\u00e3o 1.586 pessoas e em vigil\u00e2ncia pelas autoridades de sa\u00fade est\u00e3o 30.935.<\/p>\n","protected":false},"excerpt":{"rendered":"<p>Portugal regista hoje mais tr\u00eas mortos relacionados com a covid-19 do que na ter\u00e7a-feira e mais 367 infetados, a maioria na Regi\u00e3o de Lisboa e Vale do Tejo, segundo o boletim epidemiol\u00f3gico da Dire\u00e7\u00e3o-Geral da Sa\u00fade (DGS). Os dados da DGS indicam 1.543 mortes relacionadas com a covid-19 e 40.104 casos confirmados desde o in\u00edcio [&hellip;]<\/p>\n","protected":false},"author":13,"featured_media":47099,"comment_status":"closed","ping_status":"closed","sticky":false,"template":"","format":"standard","meta":{"_exactmetrics_skip_tracking":false,"_exactmetrics_sitenote_active":false,"_exactmetrics_sitenote_note":"","_exactmetrics_sitenote_category":0,"footnotes":""},"categories":[42722],"tags":[26],"class_list":["post-48334","post","type-post","status-publish","format-standard","has-post-thumbnail","hentry","category-covid-19","tag-saude"],"yoast_head":"<!-- This site is optimized with the Yoast SEO Premium plugin v27.4 (Yoast SEO v27.4) - https:\/\/yoast.com\/product\/yoast-seo-premium-wordpress\/ -->\n<title>Portugal com mais tr\u00eas mortos e 367 novos casos confirmados<\/title>\n<meta name=\"robots\" content=\"index, follow, max-snippet:-1, max-image-preview:large, max-video-preview:-1\" \/>\n<link rel=\"canonical\" href=\"https:\/\/www.altominho.tv\/site\/2020\/06\/24\/portugal-com-mais-tres-mortos-e-367-novos-casos-confirmados\/\" \/>\n<meta property=\"og:locale\" content=\"pt_PT\" \/>\n<meta property=\"og:type\" content=\"article\" \/>\n<meta property=\"og:title\" content=\"Portugal com mais tr\u00eas mortos e 367 novos casos confirmados\" \/>\n<meta property=\"og:description\" content=\"Portugal regista hoje mais tr\u00eas mortos relacionados com a covid-19 do que na ter\u00e7a-feira e mais 367 infetados, a maioria na Regi\u00e3o de Lisboa e Vale do Tejo, segundo o boletim epidemiol\u00f3gico da Dire\u00e7\u00e3o-Geral da Sa\u00fade (DGS). Os dados da DGS indicam 1.543 mortes relacionadas com a covid-19 e 40.104 casos confirmados desde o in\u00edcio [&hellip;]\" \/>\n<meta property=\"og:url\" content=\"https:\/\/www.altominho.tv\/site\/2020\/06\/24\/portugal-com-mais-tres-mortos-e-367-novos-casos-confirmados\/\" \/>\n<meta property=\"og:site_name\" content=\"Altominho.tv\" \/>\n<meta property=\"article:publisher\" content=\"https:\/\/www.facebook.com\/altominhotv\" \/>\n<meta property=\"article:published_time\" content=\"2020-06-24T13:16:10+00:00\" \/>\n<meta property=\"article:modified_time\" content=\"2020-06-24T13:16:14+00:00\" \/>\n<meta property=\"og:image\" content=\"https:\/\/www.altominho.tv\/site\/wp-content\/uploads\/2020\/05\/Teste-Covid-19-scaled.jpg\" \/>\n\t<meta property=\"og:image:width\" content=\"2560\" \/>\n\t<meta property=\"og:image:height\" content=\"1707\" \/>\n\t<meta property=\"og:image:type\" content=\"image\/jpeg\" \/>\n<meta name=\"author\" content=\"Lusa\" \/>\n<meta name=\"twitter:card\" content=\"summary_large_image\" \/>\n<meta name=\"twitter:creator\" content=\"@altominhoTV\" \/>\n<meta name=\"twitter:site\" content=\"@altominhoTV\" \/>\n<meta name=\"twitter:label1\" content=\"Escrito por\" \/>\n\t<meta name=\"twitter:data1\" content=\"Lusa\" \/>\n\t<meta name=\"twitter:label2\" content=\"Tempo estimado de leitura\" \/>\n\t<meta name=\"twitter:data2\" content=\"2 minutos\" \/>\n<script type=\"application\/ld+json\" class=\"yoast-schema-graph\">{\"@context\":\"https:\\\/\\\/schema.org\",\"@graph\":[{\"@type\":\"Article\",\"@id\":\"https:\\\/\\\/www.altominho.tv\\\/site\\\/2020\\\/06\\\/24\\\/portugal-com-mais-tres-mortos-e-367-novos-casos-confirmados\\\/#article\",\"isPartOf\":{\"@id\":\"https:\\\/\\\/www.altominho.tv\\\/site\\\/2020\\\/06\\\/24\\\/portugal-com-mais-tres-mortos-e-367-novos-casos-confirmados\\\/\"},\"author\":{\"name\":\"Lusa\",\"@id\":\"https:\\\/\\\/www.altominho.tv\\\/site\\\/#\\\/schema\\\/person\\\/63f693da3e1899361cbe955c46f3232e\"},\"headline\":\"Portugal com mais tr\u00eas mortos e 367 novos casos confirmados\",\"datePublished\":\"2020-06-24T13:16:10+00:00\",\"dateModified\":\"2020-06-24T13:16:14+00:00\",\"mainEntityOfPage\":{\"@id\":\"https:\\\/\\\/www.altominho.tv\\\/site\\\/2020\\\/06\\\/24\\\/portugal-com-mais-tres-mortos-e-367-novos-casos-confirmados\\\/\"},\"wordCount\":504,\"image\":{\"@id\":\"https:\\\/\\\/www.altominho.tv\\\/site\\\/2020\\\/06\\\/24\\\/portugal-com-mais-tres-mortos-e-367-novos-casos-confirmados\\\/#primaryimage\"},\"thumbnailUrl\":\"https:\\\/\\\/www.altominho.tv\\\/site\\\/wp-content\\\/uploads\\\/2020\\\/05\\\/Teste-Covid-19-scaled.jpg\",\"keywords\":[\"Sa\u00fade\"],\"articleSection\":[\"Coronav\u00edrus\"],\"inLanguage\":\"pt-PT\",\"copyrightYear\":\"2020\",\"copyrightHolder\":{\"@id\":\"https:\\\/\\\/www.altominho.tv\\\/site\\\/#organization\"}},{\"@type\":\"WebPage\",\"@id\":\"https:\\\/\\\/www.altominho.tv\\\/site\\\/2020\\\/06\\\/24\\\/portugal-com-mais-tres-mortos-e-367-novos-casos-confirmados\\\/\",\"url\":\"https:\\\/\\\/www.altominho.tv\\\/site\\\/2020\\\/06\\\/24\\\/portugal-com-mais-tres-mortos-e-367-novos-casos-confirmados\\\/\",\"name\":\"Portugal com mais tr\u00eas mortos e 367 novos casos confirmados\",\"isPartOf\":{\"@id\":\"https:\\\/\\\/www.altominho.tv\\\/site\\\/#website\"},\"primaryImageOfPage\":{\"@id\":\"https:\\\/\\\/www.altominho.tv\\\/site\\\/2020\\\/06\\\/24\\\/portugal-com-mais-tres-mortos-e-367-novos-casos-confirmados\\\/#primaryimage\"},\"image\":{\"@id\":\"https:\\\/\\\/www.altominho.tv\\\/site\\\/2020\\\/06\\\/24\\\/portugal-com-mais-tres-mortos-e-367-novos-casos-confirmados\\\/#primaryimage\"},\"thumbnailUrl\":\"https:\\\/\\\/www.altominho.tv\\\/site\\\/wp-content\\\/uploads\\\/2020\\\/05\\\/Teste-Covid-19-scaled.jpg\",\"datePublished\":\"2020-06-24T13:16:10+00:00\",\"dateModified\":\"2020-06-24T13:16:14+00:00\",\"author\":{\"@id\":\"https:\\\/\\\/www.altominho.tv\\\/site\\\/#\\\/schema\\\/person\\\/63f693da3e1899361cbe955c46f3232e\"},\"breadcrumb\":{\"@id\":\"https:\\\/\\\/www.altominho.tv\\\/site\\\/2020\\\/06\\\/24\\\/portugal-com-mais-tres-mortos-e-367-novos-casos-confirmados\\\/#breadcrumb\"},\"inLanguage\":\"pt-PT\",\"potentialAction\":[{\"@type\":\"ReadAction\",\"target\":[\"https:\\\/\\\/www.altominho.tv\\\/site\\\/2020\\\/06\\\/24\\\/portugal-com-mais-tres-mortos-e-367-novos-casos-confirmados\\\/\"]}]},{\"@type\":\"ImageObject\",\"inLanguage\":\"pt-PT\",\"@id\":\"https:\\\/\\\/www.altominho.tv\\\/site\\\/2020\\\/06\\\/24\\\/portugal-com-mais-tres-mortos-e-367-novos-casos-confirmados\\\/#primaryimage\",\"url\":\"https:\\\/\\\/www.altominho.tv\\\/site\\\/wp-content\\\/uploads\\\/2020\\\/05\\\/Teste-Covid-19-scaled.jpg\",\"contentUrl\":\"https:\\\/\\\/www.altominho.tv\\\/site\\\/wp-content\\\/uploads\\\/2020\\\/05\\\/Teste-Covid-19-scaled.jpg\",\"width\":2560,\"height\":1707},{\"@type\":\"BreadcrumbList\",\"@id\":\"https:\\\/\\\/www.altominho.tv\\\/site\\\/2020\\\/06\\\/24\\\/portugal-com-mais-tres-mortos-e-367-novos-casos-confirmados\\\/#breadcrumb\",\"itemListElement\":[{\"@type\":\"ListItem\",\"position\":1,\"name\":\"In\u00edcio\",\"item\":\"https:\\\/\\\/www.altominho.tv\\\/site\\\/\"},{\"@type\":\"ListItem\",\"position\":2,\"name\":\"Portugal com mais tr\u00eas mortos e 367 novos casos confirmados\"}]},{\"@type\":\"WebSite\",\"@id\":\"https:\\\/\\\/www.altominho.tv\\\/site\\\/#website\",\"url\":\"https:\\\/\\\/www.altominho.tv\\\/site\\\/\",\"name\":\"Altominho.tv\",\"description\":\"A sua regi\u00e3o \u00e0 dist\u00e2ncia de um clique...\",\"potentialAction\":[{\"@type\":\"SearchAction\",\"target\":{\"@type\":\"EntryPoint\",\"urlTemplate\":\"https:\\\/\\\/www.altominho.tv\\\/site\\\/?s={search_term_string}\"},\"query-input\":{\"@type\":\"PropertyValueSpecification\",\"valueRequired\":true,\"valueName\":\"search_term_string\"}}],\"inLanguage\":\"pt-PT\"},{\"@type\":\"Person\",\"@id\":\"https:\\\/\\\/www.altominho.tv\\\/site\\\/#\\\/schema\\\/person\\\/63f693da3e1899361cbe955c46f3232e\",\"name\":\"Lusa\",\"image\":{\"@type\":\"ImageObject\",\"inLanguage\":\"pt-PT\",\"@id\":\"https:\\\/\\\/www.altominho.tv\\\/site\\\/wp-content\\\/uploads\\\/2019\\\/08\\\/LUSA_Logo.gif\",\"url\":\"https:\\\/\\\/www.altominho.tv\\\/site\\\/wp-content\\\/uploads\\\/2019\\\/08\\\/LUSA_Logo.gif\",\"contentUrl\":\"https:\\\/\\\/www.altominho.tv\\\/site\\\/wp-content\\\/uploads\\\/2019\\\/08\\\/LUSA_Logo.gif\",\"caption\":\"Lusa\"},\"sameAs\":[\"http:\\\/\\\/\\\/\\\/www.altominho.tv\\\/site\"],\"url\":\"https:\\\/\\\/www.altominho.tv\\\/site\\\/author\\\/lusa\\\/\"}]}<\/script>\n<!-- \/ Yoast SEO Premium plugin. -->","yoast_head_json":{"title":"Portugal com mais tr\u00eas mortos e 367 novos casos confirmados","robots":{"index":"index","follow":"follow","max-snippet":"max-snippet:-1","max-image-preview":"max-image-preview:large","max-video-preview":"max-video-preview:-1"},"canonical":"https:\/\/www.altominho.tv\/site\/2020\/06\/24\/portugal-com-mais-tres-mortos-e-367-novos-casos-confirmados\/","og_locale":"pt_PT","og_type":"article","og_title":"Portugal com mais tr\u00eas mortos e 367 novos casos confirmados","og_description":"Portugal regista hoje mais tr\u00eas mortos relacionados com a covid-19 do que na ter\u00e7a-feira e mais 367 infetados, a maioria na Regi\u00e3o de Lisboa e Vale do Tejo, segundo o boletim epidemiol\u00f3gico da Dire\u00e7\u00e3o-Geral da Sa\u00fade (DGS). Os dados da DGS indicam 1.543 mortes relacionadas com a covid-19 e 40.104 casos confirmados desde o in\u00edcio [&hellip;]","og_url":"https:\/\/www.altominho.tv\/site\/2020\/06\/24\/portugal-com-mais-tres-mortos-e-367-novos-casos-confirmados\/","og_site_name":"Altominho.tv","article_publisher":"https:\/\/www.facebook.com\/altominhotv","article_published_time":"2020-06-24T13:16:10+00:00","article_modified_time":"2020-06-24T13:16:14+00:00","og_image":[{"width":2560,"height":1707,"url":"https:\/\/www.altominho.tv\/site\/wp-content\/uploads\/2020\/05\/Teste-Covid-19-scaled.jpg","type":"image\/jpeg"}],"author":"Lusa","twitter_card":"summary_large_image","twitter_creator":"@altominhoTV","twitter_site":"@altominhoTV","twitter_misc":{"Escrito por":"Lusa","Tempo estimado de leitura":"2 minutos"},"schema":{"@context":"https:\/\/schema.org","@graph":[{"@type":"Article","@id":"https:\/\/www.altominho.tv\/site\/2020\/06\/24\/portugal-com-mais-tres-mortos-e-367-novos-casos-confirmados\/#article","isPartOf":{"@id":"https:\/\/www.altominho.tv\/site\/2020\/06\/24\/portugal-com-mais-tres-mortos-e-367-novos-casos-confirmados\/"},"author":{"name":"Lusa","@id":"https:\/\/www.altominho.tv\/site\/#\/schema\/person\/63f693da3e1899361cbe955c46f3232e"},"headline":"Portugal com mais tr\u00eas mortos e 367 novos casos confirmados","datePublished":"2020-06-24T13:16:10+00:00","dateModified":"2020-06-24T13:16:14+00:00","mainEntityOfPage":{"@id":"https:\/\/www.altominho.tv\/site\/2020\/06\/24\/portugal-com-mais-tres-mortos-e-367-novos-casos-confirmados\/"},"wordCount":504,"image":{"@id":"https:\/\/www.altominho.tv\/site\/2020\/06\/24\/portugal-com-mais-tres-mortos-e-367-novos-casos-confirmados\/#primaryimage"},"thumbnailUrl":"https:\/\/www.altominho.tv\/site\/wp-content\/uploads\/2020\/05\/Teste-Covid-19-scaled.jpg","keywords":["Sa\u00fade"],"articleSection":["Coronav\u00edrus"],"inLanguage":"pt-PT","copyrightYear":"2020","copyrightHolder":{"@id":"https:\/\/www.altominho.tv\/site\/#organization"}},{"@type":"WebPage","@id":"https:\/\/www.altominho.tv\/site\/2020\/06\/24\/portugal-com-mais-tres-mortos-e-367-novos-casos-confirmados\/","url":"https:\/\/www.altominho.tv\/site\/2020\/06\/24\/portugal-com-mais-tres-mortos-e-367-novos-casos-confirmados\/","name":"Portugal com mais tr\u00eas mortos e 367 novos casos confirmados","isPartOf":{"@id":"https:\/\/www.altominho.tv\/site\/#website"},"primaryImageOfPage":{"@id":"https:\/\/www.altominho.tv\/site\/2020\/06\/24\/portugal-com-mais-tres-mortos-e-367-novos-casos-confirmados\/#primaryimage"},"image":{"@id":"https:\/\/www.altominho.tv\/site\/2020\/06\/24\/portugal-com-mais-tres-mortos-e-367-novos-casos-confirmados\/#primaryimage"},"thumbnailUrl":"https:\/\/www.altominho.tv\/site\/wp-content\/uploads\/2020\/05\/Teste-Covid-19-scaled.jpg","datePublished":"2020-06-24T13:16:10+00:00","dateModified":"2020-06-24T13:16:14+00:00","author":{"@id":"https:\/\/www.altominho.tv\/site\/#\/schema\/person\/63f693da3e1899361cbe955c46f3232e"},"breadcrumb":{"@id":"https:\/\/www.altominho.tv\/site\/2020\/06\/24\/portugal-com-mais-tres-mortos-e-367-novos-casos-confirmados\/#breadcrumb"},"inLanguage":"pt-PT","potentialAction":[{"@type":"ReadAction","target":["https:\/\/www.altominho.tv\/site\/2020\/06\/24\/portugal-com-mais-tres-mortos-e-367-novos-casos-confirmados\/"]}]},{"@type":"ImageObject","inLanguage":"pt-PT","@id":"https:\/\/www.altominho.tv\/site\/2020\/06\/24\/portugal-com-mais-tres-mortos-e-367-novos-casos-confirmados\/#primaryimage","url":"https:\/\/www.altominho.tv\/site\/wp-content\/uploads\/2020\/05\/Teste-Covid-19-scaled.jpg","contentUrl":"https:\/\/www.altominho.tv\/site\/wp-content\/uploads\/2020\/05\/Teste-Covid-19-scaled.jpg","width":2560,"height":1707},{"@type":"BreadcrumbList","@id":"https:\/\/www.altominho.tv\/site\/2020\/06\/24\/portugal-com-mais-tres-mortos-e-367-novos-casos-confirmados\/#breadcrumb","itemListElement":[{"@type":"ListItem","position":1,"name":"In\u00edcio","item":"https:\/\/www.altominho.tv\/site\/"},{"@type":"ListItem","position":2,"name":"Portugal com mais tr\u00eas mortos e 367 novos casos confirmados"}]},{"@type":"WebSite","@id":"https:\/\/www.altominho.tv\/site\/#website","url":"https:\/\/www.altominho.tv\/site\/","name":"Altominho.tv","description":"A sua regi\u00e3o \u00e0 dist\u00e2ncia de um clique...","potentialAction":[{"@type":"SearchAction","target":{"@type":"EntryPoint","urlTemplate":"https:\/\/www.altominho.tv\/site\/?s={search_term_string}"},"query-input":{"@type":"PropertyValueSpecification","valueRequired":true,"valueName":"search_term_string"}}],"inLanguage":"pt-PT"},{"@type":"Person","@id":"https:\/\/www.altominho.tv\/site\/#\/schema\/person\/63f693da3e1899361cbe955c46f3232e","name":"Lusa","image":{"@type":"ImageObject","inLanguage":"pt-PT","@id":"https:\/\/www.altominho.tv\/site\/wp-content\/uploads\/2019\/08\/LUSA_Logo.gif","url":"https:\/\/www.altominho.tv\/site\/wp-content\/uploads\/2019\/08\/LUSA_Logo.gif","contentUrl":"https:\/\/www.altominho.tv\/site\/wp-content\/uploads\/2019\/08\/LUSA_Logo.gif","caption":"Lusa"},"sameAs":["http:\/\/\/\/www.altominho.tv\/site"],"url":"https:\/\/www.altominho.tv\/site\/author\/lusa\/"}]}},"_links":{"self":[{"href":"https:\/\/www.altominho.tv\/site\/wp-json\/wp\/v2\/posts\/48334","targetHints":{"allow":["GET"]}}],"collection":[{"href":"https:\/\/www.altominho.tv\/site\/wp-json\/wp\/v2\/posts"}],"about":[{"href":"https:\/\/www.altominho.tv\/site\/wp-json\/wp\/v2\/types\/post"}],"author":[{"embeddable":true,"href":"https:\/\/www.altominho.tv\/site\/wp-json\/wp\/v2\/users\/13"}],"replies":[{"embeddable":true,"href":"https:\/\/www.altominho.tv\/site\/wp-json\/wp\/v2\/comments?post=48334"}],"version-history":[{"count":0,"href":"https:\/\/www.altominho.tv\/site\/wp-json\/wp\/v2\/posts\/48334\/revisions"}],"wp:featuredmedia":[{"embeddable":true,"href":"https:\/\/www.altominho.tv\/site\/wp-json\/wp\/v2\/media\/47099"}],"wp:attachment":[{"href":"https:\/\/www.altominho.tv\/site\/wp-json\/wp\/v2\/media?parent=48334"}],"wp:term":[{"taxonomy":"category","embeddable":true,"href":"https:\/\/www.altominho.tv\/site\/wp-json\/wp\/v2\/categories?post=48334"},{"taxonomy":"post_tag","embeddable":true,"href":"https:\/\/www.altominho.tv\/site\/wp-json\/wp\/v2\/tags?post=48334"}],"curies":[{"name":"wp","href":"https:\/\/api.w.org\/{rel}","templated":true}]}}