{"id":48329,"date":"2020-06-24T13:29:18","date_gmt":"2020-06-24T12:29:18","guid":{"rendered":"http:\/\/www.altominho.tv\/site\/?p=48329"},"modified":"2020-06-24T13:29:22","modified_gmt":"2020-06-24T12:29:22","slug":"arcos-de-valdevez-poe-visitantes-a-fundar-portugal-em-puzzle-de-grandes-dimensoes","status":"publish","type":"post","link":"https:\/\/www.altominho.tv\/site\/2020\/06\/24\/arcos-de-valdevez-poe-visitantes-a-fundar-portugal-em-puzzle-de-grandes-dimensoes\/","title":{"rendered":"Arcos de Valdevez p\u00f5e visitantes a fundar Portugal em &#8216;puzzle&#8217; de grandes dimens\u00f5es"},"content":{"rendered":"\n<p>Os visitantes do Pa\u00e7o de Giela, Arcos de Valdevez, v\u00e3o construir com 500 pe\u00e7as, como num \u2018puzzle\u2019, o Recontro de Valdevez, associado \u00e0 funda\u00e7\u00e3o de Portugal, num painel que reproduz a obra de Jorge Cola\u00e7o sobre aquele momento hist\u00f3rico.<br><\/p>\n\n\n\n<p>&#8220;No dia 02 de julho vai ser instalada, junto \u00e0 torre do Pa\u00e7o de Giela, uma estrutura de dois metros de altura por seis metros de largura que reproduz o painel de azulejos sobre o Recontro de Valdevez existente na Esta\u00e7\u00e3o de S\u00e3o Bento, no Porto, realizado no in\u00edcio do s\u00e9culo XX pelo artista Jorge Cola\u00e7o&#8221;, explicou hoje \u00e0 Lusa o chefe de Divis\u00e3o de Desenvolvimento Sociocultural da C\u00e2mara de Arcos de Valdevez, Nuno Soares.<br><\/p>\n\n\n\n<p>Em 1141, os ex\u00e9rcitos de Afonso Henriques, que viria a ser o primeiro rei de Portugal, e os de seu primo Afonso VII, de Le\u00e3o e Castela, encontraram-se no vale do Rio Vez, protagonizando um dos momentos mais importantes da funda\u00e7\u00e3o da nacionalidade, o Recontro de Valdevez.<br><\/p>\n\n\n\n<p>Esta &#8220;esp\u00e9cie de contenda ou torneio medieval evitou uma batalha quase certa que deu uma importante vantagem aos portucalenses e \u00e0s ambi\u00e7\u00f5es autonomistas do seu jovem monarca&#8221;.<br><\/p>\n\n\n\n<p>Contactado pela Lusa a prop\u00f3sito de uma nota hoje enviada \u00e0 imprensa sobre a iniciativa, Nuno Soares explicou que, a partir do dia 04 de julho, todos os visitantes do Pa\u00e7o de Giela,\u00a0 monumento nacional, &#8220;ser\u00e3o convidados a colocar uma das 500 pe\u00e7as em \u2018pvc\u2019, com 15 por 15 cent\u00edmetros, todas numeradas, sobre a reprodu\u00e7\u00e3o do ic\u00f3nico painel de azulejos, reconstruindo um dos tr\u00eas momentos hist\u00f3ricos mais importantes associados \u00e0 funda\u00e7\u00e3o da nacionalidade portuguesa&#8221;.<br><\/p>\n\n\n\n<p>&#8220;Numa das faces, a pe\u00e7a cont\u00e9m parte da reprodu\u00e7\u00e3o da obra de Jorge Cola\u00e7o que, quando afixada, atrav\u00e9s do \u00edman de que disp\u00f5e, ajudar\u00e1 a completar a um verdadeiro \u2018P\u00f3rtico do Tempo\u2019, que ficar\u00e1 dispon\u00edvel durante todo o ver\u00e3o. Na outra face, a pe\u00e7a do \u2018puzzle&#8217; tem a pintura completa&#8221;, explicou.<br><\/p>\n\n\n\n<p>A partir de setembro, referiu Nuno Soares, os visitantes que participaram na constru\u00e7\u00e3o do painel &#8220;poder\u00e3o levantar uma pe\u00e7a para ficar com uma recorda\u00e7\u00e3o da iniciativa&#8221;.<br><\/p>\n\n\n\n<p>&#8220;Como disp\u00f5e do \u00edman, pode, por exemplo, ser colocada na porta do frigor\u00edfico como recorda\u00e7\u00e3o, ajudando a divulgar este momento importante da hist\u00f3ria do concelho e do pa\u00eds&#8221;, especificou.<br><\/p>\n\n\n\n<p>O painel &#8220;ser\u00e1 colocado numa zona estrat\u00e9gica para que, se as pessoas quiserem fazer fotografias ou \u2018selfies\u2019, tenham sempre como cen\u00e1rio o Pa\u00e7o de Giela e a sua torre&#8221;.<br><\/p>\n\n\n\n<p>A iniciativa pretende assinalar a data daquele acontecimento hist\u00f3rico, j\u00e1 que a recria\u00e7\u00e3o hist\u00f3rica do Recontro de Valdevez, que a C\u00e2mara de Arcos de Valdevez realiza todos os anos no Pa\u00e7o de Giela, no primeiro fim de semana de julho, foi adiada para 2021, devido \u00e0 pandemia de covid-19.<br><\/p>\n\n\n\n<p>Nuno Soares adiantou que ser\u00e3o oferecidas aos visitantes cerca de mil m\u00e1scaras de prote\u00e7\u00e3o individual, nas quais est\u00e1 impressa uma parte do painel alusivo ao Recontro de Valdevez.<br><\/p>\n\n\n\n<p>No dia 02 de julho, ser\u00e1 apresentada uma escultura em poliestireno, integralmente revestida a fibra de vidro de alta resist\u00eancia, realizada pelo artista local Nuno Mokuna.<br><\/p>\n\n\n\n<p>&#8220;\u00c9 uma reprodu\u00e7\u00e3o em tamanho real, com tr\u00eas metros de altura, da figura de Afonso Henriques e do seu cavalo, tal como estaria no dia do Recontro de Valdevez. <\/p>\n\n\n\n<p>Ser\u00e1 a primeira pe\u00e7a de um futuro parque de figuras e elementos relacionados com o Recontro e com o s\u00e9culo XII, e que todos os anos receber\u00e1 uma nova cria\u00e7\u00e3o de outras personagens com que iremos povoar o parque de Giela. J\u00e1 est\u00e1 em elabora\u00e7\u00e3o a escultura do primo de Afonso Henriques, Afonso VII, de Le\u00e3o e Castela&#8221;, explicou.<br><\/p>\n\n\n\n<p>Durante o evento ser\u00e1 lan\u00e7ado o espumante Vez, &#8220;produzido especificamente com base na import\u00e2ncia e significado do Recontro de Valdevez na hist\u00f3ria local e nacional&#8221;, e numa parceria entre a C\u00e2mara de Arcos de Valdevez e a Adega Cooperativa de Ponte da Barca e Arcos de Valdevez.<\/p>\n","protected":false},"excerpt":{"rendered":"<p>Os visitantes do Pa\u00e7o de Giela, Arcos de Valdevez, v\u00e3o construir com 500 pe\u00e7as, como num \u2018puzzle\u2019, o Recontro de Valdevez, associado \u00e0 funda\u00e7\u00e3o de Portugal, num painel que reproduz a obra de Jorge Cola\u00e7o sobre aquele momento hist\u00f3rico. &#8220;No dia 02 de julho vai ser instalada, junto \u00e0 torre do Pa\u00e7o de Giela, uma [&hellip;]<\/p>\n","protected":false},"author":16,"featured_media":48331,"comment_status":"closed","ping_status":"closed","sticky":false,"template":"","format":"standard","meta":{"_exactmetrics_skip_tracking":false,"_exactmetrics_sitenote_active":false,"_exactmetrics_sitenote_note":"","_exactmetrics_sitenote_category":0,"footnotes":""},"categories":[2],"tags":[19,24],"class_list":["post-48329","post","type-post","status-publish","format-standard","has-post-thumbnail","hentry","category-arcos-de-valdevez","tag-cultura","tag-lazer"],"yoast_head":"<!-- This site is optimized with the Yoast SEO Premium plugin v27.4 (Yoast SEO v27.4) - https:\/\/yoast.com\/product\/yoast-seo-premium-wordpress\/ -->\n<title>Arcos de Valdevez p\u00f5e visitantes a fundar Portugal em &#039;puzzle&#039; de grandes dimens\u00f5es<\/title>\n<meta name=\"robots\" content=\"index, follow, max-snippet:-1, max-image-preview:large, max-video-preview:-1\" \/>\n<link rel=\"canonical\" href=\"https:\/\/www.altominho.tv\/site\/2020\/06\/24\/arcos-de-valdevez-poe-visitantes-a-fundar-portugal-em-puzzle-de-grandes-dimensoes\/\" \/>\n<meta property=\"og:locale\" content=\"pt_PT\" \/>\n<meta property=\"og:type\" content=\"article\" \/>\n<meta property=\"og:title\" content=\"Arcos de Valdevez p\u00f5e visitantes a fundar Portugal em &#039;puzzle&#039; de grandes dimens\u00f5es\" \/>\n<meta property=\"og:description\" content=\"Os visitantes do Pa\u00e7o de Giela, Arcos de Valdevez, v\u00e3o construir com 500 pe\u00e7as, como num \u2018puzzle\u2019, o Recontro de Valdevez, associado \u00e0 funda\u00e7\u00e3o de Portugal, num painel que reproduz a obra de Jorge Cola\u00e7o sobre aquele momento hist\u00f3rico. &#8220;No dia 02 de julho vai ser instalada, junto \u00e0 torre do Pa\u00e7o de Giela, uma [&hellip;]\" \/>\n<meta property=\"og:url\" content=\"https:\/\/www.altominho.tv\/site\/2020\/06\/24\/arcos-de-valdevez-poe-visitantes-a-fundar-portugal-em-puzzle-de-grandes-dimensoes\/\" \/>\n<meta property=\"og:site_name\" content=\"Altominho.tv\" \/>\n<meta property=\"article:publisher\" content=\"https:\/\/www.facebook.com\/altominhotv\" \/>\n<meta property=\"article:published_time\" content=\"2020-06-24T12:29:18+00:00\" \/>\n<meta property=\"article:modified_time\" content=\"2020-06-24T12:29:22+00:00\" \/>\n<meta property=\"og:image\" content=\"https:\/\/www.altominho.tv\/site\/wp-content\/uploads\/2020\/06\/recontro-1-740x416-1.jpg\" \/>\n\t<meta property=\"og:image:width\" content=\"740\" \/>\n\t<meta property=\"og:image:height\" content=\"416\" \/>\n\t<meta property=\"og:image:type\" content=\"image\/jpeg\" \/>\n<meta name=\"author\" content=\"Andreia Cunha | Lusa\" \/>\n<meta name=\"twitter:card\" content=\"summary_large_image\" \/>\n<meta name=\"twitter:creator\" content=\"@altominhoTV\" \/>\n<meta name=\"twitter:site\" content=\"@altominhoTV\" \/>\n<meta name=\"twitter:label1\" content=\"Escrito por\" \/>\n\t<meta name=\"twitter:data1\" content=\"Andreia Cunha | Lusa\" \/>\n\t<meta name=\"twitter:label2\" content=\"Tempo estimado de leitura\" \/>\n\t<meta name=\"twitter:data2\" content=\"3 minutos\" \/>\n<script type=\"application\/ld+json\" class=\"yoast-schema-graph\">{\"@context\":\"https:\\\/\\\/schema.org\",\"@graph\":[{\"@type\":\"Article\",\"@id\":\"https:\\\/\\\/www.altominho.tv\\\/site\\\/2020\\\/06\\\/24\\\/arcos-de-valdevez-poe-visitantes-a-fundar-portugal-em-puzzle-de-grandes-dimensoes\\\/#article\",\"isPartOf\":{\"@id\":\"https:\\\/\\\/www.altominho.tv\\\/site\\\/2020\\\/06\\\/24\\\/arcos-de-valdevez-poe-visitantes-a-fundar-portugal-em-puzzle-de-grandes-dimensoes\\\/\"},\"author\":{\"name\":\"Andreia Cunha | Lusa\",\"@id\":\"https:\\\/\\\/www.altominho.tv\\\/site\\\/#\\\/schema\\\/person\\\/dbaf181c01b51ff40c9f461a905d321e\"},\"headline\":\"Arcos de Valdevez p\u00f5e visitantes a fundar Portugal em &#8216;puzzle&#8217; de grandes dimens\u00f5es\",\"datePublished\":\"2020-06-24T12:29:18+00:00\",\"dateModified\":\"2020-06-24T12:29:22+00:00\",\"mainEntityOfPage\":{\"@id\":\"https:\\\/\\\/www.altominho.tv\\\/site\\\/2020\\\/06\\\/24\\\/arcos-de-valdevez-poe-visitantes-a-fundar-portugal-em-puzzle-de-grandes-dimensoes\\\/\"},\"wordCount\":705,\"image\":{\"@id\":\"https:\\\/\\\/www.altominho.tv\\\/site\\\/2020\\\/06\\\/24\\\/arcos-de-valdevez-poe-visitantes-a-fundar-portugal-em-puzzle-de-grandes-dimensoes\\\/#primaryimage\"},\"thumbnailUrl\":\"https:\\\/\\\/www.altominho.tv\\\/site\\\/wp-content\\\/uploads\\\/2020\\\/06\\\/recontro-1-740x416-1.jpg\",\"keywords\":[\"Cultura\",\"Lazer\"],\"articleSection\":[\"Arcos de Valdevez\"],\"inLanguage\":\"pt-PT\",\"copyrightYear\":\"2020\",\"copyrightHolder\":{\"@id\":\"https:\\\/\\\/www.altominho.tv\\\/site\\\/#organization\"}},{\"@type\":\"WebPage\",\"@id\":\"https:\\\/\\\/www.altominho.tv\\\/site\\\/2020\\\/06\\\/24\\\/arcos-de-valdevez-poe-visitantes-a-fundar-portugal-em-puzzle-de-grandes-dimensoes\\\/\",\"url\":\"https:\\\/\\\/www.altominho.tv\\\/site\\\/2020\\\/06\\\/24\\\/arcos-de-valdevez-poe-visitantes-a-fundar-portugal-em-puzzle-de-grandes-dimensoes\\\/\",\"name\":\"Arcos de Valdevez p\u00f5e visitantes a fundar Portugal em 'puzzle' de grandes dimens\u00f5es\",\"isPartOf\":{\"@id\":\"https:\\\/\\\/www.altominho.tv\\\/site\\\/#website\"},\"primaryImageOfPage\":{\"@id\":\"https:\\\/\\\/www.altominho.tv\\\/site\\\/2020\\\/06\\\/24\\\/arcos-de-valdevez-poe-visitantes-a-fundar-portugal-em-puzzle-de-grandes-dimensoes\\\/#primaryimage\"},\"image\":{\"@id\":\"https:\\\/\\\/www.altominho.tv\\\/site\\\/2020\\\/06\\\/24\\\/arcos-de-valdevez-poe-visitantes-a-fundar-portugal-em-puzzle-de-grandes-dimensoes\\\/#primaryimage\"},\"thumbnailUrl\":\"https:\\\/\\\/www.altominho.tv\\\/site\\\/wp-content\\\/uploads\\\/2020\\\/06\\\/recontro-1-740x416-1.jpg\",\"datePublished\":\"2020-06-24T12:29:18+00:00\",\"dateModified\":\"2020-06-24T12:29:22+00:00\",\"author\":{\"@id\":\"https:\\\/\\\/www.altominho.tv\\\/site\\\/#\\\/schema\\\/person\\\/dbaf181c01b51ff40c9f461a905d321e\"},\"breadcrumb\":{\"@id\":\"https:\\\/\\\/www.altominho.tv\\\/site\\\/2020\\\/06\\\/24\\\/arcos-de-valdevez-poe-visitantes-a-fundar-portugal-em-puzzle-de-grandes-dimensoes\\\/#breadcrumb\"},\"inLanguage\":\"pt-PT\",\"potentialAction\":[{\"@type\":\"ReadAction\",\"target\":[\"https:\\\/\\\/www.altominho.tv\\\/site\\\/2020\\\/06\\\/24\\\/arcos-de-valdevez-poe-visitantes-a-fundar-portugal-em-puzzle-de-grandes-dimensoes\\\/\"]}]},{\"@type\":\"ImageObject\",\"inLanguage\":\"pt-PT\",\"@id\":\"https:\\\/\\\/www.altominho.tv\\\/site\\\/2020\\\/06\\\/24\\\/arcos-de-valdevez-poe-visitantes-a-fundar-portugal-em-puzzle-de-grandes-dimensoes\\\/#primaryimage\",\"url\":\"https:\\\/\\\/www.altominho.tv\\\/site\\\/wp-content\\\/uploads\\\/2020\\\/06\\\/recontro-1-740x416-1.jpg\",\"contentUrl\":\"https:\\\/\\\/www.altominho.tv\\\/site\\\/wp-content\\\/uploads\\\/2020\\\/06\\\/recontro-1-740x416-1.jpg\",\"width\":740,\"height\":416},{\"@type\":\"BreadcrumbList\",\"@id\":\"https:\\\/\\\/www.altominho.tv\\\/site\\\/2020\\\/06\\\/24\\\/arcos-de-valdevez-poe-visitantes-a-fundar-portugal-em-puzzle-de-grandes-dimensoes\\\/#breadcrumb\",\"itemListElement\":[{\"@type\":\"ListItem\",\"position\":1,\"name\":\"In\u00edcio\",\"item\":\"https:\\\/\\\/www.altominho.tv\\\/site\\\/\"},{\"@type\":\"ListItem\",\"position\":2,\"name\":\"Arcos de Valdevez p\u00f5e visitantes a fundar Portugal em &#8216;puzzle&#8217; de grandes dimens\u00f5es\"}]},{\"@type\":\"WebSite\",\"@id\":\"https:\\\/\\\/www.altominho.tv\\\/site\\\/#website\",\"url\":\"https:\\\/\\\/www.altominho.tv\\\/site\\\/\",\"name\":\"Altominho.tv\",\"description\":\"A sua regi\u00e3o \u00e0 dist\u00e2ncia de um clique...\",\"potentialAction\":[{\"@type\":\"SearchAction\",\"target\":{\"@type\":\"EntryPoint\",\"urlTemplate\":\"https:\\\/\\\/www.altominho.tv\\\/site\\\/?s={search_term_string}\"},\"query-input\":{\"@type\":\"PropertyValueSpecification\",\"valueRequired\":true,\"valueName\":\"search_term_string\"}}],\"inLanguage\":\"pt-PT\"},{\"@type\":\"Person\",\"@id\":\"https:\\\/\\\/www.altominho.tv\\\/site\\\/#\\\/schema\\\/person\\\/dbaf181c01b51ff40c9f461a905d321e\",\"name\":\"Andreia Cunha | Lusa\",\"image\":{\"@type\":\"ImageObject\",\"inLanguage\":\"pt-PT\",\"@id\":\"https:\\\/\\\/www.altominho.tv\\\/site\\\/wp-content\\\/uploads\\\/2017\\\/11\\\/Andreia_Cunha-1-150x150.jpg\",\"url\":\"https:\\\/\\\/www.altominho.tv\\\/site\\\/wp-content\\\/uploads\\\/2017\\\/11\\\/Andreia_Cunha-1-150x150.jpg\",\"contentUrl\":\"https:\\\/\\\/www.altominho.tv\\\/site\\\/wp-content\\\/uploads\\\/2017\\\/11\\\/Andreia_Cunha-1-150x150.jpg\",\"caption\":\"Andreia Cunha | Lusa\"},\"sameAs\":[\"https:\\\/\\\/www.altominho.tv\\\/site\"],\"url\":\"https:\\\/\\\/www.altominho.tv\\\/site\\\/author\\\/andreiacunhalusa\\\/\"}]}<\/script>\n<!-- \/ Yoast SEO Premium plugin. -->","yoast_head_json":{"title":"Arcos de Valdevez p\u00f5e visitantes a fundar Portugal em 'puzzle' de grandes dimens\u00f5es","robots":{"index":"index","follow":"follow","max-snippet":"max-snippet:-1","max-image-preview":"max-image-preview:large","max-video-preview":"max-video-preview:-1"},"canonical":"https:\/\/www.altominho.tv\/site\/2020\/06\/24\/arcos-de-valdevez-poe-visitantes-a-fundar-portugal-em-puzzle-de-grandes-dimensoes\/","og_locale":"pt_PT","og_type":"article","og_title":"Arcos de Valdevez p\u00f5e visitantes a fundar Portugal em 'puzzle' de grandes dimens\u00f5es","og_description":"Os visitantes do Pa\u00e7o de Giela, Arcos de Valdevez, v\u00e3o construir com 500 pe\u00e7as, como num \u2018puzzle\u2019, o Recontro de Valdevez, associado \u00e0 funda\u00e7\u00e3o de Portugal, num painel que reproduz a obra de Jorge Cola\u00e7o sobre aquele momento hist\u00f3rico. &#8220;No dia 02 de julho vai ser instalada, junto \u00e0 torre do Pa\u00e7o de Giela, uma [&hellip;]","og_url":"https:\/\/www.altominho.tv\/site\/2020\/06\/24\/arcos-de-valdevez-poe-visitantes-a-fundar-portugal-em-puzzle-de-grandes-dimensoes\/","og_site_name":"Altominho.tv","article_publisher":"https:\/\/www.facebook.com\/altominhotv","article_published_time":"2020-06-24T12:29:18+00:00","article_modified_time":"2020-06-24T12:29:22+00:00","og_image":[{"width":740,"height":416,"url":"https:\/\/www.altominho.tv\/site\/wp-content\/uploads\/2020\/06\/recontro-1-740x416-1.jpg","type":"image\/jpeg"}],"author":"Andreia Cunha | Lusa","twitter_card":"summary_large_image","twitter_creator":"@altominhoTV","twitter_site":"@altominhoTV","twitter_misc":{"Escrito por":"Andreia Cunha | Lusa","Tempo estimado de leitura":"3 minutos"},"schema":{"@context":"https:\/\/schema.org","@graph":[{"@type":"Article","@id":"https:\/\/www.altominho.tv\/site\/2020\/06\/24\/arcos-de-valdevez-poe-visitantes-a-fundar-portugal-em-puzzle-de-grandes-dimensoes\/#article","isPartOf":{"@id":"https:\/\/www.altominho.tv\/site\/2020\/06\/24\/arcos-de-valdevez-poe-visitantes-a-fundar-portugal-em-puzzle-de-grandes-dimensoes\/"},"author":{"name":"Andreia Cunha | Lusa","@id":"https:\/\/www.altominho.tv\/site\/#\/schema\/person\/dbaf181c01b51ff40c9f461a905d321e"},"headline":"Arcos de Valdevez p\u00f5e visitantes a fundar Portugal em &#8216;puzzle&#8217; de grandes dimens\u00f5es","datePublished":"2020-06-24T12:29:18+00:00","dateModified":"2020-06-24T12:29:22+00:00","mainEntityOfPage":{"@id":"https:\/\/www.altominho.tv\/site\/2020\/06\/24\/arcos-de-valdevez-poe-visitantes-a-fundar-portugal-em-puzzle-de-grandes-dimensoes\/"},"wordCount":705,"image":{"@id":"https:\/\/www.altominho.tv\/site\/2020\/06\/24\/arcos-de-valdevez-poe-visitantes-a-fundar-portugal-em-puzzle-de-grandes-dimensoes\/#primaryimage"},"thumbnailUrl":"https:\/\/www.altominho.tv\/site\/wp-content\/uploads\/2020\/06\/recontro-1-740x416-1.jpg","keywords":["Cultura","Lazer"],"articleSection":["Arcos de Valdevez"],"inLanguage":"pt-PT","copyrightYear":"2020","copyrightHolder":{"@id":"https:\/\/www.altominho.tv\/site\/#organization"}},{"@type":"WebPage","@id":"https:\/\/www.altominho.tv\/site\/2020\/06\/24\/arcos-de-valdevez-poe-visitantes-a-fundar-portugal-em-puzzle-de-grandes-dimensoes\/","url":"https:\/\/www.altominho.tv\/site\/2020\/06\/24\/arcos-de-valdevez-poe-visitantes-a-fundar-portugal-em-puzzle-de-grandes-dimensoes\/","name":"Arcos de Valdevez p\u00f5e visitantes a fundar Portugal em 'puzzle' de grandes dimens\u00f5es","isPartOf":{"@id":"https:\/\/www.altominho.tv\/site\/#website"},"primaryImageOfPage":{"@id":"https:\/\/www.altominho.tv\/site\/2020\/06\/24\/arcos-de-valdevez-poe-visitantes-a-fundar-portugal-em-puzzle-de-grandes-dimensoes\/#primaryimage"},"image":{"@id":"https:\/\/www.altominho.tv\/site\/2020\/06\/24\/arcos-de-valdevez-poe-visitantes-a-fundar-portugal-em-puzzle-de-grandes-dimensoes\/#primaryimage"},"thumbnailUrl":"https:\/\/www.altominho.tv\/site\/wp-content\/uploads\/2020\/06\/recontro-1-740x416-1.jpg","datePublished":"2020-06-24T12:29:18+00:00","dateModified":"2020-06-24T12:29:22+00:00","author":{"@id":"https:\/\/www.altominho.tv\/site\/#\/schema\/person\/dbaf181c01b51ff40c9f461a905d321e"},"breadcrumb":{"@id":"https:\/\/www.altominho.tv\/site\/2020\/06\/24\/arcos-de-valdevez-poe-visitantes-a-fundar-portugal-em-puzzle-de-grandes-dimensoes\/#breadcrumb"},"inLanguage":"pt-PT","potentialAction":[{"@type":"ReadAction","target":["https:\/\/www.altominho.tv\/site\/2020\/06\/24\/arcos-de-valdevez-poe-visitantes-a-fundar-portugal-em-puzzle-de-grandes-dimensoes\/"]}]},{"@type":"ImageObject","inLanguage":"pt-PT","@id":"https:\/\/www.altominho.tv\/site\/2020\/06\/24\/arcos-de-valdevez-poe-visitantes-a-fundar-portugal-em-puzzle-de-grandes-dimensoes\/#primaryimage","url":"https:\/\/www.altominho.tv\/site\/wp-content\/uploads\/2020\/06\/recontro-1-740x416-1.jpg","contentUrl":"https:\/\/www.altominho.tv\/site\/wp-content\/uploads\/2020\/06\/recontro-1-740x416-1.jpg","width":740,"height":416},{"@type":"BreadcrumbList","@id":"https:\/\/www.altominho.tv\/site\/2020\/06\/24\/arcos-de-valdevez-poe-visitantes-a-fundar-portugal-em-puzzle-de-grandes-dimensoes\/#breadcrumb","itemListElement":[{"@type":"ListItem","position":1,"name":"In\u00edcio","item":"https:\/\/www.altominho.tv\/site\/"},{"@type":"ListItem","position":2,"name":"Arcos de Valdevez p\u00f5e visitantes a fundar Portugal em &#8216;puzzle&#8217; de grandes dimens\u00f5es"}]},{"@type":"WebSite","@id":"https:\/\/www.altominho.tv\/site\/#website","url":"https:\/\/www.altominho.tv\/site\/","name":"Altominho.tv","description":"A sua regi\u00e3o \u00e0 dist\u00e2ncia de um clique...","potentialAction":[{"@type":"SearchAction","target":{"@type":"EntryPoint","urlTemplate":"https:\/\/www.altominho.tv\/site\/?s={search_term_string}"},"query-input":{"@type":"PropertyValueSpecification","valueRequired":true,"valueName":"search_term_string"}}],"inLanguage":"pt-PT"},{"@type":"Person","@id":"https:\/\/www.altominho.tv\/site\/#\/schema\/person\/dbaf181c01b51ff40c9f461a905d321e","name":"Andreia Cunha | Lusa","image":{"@type":"ImageObject","inLanguage":"pt-PT","@id":"https:\/\/www.altominho.tv\/site\/wp-content\/uploads\/2017\/11\/Andreia_Cunha-1-150x150.jpg","url":"https:\/\/www.altominho.tv\/site\/wp-content\/uploads\/2017\/11\/Andreia_Cunha-1-150x150.jpg","contentUrl":"https:\/\/www.altominho.tv\/site\/wp-content\/uploads\/2017\/11\/Andreia_Cunha-1-150x150.jpg","caption":"Andreia Cunha | Lusa"},"sameAs":["https:\/\/www.altominho.tv\/site"],"url":"https:\/\/www.altominho.tv\/site\/author\/andreiacunhalusa\/"}]}},"_links":{"self":[{"href":"https:\/\/www.altominho.tv\/site\/wp-json\/wp\/v2\/posts\/48329","targetHints":{"allow":["GET"]}}],"collection":[{"href":"https:\/\/www.altominho.tv\/site\/wp-json\/wp\/v2\/posts"}],"about":[{"href":"https:\/\/www.altominho.tv\/site\/wp-json\/wp\/v2\/types\/post"}],"author":[{"embeddable":true,"href":"https:\/\/www.altominho.tv\/site\/wp-json\/wp\/v2\/users\/16"}],"replies":[{"embeddable":true,"href":"https:\/\/www.altominho.tv\/site\/wp-json\/wp\/v2\/comments?post=48329"}],"version-history":[{"count":0,"href":"https:\/\/www.altominho.tv\/site\/wp-json\/wp\/v2\/posts\/48329\/revisions"}],"wp:featuredmedia":[{"embeddable":true,"href":"https:\/\/www.altominho.tv\/site\/wp-json\/wp\/v2\/media\/48331"}],"wp:attachment":[{"href":"https:\/\/www.altominho.tv\/site\/wp-json\/wp\/v2\/media?parent=48329"}],"wp:term":[{"taxonomy":"category","embeddable":true,"href":"https:\/\/www.altominho.tv\/site\/wp-json\/wp\/v2\/categories?post=48329"},{"taxonomy":"post_tag","embeddable":true,"href":"https:\/\/www.altominho.tv\/site\/wp-json\/wp\/v2\/tags?post=48329"}],"curies":[{"name":"wp","href":"https:\/\/api.w.org\/{rel}","templated":true}]}}