{"id":48311,"date":"2020-06-23T17:23:23","date_gmt":"2020-06-23T16:23:23","guid":{"rendered":"http:\/\/www.altominho.tv\/site\/?p=48311"},"modified":"2020-06-23T17:23:28","modified_gmt":"2020-06-23T16:23:28","slug":"tap-pediu-valor-superior-aos-1-200-me-atribuidos-pelo-estado","status":"publish","type":"post","link":"https:\/\/www.altominho.tv\/site\/2020\/06\/23\/tap-pediu-valor-superior-aos-1-200-me-atribuidos-pelo-estado\/","title":{"rendered":"TAP pediu valor superior aos 1.200 ME atribu\u00eddos pelo Estado"},"content":{"rendered":"\n<p>O secret\u00e1rio de Estado do Tesouro, Miguel Cruz, disse hoje no parlamento que o valor m\u00e1ximo de 1.200 milh\u00f5es de euros previsto para o aux\u00edlio de Estado \u00e0 TAP foi inferior ao que a companhia a\u00e9rea pretendia.<\/p>\n\n\n\n<p>&#8220;Vale a pena recordar que a TAP formalizou, no dia 01 de junho, um pedido de aux\u00edlio de Estado ao qual atribuiu um elevado sentido de urg\u00eancia. O&nbsp;Estado trabalhou no sentido de escrutinar o valor constante&nbsp;desse pedido, tendo conclu\u00eddo por um valor menor&#8221;, disse o secret\u00e1rio de Estado do Tesouro, Miguel Cruz, em audi\u00e7\u00e3o na Comiss\u00e3o de Or\u00e7amento e Finan\u00e7as relativa \u00e0 altera\u00e7\u00e3o ao Or\u00e7amento do Estado para 2020.<\/p>\n\n\n\n<p>Questionado pelo deputado do PSD Alberto Fonseca sobre o grau de avalia\u00e7\u00e3o que o Estado fez da situa\u00e7\u00e3o da companhia a\u00e9rea, Miguel Cruz n\u00e3o adiantou n\u00famero concretos, mas disse que o Estado &#8220;fez um trabalho profundo de escrut\u00ednio dos valores, e definiu o montante m\u00e1ximo de 1.200 milh\u00f5es de euros&nbsp;a utilizar em fun\u00e7\u00e3o daquilo que venham a ser, ao longo do tempo, as necessidades da companhia em mat\u00e9ria de liquidez para que, de facto, possa come\u00e7ar a sua recupera\u00e7\u00e3o&#8221;.<\/p>\n\n\n\n<p>&#8220;Existiu um escrut\u00ednio grande daquilo que foi a identifica\u00e7\u00e3o das necessidades de liquidez, sabendo n\u00f3s que este \u00e9 um setor que tem uma situa\u00e7\u00e3o de incerteza muito grande, mas para al\u00e9m disso, h\u00e1 m\u00e9tricas muito estritas de avalia\u00e7\u00e3o de qual \u00e9, efetivamente, o montante do aux\u00edlio de Estado que ao longo do tempo, nos pr\u00f3ximos seis meses, ser\u00e1 efetivamente concedido \u00e0 companhia&#8221;, completou Miguel Cruz.<\/p>\n\n\n\n<p>Hoje, o presidente executivo da TAP, Antonoaldo Neves, admitiu ser \u201c\u00f3bvio\u201d que a TAP n\u00e3o tem condi\u00e7\u00f5es para pagar o empr\u00e9stimo que vai receber de at\u00e9 1.200 milh\u00f5es de euros e quer apresentar o plano de reestrutura\u00e7\u00e3o em tr\u00eas meses.<\/p>\n\n\n\n<p>\u201c\u00c9 \u00f3bvio que n\u00f3s n\u00e3o temos condi\u00e7\u00f5es de pagar a d\u00edvida daqui a seis meses. Nenhuma companhia a\u00e9rea no mundo tomou empr\u00e9stimo para pagar em seis meses\u201d, admitiu Antonoaldo Neves, que falava na comiss\u00e3o parlamentar de Economia, Inova\u00e7\u00e3o, Obras P\u00fablicas e Habita\u00e7\u00e3o, na Assembleia da Rep\u00fablica, em Lisboa.<\/p>\n\n\n\n<p>Em causa est\u00e1 um empr\u00e9stimo estatal que pode ir at\u00e9 1.200 milh\u00f5es de euros \u00e0 TAP, aprovado pela Comiss\u00e3o Europeia, mas com a condi\u00e7\u00e3o de que a transportadora devolva o valor injetado em seis meses ou apresente um plano de restrutura\u00e7\u00e3o da empresa.<\/p>\n\n\n\n<p>Antonoaldo Neves adiantou ainda que a inten\u00e7\u00e3o da TAP \u00e9 de apresentar aquele plano dentro de tr\u00eas meses.<\/p>\n\n\n\n<p>O Estado (atrav\u00e9s da Parp\u00fablica) det\u00e9m 50% da TAP, resultado das negocia\u00e7\u00f5es do Governo de Ant\u00f3nio Costa com o cons\u00f3rcio Gateway (de Humberto Pedrosa e David Neeleman), que ficou com 45% do capital da transportadora, e os&nbsp;restantes 5% da empresa est\u00e3o nas m\u00e3os dos trabalhadores.<\/p>\n\n\n\n<p>Na semana passada, o secret\u00e1rio de Estado do Tesouro&nbsp;j\u00e1 tinha instado a companhia a\u00e9rea a apresentar um plano estrat\u00e9gico &#8220;com celeridade&#8221;, e salientou que o pr\u00f3ximo ver\u00e3o ser\u00e1 importante para ter perspetivas sobre o futuro.<\/p>\n\n\n\n<p>&#8220;O&nbsp;Estado preparou a notifica\u00e7\u00e3o [\u00e0 Comiss\u00e3o Europeia]&nbsp;em tempo recorde, em cerca de tr\u00eas semanas. Compete agora \u00e0 empresa apresentar o seu plano estrat\u00e9gico com celeridade&#8221;, disse o governante, que estava a ser ouvido, juntamente com a restante equipa governativa das Finan\u00e7as, pela Comiss\u00e3o de Or\u00e7amento e Finan\u00e7as do parlamento, no \u00e2mbito do Or\u00e7amento do Estado Suplementar.<\/p>\n\n\n\n<p>A Comiss\u00e3o Europeia aprovou em 10 de junho um \u201caux\u00edlio de emerg\u00eancia portugu\u00eas\u201d \u00e0 companhia a\u00e9rea TAP, um apoio estatal de 1.200 milh\u00f5es de euros para responder \u00e0s \u201cnecessidades imediatas de liquidez\u201d com condi\u00e7\u00f5es predeterminadas para o seu reembolso.<\/p>\n\n\n\n<p>Por\u00e9m, uma vez que a TAP j\u00e1 estava numa d\u00e9bil situa\u00e7\u00e3o financeira antes da pandemia de covid-19, a empresa \u201cn\u00e3o \u00e9 eleg\u00edvel\u201d para receber uma ajuda estatal ao abrigo das regras mais flex\u00edveis de Bruxelas devido ao surto, que s\u00e3o destinadas a \u201cempresas que de outra forma seriam vi\u00e1veis\u201d.<\/p>\n\n\n\n<p>No mesmo dia, o&nbsp;ministro das Infraestruturas, Pedro Nuno Santos, disse&nbsp;que a TAP pode ter atualmente uma dimens\u00e3o superior \u00e0quela de que vai necessitar nos pr\u00f3ximos anos, sendo esta uma das condi\u00e7\u00f5es da Comiss\u00e3o Europeia para aprovar apoio.<\/p>\n\n\n\n<p>\u201cN\u00f3s podemos ter neste momento uma empresa com uma dimens\u00e3o superior \u00e0quela que s\u00e3o as necessidades nos pr\u00f3ximos anos. Isto \u00e9 uma condi\u00e7\u00e3o da Comiss\u00e3o Europeia\u201d, disse o ministro das Infraestruturas e da Habita\u00e7\u00e3o, numa confer\u00eancia de imprensa, em Lisboa, depois do an\u00fancio da aprova\u00e7\u00e3o da Comiss\u00e3o Europeia a um apoio estatal \u00e0 TAP no valor m\u00e1ximo de 1,2 mil milh\u00f5es de euros.<\/p>\n\n\n\n<p>No entanto, o governante disse julgar ser poss\u00edvel apresentar \u00e0 Comiss\u00e3o Europeia \u201cum bom caso\u201d que n\u00e3o tenha como consequ\u00eancia uma \u201crestrutura\u00e7\u00e3o excessiva da TAP\u201d.<\/p>\n","protected":false},"excerpt":{"rendered":"<p>O secret\u00e1rio de Estado do Tesouro, Miguel Cruz, disse hoje no parlamento que o valor m\u00e1ximo de 1.200 milh\u00f5es de euros previsto para o aux\u00edlio de Estado \u00e0 TAP foi inferior ao que a companhia a\u00e9rea pretendia. &#8220;Vale a pena recordar que a TAP formalizou, no dia 01 de junho, um pedido de aux\u00edlio de [&hellip;]<\/p>\n","protected":false},"author":16,"featured_media":48314,"comment_status":"closed","ping_status":"closed","sticky":false,"template":"","format":"standard","meta":{"_exactmetrics_skip_tracking":false,"_exactmetrics_sitenote_active":false,"_exactmetrics_sitenote_note":"","_exactmetrics_sitenote_category":0,"footnotes":""},"categories":[42722],"tags":[21,27],"class_list":["post-48311","post","type-post","status-publish","format-standard","has-post-thumbnail","hentry","category-covid-19","tag-economia","tag-sociedade"],"yoast_head":"<!-- This site is optimized with the Yoast SEO Premium plugin v27.4 (Yoast SEO v27.4) - https:\/\/yoast.com\/product\/yoast-seo-premium-wordpress\/ -->\n<title>TAP pediu valor superior aos 1.200 ME atribu\u00eddos pelo Estado<\/title>\n<meta name=\"robots\" content=\"index, follow, max-snippet:-1, max-image-preview:large, max-video-preview:-1\" \/>\n<link rel=\"canonical\" href=\"https:\/\/www.altominho.tv\/site\/2020\/06\/23\/tap-pediu-valor-superior-aos-1-200-me-atribuidos-pelo-estado\/\" \/>\n<meta property=\"og:locale\" content=\"pt_PT\" \/>\n<meta property=\"og:type\" content=\"article\" \/>\n<meta property=\"og:title\" content=\"TAP pediu valor superior aos 1.200 ME atribu\u00eddos pelo Estado\" \/>\n<meta property=\"og:description\" content=\"O secret\u00e1rio de Estado do Tesouro, Miguel Cruz, disse hoje no parlamento que o valor m\u00e1ximo de 1.200 milh\u00f5es de euros previsto para o aux\u00edlio de Estado \u00e0 TAP foi inferior ao que a companhia a\u00e9rea pretendia. &#8220;Vale a pena recordar que a TAP formalizou, no dia 01 de junho, um pedido de aux\u00edlio de [&hellip;]\" \/>\n<meta property=\"og:url\" content=\"https:\/\/www.altominho.tv\/site\/2020\/06\/23\/tap-pediu-valor-superior-aos-1-200-me-atribuidos-pelo-estado\/\" \/>\n<meta property=\"og:site_name\" content=\"Altominho.tv\" \/>\n<meta property=\"article:publisher\" content=\"https:\/\/www.facebook.com\/altominhotv\" \/>\n<meta property=\"article:published_time\" content=\"2020-06-23T16:23:23+00:00\" \/>\n<meta property=\"article:modified_time\" content=\"2020-06-23T16:23:28+00:00\" \/>\n<meta property=\"og:image\" content=\"https:\/\/www.altominho.tv\/site\/wp-content\/uploads\/2020\/06\/tap1.jpg\" \/>\n\t<meta property=\"og:image:width\" content=\"1060\" \/>\n\t<meta property=\"og:image:height\" content=\"594\" \/>\n\t<meta property=\"og:image:type\" content=\"image\/jpeg\" \/>\n<meta name=\"author\" content=\"Andreia Cunha | Lusa\" \/>\n<meta name=\"twitter:card\" content=\"summary_large_image\" \/>\n<meta name=\"twitter:creator\" content=\"@altominhoTV\" \/>\n<meta name=\"twitter:site\" content=\"@altominhoTV\" \/>\n<meta name=\"twitter:label1\" content=\"Escrito por\" \/>\n\t<meta name=\"twitter:data1\" content=\"Andreia Cunha | Lusa\" \/>\n\t<meta name=\"twitter:label2\" content=\"Tempo estimado de leitura\" \/>\n\t<meta name=\"twitter:data2\" content=\"4 minutos\" \/>\n<script type=\"application\/ld+json\" class=\"yoast-schema-graph\">{\"@context\":\"https:\\\/\\\/schema.org\",\"@graph\":[{\"@type\":\"Article\",\"@id\":\"https:\\\/\\\/www.altominho.tv\\\/site\\\/2020\\\/06\\\/23\\\/tap-pediu-valor-superior-aos-1-200-me-atribuidos-pelo-estado\\\/#article\",\"isPartOf\":{\"@id\":\"https:\\\/\\\/www.altominho.tv\\\/site\\\/2020\\\/06\\\/23\\\/tap-pediu-valor-superior-aos-1-200-me-atribuidos-pelo-estado\\\/\"},\"author\":{\"name\":\"Andreia Cunha | Lusa\",\"@id\":\"https:\\\/\\\/www.altominho.tv\\\/site\\\/#\\\/schema\\\/person\\\/dbaf181c01b51ff40c9f461a905d321e\"},\"headline\":\"TAP pediu valor superior aos 1.200 ME atribu\u00eddos pelo Estado\",\"datePublished\":\"2020-06-23T16:23:23+00:00\",\"dateModified\":\"2020-06-23T16:23:28+00:00\",\"mainEntityOfPage\":{\"@id\":\"https:\\\/\\\/www.altominho.tv\\\/site\\\/2020\\\/06\\\/23\\\/tap-pediu-valor-superior-aos-1-200-me-atribuidos-pelo-estado\\\/\"},\"wordCount\":868,\"image\":{\"@id\":\"https:\\\/\\\/www.altominho.tv\\\/site\\\/2020\\\/06\\\/23\\\/tap-pediu-valor-superior-aos-1-200-me-atribuidos-pelo-estado\\\/#primaryimage\"},\"thumbnailUrl\":\"https:\\\/\\\/www.altominho.tv\\\/site\\\/wp-content\\\/uploads\\\/2020\\\/06\\\/tap1.jpg\",\"keywords\":[\"Economia\",\"Sociedade\"],\"articleSection\":[\"Coronav\u00edrus\"],\"inLanguage\":\"pt-PT\",\"copyrightYear\":\"2020\",\"copyrightHolder\":{\"@id\":\"https:\\\/\\\/www.altominho.tv\\\/site\\\/#organization\"}},{\"@type\":\"WebPage\",\"@id\":\"https:\\\/\\\/www.altominho.tv\\\/site\\\/2020\\\/06\\\/23\\\/tap-pediu-valor-superior-aos-1-200-me-atribuidos-pelo-estado\\\/\",\"url\":\"https:\\\/\\\/www.altominho.tv\\\/site\\\/2020\\\/06\\\/23\\\/tap-pediu-valor-superior-aos-1-200-me-atribuidos-pelo-estado\\\/\",\"name\":\"TAP pediu valor superior aos 1.200 ME atribu\u00eddos pelo Estado\",\"isPartOf\":{\"@id\":\"https:\\\/\\\/www.altominho.tv\\\/site\\\/#website\"},\"primaryImageOfPage\":{\"@id\":\"https:\\\/\\\/www.altominho.tv\\\/site\\\/2020\\\/06\\\/23\\\/tap-pediu-valor-superior-aos-1-200-me-atribuidos-pelo-estado\\\/#primaryimage\"},\"image\":{\"@id\":\"https:\\\/\\\/www.altominho.tv\\\/site\\\/2020\\\/06\\\/23\\\/tap-pediu-valor-superior-aos-1-200-me-atribuidos-pelo-estado\\\/#primaryimage\"},\"thumbnailUrl\":\"https:\\\/\\\/www.altominho.tv\\\/site\\\/wp-content\\\/uploads\\\/2020\\\/06\\\/tap1.jpg\",\"datePublished\":\"2020-06-23T16:23:23+00:00\",\"dateModified\":\"2020-06-23T16:23:28+00:00\",\"author\":{\"@id\":\"https:\\\/\\\/www.altominho.tv\\\/site\\\/#\\\/schema\\\/person\\\/dbaf181c01b51ff40c9f461a905d321e\"},\"breadcrumb\":{\"@id\":\"https:\\\/\\\/www.altominho.tv\\\/site\\\/2020\\\/06\\\/23\\\/tap-pediu-valor-superior-aos-1-200-me-atribuidos-pelo-estado\\\/#breadcrumb\"},\"inLanguage\":\"pt-PT\",\"potentialAction\":[{\"@type\":\"ReadAction\",\"target\":[\"https:\\\/\\\/www.altominho.tv\\\/site\\\/2020\\\/06\\\/23\\\/tap-pediu-valor-superior-aos-1-200-me-atribuidos-pelo-estado\\\/\"]}]},{\"@type\":\"ImageObject\",\"inLanguage\":\"pt-PT\",\"@id\":\"https:\\\/\\\/www.altominho.tv\\\/site\\\/2020\\\/06\\\/23\\\/tap-pediu-valor-superior-aos-1-200-me-atribuidos-pelo-estado\\\/#primaryimage\",\"url\":\"https:\\\/\\\/www.altominho.tv\\\/site\\\/wp-content\\\/uploads\\\/2020\\\/06\\\/tap1.jpg\",\"contentUrl\":\"https:\\\/\\\/www.altominho.tv\\\/site\\\/wp-content\\\/uploads\\\/2020\\\/06\\\/tap1.jpg\",\"width\":1060,\"height\":594},{\"@type\":\"BreadcrumbList\",\"@id\":\"https:\\\/\\\/www.altominho.tv\\\/site\\\/2020\\\/06\\\/23\\\/tap-pediu-valor-superior-aos-1-200-me-atribuidos-pelo-estado\\\/#breadcrumb\",\"itemListElement\":[{\"@type\":\"ListItem\",\"position\":1,\"name\":\"In\u00edcio\",\"item\":\"https:\\\/\\\/www.altominho.tv\\\/site\\\/\"},{\"@type\":\"ListItem\",\"position\":2,\"name\":\"TAP pediu valor superior aos 1.200 ME atribu\u00eddos pelo Estado\"}]},{\"@type\":\"WebSite\",\"@id\":\"https:\\\/\\\/www.altominho.tv\\\/site\\\/#website\",\"url\":\"https:\\\/\\\/www.altominho.tv\\\/site\\\/\",\"name\":\"Altominho.tv\",\"description\":\"A sua regi\u00e3o \u00e0 dist\u00e2ncia de um clique...\",\"potentialAction\":[{\"@type\":\"SearchAction\",\"target\":{\"@type\":\"EntryPoint\",\"urlTemplate\":\"https:\\\/\\\/www.altominho.tv\\\/site\\\/?s={search_term_string}\"},\"query-input\":{\"@type\":\"PropertyValueSpecification\",\"valueRequired\":true,\"valueName\":\"search_term_string\"}}],\"inLanguage\":\"pt-PT\"},{\"@type\":\"Person\",\"@id\":\"https:\\\/\\\/www.altominho.tv\\\/site\\\/#\\\/schema\\\/person\\\/dbaf181c01b51ff40c9f461a905d321e\",\"name\":\"Andreia Cunha | Lusa\",\"image\":{\"@type\":\"ImageObject\",\"inLanguage\":\"pt-PT\",\"@id\":\"https:\\\/\\\/www.altominho.tv\\\/site\\\/wp-content\\\/uploads\\\/2017\\\/11\\\/Andreia_Cunha-1-150x150.jpg\",\"url\":\"https:\\\/\\\/www.altominho.tv\\\/site\\\/wp-content\\\/uploads\\\/2017\\\/11\\\/Andreia_Cunha-1-150x150.jpg\",\"contentUrl\":\"https:\\\/\\\/www.altominho.tv\\\/site\\\/wp-content\\\/uploads\\\/2017\\\/11\\\/Andreia_Cunha-1-150x150.jpg\",\"caption\":\"Andreia Cunha | Lusa\"},\"sameAs\":[\"https:\\\/\\\/www.altominho.tv\\\/site\"],\"url\":\"https:\\\/\\\/www.altominho.tv\\\/site\\\/author\\\/andreiacunhalusa\\\/\"}]}<\/script>\n<!-- \/ Yoast SEO Premium plugin. -->","yoast_head_json":{"title":"TAP pediu valor superior aos 1.200 ME atribu\u00eddos pelo Estado","robots":{"index":"index","follow":"follow","max-snippet":"max-snippet:-1","max-image-preview":"max-image-preview:large","max-video-preview":"max-video-preview:-1"},"canonical":"https:\/\/www.altominho.tv\/site\/2020\/06\/23\/tap-pediu-valor-superior-aos-1-200-me-atribuidos-pelo-estado\/","og_locale":"pt_PT","og_type":"article","og_title":"TAP pediu valor superior aos 1.200 ME atribu\u00eddos pelo Estado","og_description":"O secret\u00e1rio de Estado do Tesouro, Miguel Cruz, disse hoje no parlamento que o valor m\u00e1ximo de 1.200 milh\u00f5es de euros previsto para o aux\u00edlio de Estado \u00e0 TAP foi inferior ao que a companhia a\u00e9rea pretendia. &#8220;Vale a pena recordar que a TAP formalizou, no dia 01 de junho, um pedido de aux\u00edlio de [&hellip;]","og_url":"https:\/\/www.altominho.tv\/site\/2020\/06\/23\/tap-pediu-valor-superior-aos-1-200-me-atribuidos-pelo-estado\/","og_site_name":"Altominho.tv","article_publisher":"https:\/\/www.facebook.com\/altominhotv","article_published_time":"2020-06-23T16:23:23+00:00","article_modified_time":"2020-06-23T16:23:28+00:00","og_image":[{"width":1060,"height":594,"url":"https:\/\/www.altominho.tv\/site\/wp-content\/uploads\/2020\/06\/tap1.jpg","type":"image\/jpeg"}],"author":"Andreia Cunha | Lusa","twitter_card":"summary_large_image","twitter_creator":"@altominhoTV","twitter_site":"@altominhoTV","twitter_misc":{"Escrito por":"Andreia Cunha | Lusa","Tempo estimado de leitura":"4 minutos"},"schema":{"@context":"https:\/\/schema.org","@graph":[{"@type":"Article","@id":"https:\/\/www.altominho.tv\/site\/2020\/06\/23\/tap-pediu-valor-superior-aos-1-200-me-atribuidos-pelo-estado\/#article","isPartOf":{"@id":"https:\/\/www.altominho.tv\/site\/2020\/06\/23\/tap-pediu-valor-superior-aos-1-200-me-atribuidos-pelo-estado\/"},"author":{"name":"Andreia Cunha | Lusa","@id":"https:\/\/www.altominho.tv\/site\/#\/schema\/person\/dbaf181c01b51ff40c9f461a905d321e"},"headline":"TAP pediu valor superior aos 1.200 ME atribu\u00eddos pelo Estado","datePublished":"2020-06-23T16:23:23+00:00","dateModified":"2020-06-23T16:23:28+00:00","mainEntityOfPage":{"@id":"https:\/\/www.altominho.tv\/site\/2020\/06\/23\/tap-pediu-valor-superior-aos-1-200-me-atribuidos-pelo-estado\/"},"wordCount":868,"image":{"@id":"https:\/\/www.altominho.tv\/site\/2020\/06\/23\/tap-pediu-valor-superior-aos-1-200-me-atribuidos-pelo-estado\/#primaryimage"},"thumbnailUrl":"https:\/\/www.altominho.tv\/site\/wp-content\/uploads\/2020\/06\/tap1.jpg","keywords":["Economia","Sociedade"],"articleSection":["Coronav\u00edrus"],"inLanguage":"pt-PT","copyrightYear":"2020","copyrightHolder":{"@id":"https:\/\/www.altominho.tv\/site\/#organization"}},{"@type":"WebPage","@id":"https:\/\/www.altominho.tv\/site\/2020\/06\/23\/tap-pediu-valor-superior-aos-1-200-me-atribuidos-pelo-estado\/","url":"https:\/\/www.altominho.tv\/site\/2020\/06\/23\/tap-pediu-valor-superior-aos-1-200-me-atribuidos-pelo-estado\/","name":"TAP pediu valor superior aos 1.200 ME atribu\u00eddos pelo Estado","isPartOf":{"@id":"https:\/\/www.altominho.tv\/site\/#website"},"primaryImageOfPage":{"@id":"https:\/\/www.altominho.tv\/site\/2020\/06\/23\/tap-pediu-valor-superior-aos-1-200-me-atribuidos-pelo-estado\/#primaryimage"},"image":{"@id":"https:\/\/www.altominho.tv\/site\/2020\/06\/23\/tap-pediu-valor-superior-aos-1-200-me-atribuidos-pelo-estado\/#primaryimage"},"thumbnailUrl":"https:\/\/www.altominho.tv\/site\/wp-content\/uploads\/2020\/06\/tap1.jpg","datePublished":"2020-06-23T16:23:23+00:00","dateModified":"2020-06-23T16:23:28+00:00","author":{"@id":"https:\/\/www.altominho.tv\/site\/#\/schema\/person\/dbaf181c01b51ff40c9f461a905d321e"},"breadcrumb":{"@id":"https:\/\/www.altominho.tv\/site\/2020\/06\/23\/tap-pediu-valor-superior-aos-1-200-me-atribuidos-pelo-estado\/#breadcrumb"},"inLanguage":"pt-PT","potentialAction":[{"@type":"ReadAction","target":["https:\/\/www.altominho.tv\/site\/2020\/06\/23\/tap-pediu-valor-superior-aos-1-200-me-atribuidos-pelo-estado\/"]}]},{"@type":"ImageObject","inLanguage":"pt-PT","@id":"https:\/\/www.altominho.tv\/site\/2020\/06\/23\/tap-pediu-valor-superior-aos-1-200-me-atribuidos-pelo-estado\/#primaryimage","url":"https:\/\/www.altominho.tv\/site\/wp-content\/uploads\/2020\/06\/tap1.jpg","contentUrl":"https:\/\/www.altominho.tv\/site\/wp-content\/uploads\/2020\/06\/tap1.jpg","width":1060,"height":594},{"@type":"BreadcrumbList","@id":"https:\/\/www.altominho.tv\/site\/2020\/06\/23\/tap-pediu-valor-superior-aos-1-200-me-atribuidos-pelo-estado\/#breadcrumb","itemListElement":[{"@type":"ListItem","position":1,"name":"In\u00edcio","item":"https:\/\/www.altominho.tv\/site\/"},{"@type":"ListItem","position":2,"name":"TAP pediu valor superior aos 1.200 ME atribu\u00eddos pelo Estado"}]},{"@type":"WebSite","@id":"https:\/\/www.altominho.tv\/site\/#website","url":"https:\/\/www.altominho.tv\/site\/","name":"Altominho.tv","description":"A sua regi\u00e3o \u00e0 dist\u00e2ncia de um clique...","potentialAction":[{"@type":"SearchAction","target":{"@type":"EntryPoint","urlTemplate":"https:\/\/www.altominho.tv\/site\/?s={search_term_string}"},"query-input":{"@type":"PropertyValueSpecification","valueRequired":true,"valueName":"search_term_string"}}],"inLanguage":"pt-PT"},{"@type":"Person","@id":"https:\/\/www.altominho.tv\/site\/#\/schema\/person\/dbaf181c01b51ff40c9f461a905d321e","name":"Andreia Cunha | Lusa","image":{"@type":"ImageObject","inLanguage":"pt-PT","@id":"https:\/\/www.altominho.tv\/site\/wp-content\/uploads\/2017\/11\/Andreia_Cunha-1-150x150.jpg","url":"https:\/\/www.altominho.tv\/site\/wp-content\/uploads\/2017\/11\/Andreia_Cunha-1-150x150.jpg","contentUrl":"https:\/\/www.altominho.tv\/site\/wp-content\/uploads\/2017\/11\/Andreia_Cunha-1-150x150.jpg","caption":"Andreia Cunha | Lusa"},"sameAs":["https:\/\/www.altominho.tv\/site"],"url":"https:\/\/www.altominho.tv\/site\/author\/andreiacunhalusa\/"}]}},"_links":{"self":[{"href":"https:\/\/www.altominho.tv\/site\/wp-json\/wp\/v2\/posts\/48311","targetHints":{"allow":["GET"]}}],"collection":[{"href":"https:\/\/www.altominho.tv\/site\/wp-json\/wp\/v2\/posts"}],"about":[{"href":"https:\/\/www.altominho.tv\/site\/wp-json\/wp\/v2\/types\/post"}],"author":[{"embeddable":true,"href":"https:\/\/www.altominho.tv\/site\/wp-json\/wp\/v2\/users\/16"}],"replies":[{"embeddable":true,"href":"https:\/\/www.altominho.tv\/site\/wp-json\/wp\/v2\/comments?post=48311"}],"version-history":[{"count":0,"href":"https:\/\/www.altominho.tv\/site\/wp-json\/wp\/v2\/posts\/48311\/revisions"}],"wp:featuredmedia":[{"embeddable":true,"href":"https:\/\/www.altominho.tv\/site\/wp-json\/wp\/v2\/media\/48314"}],"wp:attachment":[{"href":"https:\/\/www.altominho.tv\/site\/wp-json\/wp\/v2\/media?parent=48311"}],"wp:term":[{"taxonomy":"category","embeddable":true,"href":"https:\/\/www.altominho.tv\/site\/wp-json\/wp\/v2\/categories?post=48311"},{"taxonomy":"post_tag","embeddable":true,"href":"https:\/\/www.altominho.tv\/site\/wp-json\/wp\/v2\/tags?post=48311"}],"curies":[{"name":"wp","href":"https:\/\/api.w.org\/{rel}","templated":true}]}}