{"id":48297,"date":"2020-06-23T11:50:41","date_gmt":"2020-06-23T10:50:41","guid":{"rendered":"http:\/\/www.altominho.tv\/site\/?p=48297"},"modified":"2020-06-23T11:50:45","modified_gmt":"2020-06-23T10:50:45","slug":"dermatologistas-alertam-que-e-preciso-hidratar-as-maos-depois-de-desinfetar","status":"publish","type":"post","link":"https:\/\/www.altominho.tv\/site\/2020\/06\/23\/dermatologistas-alertam-que-e-preciso-hidratar-as-maos-depois-de-desinfetar\/","title":{"rendered":"Dermatologistas alertam que \u00e9 preciso hidratar as m\u00e3os depois de desinfetar"},"content":{"rendered":"\n<p>Os dermatologistas alertam para a necessidade de hidratar as m\u00e3os sempre que se lavem ou desinfetem, pois a lavagem ou desinfe\u00e7\u00e3o retiram a pel\u00edcula protetora e podem tornar a pele mais sens\u00edvel e reativa \u00e0 exposi\u00e7\u00e3o solar.<\/p>\n\n\n\n<p>Em declara\u00e7\u00f5es \u00e0 ag\u00eancia Lusa, o dermatologista Jo\u00e3o Nuno Maia e Silva, da Associa\u00e7\u00e3o Portuguesa de Cancro Cut\u00e2neo (APCC), sublinha que \u00e9 um imperativo desinfetar as m\u00e3os, mesmo que na praia, e defende que o ideal \u00e9 hidratar logo de seguida, para que a gordura protetora retirada com a desinfe\u00e7\u00e3o seja reposta.<\/p>\n\n\n\n<p>\u201cLavar m\u00e3os ou esfreg\u00e1-las com \u00e1lcool-gel \u00e9, neste momento, uma necessidade absoluta por uma quest\u00e3o de sa\u00fade publica. Mas as lavagens e o \u00e1lcool retiram a gordura da pele e esta fica mais sens\u00edvel, logo menos tolerante ao sol\u201d, afirmou.<\/p>\n\n\n\n<p>Ao ficar mais sens\u00edvel, se n\u00e3o for hidratada e protegida, \u201cpode aumentar o efeito irritativo de uma exposi\u00e7\u00e3o ao sol e provocar inflama\u00e7\u00e3o, irrita\u00e7\u00e3o e descama\u00e7\u00e3o\u201d, disse, alertando que \u201cuma pele inflamada reage ao sol pigmentando\u201d.<\/p>\n\n\n\n<p>O dermatologista explica que h\u00e1 subst\u00e2ncias que, quando expostas \u00e0 radia\u00e7\u00e3o ultravioleta, provocam alergias, o que acontece muitas vezes com perfumes ou com produtos com extratos de plantas.<\/p>\n\n\n\n<p>Apesar de reconhecer que \u201cn\u00e3o h\u00e1 evid\u00eancia de qualquer rea\u00e7\u00e3o de fototoxicidade do \u00e1lcool-gel\u201d, o dermatologista admite que, como h\u00e1 muitos produtos no mercado, algum antiss\u00e9tico possa ter subst\u00e2ncias que provoquem rea\u00e7\u00f5es al\u00e9rgicas quando a pessoa se exp\u00f5e ao sol.<\/p>\n\n\n\n<p>Jo\u00e3o Maia e Silva defende que as pessoas \u201cn\u00e3o devem deixar de usar \u00e1lcool-gel, mesmo quando est\u00e3o na praia\u201d, e insiste para que hidratem sempre as m\u00e3os, lembrando que se est\u00e3o expostas ao sol devem aplicar sempre um protetor solar, \u201cque ao mesmo tempo \u00e9 tamb\u00e9m um hidratante e ajuda a repor a pel\u00edcula de gordura que a desinfe\u00e7\u00e3o retira\u201d.<\/p>\n\n\n\n<p>O especialista sublinha a import\u00e2ncia de usar sempre um protetor solar e de evitar a exposi\u00e7\u00e3o solar entre as 12:00 e as 16:00.<\/p>\n\n\n\n<p>Al\u00e9m destas recomenda\u00e7\u00f5es, a APCC aconselha sempre o uso de chap\u00e9u e \u00f3culos quando as pessoas estiverem expostas ao sol e lembra que a exposi\u00e7\u00e3o n\u00e3o acontece apenas na praia, pois quem faz desporto ou trabalha no exterior deve estar sempre protegido.<\/p>\n","protected":false},"excerpt":{"rendered":"<p>Os dermatologistas alertam para a necessidade de hidratar as m\u00e3os sempre que se lavem ou desinfetem, pois a lavagem ou desinfe\u00e7\u00e3o retiram a pel\u00edcula protetora e podem tornar a pele mais sens\u00edvel e reativa \u00e0 exposi\u00e7\u00e3o solar. Em declara\u00e7\u00f5es \u00e0 ag\u00eancia Lusa, o dermatologista Jo\u00e3o Nuno Maia e Silva, da Associa\u00e7\u00e3o Portuguesa de Cancro Cut\u00e2neo [&hellip;]<\/p>\n","protected":false},"author":13,"featured_media":48298,"comment_status":"closed","ping_status":"closed","sticky":false,"template":"","format":"standard","meta":{"_exactmetrics_skip_tracking":false,"_exactmetrics_sitenote_active":false,"_exactmetrics_sitenote_note":"","_exactmetrics_sitenote_category":0,"footnotes":""},"categories":[42722],"tags":[26,27],"class_list":["post-48297","post","type-post","status-publish","format-standard","has-post-thumbnail","hentry","category-covid-19","tag-saude","tag-sociedade"],"yoast_head":"<!-- This site is optimized with the Yoast SEO Premium plugin v27.4 (Yoast SEO v27.4) - https:\/\/yoast.com\/product\/yoast-seo-premium-wordpress\/ -->\n<title>Dermatologistas alertam que \u00e9 preciso hidratar as m\u00e3os depois de desinfetar<\/title>\n<meta name=\"robots\" content=\"index, follow, max-snippet:-1, max-image-preview:large, max-video-preview:-1\" \/>\n<link rel=\"canonical\" href=\"https:\/\/www.altominho.tv\/site\/2020\/06\/23\/dermatologistas-alertam-que-e-preciso-hidratar-as-maos-depois-de-desinfetar\/\" \/>\n<meta property=\"og:locale\" content=\"pt_PT\" \/>\n<meta property=\"og:type\" content=\"article\" \/>\n<meta property=\"og:title\" content=\"Dermatologistas alertam que \u00e9 preciso hidratar as m\u00e3os depois de desinfetar\" \/>\n<meta property=\"og:description\" content=\"Os dermatologistas alertam para a necessidade de hidratar as m\u00e3os sempre que se lavem ou desinfetem, pois a lavagem ou desinfe\u00e7\u00e3o retiram a pel\u00edcula protetora e podem tornar a pele mais sens\u00edvel e reativa \u00e0 exposi\u00e7\u00e3o solar. Em declara\u00e7\u00f5es \u00e0 ag\u00eancia Lusa, o dermatologista Jo\u00e3o Nuno Maia e Silva, da Associa\u00e7\u00e3o Portuguesa de Cancro Cut\u00e2neo [&hellip;]\" \/>\n<meta property=\"og:url\" content=\"https:\/\/www.altominho.tv\/site\/2020\/06\/23\/dermatologistas-alertam-que-e-preciso-hidratar-as-maos-depois-de-desinfetar\/\" \/>\n<meta property=\"og:site_name\" content=\"Altominho.tv\" \/>\n<meta property=\"article:publisher\" content=\"https:\/\/www.facebook.com\/altominhotv\" \/>\n<meta property=\"article:published_time\" content=\"2020-06-23T10:50:41+00:00\" \/>\n<meta property=\"article:modified_time\" content=\"2020-06-23T10:50:45+00:00\" \/>\n<meta property=\"og:image\" content=\"https:\/\/www.altominho.tv\/site\/wp-content\/uploads\/2020\/06\/transferir-1.jpeg\" \/>\n\t<meta property=\"og:image:width\" content=\"800\" \/>\n\t<meta property=\"og:image:height\" content=\"491\" \/>\n\t<meta property=\"og:image:type\" content=\"image\/jpeg\" \/>\n<meta name=\"author\" content=\"Lusa\" \/>\n<meta name=\"twitter:card\" content=\"summary_large_image\" \/>\n<meta name=\"twitter:creator\" content=\"@altominhoTV\" \/>\n<meta name=\"twitter:site\" content=\"@altominhoTV\" \/>\n<meta name=\"twitter:label1\" content=\"Escrito por\" \/>\n\t<meta name=\"twitter:data1\" content=\"Lusa\" \/>\n\t<meta name=\"twitter:label2\" content=\"Tempo estimado de leitura\" \/>\n\t<meta name=\"twitter:data2\" content=\"2 minutos\" \/>\n<script type=\"application\/ld+json\" class=\"yoast-schema-graph\">{\"@context\":\"https:\\\/\\\/schema.org\",\"@graph\":[{\"@type\":\"Article\",\"@id\":\"https:\\\/\\\/www.altominho.tv\\\/site\\\/2020\\\/06\\\/23\\\/dermatologistas-alertam-que-e-preciso-hidratar-as-maos-depois-de-desinfetar\\\/#article\",\"isPartOf\":{\"@id\":\"https:\\\/\\\/www.altominho.tv\\\/site\\\/2020\\\/06\\\/23\\\/dermatologistas-alertam-que-e-preciso-hidratar-as-maos-depois-de-desinfetar\\\/\"},\"author\":{\"name\":\"Lusa\",\"@id\":\"https:\\\/\\\/www.altominho.tv\\\/site\\\/#\\\/schema\\\/person\\\/63f693da3e1899361cbe955c46f3232e\"},\"headline\":\"Dermatologistas alertam que \u00e9 preciso hidratar as m\u00e3os depois de desinfetar\",\"datePublished\":\"2020-06-23T10:50:41+00:00\",\"dateModified\":\"2020-06-23T10:50:45+00:00\",\"mainEntityOfPage\":{\"@id\":\"https:\\\/\\\/www.altominho.tv\\\/site\\\/2020\\\/06\\\/23\\\/dermatologistas-alertam-que-e-preciso-hidratar-as-maos-depois-de-desinfetar\\\/\"},\"wordCount\":408,\"image\":{\"@id\":\"https:\\\/\\\/www.altominho.tv\\\/site\\\/2020\\\/06\\\/23\\\/dermatologistas-alertam-que-e-preciso-hidratar-as-maos-depois-de-desinfetar\\\/#primaryimage\"},\"thumbnailUrl\":\"https:\\\/\\\/www.altominho.tv\\\/site\\\/wp-content\\\/uploads\\\/2020\\\/06\\\/transferir-1.jpeg\",\"keywords\":[\"Sa\u00fade\",\"Sociedade\"],\"articleSection\":[\"Coronav\u00edrus\"],\"inLanguage\":\"pt-PT\",\"copyrightYear\":\"2020\",\"copyrightHolder\":{\"@id\":\"https:\\\/\\\/www.altominho.tv\\\/site\\\/#organization\"}},{\"@type\":\"WebPage\",\"@id\":\"https:\\\/\\\/www.altominho.tv\\\/site\\\/2020\\\/06\\\/23\\\/dermatologistas-alertam-que-e-preciso-hidratar-as-maos-depois-de-desinfetar\\\/\",\"url\":\"https:\\\/\\\/www.altominho.tv\\\/site\\\/2020\\\/06\\\/23\\\/dermatologistas-alertam-que-e-preciso-hidratar-as-maos-depois-de-desinfetar\\\/\",\"name\":\"Dermatologistas alertam que \u00e9 preciso hidratar as m\u00e3os depois de desinfetar\",\"isPartOf\":{\"@id\":\"https:\\\/\\\/www.altominho.tv\\\/site\\\/#website\"},\"primaryImageOfPage\":{\"@id\":\"https:\\\/\\\/www.altominho.tv\\\/site\\\/2020\\\/06\\\/23\\\/dermatologistas-alertam-que-e-preciso-hidratar-as-maos-depois-de-desinfetar\\\/#primaryimage\"},\"image\":{\"@id\":\"https:\\\/\\\/www.altominho.tv\\\/site\\\/2020\\\/06\\\/23\\\/dermatologistas-alertam-que-e-preciso-hidratar-as-maos-depois-de-desinfetar\\\/#primaryimage\"},\"thumbnailUrl\":\"https:\\\/\\\/www.altominho.tv\\\/site\\\/wp-content\\\/uploads\\\/2020\\\/06\\\/transferir-1.jpeg\",\"datePublished\":\"2020-06-23T10:50:41+00:00\",\"dateModified\":\"2020-06-23T10:50:45+00:00\",\"author\":{\"@id\":\"https:\\\/\\\/www.altominho.tv\\\/site\\\/#\\\/schema\\\/person\\\/63f693da3e1899361cbe955c46f3232e\"},\"breadcrumb\":{\"@id\":\"https:\\\/\\\/www.altominho.tv\\\/site\\\/2020\\\/06\\\/23\\\/dermatologistas-alertam-que-e-preciso-hidratar-as-maos-depois-de-desinfetar\\\/#breadcrumb\"},\"inLanguage\":\"pt-PT\",\"potentialAction\":[{\"@type\":\"ReadAction\",\"target\":[\"https:\\\/\\\/www.altominho.tv\\\/site\\\/2020\\\/06\\\/23\\\/dermatologistas-alertam-que-e-preciso-hidratar-as-maos-depois-de-desinfetar\\\/\"]}]},{\"@type\":\"ImageObject\",\"inLanguage\":\"pt-PT\",\"@id\":\"https:\\\/\\\/www.altominho.tv\\\/site\\\/2020\\\/06\\\/23\\\/dermatologistas-alertam-que-e-preciso-hidratar-as-maos-depois-de-desinfetar\\\/#primaryimage\",\"url\":\"https:\\\/\\\/www.altominho.tv\\\/site\\\/wp-content\\\/uploads\\\/2020\\\/06\\\/transferir-1.jpeg\",\"contentUrl\":\"https:\\\/\\\/www.altominho.tv\\\/site\\\/wp-content\\\/uploads\\\/2020\\\/06\\\/transferir-1.jpeg\",\"width\":800,\"height\":491},{\"@type\":\"BreadcrumbList\",\"@id\":\"https:\\\/\\\/www.altominho.tv\\\/site\\\/2020\\\/06\\\/23\\\/dermatologistas-alertam-que-e-preciso-hidratar-as-maos-depois-de-desinfetar\\\/#breadcrumb\",\"itemListElement\":[{\"@type\":\"ListItem\",\"position\":1,\"name\":\"In\u00edcio\",\"item\":\"https:\\\/\\\/www.altominho.tv\\\/site\\\/\"},{\"@type\":\"ListItem\",\"position\":2,\"name\":\"Dermatologistas alertam que \u00e9 preciso hidratar as m\u00e3os depois de desinfetar\"}]},{\"@type\":\"WebSite\",\"@id\":\"https:\\\/\\\/www.altominho.tv\\\/site\\\/#website\",\"url\":\"https:\\\/\\\/www.altominho.tv\\\/site\\\/\",\"name\":\"Altominho.tv\",\"description\":\"A sua regi\u00e3o \u00e0 dist\u00e2ncia de um clique...\",\"potentialAction\":[{\"@type\":\"SearchAction\",\"target\":{\"@type\":\"EntryPoint\",\"urlTemplate\":\"https:\\\/\\\/www.altominho.tv\\\/site\\\/?s={search_term_string}\"},\"query-input\":{\"@type\":\"PropertyValueSpecification\",\"valueRequired\":true,\"valueName\":\"search_term_string\"}}],\"inLanguage\":\"pt-PT\"},{\"@type\":\"Person\",\"@id\":\"https:\\\/\\\/www.altominho.tv\\\/site\\\/#\\\/schema\\\/person\\\/63f693da3e1899361cbe955c46f3232e\",\"name\":\"Lusa\",\"image\":{\"@type\":\"ImageObject\",\"inLanguage\":\"pt-PT\",\"@id\":\"https:\\\/\\\/www.altominho.tv\\\/site\\\/wp-content\\\/uploads\\\/2019\\\/08\\\/LUSA_Logo.gif\",\"url\":\"https:\\\/\\\/www.altominho.tv\\\/site\\\/wp-content\\\/uploads\\\/2019\\\/08\\\/LUSA_Logo.gif\",\"contentUrl\":\"https:\\\/\\\/www.altominho.tv\\\/site\\\/wp-content\\\/uploads\\\/2019\\\/08\\\/LUSA_Logo.gif\",\"caption\":\"Lusa\"},\"sameAs\":[\"http:\\\/\\\/\\\/\\\/www.altominho.tv\\\/site\"],\"url\":\"https:\\\/\\\/www.altominho.tv\\\/site\\\/author\\\/lusa\\\/\"}]}<\/script>\n<!-- \/ Yoast SEO Premium plugin. -->","yoast_head_json":{"title":"Dermatologistas alertam que \u00e9 preciso hidratar as m\u00e3os depois de desinfetar","robots":{"index":"index","follow":"follow","max-snippet":"max-snippet:-1","max-image-preview":"max-image-preview:large","max-video-preview":"max-video-preview:-1"},"canonical":"https:\/\/www.altominho.tv\/site\/2020\/06\/23\/dermatologistas-alertam-que-e-preciso-hidratar-as-maos-depois-de-desinfetar\/","og_locale":"pt_PT","og_type":"article","og_title":"Dermatologistas alertam que \u00e9 preciso hidratar as m\u00e3os depois de desinfetar","og_description":"Os dermatologistas alertam para a necessidade de hidratar as m\u00e3os sempre que se lavem ou desinfetem, pois a lavagem ou desinfe\u00e7\u00e3o retiram a pel\u00edcula protetora e podem tornar a pele mais sens\u00edvel e reativa \u00e0 exposi\u00e7\u00e3o solar. Em declara\u00e7\u00f5es \u00e0 ag\u00eancia Lusa, o dermatologista Jo\u00e3o Nuno Maia e Silva, da Associa\u00e7\u00e3o Portuguesa de Cancro Cut\u00e2neo [&hellip;]","og_url":"https:\/\/www.altominho.tv\/site\/2020\/06\/23\/dermatologistas-alertam-que-e-preciso-hidratar-as-maos-depois-de-desinfetar\/","og_site_name":"Altominho.tv","article_publisher":"https:\/\/www.facebook.com\/altominhotv","article_published_time":"2020-06-23T10:50:41+00:00","article_modified_time":"2020-06-23T10:50:45+00:00","og_image":[{"width":800,"height":491,"url":"https:\/\/www.altominho.tv\/site\/wp-content\/uploads\/2020\/06\/transferir-1.jpeg","type":"image\/jpeg"}],"author":"Lusa","twitter_card":"summary_large_image","twitter_creator":"@altominhoTV","twitter_site":"@altominhoTV","twitter_misc":{"Escrito por":"Lusa","Tempo estimado de leitura":"2 minutos"},"schema":{"@context":"https:\/\/schema.org","@graph":[{"@type":"Article","@id":"https:\/\/www.altominho.tv\/site\/2020\/06\/23\/dermatologistas-alertam-que-e-preciso-hidratar-as-maos-depois-de-desinfetar\/#article","isPartOf":{"@id":"https:\/\/www.altominho.tv\/site\/2020\/06\/23\/dermatologistas-alertam-que-e-preciso-hidratar-as-maos-depois-de-desinfetar\/"},"author":{"name":"Lusa","@id":"https:\/\/www.altominho.tv\/site\/#\/schema\/person\/63f693da3e1899361cbe955c46f3232e"},"headline":"Dermatologistas alertam que \u00e9 preciso hidratar as m\u00e3os depois de desinfetar","datePublished":"2020-06-23T10:50:41+00:00","dateModified":"2020-06-23T10:50:45+00:00","mainEntityOfPage":{"@id":"https:\/\/www.altominho.tv\/site\/2020\/06\/23\/dermatologistas-alertam-que-e-preciso-hidratar-as-maos-depois-de-desinfetar\/"},"wordCount":408,"image":{"@id":"https:\/\/www.altominho.tv\/site\/2020\/06\/23\/dermatologistas-alertam-que-e-preciso-hidratar-as-maos-depois-de-desinfetar\/#primaryimage"},"thumbnailUrl":"https:\/\/www.altominho.tv\/site\/wp-content\/uploads\/2020\/06\/transferir-1.jpeg","keywords":["Sa\u00fade","Sociedade"],"articleSection":["Coronav\u00edrus"],"inLanguage":"pt-PT","copyrightYear":"2020","copyrightHolder":{"@id":"https:\/\/www.altominho.tv\/site\/#organization"}},{"@type":"WebPage","@id":"https:\/\/www.altominho.tv\/site\/2020\/06\/23\/dermatologistas-alertam-que-e-preciso-hidratar-as-maos-depois-de-desinfetar\/","url":"https:\/\/www.altominho.tv\/site\/2020\/06\/23\/dermatologistas-alertam-que-e-preciso-hidratar-as-maos-depois-de-desinfetar\/","name":"Dermatologistas alertam que \u00e9 preciso hidratar as m\u00e3os depois de desinfetar","isPartOf":{"@id":"https:\/\/www.altominho.tv\/site\/#website"},"primaryImageOfPage":{"@id":"https:\/\/www.altominho.tv\/site\/2020\/06\/23\/dermatologistas-alertam-que-e-preciso-hidratar-as-maos-depois-de-desinfetar\/#primaryimage"},"image":{"@id":"https:\/\/www.altominho.tv\/site\/2020\/06\/23\/dermatologistas-alertam-que-e-preciso-hidratar-as-maos-depois-de-desinfetar\/#primaryimage"},"thumbnailUrl":"https:\/\/www.altominho.tv\/site\/wp-content\/uploads\/2020\/06\/transferir-1.jpeg","datePublished":"2020-06-23T10:50:41+00:00","dateModified":"2020-06-23T10:50:45+00:00","author":{"@id":"https:\/\/www.altominho.tv\/site\/#\/schema\/person\/63f693da3e1899361cbe955c46f3232e"},"breadcrumb":{"@id":"https:\/\/www.altominho.tv\/site\/2020\/06\/23\/dermatologistas-alertam-que-e-preciso-hidratar-as-maos-depois-de-desinfetar\/#breadcrumb"},"inLanguage":"pt-PT","potentialAction":[{"@type":"ReadAction","target":["https:\/\/www.altominho.tv\/site\/2020\/06\/23\/dermatologistas-alertam-que-e-preciso-hidratar-as-maos-depois-de-desinfetar\/"]}]},{"@type":"ImageObject","inLanguage":"pt-PT","@id":"https:\/\/www.altominho.tv\/site\/2020\/06\/23\/dermatologistas-alertam-que-e-preciso-hidratar-as-maos-depois-de-desinfetar\/#primaryimage","url":"https:\/\/www.altominho.tv\/site\/wp-content\/uploads\/2020\/06\/transferir-1.jpeg","contentUrl":"https:\/\/www.altominho.tv\/site\/wp-content\/uploads\/2020\/06\/transferir-1.jpeg","width":800,"height":491},{"@type":"BreadcrumbList","@id":"https:\/\/www.altominho.tv\/site\/2020\/06\/23\/dermatologistas-alertam-que-e-preciso-hidratar-as-maos-depois-de-desinfetar\/#breadcrumb","itemListElement":[{"@type":"ListItem","position":1,"name":"In\u00edcio","item":"https:\/\/www.altominho.tv\/site\/"},{"@type":"ListItem","position":2,"name":"Dermatologistas alertam que \u00e9 preciso hidratar as m\u00e3os depois de desinfetar"}]},{"@type":"WebSite","@id":"https:\/\/www.altominho.tv\/site\/#website","url":"https:\/\/www.altominho.tv\/site\/","name":"Altominho.tv","description":"A sua regi\u00e3o \u00e0 dist\u00e2ncia de um clique...","potentialAction":[{"@type":"SearchAction","target":{"@type":"EntryPoint","urlTemplate":"https:\/\/www.altominho.tv\/site\/?s={search_term_string}"},"query-input":{"@type":"PropertyValueSpecification","valueRequired":true,"valueName":"search_term_string"}}],"inLanguage":"pt-PT"},{"@type":"Person","@id":"https:\/\/www.altominho.tv\/site\/#\/schema\/person\/63f693da3e1899361cbe955c46f3232e","name":"Lusa","image":{"@type":"ImageObject","inLanguage":"pt-PT","@id":"https:\/\/www.altominho.tv\/site\/wp-content\/uploads\/2019\/08\/LUSA_Logo.gif","url":"https:\/\/www.altominho.tv\/site\/wp-content\/uploads\/2019\/08\/LUSA_Logo.gif","contentUrl":"https:\/\/www.altominho.tv\/site\/wp-content\/uploads\/2019\/08\/LUSA_Logo.gif","caption":"Lusa"},"sameAs":["http:\/\/\/\/www.altominho.tv\/site"],"url":"https:\/\/www.altominho.tv\/site\/author\/lusa\/"}]}},"_links":{"self":[{"href":"https:\/\/www.altominho.tv\/site\/wp-json\/wp\/v2\/posts\/48297","targetHints":{"allow":["GET"]}}],"collection":[{"href":"https:\/\/www.altominho.tv\/site\/wp-json\/wp\/v2\/posts"}],"about":[{"href":"https:\/\/www.altominho.tv\/site\/wp-json\/wp\/v2\/types\/post"}],"author":[{"embeddable":true,"href":"https:\/\/www.altominho.tv\/site\/wp-json\/wp\/v2\/users\/13"}],"replies":[{"embeddable":true,"href":"https:\/\/www.altominho.tv\/site\/wp-json\/wp\/v2\/comments?post=48297"}],"version-history":[{"count":0,"href":"https:\/\/www.altominho.tv\/site\/wp-json\/wp\/v2\/posts\/48297\/revisions"}],"wp:featuredmedia":[{"embeddable":true,"href":"https:\/\/www.altominho.tv\/site\/wp-json\/wp\/v2\/media\/48298"}],"wp:attachment":[{"href":"https:\/\/www.altominho.tv\/site\/wp-json\/wp\/v2\/media?parent=48297"}],"wp:term":[{"taxonomy":"category","embeddable":true,"href":"https:\/\/www.altominho.tv\/site\/wp-json\/wp\/v2\/categories?post=48297"},{"taxonomy":"post_tag","embeddable":true,"href":"https:\/\/www.altominho.tv\/site\/wp-json\/wp\/v2\/tags?post=48297"}],"curies":[{"name":"wp","href":"https:\/\/api.w.org\/{rel}","templated":true}]}}