{"id":48291,"date":"2020-06-23T11:13:10","date_gmt":"2020-06-23T10:13:10","guid":{"rendered":"http:\/\/www.altominho.tv\/site\/?p=48291"},"modified":"2020-06-23T11:13:14","modified_gmt":"2020-06-23T10:13:14","slug":"insa-vai-estudar-amostras-de-doentes-com-infecao-anormalmente-longa","status":"publish","type":"post","link":"https:\/\/www.altominho.tv\/site\/2020\/06\/23\/insa-vai-estudar-amostras-de-doentes-com-infecao-anormalmente-longa\/","title":{"rendered":"INSA vai estudar amostras de doentes com infe\u00e7\u00e3o &#8220;anormalmente longa&#8221;"},"content":{"rendered":"\n<p>O Instituto Nacional de Sa\u00fade Ricardo Jorge (INSA) vai estudar amostras consecutivamente positivas de doentes com infe\u00e7\u00e3o covid-19 \u201canormalmente longa\u201d para tentar compreender a situa\u00e7\u00e3o e poder \u201capoiar a decis\u00e3o cl\u00ednica e de sa\u00fade p\u00fablica\u201d.<\/p>\n\n\n\n<p>\u201cA exist\u00eancia de muitos casos de infe\u00e7\u00e3o atipicamente longos (superiores a 3-4 semanas), identificados laboratorialmente pela persist\u00eancia de resultados positivos, tem constitu\u00eddo uma preocupa\u00e7\u00e3o das entidades de sa\u00fade pela necessidade de manuten\u00e7\u00e3o de um longo confinamento dos infetados no hospital ou em casa\u201d, refere o INSA num comunicado publicado na sua p\u00e1gina na Internet.<\/p>\n\n\n\n<p>Para tentar compreender esta situa\u00e7\u00e3o, o INSA vai realizar um estudo sobre a integridade gen\u00e9tica do coronav\u00edrus SARS-CoV-2, que provoca a doen\u00e7a covid-19, e a sua evolu\u00e7\u00e3o durante o per\u00edodo de infe\u00e7\u00e3o com o objetivo de \u201capoiar a decis\u00e3o cl\u00ednica e de sa\u00fade p\u00fablica\u201d.<\/p>\n\n\n\n<p>A investiga\u00e7\u00e3o vai \u201cestudar uma s\u00e9rie de amostras consecutivamente positivas de doentes com infe\u00e7\u00e3o anormalmente longa, sujeitando as mesmas a estudos de integridade gen\u00f3mica pela utiliza\u00e7\u00e3o da metodologia de Sequencia\u00e7\u00e3o de Nova Gera\u00e7\u00e3o\u201d.<\/p>\n\n\n\n<p>Segundo o investigador Jo\u00e3o Paulo Gomes, coordenador deste projeto, o estudo pretende perceber se \u201co genoma viral do SARS-CoV-2 est\u00e1 \u2018inteiro\u2019\u201d ou se est\u00e1 apenas a detetar-se pequenos fragmentos virais n\u00e3o infecciosos, recorrendo \u00e0 mesma metodologia que est\u00e1 a ser utilizada no estudo de \u00e2mbito nacional de variabilidade gen\u00e9tica do SARS-CoV-2, igualmente liderado pelo INSA.<\/p>\n\n\n\n<p>Em paralelo, ser\u00e1 tamb\u00e9m estudada a infecciosidade viral de algumas destas amostras tardias atrav\u00e9s da cultura em linha celular.<\/p>\n\n\n\n<p>\u201cEstes resultados permitir\u00e3o perceber se estamos perante um cen\u00e1rio de evolu\u00e7\u00e3o gen\u00e9tica adaptativa do v\u00edrus possibilitando a persist\u00eancia da infe\u00e7\u00e3o, ou se as \u00faltimas amostras positivas n\u00e3o traduzem mais do que a exist\u00eancia de fragmentos virais n\u00e3o infecciosos\u201d, explica Jo\u00e3o Paulo Gomes no comunicado.<\/p>\n\n\n\n<p>O investigador refere que, caso esta \u00faltima hip\u00f3tese se confirme, s\u00e3o esperados benef\u00edcios diretos e imediatos para o Servi\u00e7o Nacional de Sa\u00fade, na medida em que ser\u00e3o fornecidas provas cient\u00edficas a dois \u00f3rg\u00e3os de decis\u00e3o.<\/p>\n\n\n\n<p>\u201cPor um lado, aos cl\u00ednicos sobre a possibilidade de dar alta m\u00e9dica aos doentes com dete\u00e7\u00e3o da presen\u00e7a do v\u00edrus em amostras respirat\u00f3rias por longos per\u00edodos. Por outro lado, aos m\u00e9dicos de sa\u00fade p\u00fablica sobre a possibilidade de levantamento da restri\u00e7\u00e3o de contacto social aos infetados confinados em casa\u201d, explica.<\/p>\n\n\n\n<p>O coordenador do N\u00facleo de Bioinform\u00e1tica do INSA salienta que, \u201ccomo consequ\u00eancia disto, antev\u00eaem-se naturalmente os respetivos impactos a n\u00edvel familiar, social e econ\u00f3mico\u201d.<\/p>\n\n\n\n<p>Para o desenvolvimento deste estudo, o INSA conta n\u00e3o s\u00f3 com a sua vasta cole\u00e7\u00e3o de amostras positivas analisadas, mas tamb\u00e9m com a colabora\u00e7\u00e3o espec\u00edfica dos laborat\u00f3rios de an\u00e1lises Unilabs, Synlab e Joaquim Chaves.<\/p>\n\n\n\n<p>No \u00e2mbito deste projeto, que obteve um financiamento de 34 mil euros e ter\u00e1 a dura\u00e7\u00e3o de seis meses, foi iniciada uma colabora\u00e7\u00e3o cient\u00edfica com o Instituto de Medicina Molecular, o qual possibilitar\u00e1 a utiliza\u00e7\u00e3o de abordagens complementares para o mesmo fim, de forma a que as conclus\u00f5es tenham a robustez necess\u00e1ria para os fins cl\u00ednicos e de sa\u00fade p\u00fablica a que se destinam.<\/p>\n\n\n\n<p>O projeto \u00e9 financiado no \u00e2mbito da segunda edi\u00e7\u00e3o do programa de apoio \u201cResearch4Covid\u201d, promovido pela Funda\u00e7\u00e3o para a Ci\u00eancia e Tecnologia.<\/p>\n\n\n\n<p>A pandemia de covid-19 j\u00e1&nbsp;provocou 1.534 mortes em Portugal e 39.392 casos confirmadas&nbsp;de infe\u00e7\u00e3o, de acordo com os dados mais recentes da Dire\u00e7\u00e3o-Geral da Sa\u00fade.<\/p>\n","protected":false},"excerpt":{"rendered":"<p>O Instituto Nacional de Sa\u00fade Ricardo Jorge (INSA) vai estudar amostras consecutivamente positivas de doentes com infe\u00e7\u00e3o covid-19 \u201canormalmente longa\u201d para tentar compreender a situa\u00e7\u00e3o e poder \u201capoiar a decis\u00e3o cl\u00ednica e de sa\u00fade p\u00fablica\u201d. \u201cA exist\u00eancia de muitos casos de infe\u00e7\u00e3o atipicamente longos (superiores a 3-4 semanas), identificados laboratorialmente pela persist\u00eancia de resultados positivos, [&hellip;]<\/p>\n","protected":false},"author":13,"featured_media":48292,"comment_status":"closed","ping_status":"closed","sticky":false,"template":"","format":"standard","meta":{"_exactmetrics_skip_tracking":false,"_exactmetrics_sitenote_active":false,"_exactmetrics_sitenote_note":"","_exactmetrics_sitenote_category":0,"footnotes":""},"categories":[42722],"tags":[26,27],"class_list":["post-48291","post","type-post","status-publish","format-standard","has-post-thumbnail","hentry","category-covid-19","tag-saude","tag-sociedade"],"yoast_head":"<!-- This site is optimized with the Yoast SEO Premium plugin v27.4 (Yoast SEO v27.4) - https:\/\/yoast.com\/product\/yoast-seo-premium-wordpress\/ -->\n<title>INSA vai estudar amostras de doentes com infe\u00e7\u00e3o &quot;anormalmente longa&quot;<\/title>\n<meta name=\"robots\" content=\"index, follow, max-snippet:-1, max-image-preview:large, max-video-preview:-1\" \/>\n<link rel=\"canonical\" href=\"https:\/\/www.altominho.tv\/site\/2020\/06\/23\/insa-vai-estudar-amostras-de-doentes-com-infecao-anormalmente-longa\/\" \/>\n<meta property=\"og:locale\" content=\"pt_PT\" \/>\n<meta property=\"og:type\" content=\"article\" \/>\n<meta property=\"og:title\" content=\"INSA vai estudar amostras de doentes com infe\u00e7\u00e3o &quot;anormalmente longa&quot;\" \/>\n<meta property=\"og:description\" content=\"O Instituto Nacional de Sa\u00fade Ricardo Jorge (INSA) vai estudar amostras consecutivamente positivas de doentes com infe\u00e7\u00e3o covid-19 \u201canormalmente longa\u201d para tentar compreender a situa\u00e7\u00e3o e poder \u201capoiar a decis\u00e3o cl\u00ednica e de sa\u00fade p\u00fablica\u201d. \u201cA exist\u00eancia de muitos casos de infe\u00e7\u00e3o atipicamente longos (superiores a 3-4 semanas), identificados laboratorialmente pela persist\u00eancia de resultados positivos, [&hellip;]\" \/>\n<meta property=\"og:url\" content=\"https:\/\/www.altominho.tv\/site\/2020\/06\/23\/insa-vai-estudar-amostras-de-doentes-com-infecao-anormalmente-longa\/\" \/>\n<meta property=\"og:site_name\" content=\"Altominho.tv\" \/>\n<meta property=\"article:publisher\" content=\"https:\/\/www.facebook.com\/altominhotv\" \/>\n<meta property=\"article:published_time\" content=\"2020-06-23T10:13:10+00:00\" \/>\n<meta property=\"article:modified_time\" content=\"2020-06-23T10:13:14+00:00\" \/>\n<meta property=\"og:image\" content=\"https:\/\/www.altominho.tv\/site\/wp-content\/uploads\/2020\/06\/transferir.jpeg\" \/>\n\t<meta property=\"og:image:width\" content=\"800\" \/>\n\t<meta property=\"og:image:height\" content=\"559\" \/>\n\t<meta property=\"og:image:type\" content=\"image\/jpeg\" \/>\n<meta name=\"author\" content=\"Lusa\" \/>\n<meta name=\"twitter:card\" content=\"summary_large_image\" \/>\n<meta name=\"twitter:creator\" content=\"@altominhoTV\" \/>\n<meta name=\"twitter:site\" content=\"@altominhoTV\" \/>\n<meta name=\"twitter:label1\" content=\"Escrito por\" \/>\n\t<meta name=\"twitter:data1\" content=\"Lusa\" \/>\n\t<meta name=\"twitter:label2\" content=\"Tempo estimado de leitura\" \/>\n\t<meta name=\"twitter:data2\" content=\"3 minutos\" \/>\n<script type=\"application\/ld+json\" class=\"yoast-schema-graph\">{\"@context\":\"https:\\\/\\\/schema.org\",\"@graph\":[{\"@type\":\"Article\",\"@id\":\"https:\\\/\\\/www.altominho.tv\\\/site\\\/2020\\\/06\\\/23\\\/insa-vai-estudar-amostras-de-doentes-com-infecao-anormalmente-longa\\\/#article\",\"isPartOf\":{\"@id\":\"https:\\\/\\\/www.altominho.tv\\\/site\\\/2020\\\/06\\\/23\\\/insa-vai-estudar-amostras-de-doentes-com-infecao-anormalmente-longa\\\/\"},\"author\":{\"name\":\"Lusa\",\"@id\":\"https:\\\/\\\/www.altominho.tv\\\/site\\\/#\\\/schema\\\/person\\\/63f693da3e1899361cbe955c46f3232e\"},\"headline\":\"INSA vai estudar amostras de doentes com infe\u00e7\u00e3o &#8220;anormalmente longa&#8221;\",\"datePublished\":\"2020-06-23T10:13:10+00:00\",\"dateModified\":\"2020-06-23T10:13:14+00:00\",\"mainEntityOfPage\":{\"@id\":\"https:\\\/\\\/www.altominho.tv\\\/site\\\/2020\\\/06\\\/23\\\/insa-vai-estudar-amostras-de-doentes-com-infecao-anormalmente-longa\\\/\"},\"wordCount\":646,\"image\":{\"@id\":\"https:\\\/\\\/www.altominho.tv\\\/site\\\/2020\\\/06\\\/23\\\/insa-vai-estudar-amostras-de-doentes-com-infecao-anormalmente-longa\\\/#primaryimage\"},\"thumbnailUrl\":\"https:\\\/\\\/www.altominho.tv\\\/site\\\/wp-content\\\/uploads\\\/2020\\\/06\\\/transferir.jpeg\",\"keywords\":[\"Sa\u00fade\",\"Sociedade\"],\"articleSection\":[\"Coronav\u00edrus\"],\"inLanguage\":\"pt-PT\",\"copyrightYear\":\"2020\",\"copyrightHolder\":{\"@id\":\"https:\\\/\\\/www.altominho.tv\\\/site\\\/#organization\"}},{\"@type\":\"WebPage\",\"@id\":\"https:\\\/\\\/www.altominho.tv\\\/site\\\/2020\\\/06\\\/23\\\/insa-vai-estudar-amostras-de-doentes-com-infecao-anormalmente-longa\\\/\",\"url\":\"https:\\\/\\\/www.altominho.tv\\\/site\\\/2020\\\/06\\\/23\\\/insa-vai-estudar-amostras-de-doentes-com-infecao-anormalmente-longa\\\/\",\"name\":\"INSA vai estudar amostras de doentes com infe\u00e7\u00e3o \\\"anormalmente longa\\\"\",\"isPartOf\":{\"@id\":\"https:\\\/\\\/www.altominho.tv\\\/site\\\/#website\"},\"primaryImageOfPage\":{\"@id\":\"https:\\\/\\\/www.altominho.tv\\\/site\\\/2020\\\/06\\\/23\\\/insa-vai-estudar-amostras-de-doentes-com-infecao-anormalmente-longa\\\/#primaryimage\"},\"image\":{\"@id\":\"https:\\\/\\\/www.altominho.tv\\\/site\\\/2020\\\/06\\\/23\\\/insa-vai-estudar-amostras-de-doentes-com-infecao-anormalmente-longa\\\/#primaryimage\"},\"thumbnailUrl\":\"https:\\\/\\\/www.altominho.tv\\\/site\\\/wp-content\\\/uploads\\\/2020\\\/06\\\/transferir.jpeg\",\"datePublished\":\"2020-06-23T10:13:10+00:00\",\"dateModified\":\"2020-06-23T10:13:14+00:00\",\"author\":{\"@id\":\"https:\\\/\\\/www.altominho.tv\\\/site\\\/#\\\/schema\\\/person\\\/63f693da3e1899361cbe955c46f3232e\"},\"breadcrumb\":{\"@id\":\"https:\\\/\\\/www.altominho.tv\\\/site\\\/2020\\\/06\\\/23\\\/insa-vai-estudar-amostras-de-doentes-com-infecao-anormalmente-longa\\\/#breadcrumb\"},\"inLanguage\":\"pt-PT\",\"potentialAction\":[{\"@type\":\"ReadAction\",\"target\":[\"https:\\\/\\\/www.altominho.tv\\\/site\\\/2020\\\/06\\\/23\\\/insa-vai-estudar-amostras-de-doentes-com-infecao-anormalmente-longa\\\/\"]}]},{\"@type\":\"ImageObject\",\"inLanguage\":\"pt-PT\",\"@id\":\"https:\\\/\\\/www.altominho.tv\\\/site\\\/2020\\\/06\\\/23\\\/insa-vai-estudar-amostras-de-doentes-com-infecao-anormalmente-longa\\\/#primaryimage\",\"url\":\"https:\\\/\\\/www.altominho.tv\\\/site\\\/wp-content\\\/uploads\\\/2020\\\/06\\\/transferir.jpeg\",\"contentUrl\":\"https:\\\/\\\/www.altominho.tv\\\/site\\\/wp-content\\\/uploads\\\/2020\\\/06\\\/transferir.jpeg\",\"width\":800,\"height\":559},{\"@type\":\"BreadcrumbList\",\"@id\":\"https:\\\/\\\/www.altominho.tv\\\/site\\\/2020\\\/06\\\/23\\\/insa-vai-estudar-amostras-de-doentes-com-infecao-anormalmente-longa\\\/#breadcrumb\",\"itemListElement\":[{\"@type\":\"ListItem\",\"position\":1,\"name\":\"In\u00edcio\",\"item\":\"https:\\\/\\\/www.altominho.tv\\\/site\\\/\"},{\"@type\":\"ListItem\",\"position\":2,\"name\":\"INSA vai estudar amostras de doentes com infe\u00e7\u00e3o &#8220;anormalmente longa&#8221;\"}]},{\"@type\":\"WebSite\",\"@id\":\"https:\\\/\\\/www.altominho.tv\\\/site\\\/#website\",\"url\":\"https:\\\/\\\/www.altominho.tv\\\/site\\\/\",\"name\":\"Altominho.tv\",\"description\":\"A sua regi\u00e3o \u00e0 dist\u00e2ncia de um clique...\",\"potentialAction\":[{\"@type\":\"SearchAction\",\"target\":{\"@type\":\"EntryPoint\",\"urlTemplate\":\"https:\\\/\\\/www.altominho.tv\\\/site\\\/?s={search_term_string}\"},\"query-input\":{\"@type\":\"PropertyValueSpecification\",\"valueRequired\":true,\"valueName\":\"search_term_string\"}}],\"inLanguage\":\"pt-PT\"},{\"@type\":\"Person\",\"@id\":\"https:\\\/\\\/www.altominho.tv\\\/site\\\/#\\\/schema\\\/person\\\/63f693da3e1899361cbe955c46f3232e\",\"name\":\"Lusa\",\"image\":{\"@type\":\"ImageObject\",\"inLanguage\":\"pt-PT\",\"@id\":\"https:\\\/\\\/www.altominho.tv\\\/site\\\/wp-content\\\/uploads\\\/2019\\\/08\\\/LUSA_Logo.gif\",\"url\":\"https:\\\/\\\/www.altominho.tv\\\/site\\\/wp-content\\\/uploads\\\/2019\\\/08\\\/LUSA_Logo.gif\",\"contentUrl\":\"https:\\\/\\\/www.altominho.tv\\\/site\\\/wp-content\\\/uploads\\\/2019\\\/08\\\/LUSA_Logo.gif\",\"caption\":\"Lusa\"},\"sameAs\":[\"http:\\\/\\\/\\\/\\\/www.altominho.tv\\\/site\"],\"url\":\"https:\\\/\\\/www.altominho.tv\\\/site\\\/author\\\/lusa\\\/\"}]}<\/script>\n<!-- \/ Yoast SEO Premium plugin. -->","yoast_head_json":{"title":"INSA vai estudar amostras de doentes com infe\u00e7\u00e3o \"anormalmente longa\"","robots":{"index":"index","follow":"follow","max-snippet":"max-snippet:-1","max-image-preview":"max-image-preview:large","max-video-preview":"max-video-preview:-1"},"canonical":"https:\/\/www.altominho.tv\/site\/2020\/06\/23\/insa-vai-estudar-amostras-de-doentes-com-infecao-anormalmente-longa\/","og_locale":"pt_PT","og_type":"article","og_title":"INSA vai estudar amostras de doentes com infe\u00e7\u00e3o \"anormalmente longa\"","og_description":"O Instituto Nacional de Sa\u00fade Ricardo Jorge (INSA) vai estudar amostras consecutivamente positivas de doentes com infe\u00e7\u00e3o covid-19 \u201canormalmente longa\u201d para tentar compreender a situa\u00e7\u00e3o e poder \u201capoiar a decis\u00e3o cl\u00ednica e de sa\u00fade p\u00fablica\u201d. \u201cA exist\u00eancia de muitos casos de infe\u00e7\u00e3o atipicamente longos (superiores a 3-4 semanas), identificados laboratorialmente pela persist\u00eancia de resultados positivos, [&hellip;]","og_url":"https:\/\/www.altominho.tv\/site\/2020\/06\/23\/insa-vai-estudar-amostras-de-doentes-com-infecao-anormalmente-longa\/","og_site_name":"Altominho.tv","article_publisher":"https:\/\/www.facebook.com\/altominhotv","article_published_time":"2020-06-23T10:13:10+00:00","article_modified_time":"2020-06-23T10:13:14+00:00","og_image":[{"width":800,"height":559,"url":"https:\/\/www.altominho.tv\/site\/wp-content\/uploads\/2020\/06\/transferir.jpeg","type":"image\/jpeg"}],"author":"Lusa","twitter_card":"summary_large_image","twitter_creator":"@altominhoTV","twitter_site":"@altominhoTV","twitter_misc":{"Escrito por":"Lusa","Tempo estimado de leitura":"3 minutos"},"schema":{"@context":"https:\/\/schema.org","@graph":[{"@type":"Article","@id":"https:\/\/www.altominho.tv\/site\/2020\/06\/23\/insa-vai-estudar-amostras-de-doentes-com-infecao-anormalmente-longa\/#article","isPartOf":{"@id":"https:\/\/www.altominho.tv\/site\/2020\/06\/23\/insa-vai-estudar-amostras-de-doentes-com-infecao-anormalmente-longa\/"},"author":{"name":"Lusa","@id":"https:\/\/www.altominho.tv\/site\/#\/schema\/person\/63f693da3e1899361cbe955c46f3232e"},"headline":"INSA vai estudar amostras de doentes com infe\u00e7\u00e3o &#8220;anormalmente longa&#8221;","datePublished":"2020-06-23T10:13:10+00:00","dateModified":"2020-06-23T10:13:14+00:00","mainEntityOfPage":{"@id":"https:\/\/www.altominho.tv\/site\/2020\/06\/23\/insa-vai-estudar-amostras-de-doentes-com-infecao-anormalmente-longa\/"},"wordCount":646,"image":{"@id":"https:\/\/www.altominho.tv\/site\/2020\/06\/23\/insa-vai-estudar-amostras-de-doentes-com-infecao-anormalmente-longa\/#primaryimage"},"thumbnailUrl":"https:\/\/www.altominho.tv\/site\/wp-content\/uploads\/2020\/06\/transferir.jpeg","keywords":["Sa\u00fade","Sociedade"],"articleSection":["Coronav\u00edrus"],"inLanguage":"pt-PT","copyrightYear":"2020","copyrightHolder":{"@id":"https:\/\/www.altominho.tv\/site\/#organization"}},{"@type":"WebPage","@id":"https:\/\/www.altominho.tv\/site\/2020\/06\/23\/insa-vai-estudar-amostras-de-doentes-com-infecao-anormalmente-longa\/","url":"https:\/\/www.altominho.tv\/site\/2020\/06\/23\/insa-vai-estudar-amostras-de-doentes-com-infecao-anormalmente-longa\/","name":"INSA vai estudar amostras de doentes com infe\u00e7\u00e3o \"anormalmente longa\"","isPartOf":{"@id":"https:\/\/www.altominho.tv\/site\/#website"},"primaryImageOfPage":{"@id":"https:\/\/www.altominho.tv\/site\/2020\/06\/23\/insa-vai-estudar-amostras-de-doentes-com-infecao-anormalmente-longa\/#primaryimage"},"image":{"@id":"https:\/\/www.altominho.tv\/site\/2020\/06\/23\/insa-vai-estudar-amostras-de-doentes-com-infecao-anormalmente-longa\/#primaryimage"},"thumbnailUrl":"https:\/\/www.altominho.tv\/site\/wp-content\/uploads\/2020\/06\/transferir.jpeg","datePublished":"2020-06-23T10:13:10+00:00","dateModified":"2020-06-23T10:13:14+00:00","author":{"@id":"https:\/\/www.altominho.tv\/site\/#\/schema\/person\/63f693da3e1899361cbe955c46f3232e"},"breadcrumb":{"@id":"https:\/\/www.altominho.tv\/site\/2020\/06\/23\/insa-vai-estudar-amostras-de-doentes-com-infecao-anormalmente-longa\/#breadcrumb"},"inLanguage":"pt-PT","potentialAction":[{"@type":"ReadAction","target":["https:\/\/www.altominho.tv\/site\/2020\/06\/23\/insa-vai-estudar-amostras-de-doentes-com-infecao-anormalmente-longa\/"]}]},{"@type":"ImageObject","inLanguage":"pt-PT","@id":"https:\/\/www.altominho.tv\/site\/2020\/06\/23\/insa-vai-estudar-amostras-de-doentes-com-infecao-anormalmente-longa\/#primaryimage","url":"https:\/\/www.altominho.tv\/site\/wp-content\/uploads\/2020\/06\/transferir.jpeg","contentUrl":"https:\/\/www.altominho.tv\/site\/wp-content\/uploads\/2020\/06\/transferir.jpeg","width":800,"height":559},{"@type":"BreadcrumbList","@id":"https:\/\/www.altominho.tv\/site\/2020\/06\/23\/insa-vai-estudar-amostras-de-doentes-com-infecao-anormalmente-longa\/#breadcrumb","itemListElement":[{"@type":"ListItem","position":1,"name":"In\u00edcio","item":"https:\/\/www.altominho.tv\/site\/"},{"@type":"ListItem","position":2,"name":"INSA vai estudar amostras de doentes com infe\u00e7\u00e3o &#8220;anormalmente longa&#8221;"}]},{"@type":"WebSite","@id":"https:\/\/www.altominho.tv\/site\/#website","url":"https:\/\/www.altominho.tv\/site\/","name":"Altominho.tv","description":"A sua regi\u00e3o \u00e0 dist\u00e2ncia de um clique...","potentialAction":[{"@type":"SearchAction","target":{"@type":"EntryPoint","urlTemplate":"https:\/\/www.altominho.tv\/site\/?s={search_term_string}"},"query-input":{"@type":"PropertyValueSpecification","valueRequired":true,"valueName":"search_term_string"}}],"inLanguage":"pt-PT"},{"@type":"Person","@id":"https:\/\/www.altominho.tv\/site\/#\/schema\/person\/63f693da3e1899361cbe955c46f3232e","name":"Lusa","image":{"@type":"ImageObject","inLanguage":"pt-PT","@id":"https:\/\/www.altominho.tv\/site\/wp-content\/uploads\/2019\/08\/LUSA_Logo.gif","url":"https:\/\/www.altominho.tv\/site\/wp-content\/uploads\/2019\/08\/LUSA_Logo.gif","contentUrl":"https:\/\/www.altominho.tv\/site\/wp-content\/uploads\/2019\/08\/LUSA_Logo.gif","caption":"Lusa"},"sameAs":["http:\/\/\/\/www.altominho.tv\/site"],"url":"https:\/\/www.altominho.tv\/site\/author\/lusa\/"}]}},"_links":{"self":[{"href":"https:\/\/www.altominho.tv\/site\/wp-json\/wp\/v2\/posts\/48291","targetHints":{"allow":["GET"]}}],"collection":[{"href":"https:\/\/www.altominho.tv\/site\/wp-json\/wp\/v2\/posts"}],"about":[{"href":"https:\/\/www.altominho.tv\/site\/wp-json\/wp\/v2\/types\/post"}],"author":[{"embeddable":true,"href":"https:\/\/www.altominho.tv\/site\/wp-json\/wp\/v2\/users\/13"}],"replies":[{"embeddable":true,"href":"https:\/\/www.altominho.tv\/site\/wp-json\/wp\/v2\/comments?post=48291"}],"version-history":[{"count":0,"href":"https:\/\/www.altominho.tv\/site\/wp-json\/wp\/v2\/posts\/48291\/revisions"}],"wp:featuredmedia":[{"embeddable":true,"href":"https:\/\/www.altominho.tv\/site\/wp-json\/wp\/v2\/media\/48292"}],"wp:attachment":[{"href":"https:\/\/www.altominho.tv\/site\/wp-json\/wp\/v2\/media?parent=48291"}],"wp:term":[{"taxonomy":"category","embeddable":true,"href":"https:\/\/www.altominho.tv\/site\/wp-json\/wp\/v2\/categories?post=48291"},{"taxonomy":"post_tag","embeddable":true,"href":"https:\/\/www.altominho.tv\/site\/wp-json\/wp\/v2\/tags?post=48291"}],"curies":[{"name":"wp","href":"https:\/\/api.w.org\/{rel}","templated":true}]}}