{"id":48287,"date":"2020-06-23T10:58:25","date_gmt":"2020-06-23T09:58:25","guid":{"rendered":"http:\/\/www.altominho.tv\/site\/?p=48287"},"modified":"2020-06-23T10:58:29","modified_gmt":"2020-06-23T09:58:29","slug":"comercio-mundial-devera-cair-185-entre-abril-e-junho","status":"publish","type":"post","link":"https:\/\/www.altominho.tv\/site\/2020\/06\/23\/comercio-mundial-devera-cair-185-entre-abril-e-junho\/","title":{"rendered":"Com\u00e9rcio mundial dever\u00e1 cair 18,5% entre abril e junho"},"content":{"rendered":"\n<p>O volume do com\u00e9rcio mundial de mercadorias, que tinha diminu\u00eddo 3% no primeiro trimestre, continuou a diminuir entre abril e junho, meses em que desceu 18,5%, segundo as previs\u00f5es publicadas hoje pela Organiza\u00e7\u00e3o Mundial do Com\u00e9rcio<\/p>\n","protected":false},"excerpt":{"rendered":"<p>O volume do com\u00e9rcio mundial de mercadorias, que tinha diminu\u00eddo 3% no primeiro trimestre, continuou a diminuir entre abril e junho, meses em que desceu 18,5%, segundo as previs\u00f5es publicadas hoje pela Organiza\u00e7\u00e3o Mundial do Com\u00e9rcio<\/p>\n","protected":false},"author":13,"featured_media":48288,"comment_status":"closed","ping_status":"closed","sticky":false,"template":"","format":"standard","meta":{"_exactmetrics_skip_tracking":false,"_exactmetrics_sitenote_active":false,"_exactmetrics_sitenote_note":"","_exactmetrics_sitenote_category":0,"footnotes":""},"categories":[42722],"tags":[21,27],"class_list":["post-48287","post","type-post","status-publish","format-standard","has-post-thumbnail","hentry","category-covid-19","tag-economia","tag-sociedade"],"yoast_head":"<!-- This site is optimized with the Yoast SEO Premium plugin v27.4 (Yoast SEO v27.4) - https:\/\/yoast.com\/product\/yoast-seo-premium-wordpress\/ -->\n<title>Com\u00e9rcio mundial dever\u00e1 cair 18,5% entre abril e junho<\/title>\n<meta name=\"robots\" content=\"index, follow, max-snippet:-1, max-image-preview:large, max-video-preview:-1\" \/>\n<link rel=\"canonical\" href=\"https:\/\/www.altominho.tv\/site\/2020\/06\/23\/comercio-mundial-devera-cair-185-entre-abril-e-junho\/\" \/>\n<meta property=\"og:locale\" content=\"pt_PT\" \/>\n<meta property=\"og:type\" content=\"article\" \/>\n<meta property=\"og:title\" content=\"Com\u00e9rcio mundial dever\u00e1 cair 18,5% entre abril e junho\" \/>\n<meta property=\"og:description\" content=\"O volume do com\u00e9rcio mundial de mercadorias, que tinha diminu\u00eddo 3% no primeiro trimestre, continuou a diminuir entre abril e junho, meses em que desceu 18,5%, segundo as previs\u00f5es publicadas hoje pela Organiza\u00e7\u00e3o Mundial do Com\u00e9rcio\" \/>\n<meta property=\"og:url\" content=\"https:\/\/www.altominho.tv\/site\/2020\/06\/23\/comercio-mundial-devera-cair-185-entre-abril-e-junho\/\" \/>\n<meta property=\"og:site_name\" content=\"Altominho.tv\" \/>\n<meta property=\"article:publisher\" content=\"https:\/\/www.facebook.com\/altominhotv\" \/>\n<meta property=\"article:published_time\" content=\"2020-06-23T09:58:25+00:00\" \/>\n<meta property=\"article:modified_time\" content=\"2020-06-23T09:58:29+00:00\" \/>\n<meta property=\"og:image\" content=\"https:\/\/www.altominho.tv\/site\/wp-content\/uploads\/2020\/06\/mercadorias.jpg\" \/>\n\t<meta property=\"og:image:width\" content=\"900\" \/>\n\t<meta property=\"og:image:height\" content=\"450\" \/>\n\t<meta property=\"og:image:type\" content=\"image\/jpeg\" \/>\n<meta name=\"author\" content=\"Lusa\" \/>\n<meta name=\"twitter:card\" content=\"summary_large_image\" \/>\n<meta name=\"twitter:creator\" content=\"@altominhoTV\" \/>\n<meta name=\"twitter:site\" content=\"@altominhoTV\" \/>\n<meta name=\"twitter:label1\" content=\"Escrito por\" \/>\n\t<meta name=\"twitter:data1\" content=\"Lusa\" \/>\n<script type=\"application\/ld+json\" class=\"yoast-schema-graph\">{\"@context\":\"https:\\\/\\\/schema.org\",\"@graph\":[{\"@type\":\"Article\",\"@id\":\"https:\\\/\\\/www.altominho.tv\\\/site\\\/2020\\\/06\\\/23\\\/comercio-mundial-devera-cair-185-entre-abril-e-junho\\\/#article\",\"isPartOf\":{\"@id\":\"https:\\\/\\\/www.altominho.tv\\\/site\\\/2020\\\/06\\\/23\\\/comercio-mundial-devera-cair-185-entre-abril-e-junho\\\/\"},\"author\":{\"name\":\"Lusa\",\"@id\":\"https:\\\/\\\/www.altominho.tv\\\/site\\\/#\\\/schema\\\/person\\\/63f693da3e1899361cbe955c46f3232e\"},\"headline\":\"Com\u00e9rcio mundial dever\u00e1 cair 18,5% entre abril e junho\",\"datePublished\":\"2020-06-23T09:58:25+00:00\",\"dateModified\":\"2020-06-23T09:58:29+00:00\",\"mainEntityOfPage\":{\"@id\":\"https:\\\/\\\/www.altominho.tv\\\/site\\\/2020\\\/06\\\/23\\\/comercio-mundial-devera-cair-185-entre-abril-e-junho\\\/\"},\"wordCount\":48,\"image\":{\"@id\":\"https:\\\/\\\/www.altominho.tv\\\/site\\\/2020\\\/06\\\/23\\\/comercio-mundial-devera-cair-185-entre-abril-e-junho\\\/#primaryimage\"},\"thumbnailUrl\":\"https:\\\/\\\/www.altominho.tv\\\/site\\\/wp-content\\\/uploads\\\/2020\\\/06\\\/mercadorias.jpg\",\"keywords\":[\"Economia\",\"Sociedade\"],\"articleSection\":[\"Coronav\u00edrus\"],\"inLanguage\":\"pt-PT\",\"copyrightYear\":\"2020\",\"copyrightHolder\":{\"@id\":\"https:\\\/\\\/www.altominho.tv\\\/site\\\/#organization\"}},{\"@type\":\"WebPage\",\"@id\":\"https:\\\/\\\/www.altominho.tv\\\/site\\\/2020\\\/06\\\/23\\\/comercio-mundial-devera-cair-185-entre-abril-e-junho\\\/\",\"url\":\"https:\\\/\\\/www.altominho.tv\\\/site\\\/2020\\\/06\\\/23\\\/comercio-mundial-devera-cair-185-entre-abril-e-junho\\\/\",\"name\":\"Com\u00e9rcio mundial dever\u00e1 cair 18,5% entre abril e junho\",\"isPartOf\":{\"@id\":\"https:\\\/\\\/www.altominho.tv\\\/site\\\/#website\"},\"primaryImageOfPage\":{\"@id\":\"https:\\\/\\\/www.altominho.tv\\\/site\\\/2020\\\/06\\\/23\\\/comercio-mundial-devera-cair-185-entre-abril-e-junho\\\/#primaryimage\"},\"image\":{\"@id\":\"https:\\\/\\\/www.altominho.tv\\\/site\\\/2020\\\/06\\\/23\\\/comercio-mundial-devera-cair-185-entre-abril-e-junho\\\/#primaryimage\"},\"thumbnailUrl\":\"https:\\\/\\\/www.altominho.tv\\\/site\\\/wp-content\\\/uploads\\\/2020\\\/06\\\/mercadorias.jpg\",\"datePublished\":\"2020-06-23T09:58:25+00:00\",\"dateModified\":\"2020-06-23T09:58:29+00:00\",\"author\":{\"@id\":\"https:\\\/\\\/www.altominho.tv\\\/site\\\/#\\\/schema\\\/person\\\/63f693da3e1899361cbe955c46f3232e\"},\"breadcrumb\":{\"@id\":\"https:\\\/\\\/www.altominho.tv\\\/site\\\/2020\\\/06\\\/23\\\/comercio-mundial-devera-cair-185-entre-abril-e-junho\\\/#breadcrumb\"},\"inLanguage\":\"pt-PT\",\"potentialAction\":[{\"@type\":\"ReadAction\",\"target\":[\"https:\\\/\\\/www.altominho.tv\\\/site\\\/2020\\\/06\\\/23\\\/comercio-mundial-devera-cair-185-entre-abril-e-junho\\\/\"]}]},{\"@type\":\"ImageObject\",\"inLanguage\":\"pt-PT\",\"@id\":\"https:\\\/\\\/www.altominho.tv\\\/site\\\/2020\\\/06\\\/23\\\/comercio-mundial-devera-cair-185-entre-abril-e-junho\\\/#primaryimage\",\"url\":\"https:\\\/\\\/www.altominho.tv\\\/site\\\/wp-content\\\/uploads\\\/2020\\\/06\\\/mercadorias.jpg\",\"contentUrl\":\"https:\\\/\\\/www.altominho.tv\\\/site\\\/wp-content\\\/uploads\\\/2020\\\/06\\\/mercadorias.jpg\",\"width\":900,\"height\":450},{\"@type\":\"BreadcrumbList\",\"@id\":\"https:\\\/\\\/www.altominho.tv\\\/site\\\/2020\\\/06\\\/23\\\/comercio-mundial-devera-cair-185-entre-abril-e-junho\\\/#breadcrumb\",\"itemListElement\":[{\"@type\":\"ListItem\",\"position\":1,\"name\":\"In\u00edcio\",\"item\":\"https:\\\/\\\/www.altominho.tv\\\/site\\\/\"},{\"@type\":\"ListItem\",\"position\":2,\"name\":\"Com\u00e9rcio mundial dever\u00e1 cair 18,5% entre abril e junho\"}]},{\"@type\":\"WebSite\",\"@id\":\"https:\\\/\\\/www.altominho.tv\\\/site\\\/#website\",\"url\":\"https:\\\/\\\/www.altominho.tv\\\/site\\\/\",\"name\":\"Altominho.tv\",\"description\":\"A sua regi\u00e3o \u00e0 dist\u00e2ncia de um clique...\",\"potentialAction\":[{\"@type\":\"SearchAction\",\"target\":{\"@type\":\"EntryPoint\",\"urlTemplate\":\"https:\\\/\\\/www.altominho.tv\\\/site\\\/?s={search_term_string}\"},\"query-input\":{\"@type\":\"PropertyValueSpecification\",\"valueRequired\":true,\"valueName\":\"search_term_string\"}}],\"inLanguage\":\"pt-PT\"},{\"@type\":\"Person\",\"@id\":\"https:\\\/\\\/www.altominho.tv\\\/site\\\/#\\\/schema\\\/person\\\/63f693da3e1899361cbe955c46f3232e\",\"name\":\"Lusa\",\"image\":{\"@type\":\"ImageObject\",\"inLanguage\":\"pt-PT\",\"@id\":\"https:\\\/\\\/www.altominho.tv\\\/site\\\/wp-content\\\/uploads\\\/2019\\\/08\\\/LUSA_Logo.gif\",\"url\":\"https:\\\/\\\/www.altominho.tv\\\/site\\\/wp-content\\\/uploads\\\/2019\\\/08\\\/LUSA_Logo.gif\",\"contentUrl\":\"https:\\\/\\\/www.altominho.tv\\\/site\\\/wp-content\\\/uploads\\\/2019\\\/08\\\/LUSA_Logo.gif\",\"caption\":\"Lusa\"},\"sameAs\":[\"http:\\\/\\\/\\\/\\\/www.altominho.tv\\\/site\"],\"url\":\"https:\\\/\\\/www.altominho.tv\\\/site\\\/author\\\/lusa\\\/\"}]}<\/script>\n<!-- \/ Yoast SEO Premium plugin. -->","yoast_head_json":{"title":"Com\u00e9rcio mundial dever\u00e1 cair 18,5% entre abril e junho","robots":{"index":"index","follow":"follow","max-snippet":"max-snippet:-1","max-image-preview":"max-image-preview:large","max-video-preview":"max-video-preview:-1"},"canonical":"https:\/\/www.altominho.tv\/site\/2020\/06\/23\/comercio-mundial-devera-cair-185-entre-abril-e-junho\/","og_locale":"pt_PT","og_type":"article","og_title":"Com\u00e9rcio mundial dever\u00e1 cair 18,5% entre abril e junho","og_description":"O volume do com\u00e9rcio mundial de mercadorias, que tinha diminu\u00eddo 3% no primeiro trimestre, continuou a diminuir entre abril e junho, meses em que desceu 18,5%, segundo as previs\u00f5es publicadas hoje pela Organiza\u00e7\u00e3o Mundial do Com\u00e9rcio","og_url":"https:\/\/www.altominho.tv\/site\/2020\/06\/23\/comercio-mundial-devera-cair-185-entre-abril-e-junho\/","og_site_name":"Altominho.tv","article_publisher":"https:\/\/www.facebook.com\/altominhotv","article_published_time":"2020-06-23T09:58:25+00:00","article_modified_time":"2020-06-23T09:58:29+00:00","og_image":[{"width":900,"height":450,"url":"https:\/\/www.altominho.tv\/site\/wp-content\/uploads\/2020\/06\/mercadorias.jpg","type":"image\/jpeg"}],"author":"Lusa","twitter_card":"summary_large_image","twitter_creator":"@altominhoTV","twitter_site":"@altominhoTV","twitter_misc":{"Escrito por":"Lusa"},"schema":{"@context":"https:\/\/schema.org","@graph":[{"@type":"Article","@id":"https:\/\/www.altominho.tv\/site\/2020\/06\/23\/comercio-mundial-devera-cair-185-entre-abril-e-junho\/#article","isPartOf":{"@id":"https:\/\/www.altominho.tv\/site\/2020\/06\/23\/comercio-mundial-devera-cair-185-entre-abril-e-junho\/"},"author":{"name":"Lusa","@id":"https:\/\/www.altominho.tv\/site\/#\/schema\/person\/63f693da3e1899361cbe955c46f3232e"},"headline":"Com\u00e9rcio mundial dever\u00e1 cair 18,5% entre abril e junho","datePublished":"2020-06-23T09:58:25+00:00","dateModified":"2020-06-23T09:58:29+00:00","mainEntityOfPage":{"@id":"https:\/\/www.altominho.tv\/site\/2020\/06\/23\/comercio-mundial-devera-cair-185-entre-abril-e-junho\/"},"wordCount":48,"image":{"@id":"https:\/\/www.altominho.tv\/site\/2020\/06\/23\/comercio-mundial-devera-cair-185-entre-abril-e-junho\/#primaryimage"},"thumbnailUrl":"https:\/\/www.altominho.tv\/site\/wp-content\/uploads\/2020\/06\/mercadorias.jpg","keywords":["Economia","Sociedade"],"articleSection":["Coronav\u00edrus"],"inLanguage":"pt-PT","copyrightYear":"2020","copyrightHolder":{"@id":"https:\/\/www.altominho.tv\/site\/#organization"}},{"@type":"WebPage","@id":"https:\/\/www.altominho.tv\/site\/2020\/06\/23\/comercio-mundial-devera-cair-185-entre-abril-e-junho\/","url":"https:\/\/www.altominho.tv\/site\/2020\/06\/23\/comercio-mundial-devera-cair-185-entre-abril-e-junho\/","name":"Com\u00e9rcio mundial dever\u00e1 cair 18,5% entre abril e junho","isPartOf":{"@id":"https:\/\/www.altominho.tv\/site\/#website"},"primaryImageOfPage":{"@id":"https:\/\/www.altominho.tv\/site\/2020\/06\/23\/comercio-mundial-devera-cair-185-entre-abril-e-junho\/#primaryimage"},"image":{"@id":"https:\/\/www.altominho.tv\/site\/2020\/06\/23\/comercio-mundial-devera-cair-185-entre-abril-e-junho\/#primaryimage"},"thumbnailUrl":"https:\/\/www.altominho.tv\/site\/wp-content\/uploads\/2020\/06\/mercadorias.jpg","datePublished":"2020-06-23T09:58:25+00:00","dateModified":"2020-06-23T09:58:29+00:00","author":{"@id":"https:\/\/www.altominho.tv\/site\/#\/schema\/person\/63f693da3e1899361cbe955c46f3232e"},"breadcrumb":{"@id":"https:\/\/www.altominho.tv\/site\/2020\/06\/23\/comercio-mundial-devera-cair-185-entre-abril-e-junho\/#breadcrumb"},"inLanguage":"pt-PT","potentialAction":[{"@type":"ReadAction","target":["https:\/\/www.altominho.tv\/site\/2020\/06\/23\/comercio-mundial-devera-cair-185-entre-abril-e-junho\/"]}]},{"@type":"ImageObject","inLanguage":"pt-PT","@id":"https:\/\/www.altominho.tv\/site\/2020\/06\/23\/comercio-mundial-devera-cair-185-entre-abril-e-junho\/#primaryimage","url":"https:\/\/www.altominho.tv\/site\/wp-content\/uploads\/2020\/06\/mercadorias.jpg","contentUrl":"https:\/\/www.altominho.tv\/site\/wp-content\/uploads\/2020\/06\/mercadorias.jpg","width":900,"height":450},{"@type":"BreadcrumbList","@id":"https:\/\/www.altominho.tv\/site\/2020\/06\/23\/comercio-mundial-devera-cair-185-entre-abril-e-junho\/#breadcrumb","itemListElement":[{"@type":"ListItem","position":1,"name":"In\u00edcio","item":"https:\/\/www.altominho.tv\/site\/"},{"@type":"ListItem","position":2,"name":"Com\u00e9rcio mundial dever\u00e1 cair 18,5% entre abril e junho"}]},{"@type":"WebSite","@id":"https:\/\/www.altominho.tv\/site\/#website","url":"https:\/\/www.altominho.tv\/site\/","name":"Altominho.tv","description":"A sua regi\u00e3o \u00e0 dist\u00e2ncia de um clique...","potentialAction":[{"@type":"SearchAction","target":{"@type":"EntryPoint","urlTemplate":"https:\/\/www.altominho.tv\/site\/?s={search_term_string}"},"query-input":{"@type":"PropertyValueSpecification","valueRequired":true,"valueName":"search_term_string"}}],"inLanguage":"pt-PT"},{"@type":"Person","@id":"https:\/\/www.altominho.tv\/site\/#\/schema\/person\/63f693da3e1899361cbe955c46f3232e","name":"Lusa","image":{"@type":"ImageObject","inLanguage":"pt-PT","@id":"https:\/\/www.altominho.tv\/site\/wp-content\/uploads\/2019\/08\/LUSA_Logo.gif","url":"https:\/\/www.altominho.tv\/site\/wp-content\/uploads\/2019\/08\/LUSA_Logo.gif","contentUrl":"https:\/\/www.altominho.tv\/site\/wp-content\/uploads\/2019\/08\/LUSA_Logo.gif","caption":"Lusa"},"sameAs":["http:\/\/\/\/www.altominho.tv\/site"],"url":"https:\/\/www.altominho.tv\/site\/author\/lusa\/"}]}},"_links":{"self":[{"href":"https:\/\/www.altominho.tv\/site\/wp-json\/wp\/v2\/posts\/48287","targetHints":{"allow":["GET"]}}],"collection":[{"href":"https:\/\/www.altominho.tv\/site\/wp-json\/wp\/v2\/posts"}],"about":[{"href":"https:\/\/www.altominho.tv\/site\/wp-json\/wp\/v2\/types\/post"}],"author":[{"embeddable":true,"href":"https:\/\/www.altominho.tv\/site\/wp-json\/wp\/v2\/users\/13"}],"replies":[{"embeddable":true,"href":"https:\/\/www.altominho.tv\/site\/wp-json\/wp\/v2\/comments?post=48287"}],"version-history":[{"count":0,"href":"https:\/\/www.altominho.tv\/site\/wp-json\/wp\/v2\/posts\/48287\/revisions"}],"wp:featuredmedia":[{"embeddable":true,"href":"https:\/\/www.altominho.tv\/site\/wp-json\/wp\/v2\/media\/48288"}],"wp:attachment":[{"href":"https:\/\/www.altominho.tv\/site\/wp-json\/wp\/v2\/media?parent=48287"}],"wp:term":[{"taxonomy":"category","embeddable":true,"href":"https:\/\/www.altominho.tv\/site\/wp-json\/wp\/v2\/categories?post=48287"},{"taxonomy":"post_tag","embeddable":true,"href":"https:\/\/www.altominho.tv\/site\/wp-json\/wp\/v2\/tags?post=48287"}],"curies":[{"name":"wp","href":"https:\/\/api.w.org\/{rel}","templated":true}]}}