{"id":48274,"date":"2020-06-23T07:43:29","date_gmt":"2020-06-23T06:43:29","guid":{"rendered":"http:\/\/www.altominho.tv\/site\/?p=48274"},"modified":"2020-06-23T07:43:35","modified_gmt":"2020-06-23T06:43:35","slug":"presidente-executivo-da-tap-na-ar-para-esclarecer-plano-de-rotas-e-apoios","status":"publish","type":"post","link":"https:\/\/www.altominho.tv\/site\/2020\/06\/23\/presidente-executivo-da-tap-na-ar-para-esclarecer-plano-de-rotas-e-apoios\/","title":{"rendered":"Presidente executivo da TAP na AR para esclarecer plano de rotas e apoios"},"content":{"rendered":"\n<p>O presidente executivo da TAP, Antonoaldo Neves, \u00e9 hoje ouvido no parlamento, a pedido de dois requerimentos do PSD e PS, para responder a perguntas sobre o plano de rotas da companhia a\u00e9rea e os apoios previstos pelo Estado.<\/p>\n\n\n\n<p>A audi\u00e7\u00e3o, na Comiss\u00e3o de Economia, Inova\u00e7\u00e3o, Obras P\u00fablicas e Habita\u00e7\u00e3o, est\u00e1 marcada para esta manh\u00e3 e tem por base os dois pedidos dos partidos, que querem conhecer mais detalhes sobre os planos e o futuro da TAP.<\/p>\n\n\n\n<p>\u201cCom a pandemia dentro de portas, os avi\u00f5es em terra e a companhia 90% em \u2018lay-off\u2019, e ao mesmo tempo que se refere a necessidade de uma inje\u00e7\u00e3o de capital na ordem dos 1.000 milh\u00f5es de euros para viabilizar a empresa, a TAP anunciou o seu plano de voos para junho e julho, o qual foi muito mal recebido, com muitas cr\u00edticas por toda a sociedade civil\u201d, real\u00e7a O PSD no seu requerimento.<\/p>\n\n\n\n<p>Al\u00e9m disso, refere o partido liderado por Rui Rio, \u201cno debate quinzenal de 07 de maio, o primeiro-ministro garantia que \u2018o Estado n\u00e3o meter\u00e1 &#8211; nem sob a forma de garantia, inje\u00e7\u00e3o de capital ou empr\u00e9stimo &#8211; um c\u00eantimo que seja na TAP sem que isso signifique mais controlo e uma rela\u00e7\u00e3o de poderes adequada a esse apoio que vier a conceder\u2019\u201d.<\/p>\n\n\n\n<p>Para o PSD \u00e9 importante \u201cavaliar urgentemente a situa\u00e7\u00e3o [da TAP], que suscita naturalmente a maior das preocupa\u00e7\u00f5es\u201d.<\/p>\n\n\n\n<p>J\u00e1 o PS destacou o plano de voos da transportadora a\u00e9rea, que est\u00e1 sobretudo concentrado no aeroporto de Lisboa, o que o partido diz apresentar \u201cuma grande despropor\u00e7\u00e3o\u201d face ao Porto e Faro.<\/p>\n\n\n\n<p>\u201cRecorde-se que o plano estrat\u00e9gico da empresa tem como um princ\u00edpio b\u00e1sico as liga\u00e7\u00f5es a\u00e9reas que assegurem a territorialidade do pa\u00eds\u201d, sublinha o PS, afirmando que \u201c\u00e9 muito importante conhecer os crit\u00e9rios que est\u00e3o na base do plano de voos da empresa para os pr\u00f3ximos meses\u201d.<\/p>\n\n\n\n<p>O partido que suporta o Governo defende ainda que a gest\u00e3o de fronteiras \u00e9 \u201cda responsabilidade soberana do Estado portugu\u00eas\u201d, destacando que \u201cn\u00e3o se entende\u201d a publica\u00e7\u00e3o de um plano de rotas nacionais e internacionais por parte da empresa, sem \u201ca pr\u00e9via informa\u00e7\u00e3o do Governo sobre a estrat\u00e9gia de reabertura de fronteiras de Portugal\u201d.<\/p>\n\n\n\n<p>Os acionistas privados da TAP, o cons\u00f3rcio Atlantic Gateway, que det\u00e9m 45%, est\u00e3o a negociar com o Estado &#8211; detentor de 50% da transportadora &#8211; um apoio de 1,2 mil milh\u00f5es de euros para combater o impacto da covid-19, mas ainda n\u00e3o \u00e9 claro que consequ\u00eancias ter\u00e1 essa ajuda.<\/p>\n\n\n\n<p>O plano de retoma de voos da TAP tem sido criticado por autarcas um pouco por todo o pa\u00eds, mas sobretudo no Norte.<\/p>\n","protected":false},"excerpt":{"rendered":"<p>O presidente executivo da TAP, Antonoaldo Neves, \u00e9 hoje ouvido no parlamento, a pedido de dois requerimentos do PSD e PS, para responder a perguntas sobre o plano de rotas da companhia a\u00e9rea e os apoios previstos pelo Estado. A audi\u00e7\u00e3o, na Comiss\u00e3o de Economia, Inova\u00e7\u00e3o, Obras P\u00fablicas e Habita\u00e7\u00e3o, est\u00e1 marcada para esta manh\u00e3 [&hellip;]<\/p>\n","protected":false},"author":16,"featured_media":48275,"comment_status":"closed","ping_status":"closed","sticky":false,"template":"","format":"standard","meta":{"_exactmetrics_skip_tracking":false,"_exactmetrics_sitenote_active":false,"_exactmetrics_sitenote_note":"","_exactmetrics_sitenote_category":0,"footnotes":""},"categories":[42722],"tags":[27],"class_list":["post-48274","post","type-post","status-publish","format-standard","has-post-thumbnail","hentry","category-covid-19","tag-sociedade"],"yoast_head":"<!-- This site is optimized with the Yoast SEO Premium plugin v27.4 (Yoast SEO v27.4) - https:\/\/yoast.com\/product\/yoast-seo-premium-wordpress\/ -->\n<title>Presidente executivo da TAP na AR para esclarecer plano de rotas e apoios<\/title>\n<meta name=\"robots\" content=\"index, follow, max-snippet:-1, max-image-preview:large, max-video-preview:-1\" \/>\n<link rel=\"canonical\" href=\"https:\/\/www.altominho.tv\/site\/2020\/06\/23\/presidente-executivo-da-tap-na-ar-para-esclarecer-plano-de-rotas-e-apoios\/\" \/>\n<meta property=\"og:locale\" content=\"pt_PT\" \/>\n<meta property=\"og:type\" content=\"article\" \/>\n<meta property=\"og:title\" content=\"Presidente executivo da TAP na AR para esclarecer plano de rotas e apoios\" \/>\n<meta property=\"og:description\" content=\"O presidente executivo da TAP, Antonoaldo Neves, \u00e9 hoje ouvido no parlamento, a pedido de dois requerimentos do PSD e PS, para responder a perguntas sobre o plano de rotas da companhia a\u00e9rea e os apoios previstos pelo Estado. A audi\u00e7\u00e3o, na Comiss\u00e3o de Economia, Inova\u00e7\u00e3o, Obras P\u00fablicas e Habita\u00e7\u00e3o, est\u00e1 marcada para esta manh\u00e3 [&hellip;]\" \/>\n<meta property=\"og:url\" content=\"https:\/\/www.altominho.tv\/site\/2020\/06\/23\/presidente-executivo-da-tap-na-ar-para-esclarecer-plano-de-rotas-e-apoios\/\" \/>\n<meta property=\"og:site_name\" content=\"Altominho.tv\" \/>\n<meta property=\"article:publisher\" content=\"https:\/\/www.facebook.com\/altominhotv\" \/>\n<meta property=\"article:published_time\" content=\"2020-06-23T06:43:29+00:00\" \/>\n<meta property=\"article:modified_time\" content=\"2020-06-23T06:43:35+00:00\" \/>\n<meta property=\"og:image\" content=\"https:\/\/www.altominho.tv\/site\/wp-content\/uploads\/2020\/06\/tap.jpg\" \/>\n\t<meta property=\"og:image:width\" content=\"1200\" \/>\n\t<meta property=\"og:image:height\" content=\"630\" \/>\n\t<meta property=\"og:image:type\" content=\"image\/jpeg\" \/>\n<meta name=\"author\" content=\"Andreia Cunha | Lusa\" \/>\n<meta name=\"twitter:card\" content=\"summary_large_image\" \/>\n<meta name=\"twitter:creator\" content=\"@altominhoTV\" \/>\n<meta name=\"twitter:site\" content=\"@altominhoTV\" \/>\n<meta name=\"twitter:label1\" content=\"Escrito por\" \/>\n\t<meta name=\"twitter:data1\" content=\"Andreia Cunha | Lusa\" \/>\n\t<meta name=\"twitter:label2\" content=\"Tempo estimado de leitura\" \/>\n\t<meta name=\"twitter:data2\" content=\"2 minutos\" \/>\n<script type=\"application\/ld+json\" class=\"yoast-schema-graph\">{\"@context\":\"https:\\\/\\\/schema.org\",\"@graph\":[{\"@type\":\"Article\",\"@id\":\"https:\\\/\\\/www.altominho.tv\\\/site\\\/2020\\\/06\\\/23\\\/presidente-executivo-da-tap-na-ar-para-esclarecer-plano-de-rotas-e-apoios\\\/#article\",\"isPartOf\":{\"@id\":\"https:\\\/\\\/www.altominho.tv\\\/site\\\/2020\\\/06\\\/23\\\/presidente-executivo-da-tap-na-ar-para-esclarecer-plano-de-rotas-e-apoios\\\/\"},\"author\":{\"name\":\"Andreia Cunha | Lusa\",\"@id\":\"https:\\\/\\\/www.altominho.tv\\\/site\\\/#\\\/schema\\\/person\\\/dbaf181c01b51ff40c9f461a905d321e\"},\"headline\":\"Presidente executivo da TAP na AR para esclarecer plano de rotas e apoios\",\"datePublished\":\"2020-06-23T06:43:29+00:00\",\"dateModified\":\"2020-06-23T06:43:35+00:00\",\"mainEntityOfPage\":{\"@id\":\"https:\\\/\\\/www.altominho.tv\\\/site\\\/2020\\\/06\\\/23\\\/presidente-executivo-da-tap-na-ar-para-esclarecer-plano-de-rotas-e-apoios\\\/\"},\"wordCount\":481,\"image\":{\"@id\":\"https:\\\/\\\/www.altominho.tv\\\/site\\\/2020\\\/06\\\/23\\\/presidente-executivo-da-tap-na-ar-para-esclarecer-plano-de-rotas-e-apoios\\\/#primaryimage\"},\"thumbnailUrl\":\"https:\\\/\\\/www.altominho.tv\\\/site\\\/wp-content\\\/uploads\\\/2020\\\/06\\\/tap.jpg\",\"keywords\":[\"Sociedade\"],\"articleSection\":[\"Coronav\u00edrus\"],\"inLanguage\":\"pt-PT\",\"copyrightYear\":\"2020\",\"copyrightHolder\":{\"@id\":\"https:\\\/\\\/www.altominho.tv\\\/site\\\/#organization\"}},{\"@type\":\"WebPage\",\"@id\":\"https:\\\/\\\/www.altominho.tv\\\/site\\\/2020\\\/06\\\/23\\\/presidente-executivo-da-tap-na-ar-para-esclarecer-plano-de-rotas-e-apoios\\\/\",\"url\":\"https:\\\/\\\/www.altominho.tv\\\/site\\\/2020\\\/06\\\/23\\\/presidente-executivo-da-tap-na-ar-para-esclarecer-plano-de-rotas-e-apoios\\\/\",\"name\":\"Presidente executivo da TAP na AR para esclarecer plano de rotas e apoios\",\"isPartOf\":{\"@id\":\"https:\\\/\\\/www.altominho.tv\\\/site\\\/#website\"},\"primaryImageOfPage\":{\"@id\":\"https:\\\/\\\/www.altominho.tv\\\/site\\\/2020\\\/06\\\/23\\\/presidente-executivo-da-tap-na-ar-para-esclarecer-plano-de-rotas-e-apoios\\\/#primaryimage\"},\"image\":{\"@id\":\"https:\\\/\\\/www.altominho.tv\\\/site\\\/2020\\\/06\\\/23\\\/presidente-executivo-da-tap-na-ar-para-esclarecer-plano-de-rotas-e-apoios\\\/#primaryimage\"},\"thumbnailUrl\":\"https:\\\/\\\/www.altominho.tv\\\/site\\\/wp-content\\\/uploads\\\/2020\\\/06\\\/tap.jpg\",\"datePublished\":\"2020-06-23T06:43:29+00:00\",\"dateModified\":\"2020-06-23T06:43:35+00:00\",\"author\":{\"@id\":\"https:\\\/\\\/www.altominho.tv\\\/site\\\/#\\\/schema\\\/person\\\/dbaf181c01b51ff40c9f461a905d321e\"},\"breadcrumb\":{\"@id\":\"https:\\\/\\\/www.altominho.tv\\\/site\\\/2020\\\/06\\\/23\\\/presidente-executivo-da-tap-na-ar-para-esclarecer-plano-de-rotas-e-apoios\\\/#breadcrumb\"},\"inLanguage\":\"pt-PT\",\"potentialAction\":[{\"@type\":\"ReadAction\",\"target\":[\"https:\\\/\\\/www.altominho.tv\\\/site\\\/2020\\\/06\\\/23\\\/presidente-executivo-da-tap-na-ar-para-esclarecer-plano-de-rotas-e-apoios\\\/\"]}]},{\"@type\":\"ImageObject\",\"inLanguage\":\"pt-PT\",\"@id\":\"https:\\\/\\\/www.altominho.tv\\\/site\\\/2020\\\/06\\\/23\\\/presidente-executivo-da-tap-na-ar-para-esclarecer-plano-de-rotas-e-apoios\\\/#primaryimage\",\"url\":\"https:\\\/\\\/www.altominho.tv\\\/site\\\/wp-content\\\/uploads\\\/2020\\\/06\\\/tap.jpg\",\"contentUrl\":\"https:\\\/\\\/www.altominho.tv\\\/site\\\/wp-content\\\/uploads\\\/2020\\\/06\\\/tap.jpg\",\"width\":1200,\"height\":630},{\"@type\":\"BreadcrumbList\",\"@id\":\"https:\\\/\\\/www.altominho.tv\\\/site\\\/2020\\\/06\\\/23\\\/presidente-executivo-da-tap-na-ar-para-esclarecer-plano-de-rotas-e-apoios\\\/#breadcrumb\",\"itemListElement\":[{\"@type\":\"ListItem\",\"position\":1,\"name\":\"In\u00edcio\",\"item\":\"https:\\\/\\\/www.altominho.tv\\\/site\\\/\"},{\"@type\":\"ListItem\",\"position\":2,\"name\":\"Presidente executivo da TAP na AR para esclarecer plano de rotas e apoios\"}]},{\"@type\":\"WebSite\",\"@id\":\"https:\\\/\\\/www.altominho.tv\\\/site\\\/#website\",\"url\":\"https:\\\/\\\/www.altominho.tv\\\/site\\\/\",\"name\":\"Altominho.tv\",\"description\":\"A sua regi\u00e3o \u00e0 dist\u00e2ncia de um clique...\",\"potentialAction\":[{\"@type\":\"SearchAction\",\"target\":{\"@type\":\"EntryPoint\",\"urlTemplate\":\"https:\\\/\\\/www.altominho.tv\\\/site\\\/?s={search_term_string}\"},\"query-input\":{\"@type\":\"PropertyValueSpecification\",\"valueRequired\":true,\"valueName\":\"search_term_string\"}}],\"inLanguage\":\"pt-PT\"},{\"@type\":\"Person\",\"@id\":\"https:\\\/\\\/www.altominho.tv\\\/site\\\/#\\\/schema\\\/person\\\/dbaf181c01b51ff40c9f461a905d321e\",\"name\":\"Andreia Cunha | Lusa\",\"image\":{\"@type\":\"ImageObject\",\"inLanguage\":\"pt-PT\",\"@id\":\"https:\\\/\\\/www.altominho.tv\\\/site\\\/wp-content\\\/uploads\\\/2017\\\/11\\\/Andreia_Cunha-1-150x150.jpg\",\"url\":\"https:\\\/\\\/www.altominho.tv\\\/site\\\/wp-content\\\/uploads\\\/2017\\\/11\\\/Andreia_Cunha-1-150x150.jpg\",\"contentUrl\":\"https:\\\/\\\/www.altominho.tv\\\/site\\\/wp-content\\\/uploads\\\/2017\\\/11\\\/Andreia_Cunha-1-150x150.jpg\",\"caption\":\"Andreia Cunha | Lusa\"},\"sameAs\":[\"https:\\\/\\\/www.altominho.tv\\\/site\"],\"url\":\"https:\\\/\\\/www.altominho.tv\\\/site\\\/author\\\/andreiacunhalusa\\\/\"}]}<\/script>\n<!-- \/ Yoast SEO Premium plugin. -->","yoast_head_json":{"title":"Presidente executivo da TAP na AR para esclarecer plano de rotas e apoios","robots":{"index":"index","follow":"follow","max-snippet":"max-snippet:-1","max-image-preview":"max-image-preview:large","max-video-preview":"max-video-preview:-1"},"canonical":"https:\/\/www.altominho.tv\/site\/2020\/06\/23\/presidente-executivo-da-tap-na-ar-para-esclarecer-plano-de-rotas-e-apoios\/","og_locale":"pt_PT","og_type":"article","og_title":"Presidente executivo da TAP na AR para esclarecer plano de rotas e apoios","og_description":"O presidente executivo da TAP, Antonoaldo Neves, \u00e9 hoje ouvido no parlamento, a pedido de dois requerimentos do PSD e PS, para responder a perguntas sobre o plano de rotas da companhia a\u00e9rea e os apoios previstos pelo Estado. A audi\u00e7\u00e3o, na Comiss\u00e3o de Economia, Inova\u00e7\u00e3o, Obras P\u00fablicas e Habita\u00e7\u00e3o, est\u00e1 marcada para esta manh\u00e3 [&hellip;]","og_url":"https:\/\/www.altominho.tv\/site\/2020\/06\/23\/presidente-executivo-da-tap-na-ar-para-esclarecer-plano-de-rotas-e-apoios\/","og_site_name":"Altominho.tv","article_publisher":"https:\/\/www.facebook.com\/altominhotv","article_published_time":"2020-06-23T06:43:29+00:00","article_modified_time":"2020-06-23T06:43:35+00:00","og_image":[{"width":1200,"height":630,"url":"https:\/\/www.altominho.tv\/site\/wp-content\/uploads\/2020\/06\/tap.jpg","type":"image\/jpeg"}],"author":"Andreia Cunha | Lusa","twitter_card":"summary_large_image","twitter_creator":"@altominhoTV","twitter_site":"@altominhoTV","twitter_misc":{"Escrito por":"Andreia Cunha | Lusa","Tempo estimado de leitura":"2 minutos"},"schema":{"@context":"https:\/\/schema.org","@graph":[{"@type":"Article","@id":"https:\/\/www.altominho.tv\/site\/2020\/06\/23\/presidente-executivo-da-tap-na-ar-para-esclarecer-plano-de-rotas-e-apoios\/#article","isPartOf":{"@id":"https:\/\/www.altominho.tv\/site\/2020\/06\/23\/presidente-executivo-da-tap-na-ar-para-esclarecer-plano-de-rotas-e-apoios\/"},"author":{"name":"Andreia Cunha | Lusa","@id":"https:\/\/www.altominho.tv\/site\/#\/schema\/person\/dbaf181c01b51ff40c9f461a905d321e"},"headline":"Presidente executivo da TAP na AR para esclarecer plano de rotas e apoios","datePublished":"2020-06-23T06:43:29+00:00","dateModified":"2020-06-23T06:43:35+00:00","mainEntityOfPage":{"@id":"https:\/\/www.altominho.tv\/site\/2020\/06\/23\/presidente-executivo-da-tap-na-ar-para-esclarecer-plano-de-rotas-e-apoios\/"},"wordCount":481,"image":{"@id":"https:\/\/www.altominho.tv\/site\/2020\/06\/23\/presidente-executivo-da-tap-na-ar-para-esclarecer-plano-de-rotas-e-apoios\/#primaryimage"},"thumbnailUrl":"https:\/\/www.altominho.tv\/site\/wp-content\/uploads\/2020\/06\/tap.jpg","keywords":["Sociedade"],"articleSection":["Coronav\u00edrus"],"inLanguage":"pt-PT","copyrightYear":"2020","copyrightHolder":{"@id":"https:\/\/www.altominho.tv\/site\/#organization"}},{"@type":"WebPage","@id":"https:\/\/www.altominho.tv\/site\/2020\/06\/23\/presidente-executivo-da-tap-na-ar-para-esclarecer-plano-de-rotas-e-apoios\/","url":"https:\/\/www.altominho.tv\/site\/2020\/06\/23\/presidente-executivo-da-tap-na-ar-para-esclarecer-plano-de-rotas-e-apoios\/","name":"Presidente executivo da TAP na AR para esclarecer plano de rotas e apoios","isPartOf":{"@id":"https:\/\/www.altominho.tv\/site\/#website"},"primaryImageOfPage":{"@id":"https:\/\/www.altominho.tv\/site\/2020\/06\/23\/presidente-executivo-da-tap-na-ar-para-esclarecer-plano-de-rotas-e-apoios\/#primaryimage"},"image":{"@id":"https:\/\/www.altominho.tv\/site\/2020\/06\/23\/presidente-executivo-da-tap-na-ar-para-esclarecer-plano-de-rotas-e-apoios\/#primaryimage"},"thumbnailUrl":"https:\/\/www.altominho.tv\/site\/wp-content\/uploads\/2020\/06\/tap.jpg","datePublished":"2020-06-23T06:43:29+00:00","dateModified":"2020-06-23T06:43:35+00:00","author":{"@id":"https:\/\/www.altominho.tv\/site\/#\/schema\/person\/dbaf181c01b51ff40c9f461a905d321e"},"breadcrumb":{"@id":"https:\/\/www.altominho.tv\/site\/2020\/06\/23\/presidente-executivo-da-tap-na-ar-para-esclarecer-plano-de-rotas-e-apoios\/#breadcrumb"},"inLanguage":"pt-PT","potentialAction":[{"@type":"ReadAction","target":["https:\/\/www.altominho.tv\/site\/2020\/06\/23\/presidente-executivo-da-tap-na-ar-para-esclarecer-plano-de-rotas-e-apoios\/"]}]},{"@type":"ImageObject","inLanguage":"pt-PT","@id":"https:\/\/www.altominho.tv\/site\/2020\/06\/23\/presidente-executivo-da-tap-na-ar-para-esclarecer-plano-de-rotas-e-apoios\/#primaryimage","url":"https:\/\/www.altominho.tv\/site\/wp-content\/uploads\/2020\/06\/tap.jpg","contentUrl":"https:\/\/www.altominho.tv\/site\/wp-content\/uploads\/2020\/06\/tap.jpg","width":1200,"height":630},{"@type":"BreadcrumbList","@id":"https:\/\/www.altominho.tv\/site\/2020\/06\/23\/presidente-executivo-da-tap-na-ar-para-esclarecer-plano-de-rotas-e-apoios\/#breadcrumb","itemListElement":[{"@type":"ListItem","position":1,"name":"In\u00edcio","item":"https:\/\/www.altominho.tv\/site\/"},{"@type":"ListItem","position":2,"name":"Presidente executivo da TAP na AR para esclarecer plano de rotas e apoios"}]},{"@type":"WebSite","@id":"https:\/\/www.altominho.tv\/site\/#website","url":"https:\/\/www.altominho.tv\/site\/","name":"Altominho.tv","description":"A sua regi\u00e3o \u00e0 dist\u00e2ncia de um clique...","potentialAction":[{"@type":"SearchAction","target":{"@type":"EntryPoint","urlTemplate":"https:\/\/www.altominho.tv\/site\/?s={search_term_string}"},"query-input":{"@type":"PropertyValueSpecification","valueRequired":true,"valueName":"search_term_string"}}],"inLanguage":"pt-PT"},{"@type":"Person","@id":"https:\/\/www.altominho.tv\/site\/#\/schema\/person\/dbaf181c01b51ff40c9f461a905d321e","name":"Andreia Cunha | Lusa","image":{"@type":"ImageObject","inLanguage":"pt-PT","@id":"https:\/\/www.altominho.tv\/site\/wp-content\/uploads\/2017\/11\/Andreia_Cunha-1-150x150.jpg","url":"https:\/\/www.altominho.tv\/site\/wp-content\/uploads\/2017\/11\/Andreia_Cunha-1-150x150.jpg","contentUrl":"https:\/\/www.altominho.tv\/site\/wp-content\/uploads\/2017\/11\/Andreia_Cunha-1-150x150.jpg","caption":"Andreia Cunha | Lusa"},"sameAs":["https:\/\/www.altominho.tv\/site"],"url":"https:\/\/www.altominho.tv\/site\/author\/andreiacunhalusa\/"}]}},"_links":{"self":[{"href":"https:\/\/www.altominho.tv\/site\/wp-json\/wp\/v2\/posts\/48274","targetHints":{"allow":["GET"]}}],"collection":[{"href":"https:\/\/www.altominho.tv\/site\/wp-json\/wp\/v2\/posts"}],"about":[{"href":"https:\/\/www.altominho.tv\/site\/wp-json\/wp\/v2\/types\/post"}],"author":[{"embeddable":true,"href":"https:\/\/www.altominho.tv\/site\/wp-json\/wp\/v2\/users\/16"}],"replies":[{"embeddable":true,"href":"https:\/\/www.altominho.tv\/site\/wp-json\/wp\/v2\/comments?post=48274"}],"version-history":[{"count":0,"href":"https:\/\/www.altominho.tv\/site\/wp-json\/wp\/v2\/posts\/48274\/revisions"}],"wp:featuredmedia":[{"embeddable":true,"href":"https:\/\/www.altominho.tv\/site\/wp-json\/wp\/v2\/media\/48275"}],"wp:attachment":[{"href":"https:\/\/www.altominho.tv\/site\/wp-json\/wp\/v2\/media?parent=48274"}],"wp:term":[{"taxonomy":"category","embeddable":true,"href":"https:\/\/www.altominho.tv\/site\/wp-json\/wp\/v2\/categories?post=48274"},{"taxonomy":"post_tag","embeddable":true,"href":"https:\/\/www.altominho.tv\/site\/wp-json\/wp\/v2\/tags?post=48274"}],"curies":[{"name":"wp","href":"https:\/\/api.w.org\/{rel}","templated":true}]}}