{"id":48265,"date":"2020-06-22T17:04:04","date_gmt":"2020-06-22T16:04:04","guid":{"rendered":"http:\/\/www.altominho.tv\/site\/?p=48265"},"modified":"2020-06-22T17:04:08","modified_gmt":"2020-06-22T16:04:08","slug":"hospitais-fernando-fonseca-beatriz-angelo-e-de-setubal-mais-pressionados","status":"publish","type":"post","link":"https:\/\/www.altominho.tv\/site\/2020\/06\/22\/hospitais-fernando-fonseca-beatriz-angelo-e-de-setubal-mais-pressionados\/","title":{"rendered":"Hospitais Fernando Fonseca, Beatriz \u00c2ngelo e de Set\u00fabal &#8220;mais pressionados&#8221;"},"content":{"rendered":"\n<p>Os hospitais mais \u201cpressionados\u201d em Lisboa e Vale do Tejo s\u00e3o o Fernando Fonseca (Amadora), Beatriz \u00c2ngelo (Loures) e de Set\u00fabal, com taxas de ocupa\u00e7\u00e3o de 93%, 100% e 86%, respetivamente, revelou hoje o secret\u00e1rio de Estado da Sa\u00fade.<\/p>\n\n\n\n<p>Na confer\u00eancia de imprensa da Dire\u00e7\u00e3o-Geral da Sa\u00fade sobre a covid-19, Ant\u00f3nio Lacerda Sales adiantou ainda que os \u201cmenos pressionados\u201d s\u00e3o os hospitais de Lisboa Ocidental, com uma ocupa\u00e7\u00e3o de 57%, o do M\u00e9dio Tejo, com 26% e o de Lisboa Norte, com um valor entre os 75 e os 80%.<\/p>\n\n\n\n<p>Questionado sobre o n\u00famero de jovens infetados com o novo coronav\u00edrus internados e sobre os internados em cuidados intensivos, o governante n\u00e3o soube especificar, adiantando que \u201cos servi\u00e7os de sa\u00fade em Lisboa e Vale do Tejo n\u00e3o est\u00e3o sob grande press\u00e3o\u201d e que as unidades de cuidados intensivos apresentam \u201cuma taxa de ocupa\u00e7\u00e3o de 59%\u201d, ao passo que a taxa de ocupa\u00e7\u00e3o nacional \u00e9 de 63%.<\/p>\n\n\n\n<p>\u201cEm 218 camas est\u00e3o livres 89\u201d, adiantou Lacerda Sales.<\/p>\n\n\n\n<p>Quanto \u201cao conjunto de camas livres afeto \u00e0 covid\u201d na \u00c1rea Metropolitana de Lisboa, Lacerda Sales disse que \u201cest\u00e1 pouco abaixo dos 50%\u201d.<\/p>\n\n\n\n<p>Relativamente a n\u00fameros nacionais, o secret\u00e1rio de Estado da Sa\u00fade revelou ser de 63% a taxa de ocupa\u00e7\u00e3o em cuidados intensivos.<\/p>\n\n\n\n<p>Das 531 camas \u201cdispon\u00edveis\u201d em cuidados intensivos, est\u00e3o vagas 199, observou.<\/p>\n\n\n\n<p>Quanto \u00e0 \u201ctaxa de ocupa\u00e7\u00e3o\u201d nacional ligada \u00e0 covid \u00e9 de 21%.<\/p>\n\n\n\n<p>O estado de calamidade vai manter-se em Odivelas e Amadora, assim como em algumas freguesias dos munic\u00edpios de Lisboa, Loures e Sintra, independentemente da decis\u00e3o a tomar para o territ\u00f3rio nacional, anunciou hoje o primeiro-ministro, ap\u00f3s ter estado reunido com os presidentes dos cinco concelhos atualmente mais atingidos pela pandemia de covid-19: Lisboa, Loures, Odivelas, Sintra e Amadora.<\/p>\n\n\n\n<p>Os cinco concelhos da regi\u00e3o de Lisboa mais atingidos pela covid-19 concentraram metade dos novos casos de cont\u00e1gio verificados em Portugal nas \u00faltimas duas semanas, registando um aumento de 2.230 infe\u00e7\u00f5es.<\/p>\n\n\n\n<p>Tendo por base os boletins divulgados pela Dire\u00e7\u00e3o-Geral da Sa\u00fade (DGS) entre 07 e 21 de junho, os concelhos de Amadora, Lisboa, Loures, Odivelas e Sintra acumularam 50,2% do total de novos casos neste per\u00edodo em Portugal (4.440).<\/p>\n\n\n\n<p>Portugal contabiliza pelo menos 1.534 mortos associados \u00e0 covid-19 em 39.392 casos confirmados de infe\u00e7\u00e3o, segundo o \u00faltimo boletim da Dire\u00e7\u00e3o-Geral da Sa\u00fade (DGS).<\/p>\n","protected":false},"excerpt":{"rendered":"<p>Os hospitais mais \u201cpressionados\u201d em Lisboa e Vale do Tejo s\u00e3o o Fernando Fonseca (Amadora), Beatriz \u00c2ngelo (Loures) e de Set\u00fabal, com taxas de ocupa\u00e7\u00e3o de 93%, 100% e 86%, respetivamente, revelou hoje o secret\u00e1rio de Estado da Sa\u00fade. Na confer\u00eancia de imprensa da Dire\u00e7\u00e3o-Geral da Sa\u00fade sobre a covid-19, Ant\u00f3nio Lacerda Sales adiantou ainda [&hellip;]<\/p>\n","protected":false},"author":16,"featured_media":48266,"comment_status":"closed","ping_status":"closed","sticky":false,"template":"","format":"standard","meta":{"_exactmetrics_skip_tracking":false,"_exactmetrics_sitenote_active":false,"_exactmetrics_sitenote_note":"","_exactmetrics_sitenote_category":0,"footnotes":""},"categories":[42722],"tags":[26,27],"class_list":["post-48265","post","type-post","status-publish","format-standard","has-post-thumbnail","hentry","category-covid-19","tag-saude","tag-sociedade"],"yoast_head":"<!-- This site is optimized with the Yoast SEO Premium plugin v27.4 (Yoast SEO v27.4) - https:\/\/yoast.com\/product\/yoast-seo-premium-wordpress\/ -->\n<title>Hospitais Fernando Fonseca, Beatriz \u00c2ngelo e de Set\u00fabal &quot;mais pressionados&quot;<\/title>\n<meta name=\"robots\" content=\"index, follow, max-snippet:-1, max-image-preview:large, max-video-preview:-1\" \/>\n<link rel=\"canonical\" href=\"https:\/\/www.altominho.tv\/site\/2020\/06\/22\/hospitais-fernando-fonseca-beatriz-angelo-e-de-setubal-mais-pressionados\/\" \/>\n<meta property=\"og:locale\" content=\"pt_PT\" \/>\n<meta property=\"og:type\" content=\"article\" \/>\n<meta property=\"og:title\" content=\"Hospitais Fernando Fonseca, Beatriz \u00c2ngelo e de Set\u00fabal &quot;mais pressionados&quot;\" \/>\n<meta property=\"og:description\" content=\"Os hospitais mais \u201cpressionados\u201d em Lisboa e Vale do Tejo s\u00e3o o Fernando Fonseca (Amadora), Beatriz \u00c2ngelo (Loures) e de Set\u00fabal, com taxas de ocupa\u00e7\u00e3o de 93%, 100% e 86%, respetivamente, revelou hoje o secret\u00e1rio de Estado da Sa\u00fade. Na confer\u00eancia de imprensa da Dire\u00e7\u00e3o-Geral da Sa\u00fade sobre a covid-19, Ant\u00f3nio Lacerda Sales adiantou ainda [&hellip;]\" \/>\n<meta property=\"og:url\" content=\"https:\/\/www.altominho.tv\/site\/2020\/06\/22\/hospitais-fernando-fonseca-beatriz-angelo-e-de-setubal-mais-pressionados\/\" \/>\n<meta property=\"og:site_name\" content=\"Altominho.tv\" \/>\n<meta property=\"article:publisher\" content=\"https:\/\/www.facebook.com\/altominhotv\" \/>\n<meta property=\"article:published_time\" content=\"2020-06-22T16:04:04+00:00\" \/>\n<meta property=\"article:modified_time\" content=\"2020-06-22T16:04:08+00:00\" \/>\n<meta property=\"og:image\" content=\"https:\/\/www.altominho.tv\/site\/wp-content\/uploads\/2020\/06\/coronav.jpg\" \/>\n\t<meta property=\"og:image:width\" content=\"1024\" \/>\n\t<meta property=\"og:image:height\" content=\"576\" \/>\n\t<meta property=\"og:image:type\" content=\"image\/jpeg\" \/>\n<meta name=\"author\" content=\"Andreia Cunha | Lusa\" \/>\n<meta name=\"twitter:card\" content=\"summary_large_image\" \/>\n<meta name=\"twitter:creator\" content=\"@altominhoTV\" \/>\n<meta name=\"twitter:site\" content=\"@altominhoTV\" \/>\n<meta name=\"twitter:label1\" content=\"Escrito por\" \/>\n\t<meta name=\"twitter:data1\" content=\"Andreia Cunha | Lusa\" \/>\n\t<meta name=\"twitter:label2\" content=\"Tempo estimado de leitura\" \/>\n\t<meta name=\"twitter:data2\" content=\"2 minutos\" \/>\n<script type=\"application\/ld+json\" class=\"yoast-schema-graph\">{\"@context\":\"https:\\\/\\\/schema.org\",\"@graph\":[{\"@type\":\"Article\",\"@id\":\"https:\\\/\\\/www.altominho.tv\\\/site\\\/2020\\\/06\\\/22\\\/hospitais-fernando-fonseca-beatriz-angelo-e-de-setubal-mais-pressionados\\\/#article\",\"isPartOf\":{\"@id\":\"https:\\\/\\\/www.altominho.tv\\\/site\\\/2020\\\/06\\\/22\\\/hospitais-fernando-fonseca-beatriz-angelo-e-de-setubal-mais-pressionados\\\/\"},\"author\":{\"name\":\"Andreia Cunha | Lusa\",\"@id\":\"https:\\\/\\\/www.altominho.tv\\\/site\\\/#\\\/schema\\\/person\\\/dbaf181c01b51ff40c9f461a905d321e\"},\"headline\":\"Hospitais Fernando Fonseca, Beatriz \u00c2ngelo e de Set\u00fabal &#8220;mais pressionados&#8221;\",\"datePublished\":\"2020-06-22T16:04:04+00:00\",\"dateModified\":\"2020-06-22T16:04:08+00:00\",\"mainEntityOfPage\":{\"@id\":\"https:\\\/\\\/www.altominho.tv\\\/site\\\/2020\\\/06\\\/22\\\/hospitais-fernando-fonseca-beatriz-angelo-e-de-setubal-mais-pressionados\\\/\"},\"wordCount\":408,\"image\":{\"@id\":\"https:\\\/\\\/www.altominho.tv\\\/site\\\/2020\\\/06\\\/22\\\/hospitais-fernando-fonseca-beatriz-angelo-e-de-setubal-mais-pressionados\\\/#primaryimage\"},\"thumbnailUrl\":\"https:\\\/\\\/www.altominho.tv\\\/site\\\/wp-content\\\/uploads\\\/2020\\\/06\\\/coronav.jpg\",\"keywords\":[\"Sa\u00fade\",\"Sociedade\"],\"articleSection\":[\"Coronav\u00edrus\"],\"inLanguage\":\"pt-PT\",\"copyrightYear\":\"2020\",\"copyrightHolder\":{\"@id\":\"https:\\\/\\\/www.altominho.tv\\\/site\\\/#organization\"}},{\"@type\":\"WebPage\",\"@id\":\"https:\\\/\\\/www.altominho.tv\\\/site\\\/2020\\\/06\\\/22\\\/hospitais-fernando-fonseca-beatriz-angelo-e-de-setubal-mais-pressionados\\\/\",\"url\":\"https:\\\/\\\/www.altominho.tv\\\/site\\\/2020\\\/06\\\/22\\\/hospitais-fernando-fonseca-beatriz-angelo-e-de-setubal-mais-pressionados\\\/\",\"name\":\"Hospitais Fernando Fonseca, Beatriz \u00c2ngelo e de Set\u00fabal \\\"mais pressionados\\\"\",\"isPartOf\":{\"@id\":\"https:\\\/\\\/www.altominho.tv\\\/site\\\/#website\"},\"primaryImageOfPage\":{\"@id\":\"https:\\\/\\\/www.altominho.tv\\\/site\\\/2020\\\/06\\\/22\\\/hospitais-fernando-fonseca-beatriz-angelo-e-de-setubal-mais-pressionados\\\/#primaryimage\"},\"image\":{\"@id\":\"https:\\\/\\\/www.altominho.tv\\\/site\\\/2020\\\/06\\\/22\\\/hospitais-fernando-fonseca-beatriz-angelo-e-de-setubal-mais-pressionados\\\/#primaryimage\"},\"thumbnailUrl\":\"https:\\\/\\\/www.altominho.tv\\\/site\\\/wp-content\\\/uploads\\\/2020\\\/06\\\/coronav.jpg\",\"datePublished\":\"2020-06-22T16:04:04+00:00\",\"dateModified\":\"2020-06-22T16:04:08+00:00\",\"author\":{\"@id\":\"https:\\\/\\\/www.altominho.tv\\\/site\\\/#\\\/schema\\\/person\\\/dbaf181c01b51ff40c9f461a905d321e\"},\"breadcrumb\":{\"@id\":\"https:\\\/\\\/www.altominho.tv\\\/site\\\/2020\\\/06\\\/22\\\/hospitais-fernando-fonseca-beatriz-angelo-e-de-setubal-mais-pressionados\\\/#breadcrumb\"},\"inLanguage\":\"pt-PT\",\"potentialAction\":[{\"@type\":\"ReadAction\",\"target\":[\"https:\\\/\\\/www.altominho.tv\\\/site\\\/2020\\\/06\\\/22\\\/hospitais-fernando-fonseca-beatriz-angelo-e-de-setubal-mais-pressionados\\\/\"]}]},{\"@type\":\"ImageObject\",\"inLanguage\":\"pt-PT\",\"@id\":\"https:\\\/\\\/www.altominho.tv\\\/site\\\/2020\\\/06\\\/22\\\/hospitais-fernando-fonseca-beatriz-angelo-e-de-setubal-mais-pressionados\\\/#primaryimage\",\"url\":\"https:\\\/\\\/www.altominho.tv\\\/site\\\/wp-content\\\/uploads\\\/2020\\\/06\\\/coronav.jpg\",\"contentUrl\":\"https:\\\/\\\/www.altominho.tv\\\/site\\\/wp-content\\\/uploads\\\/2020\\\/06\\\/coronav.jpg\",\"width\":1024,\"height\":576},{\"@type\":\"BreadcrumbList\",\"@id\":\"https:\\\/\\\/www.altominho.tv\\\/site\\\/2020\\\/06\\\/22\\\/hospitais-fernando-fonseca-beatriz-angelo-e-de-setubal-mais-pressionados\\\/#breadcrumb\",\"itemListElement\":[{\"@type\":\"ListItem\",\"position\":1,\"name\":\"In\u00edcio\",\"item\":\"https:\\\/\\\/www.altominho.tv\\\/site\\\/\"},{\"@type\":\"ListItem\",\"position\":2,\"name\":\"Hospitais Fernando Fonseca, Beatriz \u00c2ngelo e de Set\u00fabal &#8220;mais pressionados&#8221;\"}]},{\"@type\":\"WebSite\",\"@id\":\"https:\\\/\\\/www.altominho.tv\\\/site\\\/#website\",\"url\":\"https:\\\/\\\/www.altominho.tv\\\/site\\\/\",\"name\":\"Altominho.tv\",\"description\":\"A sua regi\u00e3o \u00e0 dist\u00e2ncia de um clique...\",\"potentialAction\":[{\"@type\":\"SearchAction\",\"target\":{\"@type\":\"EntryPoint\",\"urlTemplate\":\"https:\\\/\\\/www.altominho.tv\\\/site\\\/?s={search_term_string}\"},\"query-input\":{\"@type\":\"PropertyValueSpecification\",\"valueRequired\":true,\"valueName\":\"search_term_string\"}}],\"inLanguage\":\"pt-PT\"},{\"@type\":\"Person\",\"@id\":\"https:\\\/\\\/www.altominho.tv\\\/site\\\/#\\\/schema\\\/person\\\/dbaf181c01b51ff40c9f461a905d321e\",\"name\":\"Andreia Cunha | Lusa\",\"image\":{\"@type\":\"ImageObject\",\"inLanguage\":\"pt-PT\",\"@id\":\"https:\\\/\\\/www.altominho.tv\\\/site\\\/wp-content\\\/uploads\\\/2017\\\/11\\\/Andreia_Cunha-1-150x150.jpg\",\"url\":\"https:\\\/\\\/www.altominho.tv\\\/site\\\/wp-content\\\/uploads\\\/2017\\\/11\\\/Andreia_Cunha-1-150x150.jpg\",\"contentUrl\":\"https:\\\/\\\/www.altominho.tv\\\/site\\\/wp-content\\\/uploads\\\/2017\\\/11\\\/Andreia_Cunha-1-150x150.jpg\",\"caption\":\"Andreia Cunha | Lusa\"},\"sameAs\":[\"https:\\\/\\\/www.altominho.tv\\\/site\"],\"url\":\"https:\\\/\\\/www.altominho.tv\\\/site\\\/author\\\/andreiacunhalusa\\\/\"}]}<\/script>\n<!-- \/ Yoast SEO Premium plugin. -->","yoast_head_json":{"title":"Hospitais Fernando Fonseca, Beatriz \u00c2ngelo e de Set\u00fabal \"mais pressionados\"","robots":{"index":"index","follow":"follow","max-snippet":"max-snippet:-1","max-image-preview":"max-image-preview:large","max-video-preview":"max-video-preview:-1"},"canonical":"https:\/\/www.altominho.tv\/site\/2020\/06\/22\/hospitais-fernando-fonseca-beatriz-angelo-e-de-setubal-mais-pressionados\/","og_locale":"pt_PT","og_type":"article","og_title":"Hospitais Fernando Fonseca, Beatriz \u00c2ngelo e de Set\u00fabal \"mais pressionados\"","og_description":"Os hospitais mais \u201cpressionados\u201d em Lisboa e Vale do Tejo s\u00e3o o Fernando Fonseca (Amadora), Beatriz \u00c2ngelo (Loures) e de Set\u00fabal, com taxas de ocupa\u00e7\u00e3o de 93%, 100% e 86%, respetivamente, revelou hoje o secret\u00e1rio de Estado da Sa\u00fade. Na confer\u00eancia de imprensa da Dire\u00e7\u00e3o-Geral da Sa\u00fade sobre a covid-19, Ant\u00f3nio Lacerda Sales adiantou ainda [&hellip;]","og_url":"https:\/\/www.altominho.tv\/site\/2020\/06\/22\/hospitais-fernando-fonseca-beatriz-angelo-e-de-setubal-mais-pressionados\/","og_site_name":"Altominho.tv","article_publisher":"https:\/\/www.facebook.com\/altominhotv","article_published_time":"2020-06-22T16:04:04+00:00","article_modified_time":"2020-06-22T16:04:08+00:00","og_image":[{"width":1024,"height":576,"url":"https:\/\/www.altominho.tv\/site\/wp-content\/uploads\/2020\/06\/coronav.jpg","type":"image\/jpeg"}],"author":"Andreia Cunha | Lusa","twitter_card":"summary_large_image","twitter_creator":"@altominhoTV","twitter_site":"@altominhoTV","twitter_misc":{"Escrito por":"Andreia Cunha | Lusa","Tempo estimado de leitura":"2 minutos"},"schema":{"@context":"https:\/\/schema.org","@graph":[{"@type":"Article","@id":"https:\/\/www.altominho.tv\/site\/2020\/06\/22\/hospitais-fernando-fonseca-beatriz-angelo-e-de-setubal-mais-pressionados\/#article","isPartOf":{"@id":"https:\/\/www.altominho.tv\/site\/2020\/06\/22\/hospitais-fernando-fonseca-beatriz-angelo-e-de-setubal-mais-pressionados\/"},"author":{"name":"Andreia Cunha | Lusa","@id":"https:\/\/www.altominho.tv\/site\/#\/schema\/person\/dbaf181c01b51ff40c9f461a905d321e"},"headline":"Hospitais Fernando Fonseca, Beatriz \u00c2ngelo e de Set\u00fabal &#8220;mais pressionados&#8221;","datePublished":"2020-06-22T16:04:04+00:00","dateModified":"2020-06-22T16:04:08+00:00","mainEntityOfPage":{"@id":"https:\/\/www.altominho.tv\/site\/2020\/06\/22\/hospitais-fernando-fonseca-beatriz-angelo-e-de-setubal-mais-pressionados\/"},"wordCount":408,"image":{"@id":"https:\/\/www.altominho.tv\/site\/2020\/06\/22\/hospitais-fernando-fonseca-beatriz-angelo-e-de-setubal-mais-pressionados\/#primaryimage"},"thumbnailUrl":"https:\/\/www.altominho.tv\/site\/wp-content\/uploads\/2020\/06\/coronav.jpg","keywords":["Sa\u00fade","Sociedade"],"articleSection":["Coronav\u00edrus"],"inLanguage":"pt-PT","copyrightYear":"2020","copyrightHolder":{"@id":"https:\/\/www.altominho.tv\/site\/#organization"}},{"@type":"WebPage","@id":"https:\/\/www.altominho.tv\/site\/2020\/06\/22\/hospitais-fernando-fonseca-beatriz-angelo-e-de-setubal-mais-pressionados\/","url":"https:\/\/www.altominho.tv\/site\/2020\/06\/22\/hospitais-fernando-fonseca-beatriz-angelo-e-de-setubal-mais-pressionados\/","name":"Hospitais Fernando Fonseca, Beatriz \u00c2ngelo e de Set\u00fabal \"mais pressionados\"","isPartOf":{"@id":"https:\/\/www.altominho.tv\/site\/#website"},"primaryImageOfPage":{"@id":"https:\/\/www.altominho.tv\/site\/2020\/06\/22\/hospitais-fernando-fonseca-beatriz-angelo-e-de-setubal-mais-pressionados\/#primaryimage"},"image":{"@id":"https:\/\/www.altominho.tv\/site\/2020\/06\/22\/hospitais-fernando-fonseca-beatriz-angelo-e-de-setubal-mais-pressionados\/#primaryimage"},"thumbnailUrl":"https:\/\/www.altominho.tv\/site\/wp-content\/uploads\/2020\/06\/coronav.jpg","datePublished":"2020-06-22T16:04:04+00:00","dateModified":"2020-06-22T16:04:08+00:00","author":{"@id":"https:\/\/www.altominho.tv\/site\/#\/schema\/person\/dbaf181c01b51ff40c9f461a905d321e"},"breadcrumb":{"@id":"https:\/\/www.altominho.tv\/site\/2020\/06\/22\/hospitais-fernando-fonseca-beatriz-angelo-e-de-setubal-mais-pressionados\/#breadcrumb"},"inLanguage":"pt-PT","potentialAction":[{"@type":"ReadAction","target":["https:\/\/www.altominho.tv\/site\/2020\/06\/22\/hospitais-fernando-fonseca-beatriz-angelo-e-de-setubal-mais-pressionados\/"]}]},{"@type":"ImageObject","inLanguage":"pt-PT","@id":"https:\/\/www.altominho.tv\/site\/2020\/06\/22\/hospitais-fernando-fonseca-beatriz-angelo-e-de-setubal-mais-pressionados\/#primaryimage","url":"https:\/\/www.altominho.tv\/site\/wp-content\/uploads\/2020\/06\/coronav.jpg","contentUrl":"https:\/\/www.altominho.tv\/site\/wp-content\/uploads\/2020\/06\/coronav.jpg","width":1024,"height":576},{"@type":"BreadcrumbList","@id":"https:\/\/www.altominho.tv\/site\/2020\/06\/22\/hospitais-fernando-fonseca-beatriz-angelo-e-de-setubal-mais-pressionados\/#breadcrumb","itemListElement":[{"@type":"ListItem","position":1,"name":"In\u00edcio","item":"https:\/\/www.altominho.tv\/site\/"},{"@type":"ListItem","position":2,"name":"Hospitais Fernando Fonseca, Beatriz \u00c2ngelo e de Set\u00fabal &#8220;mais pressionados&#8221;"}]},{"@type":"WebSite","@id":"https:\/\/www.altominho.tv\/site\/#website","url":"https:\/\/www.altominho.tv\/site\/","name":"Altominho.tv","description":"A sua regi\u00e3o \u00e0 dist\u00e2ncia de um clique...","potentialAction":[{"@type":"SearchAction","target":{"@type":"EntryPoint","urlTemplate":"https:\/\/www.altominho.tv\/site\/?s={search_term_string}"},"query-input":{"@type":"PropertyValueSpecification","valueRequired":true,"valueName":"search_term_string"}}],"inLanguage":"pt-PT"},{"@type":"Person","@id":"https:\/\/www.altominho.tv\/site\/#\/schema\/person\/dbaf181c01b51ff40c9f461a905d321e","name":"Andreia Cunha | Lusa","image":{"@type":"ImageObject","inLanguage":"pt-PT","@id":"https:\/\/www.altominho.tv\/site\/wp-content\/uploads\/2017\/11\/Andreia_Cunha-1-150x150.jpg","url":"https:\/\/www.altominho.tv\/site\/wp-content\/uploads\/2017\/11\/Andreia_Cunha-1-150x150.jpg","contentUrl":"https:\/\/www.altominho.tv\/site\/wp-content\/uploads\/2017\/11\/Andreia_Cunha-1-150x150.jpg","caption":"Andreia Cunha | Lusa"},"sameAs":["https:\/\/www.altominho.tv\/site"],"url":"https:\/\/www.altominho.tv\/site\/author\/andreiacunhalusa\/"}]}},"_links":{"self":[{"href":"https:\/\/www.altominho.tv\/site\/wp-json\/wp\/v2\/posts\/48265","targetHints":{"allow":["GET"]}}],"collection":[{"href":"https:\/\/www.altominho.tv\/site\/wp-json\/wp\/v2\/posts"}],"about":[{"href":"https:\/\/www.altominho.tv\/site\/wp-json\/wp\/v2\/types\/post"}],"author":[{"embeddable":true,"href":"https:\/\/www.altominho.tv\/site\/wp-json\/wp\/v2\/users\/16"}],"replies":[{"embeddable":true,"href":"https:\/\/www.altominho.tv\/site\/wp-json\/wp\/v2\/comments?post=48265"}],"version-history":[{"count":0,"href":"https:\/\/www.altominho.tv\/site\/wp-json\/wp\/v2\/posts\/48265\/revisions"}],"wp:featuredmedia":[{"embeddable":true,"href":"https:\/\/www.altominho.tv\/site\/wp-json\/wp\/v2\/media\/48266"}],"wp:attachment":[{"href":"https:\/\/www.altominho.tv\/site\/wp-json\/wp\/v2\/media?parent=48265"}],"wp:term":[{"taxonomy":"category","embeddable":true,"href":"https:\/\/www.altominho.tv\/site\/wp-json\/wp\/v2\/categories?post=48265"},{"taxonomy":"post_tag","embeddable":true,"href":"https:\/\/www.altominho.tv\/site\/wp-json\/wp\/v2\/tags?post=48265"}],"curies":[{"name":"wp","href":"https:\/\/api.w.org\/{rel}","templated":true}]}}