{"id":48255,"date":"2020-06-22T16:22:02","date_gmt":"2020-06-22T15:22:02","guid":{"rendered":"http:\/\/www.altominho.tv\/site\/?p=48255"},"modified":"2020-06-22T16:22:06","modified_gmt":"2020-06-22T15:22:06","slug":"arcos-de-valdevez-investe-mais-de-1me-para-obras-nas-freguesias-limpezas-de-caminhos-vicinais-e-municipais","status":"publish","type":"post","link":"https:\/\/www.altominho.tv\/site\/2020\/06\/22\/arcos-de-valdevez-investe-mais-de-1me-para-obras-nas-freguesias-limpezas-de-caminhos-vicinais-e-municipais\/","title":{"rendered":"Arcos de Valdevez investe mais de 1M\u20ac para obras nas Freguesias, limpezas de caminhos vicinais e municipais"},"content":{"rendered":"\n<p>Desde o in\u00edcio do ano at\u00e9 este momento, a C\u00e2mara de Arcos de Valdevez j\u00e1 aprovou 1 054 528,00 \u20ac de apoio a 26 Juntas de Freguesia e Uni\u00f5es de Freguesia.<\/p>\n\n\n\n<p>A autarquia informou que estas verbas &#8220;ser\u00e3o aplicadas na realiza\u00e7\u00e3o de obras de beneficia\u00e7\u00e3o da rede vi\u00e1ria, de sedes das Juntas de Freguesia, cemit\u00e9rios, entre outras interven\u00e7\u00f5es noutros edif\u00edcios e espa\u00e7os, bem como para a limpeza e conserva\u00e7\u00e3o da rede vi\u00e1ria vicinal e municipal&#8221;.<\/p>\n\n\n\n<p>Todo este investimento, realizado atrav\u00e9s de protocolos, &#8220;soma com os outros investimentos&#8221; realizados pela pr\u00f3pria C\u00e2mara Municipal por todo o concelho e<br>pelos investimentos realizados por cada uma das Juntas de Freguesia.<br><\/p>\n\n\n\n<p>O Munic\u00edpio de Arcos de Valdevez considerou que esta parceria entre a C\u00e2mara Municipal e as Juntas de Freguesia &#8220;\u00e9 essencial&#8221; pois assegura &#8220;um servi\u00e7o p\u00fablico de proximidade e contribui para o desenvolvimento e melhoria da qualidade de vida de todos os arcuenses&#8221;.<\/p>\n","protected":false},"excerpt":{"rendered":"<p>Desde o in\u00edcio do ano at\u00e9 este momento, a C\u00e2mara de Arcos de Valdevez j\u00e1 aprovou 1 054 528,00 \u20ac de apoio a 26 Juntas de Freguesia e Uni\u00f5es de Freguesia. A autarquia informou que estas verbas &#8220;ser\u00e3o aplicadas na realiza\u00e7\u00e3o de obras de beneficia\u00e7\u00e3o da rede vi\u00e1ria, de sedes das Juntas de Freguesia, cemit\u00e9rios, [&hellip;]<\/p>\n","protected":false},"author":7,"featured_media":48256,"comment_status":"closed","ping_status":"closed","sticky":false,"template":"","format":"standard","meta":{"_exactmetrics_skip_tracking":false,"_exactmetrics_sitenote_active":false,"_exactmetrics_sitenote_note":"","_exactmetrics_sitenote_category":0,"footnotes":""},"categories":[2],"tags":[21,27],"class_list":["post-48255","post","type-post","status-publish","format-standard","has-post-thumbnail","hentry","category-arcos-de-valdevez","tag-economia","tag-sociedade"],"yoast_head":"<!-- This site is optimized with the Yoast SEO Premium plugin v27.4 (Yoast SEO v27.4) - https:\/\/yoast.com\/product\/yoast-seo-premium-wordpress\/ -->\n<title>Arcos de Valdevez investe mais de 1M\u20ac para obras nas Freguesias, limpezas de caminhos vicinais e municipais<\/title>\n<meta name=\"robots\" content=\"index, follow, max-snippet:-1, max-image-preview:large, max-video-preview:-1\" \/>\n<link rel=\"canonical\" href=\"https:\/\/www.altominho.tv\/site\/2020\/06\/22\/arcos-de-valdevez-investe-mais-de-1me-para-obras-nas-freguesias-limpezas-de-caminhos-vicinais-e-municipais\/\" \/>\n<meta property=\"og:locale\" content=\"pt_PT\" \/>\n<meta property=\"og:type\" content=\"article\" \/>\n<meta property=\"og:title\" content=\"Arcos de Valdevez investe mais de 1M\u20ac para obras nas Freguesias, limpezas de caminhos vicinais e municipais\" \/>\n<meta property=\"og:description\" content=\"Desde o in\u00edcio do ano at\u00e9 este momento, a C\u00e2mara de Arcos de Valdevez j\u00e1 aprovou 1 054 528,00 \u20ac de apoio a 26 Juntas de Freguesia e Uni\u00f5es de Freguesia. A autarquia informou que estas verbas &#8220;ser\u00e3o aplicadas na realiza\u00e7\u00e3o de obras de beneficia\u00e7\u00e3o da rede vi\u00e1ria, de sedes das Juntas de Freguesia, cemit\u00e9rios, [&hellip;]\" \/>\n<meta property=\"og:url\" content=\"https:\/\/www.altominho.tv\/site\/2020\/06\/22\/arcos-de-valdevez-investe-mais-de-1me-para-obras-nas-freguesias-limpezas-de-caminhos-vicinais-e-municipais\/\" \/>\n<meta property=\"og:site_name\" content=\"Altominho.tv\" \/>\n<meta property=\"article:publisher\" content=\"https:\/\/www.facebook.com\/altominhotv\" \/>\n<meta property=\"article:published_time\" content=\"2020-06-22T15:22:02+00:00\" \/>\n<meta property=\"article:modified_time\" content=\"2020-06-22T15:22:06+00:00\" \/>\n<meta property=\"og:image\" content=\"https:\/\/www.altominho.tv\/site\/wp-content\/uploads\/2020\/06\/WhatsApp-Image-2020-06-18-at-15.34.46.jpeg\" \/>\n\t<meta property=\"og:image:width\" content=\"1920\" \/>\n\t<meta property=\"og:image:height\" content=\"1440\" \/>\n\t<meta property=\"og:image:type\" content=\"image\/jpeg\" \/>\n<meta name=\"author\" content=\"Andreia Cunha\" \/>\n<meta name=\"twitter:card\" content=\"summary_large_image\" \/>\n<meta name=\"twitter:creator\" content=\"@altominhoTV\" \/>\n<meta name=\"twitter:site\" content=\"@altominhoTV\" \/>\n<meta name=\"twitter:label1\" content=\"Escrito por\" \/>\n\t<meta name=\"twitter:data1\" content=\"Andreia Cunha\" \/>\n\t<meta name=\"twitter:label2\" content=\"Tempo estimado de leitura\" \/>\n\t<meta name=\"twitter:data2\" content=\"1 minuto\" \/>\n<script type=\"application\/ld+json\" class=\"yoast-schema-graph\">{\"@context\":\"https:\\\/\\\/schema.org\",\"@graph\":[{\"@type\":\"Article\",\"@id\":\"https:\\\/\\\/www.altominho.tv\\\/site\\\/2020\\\/06\\\/22\\\/arcos-de-valdevez-investe-mais-de-1me-para-obras-nas-freguesias-limpezas-de-caminhos-vicinais-e-municipais\\\/#article\",\"isPartOf\":{\"@id\":\"https:\\\/\\\/www.altominho.tv\\\/site\\\/2020\\\/06\\\/22\\\/arcos-de-valdevez-investe-mais-de-1me-para-obras-nas-freguesias-limpezas-de-caminhos-vicinais-e-municipais\\\/\"},\"author\":{\"name\":\"Andreia Cunha\",\"@id\":\"https:\\\/\\\/www.altominho.tv\\\/site\\\/#\\\/schema\\\/person\\\/a0e4ef6d041f98ca284393d8f1d97153\"},\"headline\":\"Arcos de Valdevez investe mais de 1M\u20ac para obras nas Freguesias, limpezas de caminhos vicinais e municipais\",\"datePublished\":\"2020-06-22T15:22:02+00:00\",\"dateModified\":\"2020-06-22T15:22:06+00:00\",\"mainEntityOfPage\":{\"@id\":\"https:\\\/\\\/www.altominho.tv\\\/site\\\/2020\\\/06\\\/22\\\/arcos-de-valdevez-investe-mais-de-1me-para-obras-nas-freguesias-limpezas-de-caminhos-vicinais-e-municipais\\\/\"},\"wordCount\":180,\"image\":{\"@id\":\"https:\\\/\\\/www.altominho.tv\\\/site\\\/2020\\\/06\\\/22\\\/arcos-de-valdevez-investe-mais-de-1me-para-obras-nas-freguesias-limpezas-de-caminhos-vicinais-e-municipais\\\/#primaryimage\"},\"thumbnailUrl\":\"https:\\\/\\\/www.altominho.tv\\\/site\\\/wp-content\\\/uploads\\\/2020\\\/06\\\/WhatsApp-Image-2020-06-18-at-15.34.46.jpeg\",\"keywords\":[\"Economia\",\"Sociedade\"],\"articleSection\":[\"Arcos de Valdevez\"],\"inLanguage\":\"pt-PT\",\"copyrightYear\":\"2020\",\"copyrightHolder\":{\"@id\":\"https:\\\/\\\/www.altominho.tv\\\/site\\\/#organization\"}},{\"@type\":\"WebPage\",\"@id\":\"https:\\\/\\\/www.altominho.tv\\\/site\\\/2020\\\/06\\\/22\\\/arcos-de-valdevez-investe-mais-de-1me-para-obras-nas-freguesias-limpezas-de-caminhos-vicinais-e-municipais\\\/\",\"url\":\"https:\\\/\\\/www.altominho.tv\\\/site\\\/2020\\\/06\\\/22\\\/arcos-de-valdevez-investe-mais-de-1me-para-obras-nas-freguesias-limpezas-de-caminhos-vicinais-e-municipais\\\/\",\"name\":\"Arcos de Valdevez investe mais de 1M\u20ac para obras nas Freguesias, limpezas de caminhos vicinais e municipais\",\"isPartOf\":{\"@id\":\"https:\\\/\\\/www.altominho.tv\\\/site\\\/#website\"},\"primaryImageOfPage\":{\"@id\":\"https:\\\/\\\/www.altominho.tv\\\/site\\\/2020\\\/06\\\/22\\\/arcos-de-valdevez-investe-mais-de-1me-para-obras-nas-freguesias-limpezas-de-caminhos-vicinais-e-municipais\\\/#primaryimage\"},\"image\":{\"@id\":\"https:\\\/\\\/www.altominho.tv\\\/site\\\/2020\\\/06\\\/22\\\/arcos-de-valdevez-investe-mais-de-1me-para-obras-nas-freguesias-limpezas-de-caminhos-vicinais-e-municipais\\\/#primaryimage\"},\"thumbnailUrl\":\"https:\\\/\\\/www.altominho.tv\\\/site\\\/wp-content\\\/uploads\\\/2020\\\/06\\\/WhatsApp-Image-2020-06-18-at-15.34.46.jpeg\",\"datePublished\":\"2020-06-22T15:22:02+00:00\",\"dateModified\":\"2020-06-22T15:22:06+00:00\",\"author\":{\"@id\":\"https:\\\/\\\/www.altominho.tv\\\/site\\\/#\\\/schema\\\/person\\\/a0e4ef6d041f98ca284393d8f1d97153\"},\"breadcrumb\":{\"@id\":\"https:\\\/\\\/www.altominho.tv\\\/site\\\/2020\\\/06\\\/22\\\/arcos-de-valdevez-investe-mais-de-1me-para-obras-nas-freguesias-limpezas-de-caminhos-vicinais-e-municipais\\\/#breadcrumb\"},\"inLanguage\":\"pt-PT\",\"potentialAction\":[{\"@type\":\"ReadAction\",\"target\":[\"https:\\\/\\\/www.altominho.tv\\\/site\\\/2020\\\/06\\\/22\\\/arcos-de-valdevez-investe-mais-de-1me-para-obras-nas-freguesias-limpezas-de-caminhos-vicinais-e-municipais\\\/\"]}]},{\"@type\":\"ImageObject\",\"inLanguage\":\"pt-PT\",\"@id\":\"https:\\\/\\\/www.altominho.tv\\\/site\\\/2020\\\/06\\\/22\\\/arcos-de-valdevez-investe-mais-de-1me-para-obras-nas-freguesias-limpezas-de-caminhos-vicinais-e-municipais\\\/#primaryimage\",\"url\":\"https:\\\/\\\/www.altominho.tv\\\/site\\\/wp-content\\\/uploads\\\/2020\\\/06\\\/WhatsApp-Image-2020-06-18-at-15.34.46.jpeg\",\"contentUrl\":\"https:\\\/\\\/www.altominho.tv\\\/site\\\/wp-content\\\/uploads\\\/2020\\\/06\\\/WhatsApp-Image-2020-06-18-at-15.34.46.jpeg\",\"width\":1920,\"height\":1440},{\"@type\":\"BreadcrumbList\",\"@id\":\"https:\\\/\\\/www.altominho.tv\\\/site\\\/2020\\\/06\\\/22\\\/arcos-de-valdevez-investe-mais-de-1me-para-obras-nas-freguesias-limpezas-de-caminhos-vicinais-e-municipais\\\/#breadcrumb\",\"itemListElement\":[{\"@type\":\"ListItem\",\"position\":1,\"name\":\"In\u00edcio\",\"item\":\"https:\\\/\\\/www.altominho.tv\\\/site\\\/\"},{\"@type\":\"ListItem\",\"position\":2,\"name\":\"Arcos de Valdevez investe mais de 1M\u20ac para obras nas Freguesias, limpezas de caminhos vicinais e municipais\"}]},{\"@type\":\"WebSite\",\"@id\":\"https:\\\/\\\/www.altominho.tv\\\/site\\\/#website\",\"url\":\"https:\\\/\\\/www.altominho.tv\\\/site\\\/\",\"name\":\"Altominho.tv\",\"description\":\"A sua regi\u00e3o \u00e0 dist\u00e2ncia de um clique...\",\"potentialAction\":[{\"@type\":\"SearchAction\",\"target\":{\"@type\":\"EntryPoint\",\"urlTemplate\":\"https:\\\/\\\/www.altominho.tv\\\/site\\\/?s={search_term_string}\"},\"query-input\":{\"@type\":\"PropertyValueSpecification\",\"valueRequired\":true,\"valueName\":\"search_term_string\"}}],\"inLanguage\":\"pt-PT\"},{\"@type\":\"Person\",\"@id\":\"https:\\\/\\\/www.altominho.tv\\\/site\\\/#\\\/schema\\\/person\\\/a0e4ef6d041f98ca284393d8f1d97153\",\"name\":\"Andreia Cunha\",\"image\":{\"@type\":\"ImageObject\",\"inLanguage\":\"pt-PT\",\"@id\":\"https:\\\/\\\/www.altominho.tv\\\/site\\\/wp-content\\\/uploads\\\/2017\\\/11\\\/Andreia_Cunha-1-150x150.jpg\",\"url\":\"https:\\\/\\\/www.altominho.tv\\\/site\\\/wp-content\\\/uploads\\\/2017\\\/11\\\/Andreia_Cunha-1-150x150.jpg\",\"contentUrl\":\"https:\\\/\\\/www.altominho.tv\\\/site\\\/wp-content\\\/uploads\\\/2017\\\/11\\\/Andreia_Cunha-1-150x150.jpg\",\"caption\":\"Andreia Cunha\"},\"url\":\"https:\\\/\\\/www.altominho.tv\\\/site\\\/author\\\/andreiacunha\\\/\"}]}<\/script>\n<!-- \/ Yoast SEO Premium plugin. -->","yoast_head_json":{"title":"Arcos de Valdevez investe mais de 1M\u20ac para obras nas Freguesias, limpezas de caminhos vicinais e municipais","robots":{"index":"index","follow":"follow","max-snippet":"max-snippet:-1","max-image-preview":"max-image-preview:large","max-video-preview":"max-video-preview:-1"},"canonical":"https:\/\/www.altominho.tv\/site\/2020\/06\/22\/arcos-de-valdevez-investe-mais-de-1me-para-obras-nas-freguesias-limpezas-de-caminhos-vicinais-e-municipais\/","og_locale":"pt_PT","og_type":"article","og_title":"Arcos de Valdevez investe mais de 1M\u20ac para obras nas Freguesias, limpezas de caminhos vicinais e municipais","og_description":"Desde o in\u00edcio do ano at\u00e9 este momento, a C\u00e2mara de Arcos de Valdevez j\u00e1 aprovou 1 054 528,00 \u20ac de apoio a 26 Juntas de Freguesia e Uni\u00f5es de Freguesia. A autarquia informou que estas verbas &#8220;ser\u00e3o aplicadas na realiza\u00e7\u00e3o de obras de beneficia\u00e7\u00e3o da rede vi\u00e1ria, de sedes das Juntas de Freguesia, cemit\u00e9rios, [&hellip;]","og_url":"https:\/\/www.altominho.tv\/site\/2020\/06\/22\/arcos-de-valdevez-investe-mais-de-1me-para-obras-nas-freguesias-limpezas-de-caminhos-vicinais-e-municipais\/","og_site_name":"Altominho.tv","article_publisher":"https:\/\/www.facebook.com\/altominhotv","article_published_time":"2020-06-22T15:22:02+00:00","article_modified_time":"2020-06-22T15:22:06+00:00","og_image":[{"width":1920,"height":1440,"url":"https:\/\/www.altominho.tv\/site\/wp-content\/uploads\/2020\/06\/WhatsApp-Image-2020-06-18-at-15.34.46.jpeg","type":"image\/jpeg"}],"author":"Andreia Cunha","twitter_card":"summary_large_image","twitter_creator":"@altominhoTV","twitter_site":"@altominhoTV","twitter_misc":{"Escrito por":"Andreia Cunha","Tempo estimado de leitura":"1 minuto"},"schema":{"@context":"https:\/\/schema.org","@graph":[{"@type":"Article","@id":"https:\/\/www.altominho.tv\/site\/2020\/06\/22\/arcos-de-valdevez-investe-mais-de-1me-para-obras-nas-freguesias-limpezas-de-caminhos-vicinais-e-municipais\/#article","isPartOf":{"@id":"https:\/\/www.altominho.tv\/site\/2020\/06\/22\/arcos-de-valdevez-investe-mais-de-1me-para-obras-nas-freguesias-limpezas-de-caminhos-vicinais-e-municipais\/"},"author":{"name":"Andreia Cunha","@id":"https:\/\/www.altominho.tv\/site\/#\/schema\/person\/a0e4ef6d041f98ca284393d8f1d97153"},"headline":"Arcos de Valdevez investe mais de 1M\u20ac para obras nas Freguesias, limpezas de caminhos vicinais e municipais","datePublished":"2020-06-22T15:22:02+00:00","dateModified":"2020-06-22T15:22:06+00:00","mainEntityOfPage":{"@id":"https:\/\/www.altominho.tv\/site\/2020\/06\/22\/arcos-de-valdevez-investe-mais-de-1me-para-obras-nas-freguesias-limpezas-de-caminhos-vicinais-e-municipais\/"},"wordCount":180,"image":{"@id":"https:\/\/www.altominho.tv\/site\/2020\/06\/22\/arcos-de-valdevez-investe-mais-de-1me-para-obras-nas-freguesias-limpezas-de-caminhos-vicinais-e-municipais\/#primaryimage"},"thumbnailUrl":"https:\/\/www.altominho.tv\/site\/wp-content\/uploads\/2020\/06\/WhatsApp-Image-2020-06-18-at-15.34.46.jpeg","keywords":["Economia","Sociedade"],"articleSection":["Arcos de Valdevez"],"inLanguage":"pt-PT","copyrightYear":"2020","copyrightHolder":{"@id":"https:\/\/www.altominho.tv\/site\/#organization"}},{"@type":"WebPage","@id":"https:\/\/www.altominho.tv\/site\/2020\/06\/22\/arcos-de-valdevez-investe-mais-de-1me-para-obras-nas-freguesias-limpezas-de-caminhos-vicinais-e-municipais\/","url":"https:\/\/www.altominho.tv\/site\/2020\/06\/22\/arcos-de-valdevez-investe-mais-de-1me-para-obras-nas-freguesias-limpezas-de-caminhos-vicinais-e-municipais\/","name":"Arcos de Valdevez investe mais de 1M\u20ac para obras nas Freguesias, limpezas de caminhos vicinais e municipais","isPartOf":{"@id":"https:\/\/www.altominho.tv\/site\/#website"},"primaryImageOfPage":{"@id":"https:\/\/www.altominho.tv\/site\/2020\/06\/22\/arcos-de-valdevez-investe-mais-de-1me-para-obras-nas-freguesias-limpezas-de-caminhos-vicinais-e-municipais\/#primaryimage"},"image":{"@id":"https:\/\/www.altominho.tv\/site\/2020\/06\/22\/arcos-de-valdevez-investe-mais-de-1me-para-obras-nas-freguesias-limpezas-de-caminhos-vicinais-e-municipais\/#primaryimage"},"thumbnailUrl":"https:\/\/www.altominho.tv\/site\/wp-content\/uploads\/2020\/06\/WhatsApp-Image-2020-06-18-at-15.34.46.jpeg","datePublished":"2020-06-22T15:22:02+00:00","dateModified":"2020-06-22T15:22:06+00:00","author":{"@id":"https:\/\/www.altominho.tv\/site\/#\/schema\/person\/a0e4ef6d041f98ca284393d8f1d97153"},"breadcrumb":{"@id":"https:\/\/www.altominho.tv\/site\/2020\/06\/22\/arcos-de-valdevez-investe-mais-de-1me-para-obras-nas-freguesias-limpezas-de-caminhos-vicinais-e-municipais\/#breadcrumb"},"inLanguage":"pt-PT","potentialAction":[{"@type":"ReadAction","target":["https:\/\/www.altominho.tv\/site\/2020\/06\/22\/arcos-de-valdevez-investe-mais-de-1me-para-obras-nas-freguesias-limpezas-de-caminhos-vicinais-e-municipais\/"]}]},{"@type":"ImageObject","inLanguage":"pt-PT","@id":"https:\/\/www.altominho.tv\/site\/2020\/06\/22\/arcos-de-valdevez-investe-mais-de-1me-para-obras-nas-freguesias-limpezas-de-caminhos-vicinais-e-municipais\/#primaryimage","url":"https:\/\/www.altominho.tv\/site\/wp-content\/uploads\/2020\/06\/WhatsApp-Image-2020-06-18-at-15.34.46.jpeg","contentUrl":"https:\/\/www.altominho.tv\/site\/wp-content\/uploads\/2020\/06\/WhatsApp-Image-2020-06-18-at-15.34.46.jpeg","width":1920,"height":1440},{"@type":"BreadcrumbList","@id":"https:\/\/www.altominho.tv\/site\/2020\/06\/22\/arcos-de-valdevez-investe-mais-de-1me-para-obras-nas-freguesias-limpezas-de-caminhos-vicinais-e-municipais\/#breadcrumb","itemListElement":[{"@type":"ListItem","position":1,"name":"In\u00edcio","item":"https:\/\/www.altominho.tv\/site\/"},{"@type":"ListItem","position":2,"name":"Arcos de Valdevez investe mais de 1M\u20ac para obras nas Freguesias, limpezas de caminhos vicinais e municipais"}]},{"@type":"WebSite","@id":"https:\/\/www.altominho.tv\/site\/#website","url":"https:\/\/www.altominho.tv\/site\/","name":"Altominho.tv","description":"A sua regi\u00e3o \u00e0 dist\u00e2ncia de um clique...","potentialAction":[{"@type":"SearchAction","target":{"@type":"EntryPoint","urlTemplate":"https:\/\/www.altominho.tv\/site\/?s={search_term_string}"},"query-input":{"@type":"PropertyValueSpecification","valueRequired":true,"valueName":"search_term_string"}}],"inLanguage":"pt-PT"},{"@type":"Person","@id":"https:\/\/www.altominho.tv\/site\/#\/schema\/person\/a0e4ef6d041f98ca284393d8f1d97153","name":"Andreia Cunha","image":{"@type":"ImageObject","inLanguage":"pt-PT","@id":"https:\/\/www.altominho.tv\/site\/wp-content\/uploads\/2017\/11\/Andreia_Cunha-1-150x150.jpg","url":"https:\/\/www.altominho.tv\/site\/wp-content\/uploads\/2017\/11\/Andreia_Cunha-1-150x150.jpg","contentUrl":"https:\/\/www.altominho.tv\/site\/wp-content\/uploads\/2017\/11\/Andreia_Cunha-1-150x150.jpg","caption":"Andreia Cunha"},"url":"https:\/\/www.altominho.tv\/site\/author\/andreiacunha\/"}]}},"_links":{"self":[{"href":"https:\/\/www.altominho.tv\/site\/wp-json\/wp\/v2\/posts\/48255","targetHints":{"allow":["GET"]}}],"collection":[{"href":"https:\/\/www.altominho.tv\/site\/wp-json\/wp\/v2\/posts"}],"about":[{"href":"https:\/\/www.altominho.tv\/site\/wp-json\/wp\/v2\/types\/post"}],"author":[{"embeddable":true,"href":"https:\/\/www.altominho.tv\/site\/wp-json\/wp\/v2\/users\/7"}],"replies":[{"embeddable":true,"href":"https:\/\/www.altominho.tv\/site\/wp-json\/wp\/v2\/comments?post=48255"}],"version-history":[{"count":0,"href":"https:\/\/www.altominho.tv\/site\/wp-json\/wp\/v2\/posts\/48255\/revisions"}],"wp:featuredmedia":[{"embeddable":true,"href":"https:\/\/www.altominho.tv\/site\/wp-json\/wp\/v2\/media\/48256"}],"wp:attachment":[{"href":"https:\/\/www.altominho.tv\/site\/wp-json\/wp\/v2\/media?parent=48255"}],"wp:term":[{"taxonomy":"category","embeddable":true,"href":"https:\/\/www.altominho.tv\/site\/wp-json\/wp\/v2\/categories?post=48255"},{"taxonomy":"post_tag","embeddable":true,"href":"https:\/\/www.altominho.tv\/site\/wp-json\/wp\/v2\/tags?post=48255"}],"curies":[{"name":"wp","href":"https:\/\/api.w.org\/{rel}","templated":true}]}}