{"id":48253,"date":"2020-06-22T14:23:32","date_gmt":"2020-06-22T13:23:32","guid":{"rendered":"http:\/\/www.altominho.tv\/site\/?p=48253"},"modified":"2020-06-22T14:23:38","modified_gmt":"2020-06-22T13:23:38","slug":"portugal-regista-mais-quatros-mortos-e-259-novos-casos-confirmados","status":"publish","type":"post","link":"https:\/\/www.altominho.tv\/site\/2020\/06\/22\/portugal-regista-mais-quatros-mortos-e-259-novos-casos-confirmados\/","title":{"rendered":"Portugal regista mais quatros mortos e 259 novos casos confirmados"},"content":{"rendered":"<p><strong>Portugal regista hoje mais quatro mortos relacionados com a covid-19 do que no domingo e mais 259 infetados, a maioria na Regi\u00e3o de Lisboa e Vale do Tejo, segundo o boletim epidemiol\u00f3gico da Dire\u00e7\u00e3o-Geral da Sa\u00fade (DGS).<\/strong><\/p>\n<p class=\"text-paragraph\">Os dados da DGS indicam 1.534 mortes relacionadas com a covid-19 e 39.392 casos confirmados desde o in\u00edcio da pandemia.<\/p>\n<p class=\"text-paragraph\">Em compara\u00e7\u00e3o com os dados de domingo, hoje constatou-se um aumento de \u00f3bitos de 0,3%. J\u00e1 os casos de infe\u00e7\u00e3o subiram 0,7%.<\/p>\n<p class=\"selectionShareable\">\u00c0 semelhan\u00e7a do que aconteceu ontem, tamb\u00e9m hoje todos os \u00f3bitos se registaram na regi\u00e3o de Lisboa e Vale do Tejo. E todos tinham mais de 80 anos, faixa et\u00e1ria onde se registam cerca de dois ter\u00e7os do total de mortes.<\/p>\n<p class=\"selectionShareable\">Nas \u00faltimas 24 horas, foram registados mais 259 casos de infe\u00e7\u00e3o, havendo agora 39.392 infetados desde mar\u00e7o. Dos novos cont\u00e1gios, 164 registaram-se em Lisboa e Vale do Tejo (que soma um total de 16.926 infetados), o que equivale a cerca de 63% do total.<\/p>\n<p class=\"selectionShareable\">O Norte soma hoje mais 71 casos (17320 ao todo), a regi\u00e3o Centro &#8211; que hoje superou a fasquia dos quatro mil casos (4005) &#8211; mais 14, o Alentejo mais dois (376) e o Algarve mais oito (529). A\u00e7ores (144) e Madeira (92) continuam com os mesmos casos que ontem tinham.<\/p>\n<p class=\"selectionShareable\">H\u00e1, em todo o pa\u00eds, 424 pessoas a receber tratamento hospitalar (mais 17 do que as que havia ontem), 72 das quais em unidades de cuidados intensivos (mais tr\u00eas). H\u00e1, por outro lado, 25.548 casos recuperados, mais 172 do que ontem, o que representa 65% dos casos diagnosticados desde o in\u00edcio da pandemia.<\/p>\n","protected":false},"excerpt":{"rendered":"<p>Portugal regista hoje mais quatro mortos relacionados com a covid-19 do que no domingo e mais 259 infetados, a maioria na Regi\u00e3o de Lisboa e Vale do Tejo, segundo o boletim epidemiol\u00f3gico da Dire\u00e7\u00e3o-Geral da Sa\u00fade (DGS). Os dados da DGS indicam 1.534 mortes relacionadas com a covid-19 e 39.392 casos confirmados desde o in\u00edcio [&hellip;]<\/p>\n","protected":false},"author":13,"featured_media":44632,"comment_status":"closed","ping_status":"closed","sticky":false,"template":"","format":"standard","meta":{"_exactmetrics_skip_tracking":false,"_exactmetrics_sitenote_active":false,"_exactmetrics_sitenote_note":"","_exactmetrics_sitenote_category":0,"footnotes":""},"categories":[42722],"tags":[26],"class_list":["post-48253","post","type-post","status-publish","format-standard","has-post-thumbnail","hentry","category-covid-19","tag-saude"],"yoast_head":"<!-- This site is optimized with the Yoast SEO Premium plugin v27.4 (Yoast SEO v27.4) - https:\/\/yoast.com\/product\/yoast-seo-premium-wordpress\/ -->\n<title>Portugal regista mais quatros mortos e 259 novos casos confirmados<\/title>\n<meta name=\"robots\" content=\"index, follow, max-snippet:-1, max-image-preview:large, max-video-preview:-1\" \/>\n<link rel=\"canonical\" href=\"https:\/\/www.altominho.tv\/site\/2020\/06\/22\/portugal-regista-mais-quatros-mortos-e-259-novos-casos-confirmados\/\" \/>\n<meta property=\"og:locale\" content=\"pt_PT\" \/>\n<meta property=\"og:type\" content=\"article\" \/>\n<meta property=\"og:title\" content=\"Portugal regista mais quatros mortos e 259 novos casos confirmados\" \/>\n<meta property=\"og:description\" content=\"Portugal regista hoje mais quatro mortos relacionados com a covid-19 do que no domingo e mais 259 infetados, a maioria na Regi\u00e3o de Lisboa e Vale do Tejo, segundo o boletim epidemiol\u00f3gico da Dire\u00e7\u00e3o-Geral da Sa\u00fade (DGS). Os dados da DGS indicam 1.534 mortes relacionadas com a covid-19 e 39.392 casos confirmados desde o in\u00edcio [&hellip;]\" \/>\n<meta property=\"og:url\" content=\"https:\/\/www.altominho.tv\/site\/2020\/06\/22\/portugal-regista-mais-quatros-mortos-e-259-novos-casos-confirmados\/\" \/>\n<meta property=\"og:site_name\" content=\"Altominho.tv\" \/>\n<meta property=\"article:publisher\" content=\"https:\/\/www.facebook.com\/altominhotv\" \/>\n<meta property=\"article:published_time\" content=\"2020-06-22T13:23:32+00:00\" \/>\n<meta property=\"article:modified_time\" content=\"2020-06-22T13:23:38+00:00\" \/>\n<meta property=\"og:image\" content=\"https:\/\/www.altominho.tv\/site\/wp-content\/uploads\/2020\/04\/vacinacovid.jpg\" \/>\n\t<meta property=\"og:image:width\" content=\"1920\" \/>\n\t<meta property=\"og:image:height\" content=\"1080\" \/>\n\t<meta property=\"og:image:type\" content=\"image\/jpeg\" \/>\n<meta name=\"author\" content=\"Lusa\" \/>\n<meta name=\"twitter:card\" content=\"summary_large_image\" \/>\n<meta name=\"twitter:creator\" content=\"@altominhoTV\" \/>\n<meta name=\"twitter:site\" content=\"@altominhoTV\" \/>\n<meta name=\"twitter:label1\" content=\"Escrito por\" \/>\n\t<meta name=\"twitter:data1\" content=\"Lusa\" \/>\n\t<meta name=\"twitter:label2\" content=\"Tempo estimado de leitura\" \/>\n\t<meta name=\"twitter:data2\" content=\"1 minuto\" \/>\n<script type=\"application\/ld+json\" class=\"yoast-schema-graph\">{\"@context\":\"https:\\\/\\\/schema.org\",\"@graph\":[{\"@type\":\"Article\",\"@id\":\"https:\\\/\\\/www.altominho.tv\\\/site\\\/2020\\\/06\\\/22\\\/portugal-regista-mais-quatros-mortos-e-259-novos-casos-confirmados\\\/#article\",\"isPartOf\":{\"@id\":\"https:\\\/\\\/www.altominho.tv\\\/site\\\/2020\\\/06\\\/22\\\/portugal-regista-mais-quatros-mortos-e-259-novos-casos-confirmados\\\/\"},\"author\":{\"name\":\"Lusa\",\"@id\":\"https:\\\/\\\/www.altominho.tv\\\/site\\\/#\\\/schema\\\/person\\\/63f693da3e1899361cbe955c46f3232e\"},\"headline\":\"Portugal regista mais quatros mortos e 259 novos casos confirmados\",\"datePublished\":\"2020-06-22T13:23:32+00:00\",\"dateModified\":\"2020-06-22T13:23:38+00:00\",\"mainEntityOfPage\":{\"@id\":\"https:\\\/\\\/www.altominho.tv\\\/site\\\/2020\\\/06\\\/22\\\/portugal-regista-mais-quatros-mortos-e-259-novos-casos-confirmados\\\/\"},\"wordCount\":270,\"image\":{\"@id\":\"https:\\\/\\\/www.altominho.tv\\\/site\\\/2020\\\/06\\\/22\\\/portugal-regista-mais-quatros-mortos-e-259-novos-casos-confirmados\\\/#primaryimage\"},\"thumbnailUrl\":\"https:\\\/\\\/www.altominho.tv\\\/site\\\/wp-content\\\/uploads\\\/2020\\\/04\\\/vacinacovid.jpg\",\"keywords\":[\"Sa\u00fade\"],\"articleSection\":[\"Coronav\u00edrus\"],\"inLanguage\":\"pt-PT\",\"copyrightYear\":\"2020\",\"copyrightHolder\":{\"@id\":\"https:\\\/\\\/www.altominho.tv\\\/site\\\/#organization\"}},{\"@type\":\"WebPage\",\"@id\":\"https:\\\/\\\/www.altominho.tv\\\/site\\\/2020\\\/06\\\/22\\\/portugal-regista-mais-quatros-mortos-e-259-novos-casos-confirmados\\\/\",\"url\":\"https:\\\/\\\/www.altominho.tv\\\/site\\\/2020\\\/06\\\/22\\\/portugal-regista-mais-quatros-mortos-e-259-novos-casos-confirmados\\\/\",\"name\":\"Portugal regista mais quatros mortos e 259 novos casos confirmados\",\"isPartOf\":{\"@id\":\"https:\\\/\\\/www.altominho.tv\\\/site\\\/#website\"},\"primaryImageOfPage\":{\"@id\":\"https:\\\/\\\/www.altominho.tv\\\/site\\\/2020\\\/06\\\/22\\\/portugal-regista-mais-quatros-mortos-e-259-novos-casos-confirmados\\\/#primaryimage\"},\"image\":{\"@id\":\"https:\\\/\\\/www.altominho.tv\\\/site\\\/2020\\\/06\\\/22\\\/portugal-regista-mais-quatros-mortos-e-259-novos-casos-confirmados\\\/#primaryimage\"},\"thumbnailUrl\":\"https:\\\/\\\/www.altominho.tv\\\/site\\\/wp-content\\\/uploads\\\/2020\\\/04\\\/vacinacovid.jpg\",\"datePublished\":\"2020-06-22T13:23:32+00:00\",\"dateModified\":\"2020-06-22T13:23:38+00:00\",\"author\":{\"@id\":\"https:\\\/\\\/www.altominho.tv\\\/site\\\/#\\\/schema\\\/person\\\/63f693da3e1899361cbe955c46f3232e\"},\"breadcrumb\":{\"@id\":\"https:\\\/\\\/www.altominho.tv\\\/site\\\/2020\\\/06\\\/22\\\/portugal-regista-mais-quatros-mortos-e-259-novos-casos-confirmados\\\/#breadcrumb\"},\"inLanguage\":\"pt-PT\",\"potentialAction\":[{\"@type\":\"ReadAction\",\"target\":[\"https:\\\/\\\/www.altominho.tv\\\/site\\\/2020\\\/06\\\/22\\\/portugal-regista-mais-quatros-mortos-e-259-novos-casos-confirmados\\\/\"]}]},{\"@type\":\"ImageObject\",\"inLanguage\":\"pt-PT\",\"@id\":\"https:\\\/\\\/www.altominho.tv\\\/site\\\/2020\\\/06\\\/22\\\/portugal-regista-mais-quatros-mortos-e-259-novos-casos-confirmados\\\/#primaryimage\",\"url\":\"https:\\\/\\\/www.altominho.tv\\\/site\\\/wp-content\\\/uploads\\\/2020\\\/04\\\/vacinacovid.jpg\",\"contentUrl\":\"https:\\\/\\\/www.altominho.tv\\\/site\\\/wp-content\\\/uploads\\\/2020\\\/04\\\/vacinacovid.jpg\",\"width\":1920,\"height\":1080},{\"@type\":\"BreadcrumbList\",\"@id\":\"https:\\\/\\\/www.altominho.tv\\\/site\\\/2020\\\/06\\\/22\\\/portugal-regista-mais-quatros-mortos-e-259-novos-casos-confirmados\\\/#breadcrumb\",\"itemListElement\":[{\"@type\":\"ListItem\",\"position\":1,\"name\":\"In\u00edcio\",\"item\":\"https:\\\/\\\/www.altominho.tv\\\/site\\\/\"},{\"@type\":\"ListItem\",\"position\":2,\"name\":\"Portugal regista mais quatros mortos e 259 novos casos confirmados\"}]},{\"@type\":\"WebSite\",\"@id\":\"https:\\\/\\\/www.altominho.tv\\\/site\\\/#website\",\"url\":\"https:\\\/\\\/www.altominho.tv\\\/site\\\/\",\"name\":\"Altominho.tv\",\"description\":\"A sua regi\u00e3o \u00e0 dist\u00e2ncia de um clique...\",\"potentialAction\":[{\"@type\":\"SearchAction\",\"target\":{\"@type\":\"EntryPoint\",\"urlTemplate\":\"https:\\\/\\\/www.altominho.tv\\\/site\\\/?s={search_term_string}\"},\"query-input\":{\"@type\":\"PropertyValueSpecification\",\"valueRequired\":true,\"valueName\":\"search_term_string\"}}],\"inLanguage\":\"pt-PT\"},{\"@type\":\"Person\",\"@id\":\"https:\\\/\\\/www.altominho.tv\\\/site\\\/#\\\/schema\\\/person\\\/63f693da3e1899361cbe955c46f3232e\",\"name\":\"Lusa\",\"image\":{\"@type\":\"ImageObject\",\"inLanguage\":\"pt-PT\",\"@id\":\"https:\\\/\\\/www.altominho.tv\\\/site\\\/wp-content\\\/uploads\\\/2019\\\/08\\\/LUSA_Logo.gif\",\"url\":\"https:\\\/\\\/www.altominho.tv\\\/site\\\/wp-content\\\/uploads\\\/2019\\\/08\\\/LUSA_Logo.gif\",\"contentUrl\":\"https:\\\/\\\/www.altominho.tv\\\/site\\\/wp-content\\\/uploads\\\/2019\\\/08\\\/LUSA_Logo.gif\",\"caption\":\"Lusa\"},\"sameAs\":[\"http:\\\/\\\/\\\/\\\/www.altominho.tv\\\/site\"],\"url\":\"https:\\\/\\\/www.altominho.tv\\\/site\\\/author\\\/lusa\\\/\"}]}<\/script>\n<!-- \/ Yoast SEO Premium plugin. -->","yoast_head_json":{"title":"Portugal regista mais quatros mortos e 259 novos casos confirmados","robots":{"index":"index","follow":"follow","max-snippet":"max-snippet:-1","max-image-preview":"max-image-preview:large","max-video-preview":"max-video-preview:-1"},"canonical":"https:\/\/www.altominho.tv\/site\/2020\/06\/22\/portugal-regista-mais-quatros-mortos-e-259-novos-casos-confirmados\/","og_locale":"pt_PT","og_type":"article","og_title":"Portugal regista mais quatros mortos e 259 novos casos confirmados","og_description":"Portugal regista hoje mais quatro mortos relacionados com a covid-19 do que no domingo e mais 259 infetados, a maioria na Regi\u00e3o de Lisboa e Vale do Tejo, segundo o boletim epidemiol\u00f3gico da Dire\u00e7\u00e3o-Geral da Sa\u00fade (DGS). Os dados da DGS indicam 1.534 mortes relacionadas com a covid-19 e 39.392 casos confirmados desde o in\u00edcio [&hellip;]","og_url":"https:\/\/www.altominho.tv\/site\/2020\/06\/22\/portugal-regista-mais-quatros-mortos-e-259-novos-casos-confirmados\/","og_site_name":"Altominho.tv","article_publisher":"https:\/\/www.facebook.com\/altominhotv","article_published_time":"2020-06-22T13:23:32+00:00","article_modified_time":"2020-06-22T13:23:38+00:00","og_image":[{"width":1920,"height":1080,"url":"https:\/\/www.altominho.tv\/site\/wp-content\/uploads\/2020\/04\/vacinacovid.jpg","type":"image\/jpeg"}],"author":"Lusa","twitter_card":"summary_large_image","twitter_creator":"@altominhoTV","twitter_site":"@altominhoTV","twitter_misc":{"Escrito por":"Lusa","Tempo estimado de leitura":"1 minuto"},"schema":{"@context":"https:\/\/schema.org","@graph":[{"@type":"Article","@id":"https:\/\/www.altominho.tv\/site\/2020\/06\/22\/portugal-regista-mais-quatros-mortos-e-259-novos-casos-confirmados\/#article","isPartOf":{"@id":"https:\/\/www.altominho.tv\/site\/2020\/06\/22\/portugal-regista-mais-quatros-mortos-e-259-novos-casos-confirmados\/"},"author":{"name":"Lusa","@id":"https:\/\/www.altominho.tv\/site\/#\/schema\/person\/63f693da3e1899361cbe955c46f3232e"},"headline":"Portugal regista mais quatros mortos e 259 novos casos confirmados","datePublished":"2020-06-22T13:23:32+00:00","dateModified":"2020-06-22T13:23:38+00:00","mainEntityOfPage":{"@id":"https:\/\/www.altominho.tv\/site\/2020\/06\/22\/portugal-regista-mais-quatros-mortos-e-259-novos-casos-confirmados\/"},"wordCount":270,"image":{"@id":"https:\/\/www.altominho.tv\/site\/2020\/06\/22\/portugal-regista-mais-quatros-mortos-e-259-novos-casos-confirmados\/#primaryimage"},"thumbnailUrl":"https:\/\/www.altominho.tv\/site\/wp-content\/uploads\/2020\/04\/vacinacovid.jpg","keywords":["Sa\u00fade"],"articleSection":["Coronav\u00edrus"],"inLanguage":"pt-PT","copyrightYear":"2020","copyrightHolder":{"@id":"https:\/\/www.altominho.tv\/site\/#organization"}},{"@type":"WebPage","@id":"https:\/\/www.altominho.tv\/site\/2020\/06\/22\/portugal-regista-mais-quatros-mortos-e-259-novos-casos-confirmados\/","url":"https:\/\/www.altominho.tv\/site\/2020\/06\/22\/portugal-regista-mais-quatros-mortos-e-259-novos-casos-confirmados\/","name":"Portugal regista mais quatros mortos e 259 novos casos confirmados","isPartOf":{"@id":"https:\/\/www.altominho.tv\/site\/#website"},"primaryImageOfPage":{"@id":"https:\/\/www.altominho.tv\/site\/2020\/06\/22\/portugal-regista-mais-quatros-mortos-e-259-novos-casos-confirmados\/#primaryimage"},"image":{"@id":"https:\/\/www.altominho.tv\/site\/2020\/06\/22\/portugal-regista-mais-quatros-mortos-e-259-novos-casos-confirmados\/#primaryimage"},"thumbnailUrl":"https:\/\/www.altominho.tv\/site\/wp-content\/uploads\/2020\/04\/vacinacovid.jpg","datePublished":"2020-06-22T13:23:32+00:00","dateModified":"2020-06-22T13:23:38+00:00","author":{"@id":"https:\/\/www.altominho.tv\/site\/#\/schema\/person\/63f693da3e1899361cbe955c46f3232e"},"breadcrumb":{"@id":"https:\/\/www.altominho.tv\/site\/2020\/06\/22\/portugal-regista-mais-quatros-mortos-e-259-novos-casos-confirmados\/#breadcrumb"},"inLanguage":"pt-PT","potentialAction":[{"@type":"ReadAction","target":["https:\/\/www.altominho.tv\/site\/2020\/06\/22\/portugal-regista-mais-quatros-mortos-e-259-novos-casos-confirmados\/"]}]},{"@type":"ImageObject","inLanguage":"pt-PT","@id":"https:\/\/www.altominho.tv\/site\/2020\/06\/22\/portugal-regista-mais-quatros-mortos-e-259-novos-casos-confirmados\/#primaryimage","url":"https:\/\/www.altominho.tv\/site\/wp-content\/uploads\/2020\/04\/vacinacovid.jpg","contentUrl":"https:\/\/www.altominho.tv\/site\/wp-content\/uploads\/2020\/04\/vacinacovid.jpg","width":1920,"height":1080},{"@type":"BreadcrumbList","@id":"https:\/\/www.altominho.tv\/site\/2020\/06\/22\/portugal-regista-mais-quatros-mortos-e-259-novos-casos-confirmados\/#breadcrumb","itemListElement":[{"@type":"ListItem","position":1,"name":"In\u00edcio","item":"https:\/\/www.altominho.tv\/site\/"},{"@type":"ListItem","position":2,"name":"Portugal regista mais quatros mortos e 259 novos casos confirmados"}]},{"@type":"WebSite","@id":"https:\/\/www.altominho.tv\/site\/#website","url":"https:\/\/www.altominho.tv\/site\/","name":"Altominho.tv","description":"A sua regi\u00e3o \u00e0 dist\u00e2ncia de um clique...","potentialAction":[{"@type":"SearchAction","target":{"@type":"EntryPoint","urlTemplate":"https:\/\/www.altominho.tv\/site\/?s={search_term_string}"},"query-input":{"@type":"PropertyValueSpecification","valueRequired":true,"valueName":"search_term_string"}}],"inLanguage":"pt-PT"},{"@type":"Person","@id":"https:\/\/www.altominho.tv\/site\/#\/schema\/person\/63f693da3e1899361cbe955c46f3232e","name":"Lusa","image":{"@type":"ImageObject","inLanguage":"pt-PT","@id":"https:\/\/www.altominho.tv\/site\/wp-content\/uploads\/2019\/08\/LUSA_Logo.gif","url":"https:\/\/www.altominho.tv\/site\/wp-content\/uploads\/2019\/08\/LUSA_Logo.gif","contentUrl":"https:\/\/www.altominho.tv\/site\/wp-content\/uploads\/2019\/08\/LUSA_Logo.gif","caption":"Lusa"},"sameAs":["http:\/\/\/\/www.altominho.tv\/site"],"url":"https:\/\/www.altominho.tv\/site\/author\/lusa\/"}]}},"_links":{"self":[{"href":"https:\/\/www.altominho.tv\/site\/wp-json\/wp\/v2\/posts\/48253","targetHints":{"allow":["GET"]}}],"collection":[{"href":"https:\/\/www.altominho.tv\/site\/wp-json\/wp\/v2\/posts"}],"about":[{"href":"https:\/\/www.altominho.tv\/site\/wp-json\/wp\/v2\/types\/post"}],"author":[{"embeddable":true,"href":"https:\/\/www.altominho.tv\/site\/wp-json\/wp\/v2\/users\/13"}],"replies":[{"embeddable":true,"href":"https:\/\/www.altominho.tv\/site\/wp-json\/wp\/v2\/comments?post=48253"}],"version-history":[{"count":0,"href":"https:\/\/www.altominho.tv\/site\/wp-json\/wp\/v2\/posts\/48253\/revisions"}],"wp:featuredmedia":[{"embeddable":true,"href":"https:\/\/www.altominho.tv\/site\/wp-json\/wp\/v2\/media\/44632"}],"wp:attachment":[{"href":"https:\/\/www.altominho.tv\/site\/wp-json\/wp\/v2\/media?parent=48253"}],"wp:term":[{"taxonomy":"category","embeddable":true,"href":"https:\/\/www.altominho.tv\/site\/wp-json\/wp\/v2\/categories?post=48253"},{"taxonomy":"post_tag","embeddable":true,"href":"https:\/\/www.altominho.tv\/site\/wp-json\/wp\/v2\/tags?post=48253"}],"curies":[{"name":"wp","href":"https:\/\/api.w.org\/{rel}","templated":true}]}}