{"id":48250,"date":"2020-06-22T13:15:52","date_gmt":"2020-06-22T12:15:52","guid":{"rendered":"http:\/\/www.altominho.tv\/site\/?p=48250"},"modified":"2020-06-22T13:16:00","modified_gmt":"2020-06-22T12:16:00","slug":"espanha-prolonga-ate-30-de-junho-controlos-nas-fronteiras-com-portugal","status":"publish","type":"post","link":"https:\/\/www.altominho.tv\/site\/2020\/06\/22\/espanha-prolonga-ate-30-de-junho-controlos-nas-fronteiras-com-portugal\/","title":{"rendered":"Espanha prolonga at\u00e9 30 de junho controlos nas fronteiras com Portugal"},"content":{"rendered":"\n<p>O Boletim Oficial do Estado espanhol publica hoje uma disposi\u00e7\u00e3o para prorrogar at\u00e9 30 de junho os controlos nas fronteiras internas com Portugal, tendo em conta a necess\u00e1ria \u201cnatureza bilateral das medidas a tomar\u201d.<\/p>\n\n\n\n<p>De acordo com o jornal oficial do Estado espanhol \u201cforam realizadas consultas com os Estados-Membros vizinhos, tendo em conta a necess\u00e1ria natureza bilateral das medidas a tomar\u201d para levantar as barreiras em vigor desde 16 de mar\u00e7o devido \u00e0 crise sanit\u00e1ria provocada pela pandemia de covid-19.<\/p>\n\n\n\n<p>\u201cEm resultado destas consultas, considera-se adequado manter os controlos nas fronteiras internas com Portugal durante um per\u00edodo adicional razo\u00e1vel\u201d, de acordo com essa disposi\u00e7\u00e3o.<\/p>\n\n\n\n<p>Espanha entrou \u00e0s 0:00 de domingo na chamada &#8220;nova normalidade&#8221;, com o fim dos entraves \u00e0 desloca\u00e7\u00e3o de pessoas em todo o territ\u00f3rio e a abertura das fronteiras com os pa\u00edses europeus (Schengen) com a exce\u00e7\u00e3o de Portugal, a pedido de Lisboa.<\/p>\n\n\n\n<p>Essa abertura coincidiu com o fim do estado de emerg\u00eancia em vigor desde 15 de mar\u00e7o \u00faltimo para conter a pandemia de covid-19.<\/p>\n\n\n\n<p>Apenas os cidad\u00e3os espanh\u00f3is residentes em Espanha, que devem provar a sua resid\u00eancia habitual, ou residentes noutros Estados-Membros ou Estados associados de Schengen que se encontrem a caminho do seu local de resid\u00eancia ser\u00e3o autorizados a entrar no territ\u00f3rio nacional atrav\u00e9s das fronteiras com Portugal.<\/p>\n\n\n\n<p>Al\u00e9m disso, podem entrar em Espanha as pessoas que v\u00e3o transitar ou permanecer em territ\u00f3rio espanhol por qualquer motivo exclusivo de trabalho, desde que apresentem documentos justificativos e as pessoas que apresentem documentos a provar motivos de for\u00e7a maior ou de uma situa\u00e7\u00e3o de necessidade.<\/p>\n\n\n\n<p>A \u00faltima exce\u00e7\u00e3o abrange o pessoal estrangeiro acreditado como membro de miss\u00f5es diplom\u00e1ticas, postos consulares e organiza\u00e7\u00f5es internacionais localizadas em Espanha, desde que se desloquem no \u00e2mbito do exerc\u00edcio das suas fun\u00e7\u00f5es oficiais.<\/p>\n\n\n\n<p>Portugal e Espanha v\u00e3o reabrir a 01 de julho as suas fronteiras numa cerim\u00f3nia presidida pelo Presidente da Rep\u00fablica, Marcelo Rebelo de Sousa, e pelo rei de Espanha, Felipe VI, com a presen\u00e7a dos chefes dos governos, Ant\u00f3nio Costa e Pedro S\u00e1nchez.<\/p>\n\n\n\n<p>A maior parte dos pa\u00edses do mundo encerrou as suas fronteiras em mar\u00e7o para limitar a propaga\u00e7\u00e3o da pandemia de covid-19.<\/p>\n\n\n\n<p>Mais de tr\u00eas meses depois, as barreiras \u00e0 circula\u00e7\u00e3o de pessoas est\u00e3o a ser levantadas a tempo de permitir a viagem dos turistas, uma fonte de receitas muito importante que, no caso de Espanha, significa mais de 12% do PIB.<\/p>\n\n\n\n<p>A pandemia de covid-19 j\u00e1 provocou mais de 465 mil mortos e infetou mais de 8,8 milh\u00f5es de pessoas em 196 pa\u00edses e territ\u00f3rios, segundo um balan\u00e7o feito pela ag\u00eancia francesa AFP.<\/p>\n\n\n\n<p><\/p>\n","protected":false},"excerpt":{"rendered":"<p>O Boletim Oficial do Estado espanhol publica hoje uma disposi\u00e7\u00e3o para prorrogar at\u00e9 30 de junho os controlos nas fronteiras internas com Portugal, tendo em conta a necess\u00e1ria \u201cnatureza bilateral das medidas a tomar\u201d. De acordo com o jornal oficial do Estado espanhol \u201cforam realizadas consultas com os Estados-Membros vizinhos, tendo em conta a necess\u00e1ria [&hellip;]<\/p>\n","protected":false},"author":16,"featured_media":48251,"comment_status":"closed","ping_status":"closed","sticky":false,"template":"","format":"standard","meta":{"_exactmetrics_skip_tracking":false,"_exactmetrics_sitenote_active":false,"_exactmetrics_sitenote_note":"","_exactmetrics_sitenote_category":0,"footnotes":""},"categories":[42722],"tags":[27],"class_list":["post-48250","post","type-post","status-publish","format-standard","has-post-thumbnail","hentry","category-covid-19","tag-sociedade"],"yoast_head":"<!-- This site is optimized with the Yoast SEO Premium plugin v27.4 (Yoast SEO v27.4) - https:\/\/yoast.com\/product\/yoast-seo-premium-wordpress\/ -->\n<title>Espanha prolonga at\u00e9 30 de junho controlos nas fronteiras com Portugal<\/title>\n<meta name=\"robots\" content=\"index, follow, max-snippet:-1, max-image-preview:large, max-video-preview:-1\" \/>\n<link rel=\"canonical\" href=\"https:\/\/www.altominho.tv\/site\/2020\/06\/22\/espanha-prolonga-ate-30-de-junho-controlos-nas-fronteiras-com-portugal\/\" \/>\n<meta property=\"og:locale\" content=\"pt_PT\" \/>\n<meta property=\"og:type\" content=\"article\" \/>\n<meta property=\"og:title\" content=\"Espanha prolonga at\u00e9 30 de junho controlos nas fronteiras com Portugal\" \/>\n<meta property=\"og:description\" content=\"O Boletim Oficial do Estado espanhol publica hoje uma disposi\u00e7\u00e3o para prorrogar at\u00e9 30 de junho os controlos nas fronteiras internas com Portugal, tendo em conta a necess\u00e1ria \u201cnatureza bilateral das medidas a tomar\u201d. De acordo com o jornal oficial do Estado espanhol \u201cforam realizadas consultas com os Estados-Membros vizinhos, tendo em conta a necess\u00e1ria [&hellip;]\" \/>\n<meta property=\"og:url\" content=\"https:\/\/www.altominho.tv\/site\/2020\/06\/22\/espanha-prolonga-ate-30-de-junho-controlos-nas-fronteiras-com-portugal\/\" \/>\n<meta property=\"og:site_name\" content=\"Altominho.tv\" \/>\n<meta property=\"article:publisher\" content=\"https:\/\/www.facebook.com\/altominhotv\" \/>\n<meta property=\"article:published_time\" content=\"2020-06-22T12:15:52+00:00\" \/>\n<meta property=\"article:modified_time\" content=\"2020-06-22T12:16:00+00:00\" \/>\n<meta property=\"og:image\" content=\"https:\/\/www.altominho.tv\/site\/wp-content\/uploads\/2020\/06\/espanha-fronteira.jpg\" \/>\n\t<meta property=\"og:image:width\" content=\"1600\" \/>\n\t<meta property=\"og:image:height\" content=\"1067\" \/>\n\t<meta property=\"og:image:type\" content=\"image\/jpeg\" \/>\n<meta name=\"author\" content=\"Andreia Cunha | Lusa\" \/>\n<meta name=\"twitter:card\" content=\"summary_large_image\" \/>\n<meta name=\"twitter:creator\" content=\"@altominhoTV\" \/>\n<meta name=\"twitter:site\" content=\"@altominhoTV\" \/>\n<meta name=\"twitter:label1\" content=\"Escrito por\" \/>\n\t<meta name=\"twitter:data1\" content=\"Andreia Cunha | Lusa\" \/>\n\t<meta name=\"twitter:label2\" content=\"Tempo estimado de leitura\" \/>\n\t<meta name=\"twitter:data2\" content=\"2 minutos\" \/>\n<script type=\"application\/ld+json\" class=\"yoast-schema-graph\">{\"@context\":\"https:\\\/\\\/schema.org\",\"@graph\":[{\"@type\":\"Article\",\"@id\":\"https:\\\/\\\/www.altominho.tv\\\/site\\\/2020\\\/06\\\/22\\\/espanha-prolonga-ate-30-de-junho-controlos-nas-fronteiras-com-portugal\\\/#article\",\"isPartOf\":{\"@id\":\"https:\\\/\\\/www.altominho.tv\\\/site\\\/2020\\\/06\\\/22\\\/espanha-prolonga-ate-30-de-junho-controlos-nas-fronteiras-com-portugal\\\/\"},\"author\":{\"name\":\"Andreia Cunha | Lusa\",\"@id\":\"https:\\\/\\\/www.altominho.tv\\\/site\\\/#\\\/schema\\\/person\\\/dbaf181c01b51ff40c9f461a905d321e\"},\"headline\":\"Espanha prolonga at\u00e9 30 de junho controlos nas fronteiras com Portugal\",\"datePublished\":\"2020-06-22T12:15:52+00:00\",\"dateModified\":\"2020-06-22T12:16:00+00:00\",\"mainEntityOfPage\":{\"@id\":\"https:\\\/\\\/www.altominho.tv\\\/site\\\/2020\\\/06\\\/22\\\/espanha-prolonga-ate-30-de-junho-controlos-nas-fronteiras-com-portugal\\\/\"},\"wordCount\":474,\"image\":{\"@id\":\"https:\\\/\\\/www.altominho.tv\\\/site\\\/2020\\\/06\\\/22\\\/espanha-prolonga-ate-30-de-junho-controlos-nas-fronteiras-com-portugal\\\/#primaryimage\"},\"thumbnailUrl\":\"https:\\\/\\\/www.altominho.tv\\\/site\\\/wp-content\\\/uploads\\\/2020\\\/06\\\/espanha-fronteira.jpg\",\"keywords\":[\"Sociedade\"],\"articleSection\":[\"Coronav\u00edrus\"],\"inLanguage\":\"pt-PT\",\"copyrightYear\":\"2020\",\"copyrightHolder\":{\"@id\":\"https:\\\/\\\/www.altominho.tv\\\/site\\\/#organization\"}},{\"@type\":\"WebPage\",\"@id\":\"https:\\\/\\\/www.altominho.tv\\\/site\\\/2020\\\/06\\\/22\\\/espanha-prolonga-ate-30-de-junho-controlos-nas-fronteiras-com-portugal\\\/\",\"url\":\"https:\\\/\\\/www.altominho.tv\\\/site\\\/2020\\\/06\\\/22\\\/espanha-prolonga-ate-30-de-junho-controlos-nas-fronteiras-com-portugal\\\/\",\"name\":\"Espanha prolonga at\u00e9 30 de junho controlos nas fronteiras com Portugal\",\"isPartOf\":{\"@id\":\"https:\\\/\\\/www.altominho.tv\\\/site\\\/#website\"},\"primaryImageOfPage\":{\"@id\":\"https:\\\/\\\/www.altominho.tv\\\/site\\\/2020\\\/06\\\/22\\\/espanha-prolonga-ate-30-de-junho-controlos-nas-fronteiras-com-portugal\\\/#primaryimage\"},\"image\":{\"@id\":\"https:\\\/\\\/www.altominho.tv\\\/site\\\/2020\\\/06\\\/22\\\/espanha-prolonga-ate-30-de-junho-controlos-nas-fronteiras-com-portugal\\\/#primaryimage\"},\"thumbnailUrl\":\"https:\\\/\\\/www.altominho.tv\\\/site\\\/wp-content\\\/uploads\\\/2020\\\/06\\\/espanha-fronteira.jpg\",\"datePublished\":\"2020-06-22T12:15:52+00:00\",\"dateModified\":\"2020-06-22T12:16:00+00:00\",\"author\":{\"@id\":\"https:\\\/\\\/www.altominho.tv\\\/site\\\/#\\\/schema\\\/person\\\/dbaf181c01b51ff40c9f461a905d321e\"},\"breadcrumb\":{\"@id\":\"https:\\\/\\\/www.altominho.tv\\\/site\\\/2020\\\/06\\\/22\\\/espanha-prolonga-ate-30-de-junho-controlos-nas-fronteiras-com-portugal\\\/#breadcrumb\"},\"inLanguage\":\"pt-PT\",\"potentialAction\":[{\"@type\":\"ReadAction\",\"target\":[\"https:\\\/\\\/www.altominho.tv\\\/site\\\/2020\\\/06\\\/22\\\/espanha-prolonga-ate-30-de-junho-controlos-nas-fronteiras-com-portugal\\\/\"]}]},{\"@type\":\"ImageObject\",\"inLanguage\":\"pt-PT\",\"@id\":\"https:\\\/\\\/www.altominho.tv\\\/site\\\/2020\\\/06\\\/22\\\/espanha-prolonga-ate-30-de-junho-controlos-nas-fronteiras-com-portugal\\\/#primaryimage\",\"url\":\"https:\\\/\\\/www.altominho.tv\\\/site\\\/wp-content\\\/uploads\\\/2020\\\/06\\\/espanha-fronteira.jpg\",\"contentUrl\":\"https:\\\/\\\/www.altominho.tv\\\/site\\\/wp-content\\\/uploads\\\/2020\\\/06\\\/espanha-fronteira.jpg\",\"width\":1600,\"height\":1067},{\"@type\":\"BreadcrumbList\",\"@id\":\"https:\\\/\\\/www.altominho.tv\\\/site\\\/2020\\\/06\\\/22\\\/espanha-prolonga-ate-30-de-junho-controlos-nas-fronteiras-com-portugal\\\/#breadcrumb\",\"itemListElement\":[{\"@type\":\"ListItem\",\"position\":1,\"name\":\"In\u00edcio\",\"item\":\"https:\\\/\\\/www.altominho.tv\\\/site\\\/\"},{\"@type\":\"ListItem\",\"position\":2,\"name\":\"Espanha prolonga at\u00e9 30 de junho controlos nas fronteiras com Portugal\"}]},{\"@type\":\"WebSite\",\"@id\":\"https:\\\/\\\/www.altominho.tv\\\/site\\\/#website\",\"url\":\"https:\\\/\\\/www.altominho.tv\\\/site\\\/\",\"name\":\"Altominho.tv\",\"description\":\"A sua regi\u00e3o \u00e0 dist\u00e2ncia de um clique...\",\"potentialAction\":[{\"@type\":\"SearchAction\",\"target\":{\"@type\":\"EntryPoint\",\"urlTemplate\":\"https:\\\/\\\/www.altominho.tv\\\/site\\\/?s={search_term_string}\"},\"query-input\":{\"@type\":\"PropertyValueSpecification\",\"valueRequired\":true,\"valueName\":\"search_term_string\"}}],\"inLanguage\":\"pt-PT\"},{\"@type\":\"Person\",\"@id\":\"https:\\\/\\\/www.altominho.tv\\\/site\\\/#\\\/schema\\\/person\\\/dbaf181c01b51ff40c9f461a905d321e\",\"name\":\"Andreia Cunha | Lusa\",\"image\":{\"@type\":\"ImageObject\",\"inLanguage\":\"pt-PT\",\"@id\":\"https:\\\/\\\/www.altominho.tv\\\/site\\\/wp-content\\\/uploads\\\/2017\\\/11\\\/Andreia_Cunha-1-150x150.jpg\",\"url\":\"https:\\\/\\\/www.altominho.tv\\\/site\\\/wp-content\\\/uploads\\\/2017\\\/11\\\/Andreia_Cunha-1-150x150.jpg\",\"contentUrl\":\"https:\\\/\\\/www.altominho.tv\\\/site\\\/wp-content\\\/uploads\\\/2017\\\/11\\\/Andreia_Cunha-1-150x150.jpg\",\"caption\":\"Andreia Cunha | Lusa\"},\"sameAs\":[\"https:\\\/\\\/www.altominho.tv\\\/site\"],\"url\":\"https:\\\/\\\/www.altominho.tv\\\/site\\\/author\\\/andreiacunhalusa\\\/\"}]}<\/script>\n<!-- \/ Yoast SEO Premium plugin. -->","yoast_head_json":{"title":"Espanha prolonga at\u00e9 30 de junho controlos nas fronteiras com Portugal","robots":{"index":"index","follow":"follow","max-snippet":"max-snippet:-1","max-image-preview":"max-image-preview:large","max-video-preview":"max-video-preview:-1"},"canonical":"https:\/\/www.altominho.tv\/site\/2020\/06\/22\/espanha-prolonga-ate-30-de-junho-controlos-nas-fronteiras-com-portugal\/","og_locale":"pt_PT","og_type":"article","og_title":"Espanha prolonga at\u00e9 30 de junho controlos nas fronteiras com Portugal","og_description":"O Boletim Oficial do Estado espanhol publica hoje uma disposi\u00e7\u00e3o para prorrogar at\u00e9 30 de junho os controlos nas fronteiras internas com Portugal, tendo em conta a necess\u00e1ria \u201cnatureza bilateral das medidas a tomar\u201d. De acordo com o jornal oficial do Estado espanhol \u201cforam realizadas consultas com os Estados-Membros vizinhos, tendo em conta a necess\u00e1ria [&hellip;]","og_url":"https:\/\/www.altominho.tv\/site\/2020\/06\/22\/espanha-prolonga-ate-30-de-junho-controlos-nas-fronteiras-com-portugal\/","og_site_name":"Altominho.tv","article_publisher":"https:\/\/www.facebook.com\/altominhotv","article_published_time":"2020-06-22T12:15:52+00:00","article_modified_time":"2020-06-22T12:16:00+00:00","og_image":[{"width":1600,"height":1067,"url":"https:\/\/www.altominho.tv\/site\/wp-content\/uploads\/2020\/06\/espanha-fronteira.jpg","type":"image\/jpeg"}],"author":"Andreia Cunha | Lusa","twitter_card":"summary_large_image","twitter_creator":"@altominhoTV","twitter_site":"@altominhoTV","twitter_misc":{"Escrito por":"Andreia Cunha | Lusa","Tempo estimado de leitura":"2 minutos"},"schema":{"@context":"https:\/\/schema.org","@graph":[{"@type":"Article","@id":"https:\/\/www.altominho.tv\/site\/2020\/06\/22\/espanha-prolonga-ate-30-de-junho-controlos-nas-fronteiras-com-portugal\/#article","isPartOf":{"@id":"https:\/\/www.altominho.tv\/site\/2020\/06\/22\/espanha-prolonga-ate-30-de-junho-controlos-nas-fronteiras-com-portugal\/"},"author":{"name":"Andreia Cunha | Lusa","@id":"https:\/\/www.altominho.tv\/site\/#\/schema\/person\/dbaf181c01b51ff40c9f461a905d321e"},"headline":"Espanha prolonga at\u00e9 30 de junho controlos nas fronteiras com Portugal","datePublished":"2020-06-22T12:15:52+00:00","dateModified":"2020-06-22T12:16:00+00:00","mainEntityOfPage":{"@id":"https:\/\/www.altominho.tv\/site\/2020\/06\/22\/espanha-prolonga-ate-30-de-junho-controlos-nas-fronteiras-com-portugal\/"},"wordCount":474,"image":{"@id":"https:\/\/www.altominho.tv\/site\/2020\/06\/22\/espanha-prolonga-ate-30-de-junho-controlos-nas-fronteiras-com-portugal\/#primaryimage"},"thumbnailUrl":"https:\/\/www.altominho.tv\/site\/wp-content\/uploads\/2020\/06\/espanha-fronteira.jpg","keywords":["Sociedade"],"articleSection":["Coronav\u00edrus"],"inLanguage":"pt-PT","copyrightYear":"2020","copyrightHolder":{"@id":"https:\/\/www.altominho.tv\/site\/#organization"}},{"@type":"WebPage","@id":"https:\/\/www.altominho.tv\/site\/2020\/06\/22\/espanha-prolonga-ate-30-de-junho-controlos-nas-fronteiras-com-portugal\/","url":"https:\/\/www.altominho.tv\/site\/2020\/06\/22\/espanha-prolonga-ate-30-de-junho-controlos-nas-fronteiras-com-portugal\/","name":"Espanha prolonga at\u00e9 30 de junho controlos nas fronteiras com Portugal","isPartOf":{"@id":"https:\/\/www.altominho.tv\/site\/#website"},"primaryImageOfPage":{"@id":"https:\/\/www.altominho.tv\/site\/2020\/06\/22\/espanha-prolonga-ate-30-de-junho-controlos-nas-fronteiras-com-portugal\/#primaryimage"},"image":{"@id":"https:\/\/www.altominho.tv\/site\/2020\/06\/22\/espanha-prolonga-ate-30-de-junho-controlos-nas-fronteiras-com-portugal\/#primaryimage"},"thumbnailUrl":"https:\/\/www.altominho.tv\/site\/wp-content\/uploads\/2020\/06\/espanha-fronteira.jpg","datePublished":"2020-06-22T12:15:52+00:00","dateModified":"2020-06-22T12:16:00+00:00","author":{"@id":"https:\/\/www.altominho.tv\/site\/#\/schema\/person\/dbaf181c01b51ff40c9f461a905d321e"},"breadcrumb":{"@id":"https:\/\/www.altominho.tv\/site\/2020\/06\/22\/espanha-prolonga-ate-30-de-junho-controlos-nas-fronteiras-com-portugal\/#breadcrumb"},"inLanguage":"pt-PT","potentialAction":[{"@type":"ReadAction","target":["https:\/\/www.altominho.tv\/site\/2020\/06\/22\/espanha-prolonga-ate-30-de-junho-controlos-nas-fronteiras-com-portugal\/"]}]},{"@type":"ImageObject","inLanguage":"pt-PT","@id":"https:\/\/www.altominho.tv\/site\/2020\/06\/22\/espanha-prolonga-ate-30-de-junho-controlos-nas-fronteiras-com-portugal\/#primaryimage","url":"https:\/\/www.altominho.tv\/site\/wp-content\/uploads\/2020\/06\/espanha-fronteira.jpg","contentUrl":"https:\/\/www.altominho.tv\/site\/wp-content\/uploads\/2020\/06\/espanha-fronteira.jpg","width":1600,"height":1067},{"@type":"BreadcrumbList","@id":"https:\/\/www.altominho.tv\/site\/2020\/06\/22\/espanha-prolonga-ate-30-de-junho-controlos-nas-fronteiras-com-portugal\/#breadcrumb","itemListElement":[{"@type":"ListItem","position":1,"name":"In\u00edcio","item":"https:\/\/www.altominho.tv\/site\/"},{"@type":"ListItem","position":2,"name":"Espanha prolonga at\u00e9 30 de junho controlos nas fronteiras com Portugal"}]},{"@type":"WebSite","@id":"https:\/\/www.altominho.tv\/site\/#website","url":"https:\/\/www.altominho.tv\/site\/","name":"Altominho.tv","description":"A sua regi\u00e3o \u00e0 dist\u00e2ncia de um clique...","potentialAction":[{"@type":"SearchAction","target":{"@type":"EntryPoint","urlTemplate":"https:\/\/www.altominho.tv\/site\/?s={search_term_string}"},"query-input":{"@type":"PropertyValueSpecification","valueRequired":true,"valueName":"search_term_string"}}],"inLanguage":"pt-PT"},{"@type":"Person","@id":"https:\/\/www.altominho.tv\/site\/#\/schema\/person\/dbaf181c01b51ff40c9f461a905d321e","name":"Andreia Cunha | Lusa","image":{"@type":"ImageObject","inLanguage":"pt-PT","@id":"https:\/\/www.altominho.tv\/site\/wp-content\/uploads\/2017\/11\/Andreia_Cunha-1-150x150.jpg","url":"https:\/\/www.altominho.tv\/site\/wp-content\/uploads\/2017\/11\/Andreia_Cunha-1-150x150.jpg","contentUrl":"https:\/\/www.altominho.tv\/site\/wp-content\/uploads\/2017\/11\/Andreia_Cunha-1-150x150.jpg","caption":"Andreia Cunha | Lusa"},"sameAs":["https:\/\/www.altominho.tv\/site"],"url":"https:\/\/www.altominho.tv\/site\/author\/andreiacunhalusa\/"}]}},"_links":{"self":[{"href":"https:\/\/www.altominho.tv\/site\/wp-json\/wp\/v2\/posts\/48250","targetHints":{"allow":["GET"]}}],"collection":[{"href":"https:\/\/www.altominho.tv\/site\/wp-json\/wp\/v2\/posts"}],"about":[{"href":"https:\/\/www.altominho.tv\/site\/wp-json\/wp\/v2\/types\/post"}],"author":[{"embeddable":true,"href":"https:\/\/www.altominho.tv\/site\/wp-json\/wp\/v2\/users\/16"}],"replies":[{"embeddable":true,"href":"https:\/\/www.altominho.tv\/site\/wp-json\/wp\/v2\/comments?post=48250"}],"version-history":[{"count":0,"href":"https:\/\/www.altominho.tv\/site\/wp-json\/wp\/v2\/posts\/48250\/revisions"}],"wp:featuredmedia":[{"embeddable":true,"href":"https:\/\/www.altominho.tv\/site\/wp-json\/wp\/v2\/media\/48251"}],"wp:attachment":[{"href":"https:\/\/www.altominho.tv\/site\/wp-json\/wp\/v2\/media?parent=48250"}],"wp:term":[{"taxonomy":"category","embeddable":true,"href":"https:\/\/www.altominho.tv\/site\/wp-json\/wp\/v2\/categories?post=48250"},{"taxonomy":"post_tag","embeddable":true,"href":"https:\/\/www.altominho.tv\/site\/wp-json\/wp\/v2\/tags?post=48250"}],"curies":[{"name":"wp","href":"https:\/\/api.w.org\/{rel}","templated":true}]}}