{"id":48247,"date":"2020-06-22T13:05:10","date_gmt":"2020-06-22T12:05:10","guid":{"rendered":"http:\/\/www.altominho.tv\/site\/?p=48247"},"modified":"2020-06-22T13:05:14","modified_gmt":"2020-06-22T12:05:14","slug":"vinte-e-cinco-bloggers-portugueses-reunem-em-livro-viagens-de-uma-vida","status":"publish","type":"post","link":"https:\/\/www.altominho.tv\/site\/2020\/06\/22\/vinte-e-cinco-bloggers-portugueses-reunem-em-livro-viagens-de-uma-vida\/","title":{"rendered":"Vinte e cinco &#8216;bloggers&#8217; portugueses re\u00fanem em livro &#8220;Viagens de uma Vida&#8221;"},"content":{"rendered":"\n<p>Vinte e cinco \u2018bloggers\u2019 de viagem portugueses contam as \u201cViagens de uma Vida\u201d num livro a lan\u00e7ar na ter\u00e7a-feira e que, numa altura em que a pandemia condiciona as desloca\u00e7\u00f5es ao estrangeiro, promete levar os leitores aos cinco continentes.<br><\/p>\n\n\n\n<p>\u201cEste livro leva-nos a 25 pa\u00edses, nos cinco continentes, e proporciona-nos a oportunidade de, neste ver\u00e3o, enquanto saboreamos os encantos de Portugal, idealizarmos e sonharmos &#8211; sem confinamento &#8211; com as nossas pr\u00f3ximas viagens\u201d, resume o presidente da Associa\u00e7\u00e3o de Bloggers de Viagem Portugueses (ABVP), Filipe Morato Gomes, citado num comunicado.<br><\/p>\n\n\n\n<p>Num momento em que os \u2018bloggers da ABVP andam a explorar o pa\u00eds na iniciativa #euficoemportugal, a obra ser\u00e1 lan\u00e7ada oficialmente na ter\u00e7a-feira na vila de Castro Laboreiro, no concelho de Melga\u00e7o, num evento a transmitir \u2018online\u2019, pelas 13:00, no Facebook da associa\u00e7\u00e3o, em\u00a0<a rel=\"noreferrer noopener\" href=\"https:\/\/www.facebook.com\/abvppt\/\" target=\"_blank\">https:\/\/www.facebook.com\/abvppt\/<\/a>.<br><\/p>\n\n\n\n<p>O mote \u00e9 &#8220;Venha visitar Portugal&#8230; mas leve na bagagem o resto do Mundo!&#8221;.<br>Segundo a ABVP, o livro relata \u201cas viagens mais marcantes das vidas\u201d dos 25 \u2018bloggers\u2019, numa \u201csele\u00e7\u00e3o de duas dezenas e meia de olhares &#8211; distintos e variados &#8211; sobre destinos espalhados pelos quatro cantos do mundo e que desafiam a plenitude dos sentidos\u201d.<br><\/p>\n\n\n\n<p>\u201cVai da alegria colorida do Festival Holi, em Varanasi, \u00cdndia, \u00e0 angustiante luta pela sobreviv\u00eancia no campo de refugiados Rohingya em Cox\u2019s Bazar, no Bangladesh. Passa pela sensa\u00e7\u00e3o de liberdade e pequenez que emana da m\u00edtica Ruta 40, no Sul da Argentina, como pelas paisagens in\u00f3spitas da Gronel\u00e2ndia e de Madag\u00e1scar\u201d, avan\u00e7a.<br><\/p>\n\n\n\n<p>Para Filipe Morato Gomes, autor do blogue Alma de Viajante, \u201cviajar \u00e9 uma inigual\u00e1vel forma de crescimento e enriquecimento pessoal, despertando um saud\u00e1vel esp\u00edrito de aventura e refor\u00e7ando o imenso prazer da partilha\u201d.<br><\/p>\n\n\n\n<p>\u201cE \u00e9 com essa certeza que a ABVP, que a 01 de mar\u00e7o celebrou o seu primeiro ano de exist\u00eancia, decidiu partilhar esses valores, atrav\u00e9s da publica\u00e7\u00e3o de um livro que pretende celebrar a viagem e tudo o que esta pode fazer por n\u00f3s e pelos outros\u201d, acrescenta.<br><\/p>\n\n\n\n<p>Para o l\u00edder da associa\u00e7\u00e3o, as p\u00e1ginas do livro, complementadas com um encarte de fotografias ilustrativas, \u201cs\u00e3o um hino ao ato de viajar e \u00e0 vida\u201d e \u201ca celebra\u00e7\u00e3o da diversidade cultural e da salutar comunh\u00e3o entre povos\u201d.<br><\/p>\n\n\n\n<p>E desafia: \u201cTal como n\u00f3s, que o leitor se sinta inspirado para partir, explorar e \u2018descobrir-se\u2019 \u201d.<br><\/p>\n\n\n\n<p>Citado no comunicado, o fundador do blogue \u2018BornFreee\u201d e coautor da obra, Rui Barbosa Batista, afirma: \u201cAcredito que, atrav\u00e9s do olhar que vertemos em palavras, os portugueses v\u00e3o fazer uma bel\u00edssima viagem em torno deste nosso apaixonante planeta, percebendo a riqueza das suas diferen\u00e7as culturais e sociais\u201d.<br><\/p>\n\n\n\n<p>\u201cO livro fala de lugares, mas tamb\u00e9m de medos que s\u00e3o superados, de desconfortos que s\u00e3o tornados desafios, de liberdades incondicionais que s\u00f3 o longe e o atirar-nos no desconhecido nos permitem, assim nos consigamos soltar de n\u00f3s mesmos e das nossas amarras f\u00edsicas e psicol\u00f3gicas\u201d, afirma.<br><\/p>\n\n\n\n<p>Manuel Andrade, da Idioteque, que edita a obra, refere por sua vez que \u201co livro narra viagens e experi\u00eancias inesquec\u00edveis da vida de cada um dos viajantes\u201d, sendo, \u201cno seu todo, inspiradora e mundividente, transportando em si uma multiplicidade de lugares, sentimentos, odores, tons e aventuras que agarram desde o primeiro par\u00e1grafo\u201d.<br><\/p>\n\n\n\n<p>Segundo adianta a ABVP, o segundo livro da s\u00e9rie, a lan\u00e7ar em 2021, ser\u00e1 inteiramente dedicado a Portugal, como ep\u00edlogo da iniciativa #euficoemportugal.<br><\/p>\n\n\n\n<p>A ABVP \u00e9 uma organiza\u00e7\u00e3o sem fins lucrativos cuja miss\u00e3o \u00e9 promover o desenvolvimento profissional dos \u2018bloggers\u2019 que atuam no segmento de turismo, ao mesmo tempo que estimula a cria\u00e7\u00e3o de rela\u00e7\u00f5es \u00e9ticas e transparentes com os leitores e com eventuais parceiros ligados ao turismo.<br><\/p>\n\n\n\n<p>Conta, atualmente, com 55 dos maiores \u2018bloggers\u2019 de viagem portugueses como associados, propondo-se \u201cvalorizar o [seu] trabalho aos olhos do mercado e entidades externas; contribuir para capacitar os associados com ferramentas e conhecimentos para que possam ser cada vez mais competentes em cada uma das m\u00faltiplas vertentes do seu trabalho quotidiano; e autorregular, estabelecendo um c\u00f3digo de \u00e9tica a seguir por todos os associados, em nome da transpar\u00eancia para com os leitores e eventuais parceiros\u201d.<\/p>\n","protected":false},"excerpt":{"rendered":"<p>Vinte e cinco \u2018bloggers\u2019 de viagem portugueses contam as \u201cViagens de uma Vida\u201d num livro a lan\u00e7ar na ter\u00e7a-feira e que, numa altura em que a pandemia condiciona as desloca\u00e7\u00f5es ao estrangeiro, promete levar os leitores aos cinco continentes. \u201cEste livro leva-nos a 25 pa\u00edses, nos cinco continentes, e proporciona-nos a oportunidade de, neste ver\u00e3o, [&hellip;]<\/p>\n","protected":false},"author":16,"featured_media":48248,"comment_status":"closed","ping_status":"closed","sticky":false,"template":"","format":"standard","meta":{"_exactmetrics_skip_tracking":false,"_exactmetrics_sitenote_active":false,"_exactmetrics_sitenote_note":"","_exactmetrics_sitenote_category":0,"footnotes":""},"categories":[8],"tags":[24,27],"class_list":["post-48247","post","type-post","status-publish","format-standard","has-post-thumbnail","hentry","category-melgaco","tag-lazer","tag-sociedade"],"yoast_head":"<!-- This site is optimized with the Yoast SEO Premium plugin v27.4 (Yoast SEO v27.4) - https:\/\/yoast.com\/product\/yoast-seo-premium-wordpress\/ -->\n<title>Vinte e cinco &#039;bloggers&#039; portugueses re\u00fanem em livro &quot;Viagens de uma Vida&quot;<\/title>\n<meta name=\"robots\" content=\"index, follow, max-snippet:-1, max-image-preview:large, max-video-preview:-1\" \/>\n<link rel=\"canonical\" href=\"https:\/\/www.altominho.tv\/site\/2020\/06\/22\/vinte-e-cinco-bloggers-portugueses-reunem-em-livro-viagens-de-uma-vida\/\" \/>\n<meta property=\"og:locale\" content=\"pt_PT\" \/>\n<meta property=\"og:type\" content=\"article\" \/>\n<meta property=\"og:title\" content=\"Vinte e cinco &#039;bloggers&#039; portugueses re\u00fanem em livro &quot;Viagens de uma Vida&quot;\" \/>\n<meta property=\"og:description\" content=\"Vinte e cinco \u2018bloggers\u2019 de viagem portugueses contam as \u201cViagens de uma Vida\u201d num livro a lan\u00e7ar na ter\u00e7a-feira e que, numa altura em que a pandemia condiciona as desloca\u00e7\u00f5es ao estrangeiro, promete levar os leitores aos cinco continentes. \u201cEste livro leva-nos a 25 pa\u00edses, nos cinco continentes, e proporciona-nos a oportunidade de, neste ver\u00e3o, [&hellip;]\" \/>\n<meta property=\"og:url\" content=\"https:\/\/www.altominho.tv\/site\/2020\/06\/22\/vinte-e-cinco-bloggers-portugueses-reunem-em-livro-viagens-de-uma-vida\/\" \/>\n<meta property=\"og:site_name\" content=\"Altominho.tv\" \/>\n<meta property=\"article:publisher\" content=\"https:\/\/www.facebook.com\/altominhotv\" \/>\n<meta property=\"article:published_time\" content=\"2020-06-22T12:05:10+00:00\" \/>\n<meta property=\"article:modified_time\" content=\"2020-06-22T12:05:14+00:00\" \/>\n<meta property=\"og:image\" content=\"https:\/\/www.altominho.tv\/site\/wp-content\/uploads\/2020\/06\/Castro-Laboreiro-740x494-1.jpg\" \/>\n\t<meta property=\"og:image:width\" content=\"740\" \/>\n\t<meta property=\"og:image:height\" content=\"494\" \/>\n\t<meta property=\"og:image:type\" content=\"image\/jpeg\" \/>\n<meta name=\"author\" content=\"Andreia Cunha | Lusa\" \/>\n<meta name=\"twitter:card\" content=\"summary_large_image\" \/>\n<meta name=\"twitter:creator\" content=\"@altominhoTV\" \/>\n<meta name=\"twitter:site\" content=\"@altominhoTV\" \/>\n<meta name=\"twitter:label1\" content=\"Escrito por\" \/>\n\t<meta name=\"twitter:data1\" content=\"Andreia Cunha | Lusa\" \/>\n\t<meta name=\"twitter:label2\" content=\"Tempo estimado de leitura\" \/>\n\t<meta name=\"twitter:data2\" content=\"4 minutos\" \/>\n<script type=\"application\/ld+json\" class=\"yoast-schema-graph\">{\"@context\":\"https:\\\/\\\/schema.org\",\"@graph\":[{\"@type\":\"Article\",\"@id\":\"https:\\\/\\\/www.altominho.tv\\\/site\\\/2020\\\/06\\\/22\\\/vinte-e-cinco-bloggers-portugueses-reunem-em-livro-viagens-de-uma-vida\\\/#article\",\"isPartOf\":{\"@id\":\"https:\\\/\\\/www.altominho.tv\\\/site\\\/2020\\\/06\\\/22\\\/vinte-e-cinco-bloggers-portugueses-reunem-em-livro-viagens-de-uma-vida\\\/\"},\"author\":{\"name\":\"Andreia Cunha | Lusa\",\"@id\":\"https:\\\/\\\/www.altominho.tv\\\/site\\\/#\\\/schema\\\/person\\\/dbaf181c01b51ff40c9f461a905d321e\"},\"headline\":\"Vinte e cinco &#8216;bloggers&#8217; portugueses re\u00fanem em livro &#8220;Viagens de uma Vida&#8221;\",\"datePublished\":\"2020-06-22T12:05:10+00:00\",\"dateModified\":\"2020-06-22T12:05:14+00:00\",\"mainEntityOfPage\":{\"@id\":\"https:\\\/\\\/www.altominho.tv\\\/site\\\/2020\\\/06\\\/22\\\/vinte-e-cinco-bloggers-portugueses-reunem-em-livro-viagens-de-uma-vida\\\/\"},\"wordCount\":732,\"image\":{\"@id\":\"https:\\\/\\\/www.altominho.tv\\\/site\\\/2020\\\/06\\\/22\\\/vinte-e-cinco-bloggers-portugueses-reunem-em-livro-viagens-de-uma-vida\\\/#primaryimage\"},\"thumbnailUrl\":\"https:\\\/\\\/www.altominho.tv\\\/site\\\/wp-content\\\/uploads\\\/2020\\\/06\\\/Castro-Laboreiro-740x494-1.jpg\",\"keywords\":[\"Lazer\",\"Sociedade\"],\"articleSection\":[\"Melga\u00e7o\"],\"inLanguage\":\"pt-PT\",\"copyrightYear\":\"2020\",\"copyrightHolder\":{\"@id\":\"https:\\\/\\\/www.altominho.tv\\\/site\\\/#organization\"}},{\"@type\":\"WebPage\",\"@id\":\"https:\\\/\\\/www.altominho.tv\\\/site\\\/2020\\\/06\\\/22\\\/vinte-e-cinco-bloggers-portugueses-reunem-em-livro-viagens-de-uma-vida\\\/\",\"url\":\"https:\\\/\\\/www.altominho.tv\\\/site\\\/2020\\\/06\\\/22\\\/vinte-e-cinco-bloggers-portugueses-reunem-em-livro-viagens-de-uma-vida\\\/\",\"name\":\"Vinte e cinco 'bloggers' portugueses re\u00fanem em livro \\\"Viagens de uma Vida\\\"\",\"isPartOf\":{\"@id\":\"https:\\\/\\\/www.altominho.tv\\\/site\\\/#website\"},\"primaryImageOfPage\":{\"@id\":\"https:\\\/\\\/www.altominho.tv\\\/site\\\/2020\\\/06\\\/22\\\/vinte-e-cinco-bloggers-portugueses-reunem-em-livro-viagens-de-uma-vida\\\/#primaryimage\"},\"image\":{\"@id\":\"https:\\\/\\\/www.altominho.tv\\\/site\\\/2020\\\/06\\\/22\\\/vinte-e-cinco-bloggers-portugueses-reunem-em-livro-viagens-de-uma-vida\\\/#primaryimage\"},\"thumbnailUrl\":\"https:\\\/\\\/www.altominho.tv\\\/site\\\/wp-content\\\/uploads\\\/2020\\\/06\\\/Castro-Laboreiro-740x494-1.jpg\",\"datePublished\":\"2020-06-22T12:05:10+00:00\",\"dateModified\":\"2020-06-22T12:05:14+00:00\",\"author\":{\"@id\":\"https:\\\/\\\/www.altominho.tv\\\/site\\\/#\\\/schema\\\/person\\\/dbaf181c01b51ff40c9f461a905d321e\"},\"breadcrumb\":{\"@id\":\"https:\\\/\\\/www.altominho.tv\\\/site\\\/2020\\\/06\\\/22\\\/vinte-e-cinco-bloggers-portugueses-reunem-em-livro-viagens-de-uma-vida\\\/#breadcrumb\"},\"inLanguage\":\"pt-PT\",\"potentialAction\":[{\"@type\":\"ReadAction\",\"target\":[\"https:\\\/\\\/www.altominho.tv\\\/site\\\/2020\\\/06\\\/22\\\/vinte-e-cinco-bloggers-portugueses-reunem-em-livro-viagens-de-uma-vida\\\/\"]}]},{\"@type\":\"ImageObject\",\"inLanguage\":\"pt-PT\",\"@id\":\"https:\\\/\\\/www.altominho.tv\\\/site\\\/2020\\\/06\\\/22\\\/vinte-e-cinco-bloggers-portugueses-reunem-em-livro-viagens-de-uma-vida\\\/#primaryimage\",\"url\":\"https:\\\/\\\/www.altominho.tv\\\/site\\\/wp-content\\\/uploads\\\/2020\\\/06\\\/Castro-Laboreiro-740x494-1.jpg\",\"contentUrl\":\"https:\\\/\\\/www.altominho.tv\\\/site\\\/wp-content\\\/uploads\\\/2020\\\/06\\\/Castro-Laboreiro-740x494-1.jpg\",\"width\":740,\"height\":494},{\"@type\":\"BreadcrumbList\",\"@id\":\"https:\\\/\\\/www.altominho.tv\\\/site\\\/2020\\\/06\\\/22\\\/vinte-e-cinco-bloggers-portugueses-reunem-em-livro-viagens-de-uma-vida\\\/#breadcrumb\",\"itemListElement\":[{\"@type\":\"ListItem\",\"position\":1,\"name\":\"In\u00edcio\",\"item\":\"https:\\\/\\\/www.altominho.tv\\\/site\\\/\"},{\"@type\":\"ListItem\",\"position\":2,\"name\":\"Vinte e cinco &#8216;bloggers&#8217; portugueses re\u00fanem em livro &#8220;Viagens de uma Vida&#8221;\"}]},{\"@type\":\"WebSite\",\"@id\":\"https:\\\/\\\/www.altominho.tv\\\/site\\\/#website\",\"url\":\"https:\\\/\\\/www.altominho.tv\\\/site\\\/\",\"name\":\"Altominho.tv\",\"description\":\"A sua regi\u00e3o \u00e0 dist\u00e2ncia de um clique...\",\"potentialAction\":[{\"@type\":\"SearchAction\",\"target\":{\"@type\":\"EntryPoint\",\"urlTemplate\":\"https:\\\/\\\/www.altominho.tv\\\/site\\\/?s={search_term_string}\"},\"query-input\":{\"@type\":\"PropertyValueSpecification\",\"valueRequired\":true,\"valueName\":\"search_term_string\"}}],\"inLanguage\":\"pt-PT\"},{\"@type\":\"Person\",\"@id\":\"https:\\\/\\\/www.altominho.tv\\\/site\\\/#\\\/schema\\\/person\\\/dbaf181c01b51ff40c9f461a905d321e\",\"name\":\"Andreia Cunha | Lusa\",\"image\":{\"@type\":\"ImageObject\",\"inLanguage\":\"pt-PT\",\"@id\":\"https:\\\/\\\/www.altominho.tv\\\/site\\\/wp-content\\\/uploads\\\/2017\\\/11\\\/Andreia_Cunha-1-150x150.jpg\",\"url\":\"https:\\\/\\\/www.altominho.tv\\\/site\\\/wp-content\\\/uploads\\\/2017\\\/11\\\/Andreia_Cunha-1-150x150.jpg\",\"contentUrl\":\"https:\\\/\\\/www.altominho.tv\\\/site\\\/wp-content\\\/uploads\\\/2017\\\/11\\\/Andreia_Cunha-1-150x150.jpg\",\"caption\":\"Andreia Cunha | Lusa\"},\"sameAs\":[\"https:\\\/\\\/www.altominho.tv\\\/site\"],\"url\":\"https:\\\/\\\/www.altominho.tv\\\/site\\\/author\\\/andreiacunhalusa\\\/\"}]}<\/script>\n<!-- \/ Yoast SEO Premium plugin. -->","yoast_head_json":{"title":"Vinte e cinco 'bloggers' portugueses re\u00fanem em livro \"Viagens de uma Vida\"","robots":{"index":"index","follow":"follow","max-snippet":"max-snippet:-1","max-image-preview":"max-image-preview:large","max-video-preview":"max-video-preview:-1"},"canonical":"https:\/\/www.altominho.tv\/site\/2020\/06\/22\/vinte-e-cinco-bloggers-portugueses-reunem-em-livro-viagens-de-uma-vida\/","og_locale":"pt_PT","og_type":"article","og_title":"Vinte e cinco 'bloggers' portugueses re\u00fanem em livro \"Viagens de uma Vida\"","og_description":"Vinte e cinco \u2018bloggers\u2019 de viagem portugueses contam as \u201cViagens de uma Vida\u201d num livro a lan\u00e7ar na ter\u00e7a-feira e que, numa altura em que a pandemia condiciona as desloca\u00e7\u00f5es ao estrangeiro, promete levar os leitores aos cinco continentes. \u201cEste livro leva-nos a 25 pa\u00edses, nos cinco continentes, e proporciona-nos a oportunidade de, neste ver\u00e3o, [&hellip;]","og_url":"https:\/\/www.altominho.tv\/site\/2020\/06\/22\/vinte-e-cinco-bloggers-portugueses-reunem-em-livro-viagens-de-uma-vida\/","og_site_name":"Altominho.tv","article_publisher":"https:\/\/www.facebook.com\/altominhotv","article_published_time":"2020-06-22T12:05:10+00:00","article_modified_time":"2020-06-22T12:05:14+00:00","og_image":[{"width":740,"height":494,"url":"https:\/\/www.altominho.tv\/site\/wp-content\/uploads\/2020\/06\/Castro-Laboreiro-740x494-1.jpg","type":"image\/jpeg"}],"author":"Andreia Cunha | Lusa","twitter_card":"summary_large_image","twitter_creator":"@altominhoTV","twitter_site":"@altominhoTV","twitter_misc":{"Escrito por":"Andreia Cunha | Lusa","Tempo estimado de leitura":"4 minutos"},"schema":{"@context":"https:\/\/schema.org","@graph":[{"@type":"Article","@id":"https:\/\/www.altominho.tv\/site\/2020\/06\/22\/vinte-e-cinco-bloggers-portugueses-reunem-em-livro-viagens-de-uma-vida\/#article","isPartOf":{"@id":"https:\/\/www.altominho.tv\/site\/2020\/06\/22\/vinte-e-cinco-bloggers-portugueses-reunem-em-livro-viagens-de-uma-vida\/"},"author":{"name":"Andreia Cunha | Lusa","@id":"https:\/\/www.altominho.tv\/site\/#\/schema\/person\/dbaf181c01b51ff40c9f461a905d321e"},"headline":"Vinte e cinco &#8216;bloggers&#8217; portugueses re\u00fanem em livro &#8220;Viagens de uma Vida&#8221;","datePublished":"2020-06-22T12:05:10+00:00","dateModified":"2020-06-22T12:05:14+00:00","mainEntityOfPage":{"@id":"https:\/\/www.altominho.tv\/site\/2020\/06\/22\/vinte-e-cinco-bloggers-portugueses-reunem-em-livro-viagens-de-uma-vida\/"},"wordCount":732,"image":{"@id":"https:\/\/www.altominho.tv\/site\/2020\/06\/22\/vinte-e-cinco-bloggers-portugueses-reunem-em-livro-viagens-de-uma-vida\/#primaryimage"},"thumbnailUrl":"https:\/\/www.altominho.tv\/site\/wp-content\/uploads\/2020\/06\/Castro-Laboreiro-740x494-1.jpg","keywords":["Lazer","Sociedade"],"articleSection":["Melga\u00e7o"],"inLanguage":"pt-PT","copyrightYear":"2020","copyrightHolder":{"@id":"https:\/\/www.altominho.tv\/site\/#organization"}},{"@type":"WebPage","@id":"https:\/\/www.altominho.tv\/site\/2020\/06\/22\/vinte-e-cinco-bloggers-portugueses-reunem-em-livro-viagens-de-uma-vida\/","url":"https:\/\/www.altominho.tv\/site\/2020\/06\/22\/vinte-e-cinco-bloggers-portugueses-reunem-em-livro-viagens-de-uma-vida\/","name":"Vinte e cinco 'bloggers' portugueses re\u00fanem em livro \"Viagens de uma Vida\"","isPartOf":{"@id":"https:\/\/www.altominho.tv\/site\/#website"},"primaryImageOfPage":{"@id":"https:\/\/www.altominho.tv\/site\/2020\/06\/22\/vinte-e-cinco-bloggers-portugueses-reunem-em-livro-viagens-de-uma-vida\/#primaryimage"},"image":{"@id":"https:\/\/www.altominho.tv\/site\/2020\/06\/22\/vinte-e-cinco-bloggers-portugueses-reunem-em-livro-viagens-de-uma-vida\/#primaryimage"},"thumbnailUrl":"https:\/\/www.altominho.tv\/site\/wp-content\/uploads\/2020\/06\/Castro-Laboreiro-740x494-1.jpg","datePublished":"2020-06-22T12:05:10+00:00","dateModified":"2020-06-22T12:05:14+00:00","author":{"@id":"https:\/\/www.altominho.tv\/site\/#\/schema\/person\/dbaf181c01b51ff40c9f461a905d321e"},"breadcrumb":{"@id":"https:\/\/www.altominho.tv\/site\/2020\/06\/22\/vinte-e-cinco-bloggers-portugueses-reunem-em-livro-viagens-de-uma-vida\/#breadcrumb"},"inLanguage":"pt-PT","potentialAction":[{"@type":"ReadAction","target":["https:\/\/www.altominho.tv\/site\/2020\/06\/22\/vinte-e-cinco-bloggers-portugueses-reunem-em-livro-viagens-de-uma-vida\/"]}]},{"@type":"ImageObject","inLanguage":"pt-PT","@id":"https:\/\/www.altominho.tv\/site\/2020\/06\/22\/vinte-e-cinco-bloggers-portugueses-reunem-em-livro-viagens-de-uma-vida\/#primaryimage","url":"https:\/\/www.altominho.tv\/site\/wp-content\/uploads\/2020\/06\/Castro-Laboreiro-740x494-1.jpg","contentUrl":"https:\/\/www.altominho.tv\/site\/wp-content\/uploads\/2020\/06\/Castro-Laboreiro-740x494-1.jpg","width":740,"height":494},{"@type":"BreadcrumbList","@id":"https:\/\/www.altominho.tv\/site\/2020\/06\/22\/vinte-e-cinco-bloggers-portugueses-reunem-em-livro-viagens-de-uma-vida\/#breadcrumb","itemListElement":[{"@type":"ListItem","position":1,"name":"In\u00edcio","item":"https:\/\/www.altominho.tv\/site\/"},{"@type":"ListItem","position":2,"name":"Vinte e cinco &#8216;bloggers&#8217; portugueses re\u00fanem em livro &#8220;Viagens de uma Vida&#8221;"}]},{"@type":"WebSite","@id":"https:\/\/www.altominho.tv\/site\/#website","url":"https:\/\/www.altominho.tv\/site\/","name":"Altominho.tv","description":"A sua regi\u00e3o \u00e0 dist\u00e2ncia de um clique...","potentialAction":[{"@type":"SearchAction","target":{"@type":"EntryPoint","urlTemplate":"https:\/\/www.altominho.tv\/site\/?s={search_term_string}"},"query-input":{"@type":"PropertyValueSpecification","valueRequired":true,"valueName":"search_term_string"}}],"inLanguage":"pt-PT"},{"@type":"Person","@id":"https:\/\/www.altominho.tv\/site\/#\/schema\/person\/dbaf181c01b51ff40c9f461a905d321e","name":"Andreia Cunha | Lusa","image":{"@type":"ImageObject","inLanguage":"pt-PT","@id":"https:\/\/www.altominho.tv\/site\/wp-content\/uploads\/2017\/11\/Andreia_Cunha-1-150x150.jpg","url":"https:\/\/www.altominho.tv\/site\/wp-content\/uploads\/2017\/11\/Andreia_Cunha-1-150x150.jpg","contentUrl":"https:\/\/www.altominho.tv\/site\/wp-content\/uploads\/2017\/11\/Andreia_Cunha-1-150x150.jpg","caption":"Andreia Cunha | Lusa"},"sameAs":["https:\/\/www.altominho.tv\/site"],"url":"https:\/\/www.altominho.tv\/site\/author\/andreiacunhalusa\/"}]}},"_links":{"self":[{"href":"https:\/\/www.altominho.tv\/site\/wp-json\/wp\/v2\/posts\/48247","targetHints":{"allow":["GET"]}}],"collection":[{"href":"https:\/\/www.altominho.tv\/site\/wp-json\/wp\/v2\/posts"}],"about":[{"href":"https:\/\/www.altominho.tv\/site\/wp-json\/wp\/v2\/types\/post"}],"author":[{"embeddable":true,"href":"https:\/\/www.altominho.tv\/site\/wp-json\/wp\/v2\/users\/16"}],"replies":[{"embeddable":true,"href":"https:\/\/www.altominho.tv\/site\/wp-json\/wp\/v2\/comments?post=48247"}],"version-history":[{"count":0,"href":"https:\/\/www.altominho.tv\/site\/wp-json\/wp\/v2\/posts\/48247\/revisions"}],"wp:featuredmedia":[{"embeddable":true,"href":"https:\/\/www.altominho.tv\/site\/wp-json\/wp\/v2\/media\/48248"}],"wp:attachment":[{"href":"https:\/\/www.altominho.tv\/site\/wp-json\/wp\/v2\/media?parent=48247"}],"wp:term":[{"taxonomy":"category","embeddable":true,"href":"https:\/\/www.altominho.tv\/site\/wp-json\/wp\/v2\/categories?post=48247"},{"taxonomy":"post_tag","embeddable":true,"href":"https:\/\/www.altominho.tv\/site\/wp-json\/wp\/v2\/tags?post=48247"}],"curies":[{"name":"wp","href":"https:\/\/api.w.org\/{rel}","templated":true}]}}