{"id":48224,"date":"2020-06-20T13:47:13","date_gmt":"2020-06-20T12:47:13","guid":{"rendered":"http:\/\/www.altominho.tv\/site\/?p=48224"},"modified":"2020-06-20T13:47:17","modified_gmt":"2020-06-20T12:47:17","slug":"portugal-com-mais-um-morto-e-mais-377-casos-confirmados","status":"publish","type":"post","link":"https:\/\/www.altominho.tv\/site\/2020\/06\/20\/portugal-com-mais-um-morto-e-mais-377-casos-confirmados\/","title":{"rendered":"Portugal com mais um morto e mais 377 casos confirmados"},"content":{"rendered":"<p>Portugal regista hoje mais um morto relacionado com a covid-19 do que na sexta-feira e mais 377 infetados, a maioria na Regi\u00e3o de Lisboa e Vale do Tejo, segundo o boletim epidemiol\u00f3gico da Dire\u00e7\u00e3o-Geral da Sa\u00fade (DGS).<\/p>\n<p class=\"text-paragraph\">Os dados da DGS indicam 1.528 mortes relacionadas com a covid-19 e 38.841 casos confirmados desde o in\u00edcio da pandemia.<\/p>\n<p class=\"text-paragraph\">Em compara\u00e7\u00e3o com os dados de sexta-feira, hoje constatou-se um aumento de \u00f3bitos de 0,07%. J\u00e1 os casos de infe\u00e7\u00e3o subiram 1%.<\/p>\n<p>A regi\u00e3o de Lisboa e Vale do Tejo continua a ver o n\u00famero de casos aumentar de forma mais expressiva. Esta sexta-feira, houve 282 novas infec\u00e7\u00f5es registadas, correspondentes a cerca de 75% dos novos casos registados a n\u00edvel nacional. O sul do pa\u00eds, onde um surto com origem numa festa Lagos atraiu as aten\u00e7\u00f5es das autoridades se sa\u00fade, houve 19 novos casos, totalizando 499 infec\u00e7\u00f5es desde o in\u00edcio da pandemia.<\/p>\n<p>O boletim da Direc\u00e7\u00e3o-Geral da Sa\u00fade deste s\u00e1bado d\u00e1 ainda conta de um aumento de 19,4% nos casos registados no Alentejo. H\u00e1 agora 363, mais 59 do que na sexta-feira.\u00a0S\u00f3 num lar de Reguengos de Monsaraz, foram registados 56 casos positivos.<\/p>\n","protected":false},"excerpt":{"rendered":"<p>Portugal regista hoje mais um morto relacionado com a covid-19 do que na sexta-feira e mais 377 infetados, a maioria na Regi\u00e3o de Lisboa e Vale do Tejo, segundo o boletim epidemiol\u00f3gico da Dire\u00e7\u00e3o-Geral da Sa\u00fade (DGS). Os dados da DGS indicam 1.528 mortes relacionadas com a covid-19 e 38.841 casos confirmados desde o in\u00edcio [&hellip;]<\/p>\n","protected":false},"author":13,"featured_media":42906,"comment_status":"closed","ping_status":"closed","sticky":false,"template":"","format":"standard","meta":{"_exactmetrics_skip_tracking":false,"_exactmetrics_sitenote_active":false,"_exactmetrics_sitenote_note":"","_exactmetrics_sitenote_category":0,"footnotes":""},"categories":[42722],"tags":[26],"class_list":["post-48224","post","type-post","status-publish","format-standard","has-post-thumbnail","hentry","category-covid-19","tag-saude"],"yoast_head":"<!-- This site is optimized with the Yoast SEO Premium plugin v27.4 (Yoast SEO v27.4) - https:\/\/yoast.com\/product\/yoast-seo-premium-wordpress\/ -->\n<title>Portugal com mais um morto e mais 377 casos confirmados<\/title>\n<meta name=\"robots\" content=\"index, follow, max-snippet:-1, max-image-preview:large, max-video-preview:-1\" \/>\n<link rel=\"canonical\" href=\"https:\/\/www.altominho.tv\/site\/2020\/06\/20\/portugal-com-mais-um-morto-e-mais-377-casos-confirmados\/\" \/>\n<meta property=\"og:locale\" content=\"pt_PT\" \/>\n<meta property=\"og:type\" content=\"article\" \/>\n<meta property=\"og:title\" content=\"Portugal com mais um morto e mais 377 casos confirmados\" \/>\n<meta property=\"og:description\" content=\"Portugal regista hoje mais um morto relacionado com a covid-19 do que na sexta-feira e mais 377 infetados, a maioria na Regi\u00e3o de Lisboa e Vale do Tejo, segundo o boletim epidemiol\u00f3gico da Dire\u00e7\u00e3o-Geral da Sa\u00fade (DGS). Os dados da DGS indicam 1.528 mortes relacionadas com a covid-19 e 38.841 casos confirmados desde o in\u00edcio [&hellip;]\" \/>\n<meta property=\"og:url\" content=\"https:\/\/www.altominho.tv\/site\/2020\/06\/20\/portugal-com-mais-um-morto-e-mais-377-casos-confirmados\/\" \/>\n<meta property=\"og:site_name\" content=\"Altominho.tv\" \/>\n<meta property=\"article:publisher\" content=\"https:\/\/www.facebook.com\/altominhotv\" \/>\n<meta property=\"article:published_time\" content=\"2020-06-20T12:47:13+00:00\" \/>\n<meta property=\"article:modified_time\" content=\"2020-06-20T12:47:17+00:00\" \/>\n<meta property=\"og:image\" content=\"https:\/\/www.altominho.tv\/site\/wp-content\/uploads\/2020\/03\/Conferencia_imprensa_DGS.jpg\" \/>\n\t<meta property=\"og:image:width\" content=\"2078\" \/>\n\t<meta property=\"og:image:height\" content=\"1167\" \/>\n\t<meta property=\"og:image:type\" content=\"image\/jpeg\" \/>\n<meta name=\"author\" content=\"Lusa\" \/>\n<meta name=\"twitter:card\" content=\"summary_large_image\" \/>\n<meta name=\"twitter:creator\" content=\"@altominhoTV\" \/>\n<meta name=\"twitter:site\" content=\"@altominhoTV\" \/>\n<meta name=\"twitter:label1\" content=\"Escrito por\" \/>\n\t<meta name=\"twitter:data1\" content=\"Lusa\" \/>\n\t<meta name=\"twitter:label2\" content=\"Tempo estimado de leitura\" \/>\n\t<meta name=\"twitter:data2\" content=\"1 minuto\" \/>\n<script type=\"application\/ld+json\" class=\"yoast-schema-graph\">{\"@context\":\"https:\\\/\\\/schema.org\",\"@graph\":[{\"@type\":\"Article\",\"@id\":\"https:\\\/\\\/www.altominho.tv\\\/site\\\/2020\\\/06\\\/20\\\/portugal-com-mais-um-morto-e-mais-377-casos-confirmados\\\/#article\",\"isPartOf\":{\"@id\":\"https:\\\/\\\/www.altominho.tv\\\/site\\\/2020\\\/06\\\/20\\\/portugal-com-mais-um-morto-e-mais-377-casos-confirmados\\\/\"},\"author\":{\"name\":\"Lusa\",\"@id\":\"https:\\\/\\\/www.altominho.tv\\\/site\\\/#\\\/schema\\\/person\\\/63f693da3e1899361cbe955c46f3232e\"},\"headline\":\"Portugal com mais um morto e mais 377 casos confirmados\",\"datePublished\":\"2020-06-20T12:47:13+00:00\",\"dateModified\":\"2020-06-20T12:47:17+00:00\",\"mainEntityOfPage\":{\"@id\":\"https:\\\/\\\/www.altominho.tv\\\/site\\\/2020\\\/06\\\/20\\\/portugal-com-mais-um-morto-e-mais-377-casos-confirmados\\\/\"},\"wordCount\":206,\"image\":{\"@id\":\"https:\\\/\\\/www.altominho.tv\\\/site\\\/2020\\\/06\\\/20\\\/portugal-com-mais-um-morto-e-mais-377-casos-confirmados\\\/#primaryimage\"},\"thumbnailUrl\":\"https:\\\/\\\/www.altominho.tv\\\/site\\\/wp-content\\\/uploads\\\/2020\\\/03\\\/Conferencia_imprensa_DGS.jpg\",\"keywords\":[\"Sa\u00fade\"],\"articleSection\":[\"Coronav\u00edrus\"],\"inLanguage\":\"pt-PT\",\"copyrightYear\":\"2020\",\"copyrightHolder\":{\"@id\":\"https:\\\/\\\/www.altominho.tv\\\/site\\\/#organization\"}},{\"@type\":\"WebPage\",\"@id\":\"https:\\\/\\\/www.altominho.tv\\\/site\\\/2020\\\/06\\\/20\\\/portugal-com-mais-um-morto-e-mais-377-casos-confirmados\\\/\",\"url\":\"https:\\\/\\\/www.altominho.tv\\\/site\\\/2020\\\/06\\\/20\\\/portugal-com-mais-um-morto-e-mais-377-casos-confirmados\\\/\",\"name\":\"Portugal com mais um morto e mais 377 casos confirmados\",\"isPartOf\":{\"@id\":\"https:\\\/\\\/www.altominho.tv\\\/site\\\/#website\"},\"primaryImageOfPage\":{\"@id\":\"https:\\\/\\\/www.altominho.tv\\\/site\\\/2020\\\/06\\\/20\\\/portugal-com-mais-um-morto-e-mais-377-casos-confirmados\\\/#primaryimage\"},\"image\":{\"@id\":\"https:\\\/\\\/www.altominho.tv\\\/site\\\/2020\\\/06\\\/20\\\/portugal-com-mais-um-morto-e-mais-377-casos-confirmados\\\/#primaryimage\"},\"thumbnailUrl\":\"https:\\\/\\\/www.altominho.tv\\\/site\\\/wp-content\\\/uploads\\\/2020\\\/03\\\/Conferencia_imprensa_DGS.jpg\",\"datePublished\":\"2020-06-20T12:47:13+00:00\",\"dateModified\":\"2020-06-20T12:47:17+00:00\",\"author\":{\"@id\":\"https:\\\/\\\/www.altominho.tv\\\/site\\\/#\\\/schema\\\/person\\\/63f693da3e1899361cbe955c46f3232e\"},\"breadcrumb\":{\"@id\":\"https:\\\/\\\/www.altominho.tv\\\/site\\\/2020\\\/06\\\/20\\\/portugal-com-mais-um-morto-e-mais-377-casos-confirmados\\\/#breadcrumb\"},\"inLanguage\":\"pt-PT\",\"potentialAction\":[{\"@type\":\"ReadAction\",\"target\":[\"https:\\\/\\\/www.altominho.tv\\\/site\\\/2020\\\/06\\\/20\\\/portugal-com-mais-um-morto-e-mais-377-casos-confirmados\\\/\"]}]},{\"@type\":\"ImageObject\",\"inLanguage\":\"pt-PT\",\"@id\":\"https:\\\/\\\/www.altominho.tv\\\/site\\\/2020\\\/06\\\/20\\\/portugal-com-mais-um-morto-e-mais-377-casos-confirmados\\\/#primaryimage\",\"url\":\"https:\\\/\\\/www.altominho.tv\\\/site\\\/wp-content\\\/uploads\\\/2020\\\/03\\\/Conferencia_imprensa_DGS.jpg\",\"contentUrl\":\"https:\\\/\\\/www.altominho.tv\\\/site\\\/wp-content\\\/uploads\\\/2020\\\/03\\\/Conferencia_imprensa_DGS.jpg\",\"width\":2078,\"height\":1167},{\"@type\":\"BreadcrumbList\",\"@id\":\"https:\\\/\\\/www.altominho.tv\\\/site\\\/2020\\\/06\\\/20\\\/portugal-com-mais-um-morto-e-mais-377-casos-confirmados\\\/#breadcrumb\",\"itemListElement\":[{\"@type\":\"ListItem\",\"position\":1,\"name\":\"In\u00edcio\",\"item\":\"https:\\\/\\\/www.altominho.tv\\\/site\\\/\"},{\"@type\":\"ListItem\",\"position\":2,\"name\":\"Portugal com mais um morto e mais 377 casos confirmados\"}]},{\"@type\":\"WebSite\",\"@id\":\"https:\\\/\\\/www.altominho.tv\\\/site\\\/#website\",\"url\":\"https:\\\/\\\/www.altominho.tv\\\/site\\\/\",\"name\":\"Altominho.tv\",\"description\":\"A sua regi\u00e3o \u00e0 dist\u00e2ncia de um clique...\",\"potentialAction\":[{\"@type\":\"SearchAction\",\"target\":{\"@type\":\"EntryPoint\",\"urlTemplate\":\"https:\\\/\\\/www.altominho.tv\\\/site\\\/?s={search_term_string}\"},\"query-input\":{\"@type\":\"PropertyValueSpecification\",\"valueRequired\":true,\"valueName\":\"search_term_string\"}}],\"inLanguage\":\"pt-PT\"},{\"@type\":\"Person\",\"@id\":\"https:\\\/\\\/www.altominho.tv\\\/site\\\/#\\\/schema\\\/person\\\/63f693da3e1899361cbe955c46f3232e\",\"name\":\"Lusa\",\"image\":{\"@type\":\"ImageObject\",\"inLanguage\":\"pt-PT\",\"@id\":\"https:\\\/\\\/www.altominho.tv\\\/site\\\/wp-content\\\/uploads\\\/2019\\\/08\\\/LUSA_Logo.gif\",\"url\":\"https:\\\/\\\/www.altominho.tv\\\/site\\\/wp-content\\\/uploads\\\/2019\\\/08\\\/LUSA_Logo.gif\",\"contentUrl\":\"https:\\\/\\\/www.altominho.tv\\\/site\\\/wp-content\\\/uploads\\\/2019\\\/08\\\/LUSA_Logo.gif\",\"caption\":\"Lusa\"},\"sameAs\":[\"http:\\\/\\\/\\\/\\\/www.altominho.tv\\\/site\"],\"url\":\"https:\\\/\\\/www.altominho.tv\\\/site\\\/author\\\/lusa\\\/\"}]}<\/script>\n<!-- \/ Yoast SEO Premium plugin. -->","yoast_head_json":{"title":"Portugal com mais um morto e mais 377 casos confirmados","robots":{"index":"index","follow":"follow","max-snippet":"max-snippet:-1","max-image-preview":"max-image-preview:large","max-video-preview":"max-video-preview:-1"},"canonical":"https:\/\/www.altominho.tv\/site\/2020\/06\/20\/portugal-com-mais-um-morto-e-mais-377-casos-confirmados\/","og_locale":"pt_PT","og_type":"article","og_title":"Portugal com mais um morto e mais 377 casos confirmados","og_description":"Portugal regista hoje mais um morto relacionado com a covid-19 do que na sexta-feira e mais 377 infetados, a maioria na Regi\u00e3o de Lisboa e Vale do Tejo, segundo o boletim epidemiol\u00f3gico da Dire\u00e7\u00e3o-Geral da Sa\u00fade (DGS). Os dados da DGS indicam 1.528 mortes relacionadas com a covid-19 e 38.841 casos confirmados desde o in\u00edcio [&hellip;]","og_url":"https:\/\/www.altominho.tv\/site\/2020\/06\/20\/portugal-com-mais-um-morto-e-mais-377-casos-confirmados\/","og_site_name":"Altominho.tv","article_publisher":"https:\/\/www.facebook.com\/altominhotv","article_published_time":"2020-06-20T12:47:13+00:00","article_modified_time":"2020-06-20T12:47:17+00:00","og_image":[{"width":2078,"height":1167,"url":"https:\/\/www.altominho.tv\/site\/wp-content\/uploads\/2020\/03\/Conferencia_imprensa_DGS.jpg","type":"image\/jpeg"}],"author":"Lusa","twitter_card":"summary_large_image","twitter_creator":"@altominhoTV","twitter_site":"@altominhoTV","twitter_misc":{"Escrito por":"Lusa","Tempo estimado de leitura":"1 minuto"},"schema":{"@context":"https:\/\/schema.org","@graph":[{"@type":"Article","@id":"https:\/\/www.altominho.tv\/site\/2020\/06\/20\/portugal-com-mais-um-morto-e-mais-377-casos-confirmados\/#article","isPartOf":{"@id":"https:\/\/www.altominho.tv\/site\/2020\/06\/20\/portugal-com-mais-um-morto-e-mais-377-casos-confirmados\/"},"author":{"name":"Lusa","@id":"https:\/\/www.altominho.tv\/site\/#\/schema\/person\/63f693da3e1899361cbe955c46f3232e"},"headline":"Portugal com mais um morto e mais 377 casos confirmados","datePublished":"2020-06-20T12:47:13+00:00","dateModified":"2020-06-20T12:47:17+00:00","mainEntityOfPage":{"@id":"https:\/\/www.altominho.tv\/site\/2020\/06\/20\/portugal-com-mais-um-morto-e-mais-377-casos-confirmados\/"},"wordCount":206,"image":{"@id":"https:\/\/www.altominho.tv\/site\/2020\/06\/20\/portugal-com-mais-um-morto-e-mais-377-casos-confirmados\/#primaryimage"},"thumbnailUrl":"https:\/\/www.altominho.tv\/site\/wp-content\/uploads\/2020\/03\/Conferencia_imprensa_DGS.jpg","keywords":["Sa\u00fade"],"articleSection":["Coronav\u00edrus"],"inLanguage":"pt-PT","copyrightYear":"2020","copyrightHolder":{"@id":"https:\/\/www.altominho.tv\/site\/#organization"}},{"@type":"WebPage","@id":"https:\/\/www.altominho.tv\/site\/2020\/06\/20\/portugal-com-mais-um-morto-e-mais-377-casos-confirmados\/","url":"https:\/\/www.altominho.tv\/site\/2020\/06\/20\/portugal-com-mais-um-morto-e-mais-377-casos-confirmados\/","name":"Portugal com mais um morto e mais 377 casos confirmados","isPartOf":{"@id":"https:\/\/www.altominho.tv\/site\/#website"},"primaryImageOfPage":{"@id":"https:\/\/www.altominho.tv\/site\/2020\/06\/20\/portugal-com-mais-um-morto-e-mais-377-casos-confirmados\/#primaryimage"},"image":{"@id":"https:\/\/www.altominho.tv\/site\/2020\/06\/20\/portugal-com-mais-um-morto-e-mais-377-casos-confirmados\/#primaryimage"},"thumbnailUrl":"https:\/\/www.altominho.tv\/site\/wp-content\/uploads\/2020\/03\/Conferencia_imprensa_DGS.jpg","datePublished":"2020-06-20T12:47:13+00:00","dateModified":"2020-06-20T12:47:17+00:00","author":{"@id":"https:\/\/www.altominho.tv\/site\/#\/schema\/person\/63f693da3e1899361cbe955c46f3232e"},"breadcrumb":{"@id":"https:\/\/www.altominho.tv\/site\/2020\/06\/20\/portugal-com-mais-um-morto-e-mais-377-casos-confirmados\/#breadcrumb"},"inLanguage":"pt-PT","potentialAction":[{"@type":"ReadAction","target":["https:\/\/www.altominho.tv\/site\/2020\/06\/20\/portugal-com-mais-um-morto-e-mais-377-casos-confirmados\/"]}]},{"@type":"ImageObject","inLanguage":"pt-PT","@id":"https:\/\/www.altominho.tv\/site\/2020\/06\/20\/portugal-com-mais-um-morto-e-mais-377-casos-confirmados\/#primaryimage","url":"https:\/\/www.altominho.tv\/site\/wp-content\/uploads\/2020\/03\/Conferencia_imprensa_DGS.jpg","contentUrl":"https:\/\/www.altominho.tv\/site\/wp-content\/uploads\/2020\/03\/Conferencia_imprensa_DGS.jpg","width":2078,"height":1167},{"@type":"BreadcrumbList","@id":"https:\/\/www.altominho.tv\/site\/2020\/06\/20\/portugal-com-mais-um-morto-e-mais-377-casos-confirmados\/#breadcrumb","itemListElement":[{"@type":"ListItem","position":1,"name":"In\u00edcio","item":"https:\/\/www.altominho.tv\/site\/"},{"@type":"ListItem","position":2,"name":"Portugal com mais um morto e mais 377 casos confirmados"}]},{"@type":"WebSite","@id":"https:\/\/www.altominho.tv\/site\/#website","url":"https:\/\/www.altominho.tv\/site\/","name":"Altominho.tv","description":"A sua regi\u00e3o \u00e0 dist\u00e2ncia de um clique...","potentialAction":[{"@type":"SearchAction","target":{"@type":"EntryPoint","urlTemplate":"https:\/\/www.altominho.tv\/site\/?s={search_term_string}"},"query-input":{"@type":"PropertyValueSpecification","valueRequired":true,"valueName":"search_term_string"}}],"inLanguage":"pt-PT"},{"@type":"Person","@id":"https:\/\/www.altominho.tv\/site\/#\/schema\/person\/63f693da3e1899361cbe955c46f3232e","name":"Lusa","image":{"@type":"ImageObject","inLanguage":"pt-PT","@id":"https:\/\/www.altominho.tv\/site\/wp-content\/uploads\/2019\/08\/LUSA_Logo.gif","url":"https:\/\/www.altominho.tv\/site\/wp-content\/uploads\/2019\/08\/LUSA_Logo.gif","contentUrl":"https:\/\/www.altominho.tv\/site\/wp-content\/uploads\/2019\/08\/LUSA_Logo.gif","caption":"Lusa"},"sameAs":["http:\/\/\/\/www.altominho.tv\/site"],"url":"https:\/\/www.altominho.tv\/site\/author\/lusa\/"}]}},"_links":{"self":[{"href":"https:\/\/www.altominho.tv\/site\/wp-json\/wp\/v2\/posts\/48224","targetHints":{"allow":["GET"]}}],"collection":[{"href":"https:\/\/www.altominho.tv\/site\/wp-json\/wp\/v2\/posts"}],"about":[{"href":"https:\/\/www.altominho.tv\/site\/wp-json\/wp\/v2\/types\/post"}],"author":[{"embeddable":true,"href":"https:\/\/www.altominho.tv\/site\/wp-json\/wp\/v2\/users\/13"}],"replies":[{"embeddable":true,"href":"https:\/\/www.altominho.tv\/site\/wp-json\/wp\/v2\/comments?post=48224"}],"version-history":[{"count":0,"href":"https:\/\/www.altominho.tv\/site\/wp-json\/wp\/v2\/posts\/48224\/revisions"}],"wp:featuredmedia":[{"embeddable":true,"href":"https:\/\/www.altominho.tv\/site\/wp-json\/wp\/v2\/media\/42906"}],"wp:attachment":[{"href":"https:\/\/www.altominho.tv\/site\/wp-json\/wp\/v2\/media?parent=48224"}],"wp:term":[{"taxonomy":"category","embeddable":true,"href":"https:\/\/www.altominho.tv\/site\/wp-json\/wp\/v2\/categories?post=48224"},{"taxonomy":"post_tag","embeddable":true,"href":"https:\/\/www.altominho.tv\/site\/wp-json\/wp\/v2\/tags?post=48224"}],"curies":[{"name":"wp","href":"https:\/\/api.w.org\/{rel}","templated":true}]}}