{"id":48205,"date":"2020-06-19T15:09:24","date_gmt":"2020-06-19T14:09:24","guid":{"rendered":"http:\/\/www.altominho.tv\/site\/?p=48205"},"modified":"2020-06-19T15:09:28","modified_gmt":"2020-06-19T14:09:28","slug":"queda-de-tres-metros-faz-um-ferido-grave-em-melgaco","status":"publish","type":"post","link":"https:\/\/www.altominho.tv\/site\/2020\/06\/19\/queda-de-tres-metros-faz-um-ferido-grave-em-melgaco\/","title":{"rendered":"Queda de tr\u00eas metros faz um ferido grave em Melga\u00e7o"},"content":{"rendered":"<p>Um ferido grave foi o resultado de uma queda de uma altura de tr\u00eas metros, que ocorreu esta sexta-feira, na freguesia de Parada do Monte, em Melga\u00e7o.<\/p>\n<p>Fonte do Comando Distrital de Opera\u00e7\u00f5es de Socorro (CDOS) de Viana do Castelo adiantou \u00e0 Altominho TV que s\u00e3o desconhecidas as circunst\u00e2ncias em que ocorreu a queda, mas a v\u00edtima apresentou ferimentos grave e foi transportada de helic\u00f3ptero para o Hospital de Braga.<\/p>\n<p>Segundo informa\u00e7\u00e3o avan\u00e7ada pelo jornal <a href=\"https:\/\/ominho.pt\/ferido-grave-em-acidente-de-trabalho-em-melgaco-transportado-de-helicoptero-para-hospital-de-braga\/?fbclid=IwAR0kaHlwymk5bI7z4txk0PmLggUkqT45hfFg-sdOXEgr602tGgTMzu2tRs8\"><em>O Minho<\/em><\/a>, a v\u00edtima \u00e9 um homem com cerca de 50 anos, que &#8220;estaria a trabalhar em obras&#8221;.<\/p>\n<p>O alerta foi registado \u00e0s 9h02.\u00a0Ao local compareceram quatro operacionais auxiliados por uma ambul\u00e2ncia dos Bombeiros Volunt\u00e1rios de Melga\u00e7o e pela ambul\u00e2ncia de Suporte Imediato de Vida (SIV) de Melga\u00e7o.<\/p>\n","protected":false},"excerpt":{"rendered":"<p>Um ferido grave foi o resultado de uma queda de uma altura de tr\u00eas metros, que ocorreu esta sexta-feira, na freguesia de Parada do Monte, em Melga\u00e7o. Fonte do Comando Distrital de Opera\u00e7\u00f5es de Socorro (CDOS) de Viana do Castelo adiantou \u00e0 Altominho TV que s\u00e3o desconhecidas as circunst\u00e2ncias em que ocorreu a queda, mas [&hellip;]<\/p>\n","protected":false},"author":12,"featured_media":48206,"comment_status":"closed","ping_status":"closed","sticky":false,"template":"","format":"standard","meta":{"_exactmetrics_skip_tracking":false,"_exactmetrics_sitenote_active":false,"_exactmetrics_sitenote_note":"","_exactmetrics_sitenote_category":0,"footnotes":""},"categories":[8],"tags":[27],"class_list":["post-48205","post","type-post","status-publish","format-standard","has-post-thumbnail","hentry","category-melgaco","tag-sociedade"],"yoast_head":"<!-- This site is optimized with the Yoast SEO Premium plugin v27.4 (Yoast SEO v27.4) - https:\/\/yoast.com\/product\/yoast-seo-premium-wordpress\/ -->\n<title>Queda de tr\u00eas metros faz um ferido grave em Melga\u00e7o<\/title>\n<meta name=\"robots\" content=\"index, follow, max-snippet:-1, max-image-preview:large, max-video-preview:-1\" \/>\n<link rel=\"canonical\" href=\"https:\/\/www.altominho.tv\/site\/2020\/06\/19\/queda-de-tres-metros-faz-um-ferido-grave-em-melgaco\/\" \/>\n<meta property=\"og:locale\" content=\"pt_PT\" \/>\n<meta property=\"og:type\" content=\"article\" \/>\n<meta property=\"og:title\" content=\"Queda de tr\u00eas metros faz um ferido grave em Melga\u00e7o\" \/>\n<meta property=\"og:description\" content=\"Um ferido grave foi o resultado de uma queda de uma altura de tr\u00eas metros, que ocorreu esta sexta-feira, na freguesia de Parada do Monte, em Melga\u00e7o. Fonte do Comando Distrital de Opera\u00e7\u00f5es de Socorro (CDOS) de Viana do Castelo adiantou \u00e0 Altominho TV que s\u00e3o desconhecidas as circunst\u00e2ncias em que ocorreu a queda, mas [&hellip;]\" \/>\n<meta property=\"og:url\" content=\"https:\/\/www.altominho.tv\/site\/2020\/06\/19\/queda-de-tres-metros-faz-um-ferido-grave-em-melgaco\/\" \/>\n<meta property=\"og:site_name\" content=\"Altominho.tv\" \/>\n<meta property=\"article:publisher\" content=\"https:\/\/www.facebook.com\/altominhotv\" \/>\n<meta property=\"article:published_time\" content=\"2020-06-19T14:09:24+00:00\" \/>\n<meta property=\"article:modified_time\" content=\"2020-06-19T14:09:28+00:00\" \/>\n<meta property=\"og:image\" content=\"https:\/\/www.altominho.tv\/site\/wp-content\/uploads\/2020\/06\/INEM.jpg\" \/>\n\t<meta property=\"og:image:width\" content=\"1920\" \/>\n\t<meta property=\"og:image:height\" content=\"1080\" \/>\n\t<meta property=\"og:image:type\" content=\"image\/jpeg\" \/>\n<meta name=\"author\" content=\"Andreia Ferreira\" \/>\n<meta name=\"twitter:card\" content=\"summary_large_image\" \/>\n<meta name=\"twitter:creator\" content=\"@altominhoTV\" \/>\n<meta name=\"twitter:site\" content=\"@altominhoTV\" \/>\n<meta name=\"twitter:label1\" content=\"Escrito por\" \/>\n\t<meta name=\"twitter:data1\" content=\"Andreia Ferreira\" \/>\n\t<meta name=\"twitter:label2\" content=\"Tempo estimado de leitura\" \/>\n\t<meta name=\"twitter:data2\" content=\"1 minuto\" \/>\n<script type=\"application\/ld+json\" class=\"yoast-schema-graph\">{\"@context\":\"https:\\\/\\\/schema.org\",\"@graph\":[{\"@type\":\"Article\",\"@id\":\"https:\\\/\\\/www.altominho.tv\\\/site\\\/2020\\\/06\\\/19\\\/queda-de-tres-metros-faz-um-ferido-grave-em-melgaco\\\/#article\",\"isPartOf\":{\"@id\":\"https:\\\/\\\/www.altominho.tv\\\/site\\\/2020\\\/06\\\/19\\\/queda-de-tres-metros-faz-um-ferido-grave-em-melgaco\\\/\"},\"author\":{\"name\":\"Andreia Ferreira\",\"@id\":\"https:\\\/\\\/www.altominho.tv\\\/site\\\/#\\\/schema\\\/person\\\/d9be4265364723f14ea8e0d56a1d38cd\"},\"headline\":\"Queda de tr\u00eas metros faz um ferido grave em Melga\u00e7o\",\"datePublished\":\"2020-06-19T14:09:24+00:00\",\"dateModified\":\"2020-06-19T14:09:28+00:00\",\"mainEntityOfPage\":{\"@id\":\"https:\\\/\\\/www.altominho.tv\\\/site\\\/2020\\\/06\\\/19\\\/queda-de-tres-metros-faz-um-ferido-grave-em-melgaco\\\/\"},\"wordCount\":148,\"image\":{\"@id\":\"https:\\\/\\\/www.altominho.tv\\\/site\\\/2020\\\/06\\\/19\\\/queda-de-tres-metros-faz-um-ferido-grave-em-melgaco\\\/#primaryimage\"},\"thumbnailUrl\":\"https:\\\/\\\/www.altominho.tv\\\/site\\\/wp-content\\\/uploads\\\/2020\\\/06\\\/INEM.jpg\",\"keywords\":[\"Sociedade\"],\"articleSection\":[\"Melga\u00e7o\"],\"inLanguage\":\"pt-PT\",\"copyrightYear\":\"2020\",\"copyrightHolder\":{\"@id\":\"https:\\\/\\\/www.altominho.tv\\\/site\\\/#organization\"}},{\"@type\":\"WebPage\",\"@id\":\"https:\\\/\\\/www.altominho.tv\\\/site\\\/2020\\\/06\\\/19\\\/queda-de-tres-metros-faz-um-ferido-grave-em-melgaco\\\/\",\"url\":\"https:\\\/\\\/www.altominho.tv\\\/site\\\/2020\\\/06\\\/19\\\/queda-de-tres-metros-faz-um-ferido-grave-em-melgaco\\\/\",\"name\":\"Queda de tr\u00eas metros faz um ferido grave em Melga\u00e7o\",\"isPartOf\":{\"@id\":\"https:\\\/\\\/www.altominho.tv\\\/site\\\/#website\"},\"primaryImageOfPage\":{\"@id\":\"https:\\\/\\\/www.altominho.tv\\\/site\\\/2020\\\/06\\\/19\\\/queda-de-tres-metros-faz-um-ferido-grave-em-melgaco\\\/#primaryimage\"},\"image\":{\"@id\":\"https:\\\/\\\/www.altominho.tv\\\/site\\\/2020\\\/06\\\/19\\\/queda-de-tres-metros-faz-um-ferido-grave-em-melgaco\\\/#primaryimage\"},\"thumbnailUrl\":\"https:\\\/\\\/www.altominho.tv\\\/site\\\/wp-content\\\/uploads\\\/2020\\\/06\\\/INEM.jpg\",\"datePublished\":\"2020-06-19T14:09:24+00:00\",\"dateModified\":\"2020-06-19T14:09:28+00:00\",\"author\":{\"@id\":\"https:\\\/\\\/www.altominho.tv\\\/site\\\/#\\\/schema\\\/person\\\/d9be4265364723f14ea8e0d56a1d38cd\"},\"breadcrumb\":{\"@id\":\"https:\\\/\\\/www.altominho.tv\\\/site\\\/2020\\\/06\\\/19\\\/queda-de-tres-metros-faz-um-ferido-grave-em-melgaco\\\/#breadcrumb\"},\"inLanguage\":\"pt-PT\",\"potentialAction\":[{\"@type\":\"ReadAction\",\"target\":[\"https:\\\/\\\/www.altominho.tv\\\/site\\\/2020\\\/06\\\/19\\\/queda-de-tres-metros-faz-um-ferido-grave-em-melgaco\\\/\"]}]},{\"@type\":\"ImageObject\",\"inLanguage\":\"pt-PT\",\"@id\":\"https:\\\/\\\/www.altominho.tv\\\/site\\\/2020\\\/06\\\/19\\\/queda-de-tres-metros-faz-um-ferido-grave-em-melgaco\\\/#primaryimage\",\"url\":\"https:\\\/\\\/www.altominho.tv\\\/site\\\/wp-content\\\/uploads\\\/2020\\\/06\\\/INEM.jpg\",\"contentUrl\":\"https:\\\/\\\/www.altominho.tv\\\/site\\\/wp-content\\\/uploads\\\/2020\\\/06\\\/INEM.jpg\",\"width\":1920,\"height\":1080},{\"@type\":\"BreadcrumbList\",\"@id\":\"https:\\\/\\\/www.altominho.tv\\\/site\\\/2020\\\/06\\\/19\\\/queda-de-tres-metros-faz-um-ferido-grave-em-melgaco\\\/#breadcrumb\",\"itemListElement\":[{\"@type\":\"ListItem\",\"position\":1,\"name\":\"In\u00edcio\",\"item\":\"https:\\\/\\\/www.altominho.tv\\\/site\\\/\"},{\"@type\":\"ListItem\",\"position\":2,\"name\":\"Queda de tr\u00eas metros faz um ferido grave em Melga\u00e7o\"}]},{\"@type\":\"WebSite\",\"@id\":\"https:\\\/\\\/www.altominho.tv\\\/site\\\/#website\",\"url\":\"https:\\\/\\\/www.altominho.tv\\\/site\\\/\",\"name\":\"Altominho.tv\",\"description\":\"A sua regi\u00e3o \u00e0 dist\u00e2ncia de um clique...\",\"potentialAction\":[{\"@type\":\"SearchAction\",\"target\":{\"@type\":\"EntryPoint\",\"urlTemplate\":\"https:\\\/\\\/www.altominho.tv\\\/site\\\/?s={search_term_string}\"},\"query-input\":{\"@type\":\"PropertyValueSpecification\",\"valueRequired\":true,\"valueName\":\"search_term_string\"}}],\"inLanguage\":\"pt-PT\"},{\"@type\":\"Person\",\"@id\":\"https:\\\/\\\/www.altominho.tv\\\/site\\\/#\\\/schema\\\/person\\\/d9be4265364723f14ea8e0d56a1d38cd\",\"name\":\"Andreia Ferreira\",\"image\":{\"@type\":\"ImageObject\",\"inLanguage\":\"pt-PT\",\"@id\":\"https:\\\/\\\/www.altominho.tv\\\/site\\\/wp-content\\\/uploads\\\/2021\\\/01\\\/AndreiaFerreira-150x150.jpg\",\"url\":\"https:\\\/\\\/www.altominho.tv\\\/site\\\/wp-content\\\/uploads\\\/2021\\\/01\\\/AndreiaFerreira-150x150.jpg\",\"contentUrl\":\"https:\\\/\\\/www.altominho.tv\\\/site\\\/wp-content\\\/uploads\\\/2021\\\/01\\\/AndreiaFerreira-150x150.jpg\",\"caption\":\"Andreia Ferreira\"},\"url\":\"https:\\\/\\\/www.altominho.tv\\\/site\\\/author\\\/andreiaferreira\\\/\"}]}<\/script>\n<!-- \/ Yoast SEO Premium plugin. -->","yoast_head_json":{"title":"Queda de tr\u00eas metros faz um ferido grave em Melga\u00e7o","robots":{"index":"index","follow":"follow","max-snippet":"max-snippet:-1","max-image-preview":"max-image-preview:large","max-video-preview":"max-video-preview:-1"},"canonical":"https:\/\/www.altominho.tv\/site\/2020\/06\/19\/queda-de-tres-metros-faz-um-ferido-grave-em-melgaco\/","og_locale":"pt_PT","og_type":"article","og_title":"Queda de tr\u00eas metros faz um ferido grave em Melga\u00e7o","og_description":"Um ferido grave foi o resultado de uma queda de uma altura de tr\u00eas metros, que ocorreu esta sexta-feira, na freguesia de Parada do Monte, em Melga\u00e7o. Fonte do Comando Distrital de Opera\u00e7\u00f5es de Socorro (CDOS) de Viana do Castelo adiantou \u00e0 Altominho TV que s\u00e3o desconhecidas as circunst\u00e2ncias em que ocorreu a queda, mas [&hellip;]","og_url":"https:\/\/www.altominho.tv\/site\/2020\/06\/19\/queda-de-tres-metros-faz-um-ferido-grave-em-melgaco\/","og_site_name":"Altominho.tv","article_publisher":"https:\/\/www.facebook.com\/altominhotv","article_published_time":"2020-06-19T14:09:24+00:00","article_modified_time":"2020-06-19T14:09:28+00:00","og_image":[{"width":1920,"height":1080,"url":"https:\/\/www.altominho.tv\/site\/wp-content\/uploads\/2020\/06\/INEM.jpg","type":"image\/jpeg"}],"author":"Andreia Ferreira","twitter_card":"summary_large_image","twitter_creator":"@altominhoTV","twitter_site":"@altominhoTV","twitter_misc":{"Escrito por":"Andreia Ferreira","Tempo estimado de leitura":"1 minuto"},"schema":{"@context":"https:\/\/schema.org","@graph":[{"@type":"Article","@id":"https:\/\/www.altominho.tv\/site\/2020\/06\/19\/queda-de-tres-metros-faz-um-ferido-grave-em-melgaco\/#article","isPartOf":{"@id":"https:\/\/www.altominho.tv\/site\/2020\/06\/19\/queda-de-tres-metros-faz-um-ferido-grave-em-melgaco\/"},"author":{"name":"Andreia Ferreira","@id":"https:\/\/www.altominho.tv\/site\/#\/schema\/person\/d9be4265364723f14ea8e0d56a1d38cd"},"headline":"Queda de tr\u00eas metros faz um ferido grave em Melga\u00e7o","datePublished":"2020-06-19T14:09:24+00:00","dateModified":"2020-06-19T14:09:28+00:00","mainEntityOfPage":{"@id":"https:\/\/www.altominho.tv\/site\/2020\/06\/19\/queda-de-tres-metros-faz-um-ferido-grave-em-melgaco\/"},"wordCount":148,"image":{"@id":"https:\/\/www.altominho.tv\/site\/2020\/06\/19\/queda-de-tres-metros-faz-um-ferido-grave-em-melgaco\/#primaryimage"},"thumbnailUrl":"https:\/\/www.altominho.tv\/site\/wp-content\/uploads\/2020\/06\/INEM.jpg","keywords":["Sociedade"],"articleSection":["Melga\u00e7o"],"inLanguage":"pt-PT","copyrightYear":"2020","copyrightHolder":{"@id":"https:\/\/www.altominho.tv\/site\/#organization"}},{"@type":"WebPage","@id":"https:\/\/www.altominho.tv\/site\/2020\/06\/19\/queda-de-tres-metros-faz-um-ferido-grave-em-melgaco\/","url":"https:\/\/www.altominho.tv\/site\/2020\/06\/19\/queda-de-tres-metros-faz-um-ferido-grave-em-melgaco\/","name":"Queda de tr\u00eas metros faz um ferido grave em Melga\u00e7o","isPartOf":{"@id":"https:\/\/www.altominho.tv\/site\/#website"},"primaryImageOfPage":{"@id":"https:\/\/www.altominho.tv\/site\/2020\/06\/19\/queda-de-tres-metros-faz-um-ferido-grave-em-melgaco\/#primaryimage"},"image":{"@id":"https:\/\/www.altominho.tv\/site\/2020\/06\/19\/queda-de-tres-metros-faz-um-ferido-grave-em-melgaco\/#primaryimage"},"thumbnailUrl":"https:\/\/www.altominho.tv\/site\/wp-content\/uploads\/2020\/06\/INEM.jpg","datePublished":"2020-06-19T14:09:24+00:00","dateModified":"2020-06-19T14:09:28+00:00","author":{"@id":"https:\/\/www.altominho.tv\/site\/#\/schema\/person\/d9be4265364723f14ea8e0d56a1d38cd"},"breadcrumb":{"@id":"https:\/\/www.altominho.tv\/site\/2020\/06\/19\/queda-de-tres-metros-faz-um-ferido-grave-em-melgaco\/#breadcrumb"},"inLanguage":"pt-PT","potentialAction":[{"@type":"ReadAction","target":["https:\/\/www.altominho.tv\/site\/2020\/06\/19\/queda-de-tres-metros-faz-um-ferido-grave-em-melgaco\/"]}]},{"@type":"ImageObject","inLanguage":"pt-PT","@id":"https:\/\/www.altominho.tv\/site\/2020\/06\/19\/queda-de-tres-metros-faz-um-ferido-grave-em-melgaco\/#primaryimage","url":"https:\/\/www.altominho.tv\/site\/wp-content\/uploads\/2020\/06\/INEM.jpg","contentUrl":"https:\/\/www.altominho.tv\/site\/wp-content\/uploads\/2020\/06\/INEM.jpg","width":1920,"height":1080},{"@type":"BreadcrumbList","@id":"https:\/\/www.altominho.tv\/site\/2020\/06\/19\/queda-de-tres-metros-faz-um-ferido-grave-em-melgaco\/#breadcrumb","itemListElement":[{"@type":"ListItem","position":1,"name":"In\u00edcio","item":"https:\/\/www.altominho.tv\/site\/"},{"@type":"ListItem","position":2,"name":"Queda de tr\u00eas metros faz um ferido grave em Melga\u00e7o"}]},{"@type":"WebSite","@id":"https:\/\/www.altominho.tv\/site\/#website","url":"https:\/\/www.altominho.tv\/site\/","name":"Altominho.tv","description":"A sua regi\u00e3o \u00e0 dist\u00e2ncia de um clique...","potentialAction":[{"@type":"SearchAction","target":{"@type":"EntryPoint","urlTemplate":"https:\/\/www.altominho.tv\/site\/?s={search_term_string}"},"query-input":{"@type":"PropertyValueSpecification","valueRequired":true,"valueName":"search_term_string"}}],"inLanguage":"pt-PT"},{"@type":"Person","@id":"https:\/\/www.altominho.tv\/site\/#\/schema\/person\/d9be4265364723f14ea8e0d56a1d38cd","name":"Andreia Ferreira","image":{"@type":"ImageObject","inLanguage":"pt-PT","@id":"https:\/\/www.altominho.tv\/site\/wp-content\/uploads\/2021\/01\/AndreiaFerreira-150x150.jpg","url":"https:\/\/www.altominho.tv\/site\/wp-content\/uploads\/2021\/01\/AndreiaFerreira-150x150.jpg","contentUrl":"https:\/\/www.altominho.tv\/site\/wp-content\/uploads\/2021\/01\/AndreiaFerreira-150x150.jpg","caption":"Andreia Ferreira"},"url":"https:\/\/www.altominho.tv\/site\/author\/andreiaferreira\/"}]}},"_links":{"self":[{"href":"https:\/\/www.altominho.tv\/site\/wp-json\/wp\/v2\/posts\/48205","targetHints":{"allow":["GET"]}}],"collection":[{"href":"https:\/\/www.altominho.tv\/site\/wp-json\/wp\/v2\/posts"}],"about":[{"href":"https:\/\/www.altominho.tv\/site\/wp-json\/wp\/v2\/types\/post"}],"author":[{"embeddable":true,"href":"https:\/\/www.altominho.tv\/site\/wp-json\/wp\/v2\/users\/12"}],"replies":[{"embeddable":true,"href":"https:\/\/www.altominho.tv\/site\/wp-json\/wp\/v2\/comments?post=48205"}],"version-history":[{"count":0,"href":"https:\/\/www.altominho.tv\/site\/wp-json\/wp\/v2\/posts\/48205\/revisions"}],"wp:featuredmedia":[{"embeddable":true,"href":"https:\/\/www.altominho.tv\/site\/wp-json\/wp\/v2\/media\/48206"}],"wp:attachment":[{"href":"https:\/\/www.altominho.tv\/site\/wp-json\/wp\/v2\/media?parent=48205"}],"wp:term":[{"taxonomy":"category","embeddable":true,"href":"https:\/\/www.altominho.tv\/site\/wp-json\/wp\/v2\/categories?post=48205"},{"taxonomy":"post_tag","embeddable":true,"href":"https:\/\/www.altominho.tv\/site\/wp-json\/wp\/v2\/tags?post=48205"}],"curies":[{"name":"wp","href":"https:\/\/api.w.org\/{rel}","templated":true}]}}