{"id":48152,"date":"2020-06-18T15:22:25","date_gmt":"2020-06-18T14:22:25","guid":{"rendered":"http:\/\/www.altominho.tv\/site\/?p=48152"},"modified":"2020-06-18T15:22:30","modified_gmt":"2020-06-18T14:22:30","slug":"pandemia-esta-controlada-mas-nao-acabou-ordem-dos-medicos","status":"publish","type":"post","link":"https:\/\/www.altominho.tv\/site\/2020\/06\/18\/pandemia-esta-controlada-mas-nao-acabou-ordem-dos-medicos\/","title":{"rendered":"\u201cPandemia est\u00e1 controlada mas n\u00e3o acabou\u201d \u2013 Ordem dos M\u00e9dicos"},"content":{"rendered":"\n<p>O baston\u00e1rio da Ordem dos M\u00e9dicos, Miguel Guimar\u00e3es, sublinhou hoje que a pandemia da covid-19 &#8220;est\u00e1 controlada, mas n\u00e3o acabou&#8221;, apelando para que ningu\u00e9m facilite e defendendo medidas &#8220;mais fortes&#8221; para avi\u00f5es e aeroportos.<\/p>\n\n\n\n<p>&#8220;Esta pandemia est\u00e1 controlada, mas n\u00e3o acabou. N\u00e3o podemos facilitar. Quando facilitamos os surtos acontecem. Temos de manter as medidas preconizadas pela Dire\u00e7\u00e3o-Geral da Sa\u00fade e temos o problema dos avi\u00f5es, o que daria para falar muito tempo. S\u00e3o um problema que se calhar vamos ter de controlar com medidas acess\u00f3rias&#8221;, referiu Miguel Guimar\u00e3es.<\/p>\n\n\n\n<p>O baston\u00e1rio da Ordem dos M\u00e9dicos disse que &#8220;nos aeroportos claramente v\u00e3o ter de ser implementadas medidas mais fortes&#8221; e lembrou que &#8220;se nos avi\u00f5es n\u00e3o h\u00e1 distanciamento social&#8221;, ter\u00e3o de ser encontradas &#8220;outras regras&#8221;.<\/p>\n\n\n\n<p>&#8220;As companhias a\u00e9reas s\u00e3o empresas que colocam a seguran\u00e7a ao mais alto n\u00edvel e podem encontrar alternativas para aumentar a seguran\u00e7a. As pessoas que estudam isto v\u00e3o ter de encontrar medidas e v\u00e3o ter de se fazer inqu\u00e9ritos epidemiol\u00f3gicos, podem-se fazer testes e regras grandes num avi\u00e3o. Num voo intercontinental n\u00e3o se pode dar de comer \u00e0s pessoas todas de uma vez&#8221;, exemplificou.<\/p>\n\n\n\n<p>Questionado se considera que Portugal est\u00e1 preparado para uma segunda vaga do surto pelo novo coronav\u00edrus, Miguel Guimar\u00e3es foi direto na resposta afirmativa, falou no refor\u00e7o dos hospitais, no conhecimento &#8220;maior que o mundo vai tendo sobre a doen\u00e7a&#8221;, e no Dia do M\u00e9dico recordou o &#8220;grande desafio&#8221; que est\u00e1 a constituir esta pandemia, elogiando, aplaudindo e agradecendo aos profissionais de sa\u00fade.<\/p>\n\n\n\n<p>&#8220;A Ordem dos M\u00e9dicos na reuni\u00e3o do conselho nacional aprovou uma homenagem grande que vamos fazer a todos os m\u00e9dicos que ir\u00e1 ficar para a hist\u00f3ria, pedirmos uma escultura como homenagem a todos os m\u00e9dicos portugueses&#8221;, revelou.<\/p>\n\n\n\n<p>Miguel Guimar\u00e3es falava aos jornalistas no Porto, \u00e0 sa\u00edda de uma visita aos Hospital de S\u00e3o Jo\u00e3o, unidade hospitalar que recebeu a 02 de mar\u00e7o o primeiro caso de covid-19 em Portugal e na qual, de acordo com dados transmitidos hoje pela Ordem dos M\u00e9dicos, &#8220;\u00e0 altura do pico&#8221; chegaram internados 200 doentes ao mesmo tempo, 80 doentes cr\u00edticos, cerca de 60 em cuidados intensivos e 20 em cuidados interm\u00e9dios.<\/p>\n\n\n\n<p>&#8220;Seguramente este \u00e9 o hospital que mais testes fez nas suas instala\u00e7\u00f5es e o que teve mais doentes. Tratou 2.030 doentes, seguiu em ambulat\u00f3rio 1.700 doentes, teve 1.040 internados e 130 em cuidados intensivos. O Hospital S\u00e3o Jo\u00e3o representa hoje todos os hospitais portugueses e os m\u00e9dicos que c\u00e1 trabalham representam todos os m\u00e9dicos portugueses. Hoje quero-lhes agradecer o trabalho magnifico que fizeram e a capacidade de lideran\u00e7a que existiu&#8221;, disse Miguel Guimar\u00e3es num Dia do M\u00e9dico diferente depois de terem sido canceladas as comemora\u00e7\u00f5es agendadas para Lisboa e Porto.<\/p>\n\n\n\n<p>Portugal regista hoje mais um morto relacionado com a covid-19 do que na quarta-feira e mais 417 infetados, a maioria na Regi\u00e3o de Lisboa e Vale do Tejo, segundo o boletim epidemiol\u00f3gico da Dire\u00e7\u00e3o-Geral da Sa\u00fade (DGS).<\/p>\n\n\n\n<p>Os dados da DGS indicam um total de 1.524 mortes relacionadas com a covid-19 e de 38.089 casos confirmados.<\/p>\n\n\n\n<p>A doen\u00e7a \u00e9 transmitida por um novo coronav\u00edrus detetado no final de dezembro, em Wuhan, uma cidade do centro da China.<\/p>\n\n\n\n<p>Depois de a Europa ter sucedido \u00e0 China como centro da pandemia em fevereiro, o continente americano \u00e9 agora o que tem mais casos confirmados e mais mortes.<\/p>\n","protected":false},"excerpt":{"rendered":"<p>O baston\u00e1rio da Ordem dos M\u00e9dicos, Miguel Guimar\u00e3es, sublinhou hoje que a pandemia da covid-19 &#8220;est\u00e1 controlada, mas n\u00e3o acabou&#8221;, apelando para que ningu\u00e9m facilite e defendendo medidas &#8220;mais fortes&#8221; para avi\u00f5es e aeroportos. &#8220;Esta pandemia est\u00e1 controlada, mas n\u00e3o acabou. N\u00e3o podemos facilitar. Quando facilitamos os surtos acontecem. Temos de manter as medidas preconizadas [&hellip;]<\/p>\n","protected":false},"author":16,"featured_media":48153,"comment_status":"closed","ping_status":"closed","sticky":false,"template":"","format":"standard","meta":{"_exactmetrics_skip_tracking":false,"_exactmetrics_sitenote_active":false,"_exactmetrics_sitenote_note":"","_exactmetrics_sitenote_category":0,"footnotes":""},"categories":[42722],"tags":[26,27],"class_list":["post-48152","post","type-post","status-publish","format-standard","has-post-thumbnail","hentry","category-covid-19","tag-saude","tag-sociedade"],"yoast_head":"<!-- This site is optimized with the Yoast SEO Premium plugin v27.4 (Yoast SEO v27.4) - https:\/\/yoast.com\/product\/yoast-seo-premium-wordpress\/ -->\n<title>\u201cPandemia est\u00e1 controlada mas n\u00e3o acabou\u201d \u2013 Ordem dos M\u00e9dicos<\/title>\n<meta name=\"robots\" content=\"index, follow, max-snippet:-1, max-image-preview:large, max-video-preview:-1\" \/>\n<link rel=\"canonical\" href=\"https:\/\/www.altominho.tv\/site\/2020\/06\/18\/pandemia-esta-controlada-mas-nao-acabou-ordem-dos-medicos\/\" \/>\n<meta property=\"og:locale\" content=\"pt_PT\" \/>\n<meta property=\"og:type\" content=\"article\" \/>\n<meta property=\"og:title\" content=\"\u201cPandemia est\u00e1 controlada mas n\u00e3o acabou\u201d \u2013 Ordem dos M\u00e9dicos\" \/>\n<meta property=\"og:description\" content=\"O baston\u00e1rio da Ordem dos M\u00e9dicos, Miguel Guimar\u00e3es, sublinhou hoje que a pandemia da covid-19 &#8220;est\u00e1 controlada, mas n\u00e3o acabou&#8221;, apelando para que ningu\u00e9m facilite e defendendo medidas &#8220;mais fortes&#8221; para avi\u00f5es e aeroportos. &#8220;Esta pandemia est\u00e1 controlada, mas n\u00e3o acabou. N\u00e3o podemos facilitar. Quando facilitamos os surtos acontecem. Temos de manter as medidas preconizadas [&hellip;]\" \/>\n<meta property=\"og:url\" content=\"https:\/\/www.altominho.tv\/site\/2020\/06\/18\/pandemia-esta-controlada-mas-nao-acabou-ordem-dos-medicos\/\" \/>\n<meta property=\"og:site_name\" content=\"Altominho.tv\" \/>\n<meta property=\"article:publisher\" content=\"https:\/\/www.facebook.com\/altominhotv\" \/>\n<meta property=\"article:published_time\" content=\"2020-06-18T14:22:25+00:00\" \/>\n<meta property=\"article:modified_time\" content=\"2020-06-18T14:22:30+00:00\" \/>\n<meta property=\"og:image\" content=\"https:\/\/www.altominho.tv\/site\/wp-content\/uploads\/2020\/06\/mg.jpg\" \/>\n\t<meta property=\"og:image:width\" content=\"1200\" \/>\n\t<meta property=\"og:image:height\" content=\"800\" \/>\n\t<meta property=\"og:image:type\" content=\"image\/jpeg\" \/>\n<meta name=\"author\" content=\"Andreia Cunha | Lusa\" \/>\n<meta name=\"twitter:card\" content=\"summary_large_image\" \/>\n<meta name=\"twitter:creator\" content=\"@altominhoTV\" \/>\n<meta name=\"twitter:site\" content=\"@altominhoTV\" \/>\n<meta name=\"twitter:label1\" content=\"Escrito por\" \/>\n\t<meta name=\"twitter:data1\" content=\"Andreia Cunha | Lusa\" \/>\n\t<meta name=\"twitter:label2\" content=\"Tempo estimado de leitura\" \/>\n\t<meta name=\"twitter:data2\" content=\"3 minutos\" \/>\n<script type=\"application\/ld+json\" class=\"yoast-schema-graph\">{\"@context\":\"https:\\\/\\\/schema.org\",\"@graph\":[{\"@type\":\"Article\",\"@id\":\"https:\\\/\\\/www.altominho.tv\\\/site\\\/2020\\\/06\\\/18\\\/pandemia-esta-controlada-mas-nao-acabou-ordem-dos-medicos\\\/#article\",\"isPartOf\":{\"@id\":\"https:\\\/\\\/www.altominho.tv\\\/site\\\/2020\\\/06\\\/18\\\/pandemia-esta-controlada-mas-nao-acabou-ordem-dos-medicos\\\/\"},\"author\":{\"name\":\"Andreia Cunha | Lusa\",\"@id\":\"https:\\\/\\\/www.altominho.tv\\\/site\\\/#\\\/schema\\\/person\\\/dbaf181c01b51ff40c9f461a905d321e\"},\"headline\":\"\u201cPandemia est\u00e1 controlada mas n\u00e3o acabou\u201d \u2013 Ordem dos M\u00e9dicos\",\"datePublished\":\"2020-06-18T14:22:25+00:00\",\"dateModified\":\"2020-06-18T14:22:30+00:00\",\"mainEntityOfPage\":{\"@id\":\"https:\\\/\\\/www.altominho.tv\\\/site\\\/2020\\\/06\\\/18\\\/pandemia-esta-controlada-mas-nao-acabou-ordem-dos-medicos\\\/\"},\"wordCount\":609,\"image\":{\"@id\":\"https:\\\/\\\/www.altominho.tv\\\/site\\\/2020\\\/06\\\/18\\\/pandemia-esta-controlada-mas-nao-acabou-ordem-dos-medicos\\\/#primaryimage\"},\"thumbnailUrl\":\"https:\\\/\\\/www.altominho.tv\\\/site\\\/wp-content\\\/uploads\\\/2020\\\/06\\\/mg.jpg\",\"keywords\":[\"Sa\u00fade\",\"Sociedade\"],\"articleSection\":[\"Coronav\u00edrus\"],\"inLanguage\":\"pt-PT\",\"copyrightYear\":\"2020\",\"copyrightHolder\":{\"@id\":\"https:\\\/\\\/www.altominho.tv\\\/site\\\/#organization\"}},{\"@type\":\"WebPage\",\"@id\":\"https:\\\/\\\/www.altominho.tv\\\/site\\\/2020\\\/06\\\/18\\\/pandemia-esta-controlada-mas-nao-acabou-ordem-dos-medicos\\\/\",\"url\":\"https:\\\/\\\/www.altominho.tv\\\/site\\\/2020\\\/06\\\/18\\\/pandemia-esta-controlada-mas-nao-acabou-ordem-dos-medicos\\\/\",\"name\":\"\u201cPandemia est\u00e1 controlada mas n\u00e3o acabou\u201d \u2013 Ordem dos M\u00e9dicos\",\"isPartOf\":{\"@id\":\"https:\\\/\\\/www.altominho.tv\\\/site\\\/#website\"},\"primaryImageOfPage\":{\"@id\":\"https:\\\/\\\/www.altominho.tv\\\/site\\\/2020\\\/06\\\/18\\\/pandemia-esta-controlada-mas-nao-acabou-ordem-dos-medicos\\\/#primaryimage\"},\"image\":{\"@id\":\"https:\\\/\\\/www.altominho.tv\\\/site\\\/2020\\\/06\\\/18\\\/pandemia-esta-controlada-mas-nao-acabou-ordem-dos-medicos\\\/#primaryimage\"},\"thumbnailUrl\":\"https:\\\/\\\/www.altominho.tv\\\/site\\\/wp-content\\\/uploads\\\/2020\\\/06\\\/mg.jpg\",\"datePublished\":\"2020-06-18T14:22:25+00:00\",\"dateModified\":\"2020-06-18T14:22:30+00:00\",\"author\":{\"@id\":\"https:\\\/\\\/www.altominho.tv\\\/site\\\/#\\\/schema\\\/person\\\/dbaf181c01b51ff40c9f461a905d321e\"},\"breadcrumb\":{\"@id\":\"https:\\\/\\\/www.altominho.tv\\\/site\\\/2020\\\/06\\\/18\\\/pandemia-esta-controlada-mas-nao-acabou-ordem-dos-medicos\\\/#breadcrumb\"},\"inLanguage\":\"pt-PT\",\"potentialAction\":[{\"@type\":\"ReadAction\",\"target\":[\"https:\\\/\\\/www.altominho.tv\\\/site\\\/2020\\\/06\\\/18\\\/pandemia-esta-controlada-mas-nao-acabou-ordem-dos-medicos\\\/\"]}]},{\"@type\":\"ImageObject\",\"inLanguage\":\"pt-PT\",\"@id\":\"https:\\\/\\\/www.altominho.tv\\\/site\\\/2020\\\/06\\\/18\\\/pandemia-esta-controlada-mas-nao-acabou-ordem-dos-medicos\\\/#primaryimage\",\"url\":\"https:\\\/\\\/www.altominho.tv\\\/site\\\/wp-content\\\/uploads\\\/2020\\\/06\\\/mg.jpg\",\"contentUrl\":\"https:\\\/\\\/www.altominho.tv\\\/site\\\/wp-content\\\/uploads\\\/2020\\\/06\\\/mg.jpg\",\"width\":1200,\"height\":800},{\"@type\":\"BreadcrumbList\",\"@id\":\"https:\\\/\\\/www.altominho.tv\\\/site\\\/2020\\\/06\\\/18\\\/pandemia-esta-controlada-mas-nao-acabou-ordem-dos-medicos\\\/#breadcrumb\",\"itemListElement\":[{\"@type\":\"ListItem\",\"position\":1,\"name\":\"In\u00edcio\",\"item\":\"https:\\\/\\\/www.altominho.tv\\\/site\\\/\"},{\"@type\":\"ListItem\",\"position\":2,\"name\":\"\u201cPandemia est\u00e1 controlada mas n\u00e3o acabou\u201d \u2013 Ordem dos M\u00e9dicos\"}]},{\"@type\":\"WebSite\",\"@id\":\"https:\\\/\\\/www.altominho.tv\\\/site\\\/#website\",\"url\":\"https:\\\/\\\/www.altominho.tv\\\/site\\\/\",\"name\":\"Altominho.tv\",\"description\":\"A sua regi\u00e3o \u00e0 dist\u00e2ncia de um clique...\",\"potentialAction\":[{\"@type\":\"SearchAction\",\"target\":{\"@type\":\"EntryPoint\",\"urlTemplate\":\"https:\\\/\\\/www.altominho.tv\\\/site\\\/?s={search_term_string}\"},\"query-input\":{\"@type\":\"PropertyValueSpecification\",\"valueRequired\":true,\"valueName\":\"search_term_string\"}}],\"inLanguage\":\"pt-PT\"},{\"@type\":\"Person\",\"@id\":\"https:\\\/\\\/www.altominho.tv\\\/site\\\/#\\\/schema\\\/person\\\/dbaf181c01b51ff40c9f461a905d321e\",\"name\":\"Andreia Cunha | Lusa\",\"image\":{\"@type\":\"ImageObject\",\"inLanguage\":\"pt-PT\",\"@id\":\"https:\\\/\\\/www.altominho.tv\\\/site\\\/wp-content\\\/uploads\\\/2017\\\/11\\\/Andreia_Cunha-1-150x150.jpg\",\"url\":\"https:\\\/\\\/www.altominho.tv\\\/site\\\/wp-content\\\/uploads\\\/2017\\\/11\\\/Andreia_Cunha-1-150x150.jpg\",\"contentUrl\":\"https:\\\/\\\/www.altominho.tv\\\/site\\\/wp-content\\\/uploads\\\/2017\\\/11\\\/Andreia_Cunha-1-150x150.jpg\",\"caption\":\"Andreia Cunha | Lusa\"},\"sameAs\":[\"https:\\\/\\\/www.altominho.tv\\\/site\"],\"url\":\"https:\\\/\\\/www.altominho.tv\\\/site\\\/author\\\/andreiacunhalusa\\\/\"}]}<\/script>\n<!-- \/ Yoast SEO Premium plugin. -->","yoast_head_json":{"title":"\u201cPandemia est\u00e1 controlada mas n\u00e3o acabou\u201d \u2013 Ordem dos M\u00e9dicos","robots":{"index":"index","follow":"follow","max-snippet":"max-snippet:-1","max-image-preview":"max-image-preview:large","max-video-preview":"max-video-preview:-1"},"canonical":"https:\/\/www.altominho.tv\/site\/2020\/06\/18\/pandemia-esta-controlada-mas-nao-acabou-ordem-dos-medicos\/","og_locale":"pt_PT","og_type":"article","og_title":"\u201cPandemia est\u00e1 controlada mas n\u00e3o acabou\u201d \u2013 Ordem dos M\u00e9dicos","og_description":"O baston\u00e1rio da Ordem dos M\u00e9dicos, Miguel Guimar\u00e3es, sublinhou hoje que a pandemia da covid-19 &#8220;est\u00e1 controlada, mas n\u00e3o acabou&#8221;, apelando para que ningu\u00e9m facilite e defendendo medidas &#8220;mais fortes&#8221; para avi\u00f5es e aeroportos. &#8220;Esta pandemia est\u00e1 controlada, mas n\u00e3o acabou. N\u00e3o podemos facilitar. Quando facilitamos os surtos acontecem. Temos de manter as medidas preconizadas [&hellip;]","og_url":"https:\/\/www.altominho.tv\/site\/2020\/06\/18\/pandemia-esta-controlada-mas-nao-acabou-ordem-dos-medicos\/","og_site_name":"Altominho.tv","article_publisher":"https:\/\/www.facebook.com\/altominhotv","article_published_time":"2020-06-18T14:22:25+00:00","article_modified_time":"2020-06-18T14:22:30+00:00","og_image":[{"width":1200,"height":800,"url":"https:\/\/www.altominho.tv\/site\/wp-content\/uploads\/2020\/06\/mg.jpg","type":"image\/jpeg"}],"author":"Andreia Cunha | Lusa","twitter_card":"summary_large_image","twitter_creator":"@altominhoTV","twitter_site":"@altominhoTV","twitter_misc":{"Escrito por":"Andreia Cunha | Lusa","Tempo estimado de leitura":"3 minutos"},"schema":{"@context":"https:\/\/schema.org","@graph":[{"@type":"Article","@id":"https:\/\/www.altominho.tv\/site\/2020\/06\/18\/pandemia-esta-controlada-mas-nao-acabou-ordem-dos-medicos\/#article","isPartOf":{"@id":"https:\/\/www.altominho.tv\/site\/2020\/06\/18\/pandemia-esta-controlada-mas-nao-acabou-ordem-dos-medicos\/"},"author":{"name":"Andreia Cunha | Lusa","@id":"https:\/\/www.altominho.tv\/site\/#\/schema\/person\/dbaf181c01b51ff40c9f461a905d321e"},"headline":"\u201cPandemia est\u00e1 controlada mas n\u00e3o acabou\u201d \u2013 Ordem dos M\u00e9dicos","datePublished":"2020-06-18T14:22:25+00:00","dateModified":"2020-06-18T14:22:30+00:00","mainEntityOfPage":{"@id":"https:\/\/www.altominho.tv\/site\/2020\/06\/18\/pandemia-esta-controlada-mas-nao-acabou-ordem-dos-medicos\/"},"wordCount":609,"image":{"@id":"https:\/\/www.altominho.tv\/site\/2020\/06\/18\/pandemia-esta-controlada-mas-nao-acabou-ordem-dos-medicos\/#primaryimage"},"thumbnailUrl":"https:\/\/www.altominho.tv\/site\/wp-content\/uploads\/2020\/06\/mg.jpg","keywords":["Sa\u00fade","Sociedade"],"articleSection":["Coronav\u00edrus"],"inLanguage":"pt-PT","copyrightYear":"2020","copyrightHolder":{"@id":"https:\/\/www.altominho.tv\/site\/#organization"}},{"@type":"WebPage","@id":"https:\/\/www.altominho.tv\/site\/2020\/06\/18\/pandemia-esta-controlada-mas-nao-acabou-ordem-dos-medicos\/","url":"https:\/\/www.altominho.tv\/site\/2020\/06\/18\/pandemia-esta-controlada-mas-nao-acabou-ordem-dos-medicos\/","name":"\u201cPandemia est\u00e1 controlada mas n\u00e3o acabou\u201d \u2013 Ordem dos M\u00e9dicos","isPartOf":{"@id":"https:\/\/www.altominho.tv\/site\/#website"},"primaryImageOfPage":{"@id":"https:\/\/www.altominho.tv\/site\/2020\/06\/18\/pandemia-esta-controlada-mas-nao-acabou-ordem-dos-medicos\/#primaryimage"},"image":{"@id":"https:\/\/www.altominho.tv\/site\/2020\/06\/18\/pandemia-esta-controlada-mas-nao-acabou-ordem-dos-medicos\/#primaryimage"},"thumbnailUrl":"https:\/\/www.altominho.tv\/site\/wp-content\/uploads\/2020\/06\/mg.jpg","datePublished":"2020-06-18T14:22:25+00:00","dateModified":"2020-06-18T14:22:30+00:00","author":{"@id":"https:\/\/www.altominho.tv\/site\/#\/schema\/person\/dbaf181c01b51ff40c9f461a905d321e"},"breadcrumb":{"@id":"https:\/\/www.altominho.tv\/site\/2020\/06\/18\/pandemia-esta-controlada-mas-nao-acabou-ordem-dos-medicos\/#breadcrumb"},"inLanguage":"pt-PT","potentialAction":[{"@type":"ReadAction","target":["https:\/\/www.altominho.tv\/site\/2020\/06\/18\/pandemia-esta-controlada-mas-nao-acabou-ordem-dos-medicos\/"]}]},{"@type":"ImageObject","inLanguage":"pt-PT","@id":"https:\/\/www.altominho.tv\/site\/2020\/06\/18\/pandemia-esta-controlada-mas-nao-acabou-ordem-dos-medicos\/#primaryimage","url":"https:\/\/www.altominho.tv\/site\/wp-content\/uploads\/2020\/06\/mg.jpg","contentUrl":"https:\/\/www.altominho.tv\/site\/wp-content\/uploads\/2020\/06\/mg.jpg","width":1200,"height":800},{"@type":"BreadcrumbList","@id":"https:\/\/www.altominho.tv\/site\/2020\/06\/18\/pandemia-esta-controlada-mas-nao-acabou-ordem-dos-medicos\/#breadcrumb","itemListElement":[{"@type":"ListItem","position":1,"name":"In\u00edcio","item":"https:\/\/www.altominho.tv\/site\/"},{"@type":"ListItem","position":2,"name":"\u201cPandemia est\u00e1 controlada mas n\u00e3o acabou\u201d \u2013 Ordem dos M\u00e9dicos"}]},{"@type":"WebSite","@id":"https:\/\/www.altominho.tv\/site\/#website","url":"https:\/\/www.altominho.tv\/site\/","name":"Altominho.tv","description":"A sua regi\u00e3o \u00e0 dist\u00e2ncia de um clique...","potentialAction":[{"@type":"SearchAction","target":{"@type":"EntryPoint","urlTemplate":"https:\/\/www.altominho.tv\/site\/?s={search_term_string}"},"query-input":{"@type":"PropertyValueSpecification","valueRequired":true,"valueName":"search_term_string"}}],"inLanguage":"pt-PT"},{"@type":"Person","@id":"https:\/\/www.altominho.tv\/site\/#\/schema\/person\/dbaf181c01b51ff40c9f461a905d321e","name":"Andreia Cunha | Lusa","image":{"@type":"ImageObject","inLanguage":"pt-PT","@id":"https:\/\/www.altominho.tv\/site\/wp-content\/uploads\/2017\/11\/Andreia_Cunha-1-150x150.jpg","url":"https:\/\/www.altominho.tv\/site\/wp-content\/uploads\/2017\/11\/Andreia_Cunha-1-150x150.jpg","contentUrl":"https:\/\/www.altominho.tv\/site\/wp-content\/uploads\/2017\/11\/Andreia_Cunha-1-150x150.jpg","caption":"Andreia Cunha | Lusa"},"sameAs":["https:\/\/www.altominho.tv\/site"],"url":"https:\/\/www.altominho.tv\/site\/author\/andreiacunhalusa\/"}]}},"_links":{"self":[{"href":"https:\/\/www.altominho.tv\/site\/wp-json\/wp\/v2\/posts\/48152","targetHints":{"allow":["GET"]}}],"collection":[{"href":"https:\/\/www.altominho.tv\/site\/wp-json\/wp\/v2\/posts"}],"about":[{"href":"https:\/\/www.altominho.tv\/site\/wp-json\/wp\/v2\/types\/post"}],"author":[{"embeddable":true,"href":"https:\/\/www.altominho.tv\/site\/wp-json\/wp\/v2\/users\/16"}],"replies":[{"embeddable":true,"href":"https:\/\/www.altominho.tv\/site\/wp-json\/wp\/v2\/comments?post=48152"}],"version-history":[{"count":0,"href":"https:\/\/www.altominho.tv\/site\/wp-json\/wp\/v2\/posts\/48152\/revisions"}],"wp:featuredmedia":[{"embeddable":true,"href":"https:\/\/www.altominho.tv\/site\/wp-json\/wp\/v2\/media\/48153"}],"wp:attachment":[{"href":"https:\/\/www.altominho.tv\/site\/wp-json\/wp\/v2\/media?parent=48152"}],"wp:term":[{"taxonomy":"category","embeddable":true,"href":"https:\/\/www.altominho.tv\/site\/wp-json\/wp\/v2\/categories?post=48152"},{"taxonomy":"post_tag","embeddable":true,"href":"https:\/\/www.altominho.tv\/site\/wp-json\/wp\/v2\/tags?post=48152"}],"curies":[{"name":"wp","href":"https:\/\/api.w.org\/{rel}","templated":true}]}}