{"id":48111,"date":"2020-06-18T11:09:51","date_gmt":"2020-06-18T10:09:51","guid":{"rendered":"http:\/\/www.altominho.tv\/site\/?p=48111"},"modified":"2020-06-18T11:09:55","modified_gmt":"2020-06-18T10:09:55","slug":"piscina-exterior-de-moncao-reabre-na-sexta-feira","status":"publish","type":"post","link":"https:\/\/www.altominho.tv\/site\/2020\/06\/18\/piscina-exterior-de-moncao-reabre-na-sexta-feira\/","title":{"rendered":"Piscina exterior de Mon\u00e7\u00e3o reabre na sexta-feira"},"content":{"rendered":"<p>A piscina descoberta do Parque das Caldas, em Mon\u00e7\u00e3o, reabre esta sexta-feira ao p\u00fablico, com medidas de seguran\u00e7a refor\u00e7adas devido \u00e0 pandemia de Covid-19.<\/p>\n<p>De acordo com as novas regras de utiliza\u00e7\u00e3o, \u00e9 <span class=\"text_exposed_show\">obrigat\u00f3rio o uso de m\u00e1scara, exceto na toalha ou dentro de \u00e1gua, a higieniza\u00e7\u00e3o das m\u00e3os na entrada do cais da piscina, o uso de cal\u00e7ado nos chuveiros, instala\u00e7\u00f5es sanit\u00e1rias e \u00e1reas de circula\u00e7\u00e3o do recinto e a passagem pelo chuveiro, antes de entrar na piscina.<\/span><\/p>\n<p><span class=\"text_exposed_show\">Os utilizadores dever\u00e3o manter uma dist\u00e2ncia m\u00ednima de dois metros na zona de atendimento e \u00e1reas de circula\u00e7\u00e3o e uma dist\u00e2ncia de tr\u00eas metros dentro de \u00e1gua. Tamb\u00e9m dever\u00e1 ocorrer o distanciamento de 1,5 metros entre pessoas que n\u00e3o estejam no mesmo grupo.<br \/>\n<\/span><\/p>\n<p><span class=\"text_exposed_show\">\u00c9 ainda recomendado o uso de \u00f3culos de nata\u00e7\u00e3o e s\u00f3 \u00e9 permitida a entrada na \u00e1gua com o cabelo preso ou de touca.<\/span><\/p>\n<p><span class=\"text_exposed_show\">As instala\u00e7\u00f5es v\u00e3o estar equipadas com \u00e1lcool-gel desinfetante, tanto na entrada do recinto, no cais da piscina como nos sanit\u00e1rios, que ser\u00e3o alvo de higieniza\u00e7\u00e3o e limpeza frequente. A utiliza\u00e7\u00e3o dos balne\u00e1rios n\u00e3o \u00e9 permitida.<\/span><\/p>\n<p><span class=\"text_exposed_show\">O equipamento municipal vai ter uma lota\u00e7\u00e3o m\u00e1xima de 100 pessoas no recinto e de 20 pessoas, por per\u00edodos de 20 minutos, dentro de \u00e1gua. De acordo com o munic\u00edpio, vai ser adotado um sistema de sinaliza\u00e7\u00e3o \u00e0 entrada do recinto, que permite aos utentes obter informa\u00e7\u00e3o sobre a lota\u00e7\u00e3o e ocupa\u00e7\u00e3o do espa\u00e7o, utilizando um c\u00f3digo de cores.<\/span><\/p>\n<p><span class=\"text_exposed_show\">A piscina exterior municipal vai funcionar de segunda-feira a domingo, das 10h00 \u00e0s 12h00 e das 14h00 \u00e0s 19h00. Nos dias 15, 16 e 17 de agosto estar\u00e1 encerrada.<br \/>\n<\/span><\/p>\n","protected":false},"excerpt":{"rendered":"<p>A piscina descoberta do Parque das Caldas, em Mon\u00e7\u00e3o, reabre esta sexta-feira ao p\u00fablico, com medidas de seguran\u00e7a refor\u00e7adas devido \u00e0 pandemia de Covid-19. De acordo com as novas regras de utiliza\u00e7\u00e3o, \u00e9 obrigat\u00f3rio o uso de m\u00e1scara, exceto na toalha ou dentro de \u00e1gua, a higieniza\u00e7\u00e3o das m\u00e3os na entrada do cais da piscina, [&hellip;]<\/p>\n","protected":false},"author":12,"featured_media":48115,"comment_status":"closed","ping_status":"closed","sticky":false,"template":"","format":"standard","meta":{"_exactmetrics_skip_tracking":false,"footnotes":""},"categories":[9],"tags":[24],"class_list":["post-48111","post","type-post","status-publish","format-standard","has-post-thumbnail","hentry","category-moncao","tag-lazer"],"yoast_head":"<!-- This site is optimized with the Yoast SEO Premium plugin v28.3 (Yoast SEO v28.3) - https:\/\/yoast.com\/product\/yoast-seo-premium-wordpress\/ -->\n<title>Piscina exterior de Mon\u00e7\u00e3o reabre na sexta-feira<\/title>\n<meta name=\"robots\" content=\"index, follow, max-snippet:-1, max-image-preview:large, max-video-preview:-1\" \/>\n<link rel=\"canonical\" href=\"https:\/\/www.altominho.tv\/site\/2020\/06\/18\/piscina-exterior-de-moncao-reabre-na-sexta-feira\/\" \/>\n<meta property=\"og:locale\" content=\"pt_PT\" \/>\n<meta property=\"og:type\" content=\"article\" \/>\n<meta property=\"og:title\" content=\"Piscina exterior de Mon\u00e7\u00e3o reabre na sexta-feira\" \/>\n<meta property=\"og:description\" content=\"A piscina descoberta do Parque das Caldas, em Mon\u00e7\u00e3o, reabre esta sexta-feira ao p\u00fablico, com medidas de seguran\u00e7a refor\u00e7adas devido \u00e0 pandemia de Covid-19. De acordo com as novas regras de utiliza\u00e7\u00e3o, \u00e9 obrigat\u00f3rio o uso de m\u00e1scara, exceto na toalha ou dentro de \u00e1gua, a higieniza\u00e7\u00e3o das m\u00e3os na entrada do cais da piscina, [&hellip;]\" \/>\n<meta property=\"og:url\" content=\"https:\/\/www.altominho.tv\/site\/2020\/06\/18\/piscina-exterior-de-moncao-reabre-na-sexta-feira\/\" \/>\n<meta property=\"og:site_name\" content=\"Altominho.tv\" \/>\n<meta property=\"article:publisher\" content=\"https:\/\/www.facebook.com\/altominhotv\" \/>\n<meta property=\"article:published_time\" content=\"2020-06-18T10:09:51+00:00\" \/>\n<meta property=\"article:modified_time\" content=\"2020-06-18T10:09:55+00:00\" \/>\n<meta property=\"og:image\" content=\"https:\/\/www.altominho.tv\/site\/wp-content\/uploads\/2020\/06\/Piscina-exterior-Mon\u00e7\u00e3o.jpg\" \/>\n\t<meta property=\"og:image:width\" content=\"800\" \/>\n\t<meta property=\"og:image:height\" content=\"532\" \/>\n\t<meta property=\"og:image:type\" content=\"image\/jpeg\" \/>\n<meta name=\"author\" content=\"Andreia Ferreira\" \/>\n<meta name=\"twitter:card\" content=\"summary_large_image\" \/>\n<meta name=\"twitter:creator\" content=\"@altominhoTV\" \/>\n<meta name=\"twitter:site\" content=\"@altominhoTV\" \/>\n<meta name=\"twitter:label1\" content=\"Escrito por\" \/>\n\t<meta name=\"twitter:data1\" content=\"Andreia Ferreira\" \/>\n\t<meta name=\"twitter:label2\" content=\"Tempo estimado de leitura\" \/>\n\t<meta name=\"twitter:data2\" content=\"1 minuto\" \/>\n<script type=\"application\/ld+json\" class=\"yoast-schema-graph\">{\"@context\":\"https:\\\/\\\/schema.org\",\"@graph\":[{\"@type\":\"Article\",\"@id\":\"https:\\\/\\\/www.altominho.tv\\\/site\\\/2020\\\/06\\\/18\\\/piscina-exterior-de-moncao-reabre-na-sexta-feira\\\/#article\",\"isPartOf\":{\"@id\":\"https:\\\/\\\/www.altominho.tv\\\/site\\\/2020\\\/06\\\/18\\\/piscina-exterior-de-moncao-reabre-na-sexta-feira\\\/\"},\"author\":{\"name\":\"Andreia Ferreira\",\"@id\":\"https:\\\/\\\/www.altominho.tv\\\/site\\\/#\\\/schema\\\/person\\\/d9be4265364723f14ea8e0d56a1d38cd\"},\"headline\":\"Piscina exterior de Mon\u00e7\u00e3o reabre na sexta-feira\",\"datePublished\":\"2020-06-18T10:09:51+00:00\",\"dateModified\":\"2020-06-18T10:09:55+00:00\",\"mainEntityOfPage\":{\"@id\":\"https:\\\/\\\/www.altominho.tv\\\/site\\\/2020\\\/06\\\/18\\\/piscina-exterior-de-moncao-reabre-na-sexta-feira\\\/\"},\"wordCount\":304,\"image\":{\"@id\":\"https:\\\/\\\/www.altominho.tv\\\/site\\\/2020\\\/06\\\/18\\\/piscina-exterior-de-moncao-reabre-na-sexta-feira\\\/#primaryimage\"},\"thumbnailUrl\":\"https:\\\/\\\/www.altominho.tv\\\/site\\\/wp-content\\\/uploads\\\/2020\\\/06\\\/Piscina-exterior-Mon\u00e7\u00e3o.jpg\",\"keywords\":[\"Lazer\"],\"articleSection\":[\"Mon\u00e7\u00e3o\"],\"inLanguage\":\"pt-PT\",\"copyrightYear\":\"2020\",\"copyrightHolder\":{\"@id\":\"https:\\\/\\\/www.altominho.tv\\\/site\\\/#organization\"}},{\"@type\":\"WebPage\",\"@id\":\"https:\\\/\\\/www.altominho.tv\\\/site\\\/2020\\\/06\\\/18\\\/piscina-exterior-de-moncao-reabre-na-sexta-feira\\\/\",\"url\":\"https:\\\/\\\/www.altominho.tv\\\/site\\\/2020\\\/06\\\/18\\\/piscina-exterior-de-moncao-reabre-na-sexta-feira\\\/\",\"name\":\"Piscina exterior de Mon\u00e7\u00e3o reabre na sexta-feira\",\"isPartOf\":{\"@id\":\"https:\\\/\\\/www.altominho.tv\\\/site\\\/#website\"},\"primaryImageOfPage\":{\"@id\":\"https:\\\/\\\/www.altominho.tv\\\/site\\\/2020\\\/06\\\/18\\\/piscina-exterior-de-moncao-reabre-na-sexta-feira\\\/#primaryimage\"},\"image\":{\"@id\":\"https:\\\/\\\/www.altominho.tv\\\/site\\\/2020\\\/06\\\/18\\\/piscina-exterior-de-moncao-reabre-na-sexta-feira\\\/#primaryimage\"},\"thumbnailUrl\":\"https:\\\/\\\/www.altominho.tv\\\/site\\\/wp-content\\\/uploads\\\/2020\\\/06\\\/Piscina-exterior-Mon\u00e7\u00e3o.jpg\",\"datePublished\":\"2020-06-18T10:09:51+00:00\",\"dateModified\":\"2020-06-18T10:09:55+00:00\",\"author\":{\"@id\":\"https:\\\/\\\/www.altominho.tv\\\/site\\\/#\\\/schema\\\/person\\\/d9be4265364723f14ea8e0d56a1d38cd\"},\"breadcrumb\":{\"@id\":\"https:\\\/\\\/www.altominho.tv\\\/site\\\/2020\\\/06\\\/18\\\/piscina-exterior-de-moncao-reabre-na-sexta-feira\\\/#breadcrumb\"},\"inLanguage\":\"pt-PT\",\"potentialAction\":[{\"@type\":\"ReadAction\",\"target\":[\"https:\\\/\\\/www.altominho.tv\\\/site\\\/2020\\\/06\\\/18\\\/piscina-exterior-de-moncao-reabre-na-sexta-feira\\\/\"]}]},{\"@type\":\"ImageObject\",\"inLanguage\":\"pt-PT\",\"@id\":\"https:\\\/\\\/www.altominho.tv\\\/site\\\/2020\\\/06\\\/18\\\/piscina-exterior-de-moncao-reabre-na-sexta-feira\\\/#primaryimage\",\"url\":\"https:\\\/\\\/www.altominho.tv\\\/site\\\/wp-content\\\/uploads\\\/2020\\\/06\\\/Piscina-exterior-Mon\u00e7\u00e3o.jpg\",\"contentUrl\":\"https:\\\/\\\/www.altominho.tv\\\/site\\\/wp-content\\\/uploads\\\/2020\\\/06\\\/Piscina-exterior-Mon\u00e7\u00e3o.jpg\",\"width\":800,\"height\":532},{\"@type\":\"BreadcrumbList\",\"@id\":\"https:\\\/\\\/www.altominho.tv\\\/site\\\/2020\\\/06\\\/18\\\/piscina-exterior-de-moncao-reabre-na-sexta-feira\\\/#breadcrumb\",\"itemListElement\":[{\"@type\":\"ListItem\",\"position\":1,\"name\":\"In\u00edcio\",\"item\":\"https:\\\/\\\/www.altominho.tv\\\/site\\\/\"},{\"@type\":\"ListItem\",\"position\":2,\"name\":\"Piscina exterior de Mon\u00e7\u00e3o reabre na sexta-feira\"}]},{\"@type\":\"WebSite\",\"@id\":\"https:\\\/\\\/www.altominho.tv\\\/site\\\/#website\",\"url\":\"https:\\\/\\\/www.altominho.tv\\\/site\\\/\",\"name\":\"Altominho.tv\",\"description\":\"A sua regi\u00e3o \u00e0 dist\u00e2ncia de um clique...\",\"potentialAction\":[{\"@type\":\"SearchAction\",\"target\":{\"@type\":\"EntryPoint\",\"urlTemplate\":\"https:\\\/\\\/www.altominho.tv\\\/site\\\/?s={search_term_string}\"},\"query-input\":{\"@type\":\"PropertyValueSpecification\",\"valueRequired\":true,\"valueName\":\"search_term_string\"}}],\"inLanguage\":\"pt-PT\"},{\"@type\":\"Person\",\"@id\":\"https:\\\/\\\/www.altominho.tv\\\/site\\\/#\\\/schema\\\/person\\\/d9be4265364723f14ea8e0d56a1d38cd\",\"name\":\"Andreia Ferreira\",\"image\":{\"@type\":\"ImageObject\",\"inLanguage\":\"pt-PT\",\"@id\":\"https:\\\/\\\/www.altominho.tv\\\/site\\\/wp-content\\\/uploads\\\/2021\\\/01\\\/AndreiaFerreira-150x150.jpg\",\"url\":\"https:\\\/\\\/www.altominho.tv\\\/site\\\/wp-content\\\/uploads\\\/2021\\\/01\\\/AndreiaFerreira-150x150.jpg\",\"contentUrl\":\"https:\\\/\\\/www.altominho.tv\\\/site\\\/wp-content\\\/uploads\\\/2021\\\/01\\\/AndreiaFerreira-150x150.jpg\",\"caption\":\"Andreia Ferreira\"},\"url\":\"https:\\\/\\\/www.altominho.tv\\\/site\\\/author\\\/andreiaferreira\\\/\"}]}<\/script>\n<!-- \/ Yoast SEO Premium plugin. -->","yoast_head_json":{"title":"Piscina exterior de Mon\u00e7\u00e3o reabre na sexta-feira","robots":{"index":"index","follow":"follow","max-snippet":"max-snippet:-1","max-image-preview":"max-image-preview:large","max-video-preview":"max-video-preview:-1"},"canonical":"https:\/\/www.altominho.tv\/site\/2020\/06\/18\/piscina-exterior-de-moncao-reabre-na-sexta-feira\/","og_locale":"pt_PT","og_type":"article","og_title":"Piscina exterior de Mon\u00e7\u00e3o reabre na sexta-feira","og_description":"A piscina descoberta do Parque das Caldas, em Mon\u00e7\u00e3o, reabre esta sexta-feira ao p\u00fablico, com medidas de seguran\u00e7a refor\u00e7adas devido \u00e0 pandemia de Covid-19. De acordo com as novas regras de utiliza\u00e7\u00e3o, \u00e9 obrigat\u00f3rio o uso de m\u00e1scara, exceto na toalha ou dentro de \u00e1gua, a higieniza\u00e7\u00e3o das m\u00e3os na entrada do cais da piscina, [&hellip;]","og_url":"https:\/\/www.altominho.tv\/site\/2020\/06\/18\/piscina-exterior-de-moncao-reabre-na-sexta-feira\/","og_site_name":"Altominho.tv","article_publisher":"https:\/\/www.facebook.com\/altominhotv","article_published_time":"2020-06-18T10:09:51+00:00","article_modified_time":"2020-06-18T10:09:55+00:00","og_image":[{"width":800,"height":532,"url":"https:\/\/www.altominho.tv\/site\/wp-content\/uploads\/2020\/06\/Piscina-exterior-Mon\u00e7\u00e3o.jpg","type":"image\/jpeg"}],"author":"Andreia Ferreira","twitter_card":"summary_large_image","twitter_creator":"@altominhoTV","twitter_site":"@altominhoTV","twitter_misc":{"Escrito por":"Andreia Ferreira","Tempo estimado de leitura":"1 minuto"},"schema":{"@context":"https:\/\/schema.org","@graph":[{"@type":"Article","@id":"https:\/\/www.altominho.tv\/site\/2020\/06\/18\/piscina-exterior-de-moncao-reabre-na-sexta-feira\/#article","isPartOf":{"@id":"https:\/\/www.altominho.tv\/site\/2020\/06\/18\/piscina-exterior-de-moncao-reabre-na-sexta-feira\/"},"author":{"name":"Andreia Ferreira","@id":"https:\/\/www.altominho.tv\/site\/#\/schema\/person\/d9be4265364723f14ea8e0d56a1d38cd"},"headline":"Piscina exterior de Mon\u00e7\u00e3o reabre na sexta-feira","datePublished":"2020-06-18T10:09:51+00:00","dateModified":"2020-06-18T10:09:55+00:00","mainEntityOfPage":{"@id":"https:\/\/www.altominho.tv\/site\/2020\/06\/18\/piscina-exterior-de-moncao-reabre-na-sexta-feira\/"},"wordCount":304,"image":{"@id":"https:\/\/www.altominho.tv\/site\/2020\/06\/18\/piscina-exterior-de-moncao-reabre-na-sexta-feira\/#primaryimage"},"thumbnailUrl":"https:\/\/www.altominho.tv\/site\/wp-content\/uploads\/2020\/06\/Piscina-exterior-Mon\u00e7\u00e3o.jpg","keywords":["Lazer"],"articleSection":["Mon\u00e7\u00e3o"],"inLanguage":"pt-PT","copyrightYear":"2020","copyrightHolder":{"@id":"https:\/\/www.altominho.tv\/site\/#organization"}},{"@type":"WebPage","@id":"https:\/\/www.altominho.tv\/site\/2020\/06\/18\/piscina-exterior-de-moncao-reabre-na-sexta-feira\/","url":"https:\/\/www.altominho.tv\/site\/2020\/06\/18\/piscina-exterior-de-moncao-reabre-na-sexta-feira\/","name":"Piscina exterior de Mon\u00e7\u00e3o reabre na sexta-feira","isPartOf":{"@id":"https:\/\/www.altominho.tv\/site\/#website"},"primaryImageOfPage":{"@id":"https:\/\/www.altominho.tv\/site\/2020\/06\/18\/piscina-exterior-de-moncao-reabre-na-sexta-feira\/#primaryimage"},"image":{"@id":"https:\/\/www.altominho.tv\/site\/2020\/06\/18\/piscina-exterior-de-moncao-reabre-na-sexta-feira\/#primaryimage"},"thumbnailUrl":"https:\/\/www.altominho.tv\/site\/wp-content\/uploads\/2020\/06\/Piscina-exterior-Mon\u00e7\u00e3o.jpg","datePublished":"2020-06-18T10:09:51+00:00","dateModified":"2020-06-18T10:09:55+00:00","author":{"@id":"https:\/\/www.altominho.tv\/site\/#\/schema\/person\/d9be4265364723f14ea8e0d56a1d38cd"},"breadcrumb":{"@id":"https:\/\/www.altominho.tv\/site\/2020\/06\/18\/piscina-exterior-de-moncao-reabre-na-sexta-feira\/#breadcrumb"},"inLanguage":"pt-PT","potentialAction":[{"@type":"ReadAction","target":["https:\/\/www.altominho.tv\/site\/2020\/06\/18\/piscina-exterior-de-moncao-reabre-na-sexta-feira\/"]}]},{"@type":"ImageObject","inLanguage":"pt-PT","@id":"https:\/\/www.altominho.tv\/site\/2020\/06\/18\/piscina-exterior-de-moncao-reabre-na-sexta-feira\/#primaryimage","url":"https:\/\/www.altominho.tv\/site\/wp-content\/uploads\/2020\/06\/Piscina-exterior-Mon\u00e7\u00e3o.jpg","contentUrl":"https:\/\/www.altominho.tv\/site\/wp-content\/uploads\/2020\/06\/Piscina-exterior-Mon\u00e7\u00e3o.jpg","width":800,"height":532},{"@type":"BreadcrumbList","@id":"https:\/\/www.altominho.tv\/site\/2020\/06\/18\/piscina-exterior-de-moncao-reabre-na-sexta-feira\/#breadcrumb","itemListElement":[{"@type":"ListItem","position":1,"name":"In\u00edcio","item":"https:\/\/www.altominho.tv\/site\/"},{"@type":"ListItem","position":2,"name":"Piscina exterior de Mon\u00e7\u00e3o reabre na sexta-feira"}]},{"@type":"WebSite","@id":"https:\/\/www.altominho.tv\/site\/#website","url":"https:\/\/www.altominho.tv\/site\/","name":"Altominho.tv","description":"A sua regi\u00e3o \u00e0 dist\u00e2ncia de um clique...","potentialAction":[{"@type":"SearchAction","target":{"@type":"EntryPoint","urlTemplate":"https:\/\/www.altominho.tv\/site\/?s={search_term_string}"},"query-input":{"@type":"PropertyValueSpecification","valueRequired":true,"valueName":"search_term_string"}}],"inLanguage":"pt-PT"},{"@type":"Person","@id":"https:\/\/www.altominho.tv\/site\/#\/schema\/person\/d9be4265364723f14ea8e0d56a1d38cd","name":"Andreia Ferreira","image":{"@type":"ImageObject","inLanguage":"pt-PT","@id":"https:\/\/www.altominho.tv\/site\/wp-content\/uploads\/2021\/01\/AndreiaFerreira-150x150.jpg","url":"https:\/\/www.altominho.tv\/site\/wp-content\/uploads\/2021\/01\/AndreiaFerreira-150x150.jpg","contentUrl":"https:\/\/www.altominho.tv\/site\/wp-content\/uploads\/2021\/01\/AndreiaFerreira-150x150.jpg","caption":"Andreia Ferreira"},"url":"https:\/\/www.altominho.tv\/site\/author\/andreiaferreira\/"}]}},"_links":{"self":[{"href":"https:\/\/www.altominho.tv\/site\/wp-json\/wp\/v2\/posts\/48111","targetHints":{"allow":["GET"]}}],"collection":[{"href":"https:\/\/www.altominho.tv\/site\/wp-json\/wp\/v2\/posts"}],"about":[{"href":"https:\/\/www.altominho.tv\/site\/wp-json\/wp\/v2\/types\/post"}],"author":[{"embeddable":true,"href":"https:\/\/www.altominho.tv\/site\/wp-json\/wp\/v2\/users\/12"}],"replies":[{"embeddable":true,"href":"https:\/\/www.altominho.tv\/site\/wp-json\/wp\/v2\/comments?post=48111"}],"version-history":[{"count":0,"href":"https:\/\/www.altominho.tv\/site\/wp-json\/wp\/v2\/posts\/48111\/revisions"}],"wp:featuredmedia":[{"embeddable":true,"href":"https:\/\/www.altominho.tv\/site\/wp-json\/wp\/v2\/media\/48115"}],"wp:attachment":[{"href":"https:\/\/www.altominho.tv\/site\/wp-json\/wp\/v2\/media?parent=48111"}],"wp:term":[{"taxonomy":"category","embeddable":true,"href":"https:\/\/www.altominho.tv\/site\/wp-json\/wp\/v2\/categories?post=48111"},{"taxonomy":"post_tag","embeddable":true,"href":"https:\/\/www.altominho.tv\/site\/wp-json\/wp\/v2\/tags?post=48111"}],"curies":[{"name":"wp","href":"https:\/\/api.w.org\/{rel}","templated":true}]}}