{"id":48092,"date":"2020-06-17T14:07:43","date_gmt":"2020-06-17T13:07:43","guid":{"rendered":"http:\/\/www.altominho.tv\/site\/?p=48092"},"modified":"2020-06-17T14:07:46","modified_gmt":"2020-06-17T13:07:46","slug":"pj-detem-suspeito-de-cinco-incendios-florestais-em-melgaco","status":"publish","type":"post","link":"https:\/\/www.altominho.tv\/site\/2020\/06\/17\/pj-detem-suspeito-de-cinco-incendios-florestais-em-melgaco\/","title":{"rendered":"PJ det\u00e9m suspeito de cinco inc\u00eandios florestais em Melga\u00e7o"},"content":{"rendered":"<p>Um homem foi detido pela Pol\u00edcia Judici\u00e1ria (PJ) por suspeita de ter ateado cinco inc\u00eandios florestais, em Melga\u00e7o.<\/p>\n<p>O Departamento de Investiga\u00e7\u00e3o Criminal de Braga explica, em comunicado, que &#8220;identificou e deteve, fora de flagrante delito, o presum\u00edvel autor de cinco inc\u00eandios florestais, tendo um ocorrido no dia 31 de maio passado e os restantes quatro durante a noite dos dias anteriores, numa freguesia do concelho de Melga\u00e7o<span style=\"font-size: inherit\">&#8220;.<\/span><\/p>\n<p>&#8220;Os inc\u00eandios consumiram mato e arvoredo, n\u00e3o tendo atingido propor\u00e7\u00f5es significativas devido \u00e0 interven\u00e7\u00e3o dos Bombeiros&#8221;, especifica a PJ.<\/p>\n<p>Segundo aquela for\u00e7a policial, o homem de 26 anos, trolha de profiss\u00e3o e residente na freguesia onde ateou os inc\u00eandios,\u00a0recorreu a chama direta para a respetiva igni\u00e7\u00e3o.<\/p>\n<p>A PJ refere ainda que as dilig\u00eancias realizadas permitiram a recolha de substanciais elementos de prova, que conduziram \u00e0 deten\u00e7\u00e3o do indiv\u00edduo.<\/p>\n<p>O detido vai ser presente esta quarta-feira \u00e0 autoridade judici\u00e1ria competente para primeiro interrogat\u00f3rio de arguido e aplica\u00e7\u00e3o de medidas de coa\u00e7\u00e3o.<\/p>\n","protected":false},"excerpt":{"rendered":"<p>Um homem foi detido pela Pol\u00edcia Judici\u00e1ria (PJ) por suspeita de ter ateado cinco inc\u00eandios florestais, em Melga\u00e7o. O Departamento de Investiga\u00e7\u00e3o Criminal de Braga explica, em comunicado, que &#8220;identificou e deteve, fora de flagrante delito, o presum\u00edvel autor de cinco inc\u00eandios florestais, tendo um ocorrido no dia 31 de maio passado e os restantes [&hellip;]<\/p>\n","protected":false},"author":12,"featured_media":48093,"comment_status":"closed","ping_status":"closed","sticky":false,"template":"","format":"standard","meta":{"_exactmetrics_skip_tracking":false,"_exactmetrics_sitenote_active":false,"_exactmetrics_sitenote_note":"","_exactmetrics_sitenote_category":0,"footnotes":""},"categories":[8],"tags":[27],"class_list":["post-48092","post","type-post","status-publish","format-standard","has-post-thumbnail","hentry","category-melgaco","tag-sociedade"],"yoast_head":"<!-- This site is optimized with the Yoast SEO Premium plugin v27.4 (Yoast SEO v27.4) - https:\/\/yoast.com\/product\/yoast-seo-premium-wordpress\/ -->\n<title>PJ det\u00e9m suspeito de cinco inc\u00eandios florestais em Melga\u00e7o<\/title>\n<meta name=\"robots\" content=\"index, follow, max-snippet:-1, max-image-preview:large, max-video-preview:-1\" \/>\n<link rel=\"canonical\" href=\"https:\/\/www.altominho.tv\/site\/2020\/06\/17\/pj-detem-suspeito-de-cinco-incendios-florestais-em-melgaco\/\" \/>\n<meta property=\"og:locale\" content=\"pt_PT\" \/>\n<meta property=\"og:type\" content=\"article\" \/>\n<meta property=\"og:title\" content=\"PJ det\u00e9m suspeito de cinco inc\u00eandios florestais em Melga\u00e7o\" \/>\n<meta property=\"og:description\" content=\"Um homem foi detido pela Pol\u00edcia Judici\u00e1ria (PJ) por suspeita de ter ateado cinco inc\u00eandios florestais, em Melga\u00e7o. O Departamento de Investiga\u00e7\u00e3o Criminal de Braga explica, em comunicado, que &#8220;identificou e deteve, fora de flagrante delito, o presum\u00edvel autor de cinco inc\u00eandios florestais, tendo um ocorrido no dia 31 de maio passado e os restantes [&hellip;]\" \/>\n<meta property=\"og:url\" content=\"https:\/\/www.altominho.tv\/site\/2020\/06\/17\/pj-detem-suspeito-de-cinco-incendios-florestais-em-melgaco\/\" \/>\n<meta property=\"og:site_name\" content=\"Altominho.tv\" \/>\n<meta property=\"article:publisher\" content=\"https:\/\/www.facebook.com\/altominhotv\" \/>\n<meta property=\"article:published_time\" content=\"2020-06-17T13:07:43+00:00\" \/>\n<meta property=\"article:modified_time\" content=\"2020-06-17T13:07:46+00:00\" \/>\n<meta property=\"og:image\" content=\"https:\/\/www.altominho.tv\/site\/wp-content\/uploads\/2020\/06\/incendio-2-740x416-1.jpg\" \/>\n\t<meta property=\"og:image:width\" content=\"740\" \/>\n\t<meta property=\"og:image:height\" content=\"416\" \/>\n\t<meta property=\"og:image:type\" content=\"image\/jpeg\" \/>\n<meta name=\"author\" content=\"Andreia Ferreira\" \/>\n<meta name=\"twitter:card\" content=\"summary_large_image\" \/>\n<meta name=\"twitter:creator\" content=\"@altominhoTV\" \/>\n<meta name=\"twitter:site\" content=\"@altominhoTV\" \/>\n<meta name=\"twitter:label1\" content=\"Escrito por\" \/>\n\t<meta name=\"twitter:data1\" content=\"Andreia Ferreira\" \/>\n\t<meta name=\"twitter:label2\" content=\"Tempo estimado de leitura\" \/>\n\t<meta name=\"twitter:data2\" content=\"1 minuto\" \/>\n<script type=\"application\/ld+json\" class=\"yoast-schema-graph\">{\"@context\":\"https:\\\/\\\/schema.org\",\"@graph\":[{\"@type\":\"Article\",\"@id\":\"https:\\\/\\\/www.altominho.tv\\\/site\\\/2020\\\/06\\\/17\\\/pj-detem-suspeito-de-cinco-incendios-florestais-em-melgaco\\\/#article\",\"isPartOf\":{\"@id\":\"https:\\\/\\\/www.altominho.tv\\\/site\\\/2020\\\/06\\\/17\\\/pj-detem-suspeito-de-cinco-incendios-florestais-em-melgaco\\\/\"},\"author\":{\"name\":\"Andreia Ferreira\",\"@id\":\"https:\\\/\\\/www.altominho.tv\\\/site\\\/#\\\/schema\\\/person\\\/d9be4265364723f14ea8e0d56a1d38cd\"},\"headline\":\"PJ det\u00e9m suspeito de cinco inc\u00eandios florestais em Melga\u00e7o\",\"datePublished\":\"2020-06-17T13:07:43+00:00\",\"dateModified\":\"2020-06-17T13:07:46+00:00\",\"mainEntityOfPage\":{\"@id\":\"https:\\\/\\\/www.altominho.tv\\\/site\\\/2020\\\/06\\\/17\\\/pj-detem-suspeito-de-cinco-incendios-florestais-em-melgaco\\\/\"},\"wordCount\":189,\"image\":{\"@id\":\"https:\\\/\\\/www.altominho.tv\\\/site\\\/2020\\\/06\\\/17\\\/pj-detem-suspeito-de-cinco-incendios-florestais-em-melgaco\\\/#primaryimage\"},\"thumbnailUrl\":\"https:\\\/\\\/www.altominho.tv\\\/site\\\/wp-content\\\/uploads\\\/2020\\\/06\\\/incendio-2-740x416-1.jpg\",\"keywords\":[\"Sociedade\"],\"articleSection\":[\"Melga\u00e7o\"],\"inLanguage\":\"pt-PT\",\"copyrightYear\":\"2020\",\"copyrightHolder\":{\"@id\":\"https:\\\/\\\/www.altominho.tv\\\/site\\\/#organization\"}},{\"@type\":\"WebPage\",\"@id\":\"https:\\\/\\\/www.altominho.tv\\\/site\\\/2020\\\/06\\\/17\\\/pj-detem-suspeito-de-cinco-incendios-florestais-em-melgaco\\\/\",\"url\":\"https:\\\/\\\/www.altominho.tv\\\/site\\\/2020\\\/06\\\/17\\\/pj-detem-suspeito-de-cinco-incendios-florestais-em-melgaco\\\/\",\"name\":\"PJ det\u00e9m suspeito de cinco inc\u00eandios florestais em Melga\u00e7o\",\"isPartOf\":{\"@id\":\"https:\\\/\\\/www.altominho.tv\\\/site\\\/#website\"},\"primaryImageOfPage\":{\"@id\":\"https:\\\/\\\/www.altominho.tv\\\/site\\\/2020\\\/06\\\/17\\\/pj-detem-suspeito-de-cinco-incendios-florestais-em-melgaco\\\/#primaryimage\"},\"image\":{\"@id\":\"https:\\\/\\\/www.altominho.tv\\\/site\\\/2020\\\/06\\\/17\\\/pj-detem-suspeito-de-cinco-incendios-florestais-em-melgaco\\\/#primaryimage\"},\"thumbnailUrl\":\"https:\\\/\\\/www.altominho.tv\\\/site\\\/wp-content\\\/uploads\\\/2020\\\/06\\\/incendio-2-740x416-1.jpg\",\"datePublished\":\"2020-06-17T13:07:43+00:00\",\"dateModified\":\"2020-06-17T13:07:46+00:00\",\"author\":{\"@id\":\"https:\\\/\\\/www.altominho.tv\\\/site\\\/#\\\/schema\\\/person\\\/d9be4265364723f14ea8e0d56a1d38cd\"},\"breadcrumb\":{\"@id\":\"https:\\\/\\\/www.altominho.tv\\\/site\\\/2020\\\/06\\\/17\\\/pj-detem-suspeito-de-cinco-incendios-florestais-em-melgaco\\\/#breadcrumb\"},\"inLanguage\":\"pt-PT\",\"potentialAction\":[{\"@type\":\"ReadAction\",\"target\":[\"https:\\\/\\\/www.altominho.tv\\\/site\\\/2020\\\/06\\\/17\\\/pj-detem-suspeito-de-cinco-incendios-florestais-em-melgaco\\\/\"]}]},{\"@type\":\"ImageObject\",\"inLanguage\":\"pt-PT\",\"@id\":\"https:\\\/\\\/www.altominho.tv\\\/site\\\/2020\\\/06\\\/17\\\/pj-detem-suspeito-de-cinco-incendios-florestais-em-melgaco\\\/#primaryimage\",\"url\":\"https:\\\/\\\/www.altominho.tv\\\/site\\\/wp-content\\\/uploads\\\/2020\\\/06\\\/incendio-2-740x416-1.jpg\",\"contentUrl\":\"https:\\\/\\\/www.altominho.tv\\\/site\\\/wp-content\\\/uploads\\\/2020\\\/06\\\/incendio-2-740x416-1.jpg\",\"width\":740,\"height\":416,\"caption\":\"IMAGEM ILUSTRATIVA\"},{\"@type\":\"BreadcrumbList\",\"@id\":\"https:\\\/\\\/www.altominho.tv\\\/site\\\/2020\\\/06\\\/17\\\/pj-detem-suspeito-de-cinco-incendios-florestais-em-melgaco\\\/#breadcrumb\",\"itemListElement\":[{\"@type\":\"ListItem\",\"position\":1,\"name\":\"In\u00edcio\",\"item\":\"https:\\\/\\\/www.altominho.tv\\\/site\\\/\"},{\"@type\":\"ListItem\",\"position\":2,\"name\":\"PJ det\u00e9m suspeito de cinco inc\u00eandios florestais em Melga\u00e7o\"}]},{\"@type\":\"WebSite\",\"@id\":\"https:\\\/\\\/www.altominho.tv\\\/site\\\/#website\",\"url\":\"https:\\\/\\\/www.altominho.tv\\\/site\\\/\",\"name\":\"Altominho.tv\",\"description\":\"A sua regi\u00e3o \u00e0 dist\u00e2ncia de um clique...\",\"potentialAction\":[{\"@type\":\"SearchAction\",\"target\":{\"@type\":\"EntryPoint\",\"urlTemplate\":\"https:\\\/\\\/www.altominho.tv\\\/site\\\/?s={search_term_string}\"},\"query-input\":{\"@type\":\"PropertyValueSpecification\",\"valueRequired\":true,\"valueName\":\"search_term_string\"}}],\"inLanguage\":\"pt-PT\"},{\"@type\":\"Person\",\"@id\":\"https:\\\/\\\/www.altominho.tv\\\/site\\\/#\\\/schema\\\/person\\\/d9be4265364723f14ea8e0d56a1d38cd\",\"name\":\"Andreia Ferreira\",\"image\":{\"@type\":\"ImageObject\",\"inLanguage\":\"pt-PT\",\"@id\":\"https:\\\/\\\/www.altominho.tv\\\/site\\\/wp-content\\\/uploads\\\/2021\\\/01\\\/AndreiaFerreira-150x150.jpg\",\"url\":\"https:\\\/\\\/www.altominho.tv\\\/site\\\/wp-content\\\/uploads\\\/2021\\\/01\\\/AndreiaFerreira-150x150.jpg\",\"contentUrl\":\"https:\\\/\\\/www.altominho.tv\\\/site\\\/wp-content\\\/uploads\\\/2021\\\/01\\\/AndreiaFerreira-150x150.jpg\",\"caption\":\"Andreia Ferreira\"},\"url\":\"https:\\\/\\\/www.altominho.tv\\\/site\\\/author\\\/andreiaferreira\\\/\"}]}<\/script>\n<!-- \/ Yoast SEO Premium plugin. -->","yoast_head_json":{"title":"PJ det\u00e9m suspeito de cinco inc\u00eandios florestais em Melga\u00e7o","robots":{"index":"index","follow":"follow","max-snippet":"max-snippet:-1","max-image-preview":"max-image-preview:large","max-video-preview":"max-video-preview:-1"},"canonical":"https:\/\/www.altominho.tv\/site\/2020\/06\/17\/pj-detem-suspeito-de-cinco-incendios-florestais-em-melgaco\/","og_locale":"pt_PT","og_type":"article","og_title":"PJ det\u00e9m suspeito de cinco inc\u00eandios florestais em Melga\u00e7o","og_description":"Um homem foi detido pela Pol\u00edcia Judici\u00e1ria (PJ) por suspeita de ter ateado cinco inc\u00eandios florestais, em Melga\u00e7o. O Departamento de Investiga\u00e7\u00e3o Criminal de Braga explica, em comunicado, que &#8220;identificou e deteve, fora de flagrante delito, o presum\u00edvel autor de cinco inc\u00eandios florestais, tendo um ocorrido no dia 31 de maio passado e os restantes [&hellip;]","og_url":"https:\/\/www.altominho.tv\/site\/2020\/06\/17\/pj-detem-suspeito-de-cinco-incendios-florestais-em-melgaco\/","og_site_name":"Altominho.tv","article_publisher":"https:\/\/www.facebook.com\/altominhotv","article_published_time":"2020-06-17T13:07:43+00:00","article_modified_time":"2020-06-17T13:07:46+00:00","og_image":[{"width":740,"height":416,"url":"https:\/\/www.altominho.tv\/site\/wp-content\/uploads\/2020\/06\/incendio-2-740x416-1.jpg","type":"image\/jpeg"}],"author":"Andreia Ferreira","twitter_card":"summary_large_image","twitter_creator":"@altominhoTV","twitter_site":"@altominhoTV","twitter_misc":{"Escrito por":"Andreia Ferreira","Tempo estimado de leitura":"1 minuto"},"schema":{"@context":"https:\/\/schema.org","@graph":[{"@type":"Article","@id":"https:\/\/www.altominho.tv\/site\/2020\/06\/17\/pj-detem-suspeito-de-cinco-incendios-florestais-em-melgaco\/#article","isPartOf":{"@id":"https:\/\/www.altominho.tv\/site\/2020\/06\/17\/pj-detem-suspeito-de-cinco-incendios-florestais-em-melgaco\/"},"author":{"name":"Andreia Ferreira","@id":"https:\/\/www.altominho.tv\/site\/#\/schema\/person\/d9be4265364723f14ea8e0d56a1d38cd"},"headline":"PJ det\u00e9m suspeito de cinco inc\u00eandios florestais em Melga\u00e7o","datePublished":"2020-06-17T13:07:43+00:00","dateModified":"2020-06-17T13:07:46+00:00","mainEntityOfPage":{"@id":"https:\/\/www.altominho.tv\/site\/2020\/06\/17\/pj-detem-suspeito-de-cinco-incendios-florestais-em-melgaco\/"},"wordCount":189,"image":{"@id":"https:\/\/www.altominho.tv\/site\/2020\/06\/17\/pj-detem-suspeito-de-cinco-incendios-florestais-em-melgaco\/#primaryimage"},"thumbnailUrl":"https:\/\/www.altominho.tv\/site\/wp-content\/uploads\/2020\/06\/incendio-2-740x416-1.jpg","keywords":["Sociedade"],"articleSection":["Melga\u00e7o"],"inLanguage":"pt-PT","copyrightYear":"2020","copyrightHolder":{"@id":"https:\/\/www.altominho.tv\/site\/#organization"}},{"@type":"WebPage","@id":"https:\/\/www.altominho.tv\/site\/2020\/06\/17\/pj-detem-suspeito-de-cinco-incendios-florestais-em-melgaco\/","url":"https:\/\/www.altominho.tv\/site\/2020\/06\/17\/pj-detem-suspeito-de-cinco-incendios-florestais-em-melgaco\/","name":"PJ det\u00e9m suspeito de cinco inc\u00eandios florestais em Melga\u00e7o","isPartOf":{"@id":"https:\/\/www.altominho.tv\/site\/#website"},"primaryImageOfPage":{"@id":"https:\/\/www.altominho.tv\/site\/2020\/06\/17\/pj-detem-suspeito-de-cinco-incendios-florestais-em-melgaco\/#primaryimage"},"image":{"@id":"https:\/\/www.altominho.tv\/site\/2020\/06\/17\/pj-detem-suspeito-de-cinco-incendios-florestais-em-melgaco\/#primaryimage"},"thumbnailUrl":"https:\/\/www.altominho.tv\/site\/wp-content\/uploads\/2020\/06\/incendio-2-740x416-1.jpg","datePublished":"2020-06-17T13:07:43+00:00","dateModified":"2020-06-17T13:07:46+00:00","author":{"@id":"https:\/\/www.altominho.tv\/site\/#\/schema\/person\/d9be4265364723f14ea8e0d56a1d38cd"},"breadcrumb":{"@id":"https:\/\/www.altominho.tv\/site\/2020\/06\/17\/pj-detem-suspeito-de-cinco-incendios-florestais-em-melgaco\/#breadcrumb"},"inLanguage":"pt-PT","potentialAction":[{"@type":"ReadAction","target":["https:\/\/www.altominho.tv\/site\/2020\/06\/17\/pj-detem-suspeito-de-cinco-incendios-florestais-em-melgaco\/"]}]},{"@type":"ImageObject","inLanguage":"pt-PT","@id":"https:\/\/www.altominho.tv\/site\/2020\/06\/17\/pj-detem-suspeito-de-cinco-incendios-florestais-em-melgaco\/#primaryimage","url":"https:\/\/www.altominho.tv\/site\/wp-content\/uploads\/2020\/06\/incendio-2-740x416-1.jpg","contentUrl":"https:\/\/www.altominho.tv\/site\/wp-content\/uploads\/2020\/06\/incendio-2-740x416-1.jpg","width":740,"height":416,"caption":"IMAGEM ILUSTRATIVA"},{"@type":"BreadcrumbList","@id":"https:\/\/www.altominho.tv\/site\/2020\/06\/17\/pj-detem-suspeito-de-cinco-incendios-florestais-em-melgaco\/#breadcrumb","itemListElement":[{"@type":"ListItem","position":1,"name":"In\u00edcio","item":"https:\/\/www.altominho.tv\/site\/"},{"@type":"ListItem","position":2,"name":"PJ det\u00e9m suspeito de cinco inc\u00eandios florestais em Melga\u00e7o"}]},{"@type":"WebSite","@id":"https:\/\/www.altominho.tv\/site\/#website","url":"https:\/\/www.altominho.tv\/site\/","name":"Altominho.tv","description":"A sua regi\u00e3o \u00e0 dist\u00e2ncia de um clique...","potentialAction":[{"@type":"SearchAction","target":{"@type":"EntryPoint","urlTemplate":"https:\/\/www.altominho.tv\/site\/?s={search_term_string}"},"query-input":{"@type":"PropertyValueSpecification","valueRequired":true,"valueName":"search_term_string"}}],"inLanguage":"pt-PT"},{"@type":"Person","@id":"https:\/\/www.altominho.tv\/site\/#\/schema\/person\/d9be4265364723f14ea8e0d56a1d38cd","name":"Andreia Ferreira","image":{"@type":"ImageObject","inLanguage":"pt-PT","@id":"https:\/\/www.altominho.tv\/site\/wp-content\/uploads\/2021\/01\/AndreiaFerreira-150x150.jpg","url":"https:\/\/www.altominho.tv\/site\/wp-content\/uploads\/2021\/01\/AndreiaFerreira-150x150.jpg","contentUrl":"https:\/\/www.altominho.tv\/site\/wp-content\/uploads\/2021\/01\/AndreiaFerreira-150x150.jpg","caption":"Andreia Ferreira"},"url":"https:\/\/www.altominho.tv\/site\/author\/andreiaferreira\/"}]}},"_links":{"self":[{"href":"https:\/\/www.altominho.tv\/site\/wp-json\/wp\/v2\/posts\/48092","targetHints":{"allow":["GET"]}}],"collection":[{"href":"https:\/\/www.altominho.tv\/site\/wp-json\/wp\/v2\/posts"}],"about":[{"href":"https:\/\/www.altominho.tv\/site\/wp-json\/wp\/v2\/types\/post"}],"author":[{"embeddable":true,"href":"https:\/\/www.altominho.tv\/site\/wp-json\/wp\/v2\/users\/12"}],"replies":[{"embeddable":true,"href":"https:\/\/www.altominho.tv\/site\/wp-json\/wp\/v2\/comments?post=48092"}],"version-history":[{"count":0,"href":"https:\/\/www.altominho.tv\/site\/wp-json\/wp\/v2\/posts\/48092\/revisions"}],"wp:featuredmedia":[{"embeddable":true,"href":"https:\/\/www.altominho.tv\/site\/wp-json\/wp\/v2\/media\/48093"}],"wp:attachment":[{"href":"https:\/\/www.altominho.tv\/site\/wp-json\/wp\/v2\/media?parent=48092"}],"wp:term":[{"taxonomy":"category","embeddable":true,"href":"https:\/\/www.altominho.tv\/site\/wp-json\/wp\/v2\/categories?post=48092"},{"taxonomy":"post_tag","embeddable":true,"href":"https:\/\/www.altominho.tv\/site\/wp-json\/wp\/v2\/tags?post=48092"}],"curies":[{"name":"wp","href":"https:\/\/api.w.org\/{rel}","templated":true}]}}