{"id":47977,"date":"2020-06-15T16:50:40","date_gmt":"2020-06-15T15:50:40","guid":{"rendered":"http:\/\/www.altominho.tv\/site\/?p=47977"},"modified":"2020-06-15T16:50:44","modified_gmt":"2020-06-15T15:50:44","slug":"autarca-de-melgaco-exige-requalificacao-das-estradas-nacionais-101-e-202","status":"publish","type":"post","link":"https:\/\/www.altominho.tv\/site\/2020\/06\/15\/autarca-de-melgaco-exige-requalificacao-das-estradas-nacionais-101-e-202\/","title":{"rendered":"Autarca de Melga\u00e7o exige requalifica\u00e7\u00e3o das estradas nacionais 101 e 202"},"content":{"rendered":"<p><b>O presidente da C\u00e2mara de Melga\u00e7o defendeu, esta segunda-feira, um refor\u00e7o do investimento nas zonas de fronteira e exigiu a<\/b><b>\u00a0requalifica\u00e7\u00e3o das estradas nacionais 101 e 202.<\/b><\/p>\n<p>\u201cQue os governos portugu\u00eas e espanhol tenham no\u00e7\u00e3o exata que neste territ\u00f3rio, nestas zonas de fronteiras, h\u00e1 mais de uma d\u00e9cada que n\u00e3o se fazem investimentos estruturantes\u201d, afirmou Manoel Batista,\u00a0numa confer\u00eancia de imprensa realizada na ponte Melga\u00e7o\u2013Arbo.<\/p>\n<p>O autarca apelou para que, no pr\u00f3ximo quadro comunit\u00e1rio de apoio, seja refor\u00e7ado \u201co investimento nas zonas de fronteira, tanto do lado portugu\u00eas, como do galego&#8221;.<\/p>\n<p>Do lado portugu\u00eas, Manoel Batista referiu uma &#8220;requalifica\u00e7\u00e3o esperada e desejada h\u00e1 muito tempo&#8221;. \u201cH\u00e1 uma exig\u00eancia absolutamente crucial, a reabilita\u00e7\u00e3o bem feita, bem pensada e bem estruturada da Estrada Nacional (EN) 101, de Valen\u00e7a at\u00e9 Mon\u00e7\u00e3o, e da EN 202, de Mon\u00e7\u00e3o at\u00e9 S\u00e3o Greg\u00f3rio.\u201d<\/p>\n<p>\u201cExigimos. \u00c9 um direito destes munic\u00edpios que h\u00e1 muito tempo n\u00e3o t\u00eam qualquer tipo de investimento na rodovia. \u00c9 um direito destes munic\u00edpios que a rodovia seja requalificada, devidamente requalificada, e possa servir do ponto de vista do turismo, da visita\u00e7\u00e3o e da ind\u00fastria\u201d, sublinhou o autarca.<\/p>\n<p>O Agrupamento Europeu de Coopera\u00e7\u00e3o Territorial (AECT) do Rio Minho pediu, esta segunda-feira, <a href=\"\/\/www.altominho.tv\/site\/2020\/06\/15\/alto-minho-e-galiza-satisfeitos-com-reabertura-de-mais-pontos-de-passagem-mas-pedem-medidas-compensatorias\/\">medidas compensat\u00f3rias<\/a> para os munic\u00edpios do Alto Minho e da Galiza, afetados pelo encerramento das fronteiras terrestres.<\/p>\n<p>Entre as medidas, est\u00e3o a cria\u00e7\u00e3o de um cart\u00e3o de cidad\u00e3o transfronteiri\u00e7o, para facilitar a vida da popula\u00e7\u00e3o residente no territ\u00f3rio, e a cria\u00e7\u00e3o de uma Interven\u00e7\u00e3o Territorial Integrada (ITI), mecanismo da Uni\u00e3o Europeia para a gest\u00e3o dos fundos destinados \u00e0 coopera\u00e7\u00e3o transfronteiri\u00e7a.<\/p>\n","protected":false},"excerpt":{"rendered":"<p>O presidente da C\u00e2mara de Melga\u00e7o defendeu, esta segunda-feira, um refor\u00e7o do investimento nas zonas de fronteira e exigiu a\u00a0requalifica\u00e7\u00e3o das estradas nacionais 101 e 202. \u201cQue os governos portugu\u00eas e espanhol tenham no\u00e7\u00e3o exata que neste territ\u00f3rio, nestas zonas de fronteiras, h\u00e1 mais de uma d\u00e9cada que n\u00e3o se fazem investimentos estruturantes\u201d, afirmou Manoel [&hellip;]<\/p>\n","protected":false},"author":12,"featured_media":47984,"comment_status":"closed","ping_status":"closed","sticky":false,"template":"","format":"standard","meta":{"_exactmetrics_skip_tracking":false,"_exactmetrics_sitenote_active":false,"_exactmetrics_sitenote_note":"","_exactmetrics_sitenote_category":0,"footnotes":""},"categories":[8],"tags":[27],"class_list":["post-47977","post","type-post","status-publish","format-standard","has-post-thumbnail","hentry","category-melgaco","tag-sociedade"],"yoast_head":"<!-- This site is optimized with the Yoast SEO Premium plugin v27.4 (Yoast SEO v27.4) - https:\/\/yoast.com\/product\/yoast-seo-premium-wordpress\/ -->\n<title>Autarca de Melga\u00e7o exige requalifica\u00e7\u00e3o das estradas nacionais 101 e 202<\/title>\n<meta name=\"robots\" content=\"index, follow, max-snippet:-1, max-image-preview:large, max-video-preview:-1\" \/>\n<link rel=\"canonical\" href=\"https:\/\/www.altominho.tv\/site\/2020\/06\/15\/autarca-de-melgaco-exige-requalificacao-das-estradas-nacionais-101-e-202\/\" \/>\n<meta property=\"og:locale\" content=\"pt_PT\" \/>\n<meta property=\"og:type\" content=\"article\" \/>\n<meta property=\"og:title\" content=\"Autarca de Melga\u00e7o exige requalifica\u00e7\u00e3o das estradas nacionais 101 e 202\" \/>\n<meta property=\"og:description\" content=\"O presidente da C\u00e2mara de Melga\u00e7o defendeu, esta segunda-feira, um refor\u00e7o do investimento nas zonas de fronteira e exigiu a\u00a0requalifica\u00e7\u00e3o das estradas nacionais 101 e 202. \u201cQue os governos portugu\u00eas e espanhol tenham no\u00e7\u00e3o exata que neste territ\u00f3rio, nestas zonas de fronteiras, h\u00e1 mais de uma d\u00e9cada que n\u00e3o se fazem investimentos estruturantes\u201d, afirmou Manoel [&hellip;]\" \/>\n<meta property=\"og:url\" content=\"https:\/\/www.altominho.tv\/site\/2020\/06\/15\/autarca-de-melgaco-exige-requalificacao-das-estradas-nacionais-101-e-202\/\" \/>\n<meta property=\"og:site_name\" content=\"Altominho.tv\" \/>\n<meta property=\"article:publisher\" content=\"https:\/\/www.facebook.com\/altominhotv\" \/>\n<meta property=\"article:published_time\" content=\"2020-06-15T15:50:40+00:00\" \/>\n<meta property=\"article:modified_time\" content=\"2020-06-15T15:50:44+00:00\" \/>\n<meta property=\"og:image\" content=\"https:\/\/www.altominho.tv\/site\/wp-content\/uploads\/2020\/06\/fronteiras-melgac\u0327ofr.jpg\" \/>\n\t<meta property=\"og:image:width\" content=\"1920\" \/>\n\t<meta property=\"og:image:height\" content=\"1080\" \/>\n\t<meta property=\"og:image:type\" content=\"image\/jpeg\" \/>\n<meta name=\"author\" content=\"Andreia Ferreira\" \/>\n<meta name=\"twitter:card\" content=\"summary_large_image\" \/>\n<meta name=\"twitter:creator\" content=\"@altominhoTV\" \/>\n<meta name=\"twitter:site\" content=\"@altominhoTV\" \/>\n<meta name=\"twitter:label1\" content=\"Escrito por\" \/>\n\t<meta name=\"twitter:data1\" content=\"Andreia Ferreira\" \/>\n\t<meta name=\"twitter:label2\" content=\"Tempo estimado de leitura\" \/>\n\t<meta name=\"twitter:data2\" content=\"1 minuto\" \/>\n<script type=\"application\/ld+json\" class=\"yoast-schema-graph\">{\"@context\":\"https:\\\/\\\/schema.org\",\"@graph\":[{\"@type\":\"Article\",\"@id\":\"https:\\\/\\\/www.altominho.tv\\\/site\\\/2020\\\/06\\\/15\\\/autarca-de-melgaco-exige-requalificacao-das-estradas-nacionais-101-e-202\\\/#article\",\"isPartOf\":{\"@id\":\"https:\\\/\\\/www.altominho.tv\\\/site\\\/2020\\\/06\\\/15\\\/autarca-de-melgaco-exige-requalificacao-das-estradas-nacionais-101-e-202\\\/\"},\"author\":{\"name\":\"Andreia Ferreira\",\"@id\":\"https:\\\/\\\/www.altominho.tv\\\/site\\\/#\\\/schema\\\/person\\\/d9be4265364723f14ea8e0d56a1d38cd\"},\"headline\":\"Autarca de Melga\u00e7o exige requalifica\u00e7\u00e3o das estradas nacionais 101 e 202\",\"datePublished\":\"2020-06-15T15:50:40+00:00\",\"dateModified\":\"2020-06-15T15:50:44+00:00\",\"mainEntityOfPage\":{\"@id\":\"https:\\\/\\\/www.altominho.tv\\\/site\\\/2020\\\/06\\\/15\\\/autarca-de-melgaco-exige-requalificacao-das-estradas-nacionais-101-e-202\\\/\"},\"wordCount\":308,\"image\":{\"@id\":\"https:\\\/\\\/www.altominho.tv\\\/site\\\/2020\\\/06\\\/15\\\/autarca-de-melgaco-exige-requalificacao-das-estradas-nacionais-101-e-202\\\/#primaryimage\"},\"thumbnailUrl\":\"https:\\\/\\\/www.altominho.tv\\\/site\\\/wp-content\\\/uploads\\\/2020\\\/06\\\/fronteiras-melgac\u0327ofr.jpg\",\"keywords\":[\"Sociedade\"],\"articleSection\":[\"Melga\u00e7o\"],\"inLanguage\":\"pt-PT\",\"copyrightYear\":\"2020\",\"copyrightHolder\":{\"@id\":\"https:\\\/\\\/www.altominho.tv\\\/site\\\/#organization\"}},{\"@type\":\"WebPage\",\"@id\":\"https:\\\/\\\/www.altominho.tv\\\/site\\\/2020\\\/06\\\/15\\\/autarca-de-melgaco-exige-requalificacao-das-estradas-nacionais-101-e-202\\\/\",\"url\":\"https:\\\/\\\/www.altominho.tv\\\/site\\\/2020\\\/06\\\/15\\\/autarca-de-melgaco-exige-requalificacao-das-estradas-nacionais-101-e-202\\\/\",\"name\":\"Autarca de Melga\u00e7o exige requalifica\u00e7\u00e3o das estradas nacionais 101 e 202\",\"isPartOf\":{\"@id\":\"https:\\\/\\\/www.altominho.tv\\\/site\\\/#website\"},\"primaryImageOfPage\":{\"@id\":\"https:\\\/\\\/www.altominho.tv\\\/site\\\/2020\\\/06\\\/15\\\/autarca-de-melgaco-exige-requalificacao-das-estradas-nacionais-101-e-202\\\/#primaryimage\"},\"image\":{\"@id\":\"https:\\\/\\\/www.altominho.tv\\\/site\\\/2020\\\/06\\\/15\\\/autarca-de-melgaco-exige-requalificacao-das-estradas-nacionais-101-e-202\\\/#primaryimage\"},\"thumbnailUrl\":\"https:\\\/\\\/www.altominho.tv\\\/site\\\/wp-content\\\/uploads\\\/2020\\\/06\\\/fronteiras-melgac\u0327ofr.jpg\",\"datePublished\":\"2020-06-15T15:50:40+00:00\",\"dateModified\":\"2020-06-15T15:50:44+00:00\",\"author\":{\"@id\":\"https:\\\/\\\/www.altominho.tv\\\/site\\\/#\\\/schema\\\/person\\\/d9be4265364723f14ea8e0d56a1d38cd\"},\"breadcrumb\":{\"@id\":\"https:\\\/\\\/www.altominho.tv\\\/site\\\/2020\\\/06\\\/15\\\/autarca-de-melgaco-exige-requalificacao-das-estradas-nacionais-101-e-202\\\/#breadcrumb\"},\"inLanguage\":\"pt-PT\",\"potentialAction\":[{\"@type\":\"ReadAction\",\"target\":[\"https:\\\/\\\/www.altominho.tv\\\/site\\\/2020\\\/06\\\/15\\\/autarca-de-melgaco-exige-requalificacao-das-estradas-nacionais-101-e-202\\\/\"]}]},{\"@type\":\"ImageObject\",\"inLanguage\":\"pt-PT\",\"@id\":\"https:\\\/\\\/www.altominho.tv\\\/site\\\/2020\\\/06\\\/15\\\/autarca-de-melgaco-exige-requalificacao-das-estradas-nacionais-101-e-202\\\/#primaryimage\",\"url\":\"https:\\\/\\\/www.altominho.tv\\\/site\\\/wp-content\\\/uploads\\\/2020\\\/06\\\/fronteiras-melgac\u0327ofr.jpg\",\"contentUrl\":\"https:\\\/\\\/www.altominho.tv\\\/site\\\/wp-content\\\/uploads\\\/2020\\\/06\\\/fronteiras-melgac\u0327ofr.jpg\",\"width\":1920,\"height\":1080},{\"@type\":\"BreadcrumbList\",\"@id\":\"https:\\\/\\\/www.altominho.tv\\\/site\\\/2020\\\/06\\\/15\\\/autarca-de-melgaco-exige-requalificacao-das-estradas-nacionais-101-e-202\\\/#breadcrumb\",\"itemListElement\":[{\"@type\":\"ListItem\",\"position\":1,\"name\":\"In\u00edcio\",\"item\":\"https:\\\/\\\/www.altominho.tv\\\/site\\\/\"},{\"@type\":\"ListItem\",\"position\":2,\"name\":\"Autarca de Melga\u00e7o exige requalifica\u00e7\u00e3o das estradas nacionais 101 e 202\"}]},{\"@type\":\"WebSite\",\"@id\":\"https:\\\/\\\/www.altominho.tv\\\/site\\\/#website\",\"url\":\"https:\\\/\\\/www.altominho.tv\\\/site\\\/\",\"name\":\"Altominho.tv\",\"description\":\"A sua regi\u00e3o \u00e0 dist\u00e2ncia de um clique...\",\"potentialAction\":[{\"@type\":\"SearchAction\",\"target\":{\"@type\":\"EntryPoint\",\"urlTemplate\":\"https:\\\/\\\/www.altominho.tv\\\/site\\\/?s={search_term_string}\"},\"query-input\":{\"@type\":\"PropertyValueSpecification\",\"valueRequired\":true,\"valueName\":\"search_term_string\"}}],\"inLanguage\":\"pt-PT\"},{\"@type\":\"Person\",\"@id\":\"https:\\\/\\\/www.altominho.tv\\\/site\\\/#\\\/schema\\\/person\\\/d9be4265364723f14ea8e0d56a1d38cd\",\"name\":\"Andreia Ferreira\",\"image\":{\"@type\":\"ImageObject\",\"inLanguage\":\"pt-PT\",\"@id\":\"https:\\\/\\\/www.altominho.tv\\\/site\\\/wp-content\\\/uploads\\\/2021\\\/01\\\/AndreiaFerreira-150x150.jpg\",\"url\":\"https:\\\/\\\/www.altominho.tv\\\/site\\\/wp-content\\\/uploads\\\/2021\\\/01\\\/AndreiaFerreira-150x150.jpg\",\"contentUrl\":\"https:\\\/\\\/www.altominho.tv\\\/site\\\/wp-content\\\/uploads\\\/2021\\\/01\\\/AndreiaFerreira-150x150.jpg\",\"caption\":\"Andreia Ferreira\"},\"url\":\"https:\\\/\\\/www.altominho.tv\\\/site\\\/author\\\/andreiaferreira\\\/\"}]}<\/script>\n<!-- \/ Yoast SEO Premium plugin. -->","yoast_head_json":{"title":"Autarca de Melga\u00e7o exige requalifica\u00e7\u00e3o das estradas nacionais 101 e 202","robots":{"index":"index","follow":"follow","max-snippet":"max-snippet:-1","max-image-preview":"max-image-preview:large","max-video-preview":"max-video-preview:-1"},"canonical":"https:\/\/www.altominho.tv\/site\/2020\/06\/15\/autarca-de-melgaco-exige-requalificacao-das-estradas-nacionais-101-e-202\/","og_locale":"pt_PT","og_type":"article","og_title":"Autarca de Melga\u00e7o exige requalifica\u00e7\u00e3o das estradas nacionais 101 e 202","og_description":"O presidente da C\u00e2mara de Melga\u00e7o defendeu, esta segunda-feira, um refor\u00e7o do investimento nas zonas de fronteira e exigiu a\u00a0requalifica\u00e7\u00e3o das estradas nacionais 101 e 202. \u201cQue os governos portugu\u00eas e espanhol tenham no\u00e7\u00e3o exata que neste territ\u00f3rio, nestas zonas de fronteiras, h\u00e1 mais de uma d\u00e9cada que n\u00e3o se fazem investimentos estruturantes\u201d, afirmou Manoel [&hellip;]","og_url":"https:\/\/www.altominho.tv\/site\/2020\/06\/15\/autarca-de-melgaco-exige-requalificacao-das-estradas-nacionais-101-e-202\/","og_site_name":"Altominho.tv","article_publisher":"https:\/\/www.facebook.com\/altominhotv","article_published_time":"2020-06-15T15:50:40+00:00","article_modified_time":"2020-06-15T15:50:44+00:00","og_image":[{"width":1920,"height":1080,"url":"https:\/\/www.altominho.tv\/site\/wp-content\/uploads\/2020\/06\/fronteiras-melgac\u0327ofr.jpg","type":"image\/jpeg"}],"author":"Andreia Ferreira","twitter_card":"summary_large_image","twitter_creator":"@altominhoTV","twitter_site":"@altominhoTV","twitter_misc":{"Escrito por":"Andreia Ferreira","Tempo estimado de leitura":"1 minuto"},"schema":{"@context":"https:\/\/schema.org","@graph":[{"@type":"Article","@id":"https:\/\/www.altominho.tv\/site\/2020\/06\/15\/autarca-de-melgaco-exige-requalificacao-das-estradas-nacionais-101-e-202\/#article","isPartOf":{"@id":"https:\/\/www.altominho.tv\/site\/2020\/06\/15\/autarca-de-melgaco-exige-requalificacao-das-estradas-nacionais-101-e-202\/"},"author":{"name":"Andreia Ferreira","@id":"https:\/\/www.altominho.tv\/site\/#\/schema\/person\/d9be4265364723f14ea8e0d56a1d38cd"},"headline":"Autarca de Melga\u00e7o exige requalifica\u00e7\u00e3o das estradas nacionais 101 e 202","datePublished":"2020-06-15T15:50:40+00:00","dateModified":"2020-06-15T15:50:44+00:00","mainEntityOfPage":{"@id":"https:\/\/www.altominho.tv\/site\/2020\/06\/15\/autarca-de-melgaco-exige-requalificacao-das-estradas-nacionais-101-e-202\/"},"wordCount":308,"image":{"@id":"https:\/\/www.altominho.tv\/site\/2020\/06\/15\/autarca-de-melgaco-exige-requalificacao-das-estradas-nacionais-101-e-202\/#primaryimage"},"thumbnailUrl":"https:\/\/www.altominho.tv\/site\/wp-content\/uploads\/2020\/06\/fronteiras-melgac\u0327ofr.jpg","keywords":["Sociedade"],"articleSection":["Melga\u00e7o"],"inLanguage":"pt-PT","copyrightYear":"2020","copyrightHolder":{"@id":"https:\/\/www.altominho.tv\/site\/#organization"}},{"@type":"WebPage","@id":"https:\/\/www.altominho.tv\/site\/2020\/06\/15\/autarca-de-melgaco-exige-requalificacao-das-estradas-nacionais-101-e-202\/","url":"https:\/\/www.altominho.tv\/site\/2020\/06\/15\/autarca-de-melgaco-exige-requalificacao-das-estradas-nacionais-101-e-202\/","name":"Autarca de Melga\u00e7o exige requalifica\u00e7\u00e3o das estradas nacionais 101 e 202","isPartOf":{"@id":"https:\/\/www.altominho.tv\/site\/#website"},"primaryImageOfPage":{"@id":"https:\/\/www.altominho.tv\/site\/2020\/06\/15\/autarca-de-melgaco-exige-requalificacao-das-estradas-nacionais-101-e-202\/#primaryimage"},"image":{"@id":"https:\/\/www.altominho.tv\/site\/2020\/06\/15\/autarca-de-melgaco-exige-requalificacao-das-estradas-nacionais-101-e-202\/#primaryimage"},"thumbnailUrl":"https:\/\/www.altominho.tv\/site\/wp-content\/uploads\/2020\/06\/fronteiras-melgac\u0327ofr.jpg","datePublished":"2020-06-15T15:50:40+00:00","dateModified":"2020-06-15T15:50:44+00:00","author":{"@id":"https:\/\/www.altominho.tv\/site\/#\/schema\/person\/d9be4265364723f14ea8e0d56a1d38cd"},"breadcrumb":{"@id":"https:\/\/www.altominho.tv\/site\/2020\/06\/15\/autarca-de-melgaco-exige-requalificacao-das-estradas-nacionais-101-e-202\/#breadcrumb"},"inLanguage":"pt-PT","potentialAction":[{"@type":"ReadAction","target":["https:\/\/www.altominho.tv\/site\/2020\/06\/15\/autarca-de-melgaco-exige-requalificacao-das-estradas-nacionais-101-e-202\/"]}]},{"@type":"ImageObject","inLanguage":"pt-PT","@id":"https:\/\/www.altominho.tv\/site\/2020\/06\/15\/autarca-de-melgaco-exige-requalificacao-das-estradas-nacionais-101-e-202\/#primaryimage","url":"https:\/\/www.altominho.tv\/site\/wp-content\/uploads\/2020\/06\/fronteiras-melgac\u0327ofr.jpg","contentUrl":"https:\/\/www.altominho.tv\/site\/wp-content\/uploads\/2020\/06\/fronteiras-melgac\u0327ofr.jpg","width":1920,"height":1080},{"@type":"BreadcrumbList","@id":"https:\/\/www.altominho.tv\/site\/2020\/06\/15\/autarca-de-melgaco-exige-requalificacao-das-estradas-nacionais-101-e-202\/#breadcrumb","itemListElement":[{"@type":"ListItem","position":1,"name":"In\u00edcio","item":"https:\/\/www.altominho.tv\/site\/"},{"@type":"ListItem","position":2,"name":"Autarca de Melga\u00e7o exige requalifica\u00e7\u00e3o das estradas nacionais 101 e 202"}]},{"@type":"WebSite","@id":"https:\/\/www.altominho.tv\/site\/#website","url":"https:\/\/www.altominho.tv\/site\/","name":"Altominho.tv","description":"A sua regi\u00e3o \u00e0 dist\u00e2ncia de um clique...","potentialAction":[{"@type":"SearchAction","target":{"@type":"EntryPoint","urlTemplate":"https:\/\/www.altominho.tv\/site\/?s={search_term_string}"},"query-input":{"@type":"PropertyValueSpecification","valueRequired":true,"valueName":"search_term_string"}}],"inLanguage":"pt-PT"},{"@type":"Person","@id":"https:\/\/www.altominho.tv\/site\/#\/schema\/person\/d9be4265364723f14ea8e0d56a1d38cd","name":"Andreia Ferreira","image":{"@type":"ImageObject","inLanguage":"pt-PT","@id":"https:\/\/www.altominho.tv\/site\/wp-content\/uploads\/2021\/01\/AndreiaFerreira-150x150.jpg","url":"https:\/\/www.altominho.tv\/site\/wp-content\/uploads\/2021\/01\/AndreiaFerreira-150x150.jpg","contentUrl":"https:\/\/www.altominho.tv\/site\/wp-content\/uploads\/2021\/01\/AndreiaFerreira-150x150.jpg","caption":"Andreia Ferreira"},"url":"https:\/\/www.altominho.tv\/site\/author\/andreiaferreira\/"}]}},"_links":{"self":[{"href":"https:\/\/www.altominho.tv\/site\/wp-json\/wp\/v2\/posts\/47977","targetHints":{"allow":["GET"]}}],"collection":[{"href":"https:\/\/www.altominho.tv\/site\/wp-json\/wp\/v2\/posts"}],"about":[{"href":"https:\/\/www.altominho.tv\/site\/wp-json\/wp\/v2\/types\/post"}],"author":[{"embeddable":true,"href":"https:\/\/www.altominho.tv\/site\/wp-json\/wp\/v2\/users\/12"}],"replies":[{"embeddable":true,"href":"https:\/\/www.altominho.tv\/site\/wp-json\/wp\/v2\/comments?post=47977"}],"version-history":[{"count":0,"href":"https:\/\/www.altominho.tv\/site\/wp-json\/wp\/v2\/posts\/47977\/revisions"}],"wp:featuredmedia":[{"embeddable":true,"href":"https:\/\/www.altominho.tv\/site\/wp-json\/wp\/v2\/media\/47984"}],"wp:attachment":[{"href":"https:\/\/www.altominho.tv\/site\/wp-json\/wp\/v2\/media?parent=47977"}],"wp:term":[{"taxonomy":"category","embeddable":true,"href":"https:\/\/www.altominho.tv\/site\/wp-json\/wp\/v2\/categories?post=47977"},{"taxonomy":"post_tag","embeddable":true,"href":"https:\/\/www.altominho.tv\/site\/wp-json\/wp\/v2\/tags?post=47977"}],"curies":[{"name":"wp","href":"https:\/\/api.w.org\/{rel}","templated":true}]}}