{"id":47968,"date":"2020-06-15T11:38:45","date_gmt":"2020-06-15T10:38:45","guid":{"rendered":"http:\/\/www.altominho.tv\/site\/?p=47968"},"modified":"2020-06-15T11:38:50","modified_gmt":"2020-06-15T10:38:50","slug":"camara-de-arcos-de-valdevez-apoia-familias-carenciadas-nos-encargos-com-agua-e-saneamento","status":"publish","type":"post","link":"https:\/\/www.altominho.tv\/site\/2020\/06\/15\/camara-de-arcos-de-valdevez-apoia-familias-carenciadas-nos-encargos-com-agua-e-saneamento\/","title":{"rendered":"C\u00e2mara de Arcos de Valdevez apoia fam\u00edlias carenciadas nos Encargos com \u00c1gua e Saneamento"},"content":{"rendered":"\n<p>A C\u00e2mara de Arcos de Valdevez vai apoiar as fam\u00edlias deste concelho que est\u00e3o a passar por dificuldades econ\u00f3micas, nos Encargos com \u00c1gua e Saneamento. <\/p>\n\n\n\n<p>&#8220;As fam\u00edlias arcuenses com maiores dificuldades econ\u00f3micas v\u00e3o receber apoio social da C\u00e2mara Municipal de Arcos de Valdevez para fazer face aos encargos com a fatura da \u00e1gua e saneamento&#8221;, informou a autarquia.<\/p>\n\n\n\n<p>Este apoio &#8220;assume a natureza de desconto direto na fatura, no montante igual a 100% dos encargos fixos, ou seja, os benefici\u00e1rios deste apoio a conceder pela autarquia n\u00e3o pagar\u00e3o tarifas fixas de \u00e1gua e de saneamento&#8221;.<\/p>\n\n\n\n<p>A C\u00e2mara Municipal aprovou este apoio de \u00e2mbito social &#8220;com o intuito de refor\u00e7ar a solidariedade e coes\u00e3o social da popula\u00e7\u00e3o arcuense, criando igualdade de oportunidades para todos, nomeadamente no acesso aos bens e servi\u00e7os essenciais&#8221;.<\/p>\n\n\n\n<p>Segundo a autarquia, t\u00eam direito a este apoio todos os indiv\u00edduos e fam\u00edlias em condi\u00e7\u00f5es sociais desfavor\u00e1veis, que beneficiem do Rendimento Social de Inser\u00e7\u00e3o (RSI), do Complemento Solid\u00e1rio para Idosos, do Subs\u00eddio Social de Desemprego, de Pens\u00e3o Social de Velhice ou de Invalidez, e outras situa\u00e7\u00f5es em que os rendimentos per capita auferidos n\u00e3o sejam superiores \u00e0 Pens\u00e3o Social.<\/p>\n","protected":false},"excerpt":{"rendered":"<p>A C\u00e2mara de Arcos de Valdevez vai apoiar as fam\u00edlias deste concelho que est\u00e3o a passar por dificuldades econ\u00f3micas, nos Encargos com \u00c1gua e Saneamento. &#8220;As fam\u00edlias arcuenses com maiores dificuldades econ\u00f3micas v\u00e3o receber apoio social da C\u00e2mara Municipal de Arcos de Valdevez para fazer face aos encargos com a fatura da \u00e1gua e saneamento&#8221;, [&hellip;]<\/p>\n","protected":false},"author":7,"featured_media":47969,"comment_status":"closed","ping_status":"closed","sticky":false,"template":"","format":"standard","meta":{"_exactmetrics_skip_tracking":false,"_exactmetrics_sitenote_active":false,"_exactmetrics_sitenote_note":"","_exactmetrics_sitenote_category":0,"footnotes":""},"categories":[2],"tags":[27],"class_list":["post-47968","post","type-post","status-publish","format-standard","has-post-thumbnail","hentry","category-arcos-de-valdevez","tag-sociedade"],"yoast_head":"<!-- This site is optimized with the Yoast SEO Premium plugin v27.4 (Yoast SEO v27.4) - https:\/\/yoast.com\/product\/yoast-seo-premium-wordpress\/ -->\n<title>C\u00e2mara de Arcos de Valdevez apoia fam\u00edlias carenciadas nos Encargos com \u00c1gua e Saneamento<\/title>\n<meta name=\"robots\" content=\"index, follow, max-snippet:-1, max-image-preview:large, max-video-preview:-1\" \/>\n<link rel=\"canonical\" href=\"https:\/\/www.altominho.tv\/site\/2020\/06\/15\/camara-de-arcos-de-valdevez-apoia-familias-carenciadas-nos-encargos-com-agua-e-saneamento\/\" \/>\n<meta property=\"og:locale\" content=\"pt_PT\" \/>\n<meta property=\"og:type\" content=\"article\" \/>\n<meta property=\"og:title\" content=\"C\u00e2mara de Arcos de Valdevez apoia fam\u00edlias carenciadas nos Encargos com \u00c1gua e Saneamento\" \/>\n<meta property=\"og:description\" content=\"A C\u00e2mara de Arcos de Valdevez vai apoiar as fam\u00edlias deste concelho que est\u00e3o a passar por dificuldades econ\u00f3micas, nos Encargos com \u00c1gua e Saneamento. &#8220;As fam\u00edlias arcuenses com maiores dificuldades econ\u00f3micas v\u00e3o receber apoio social da C\u00e2mara Municipal de Arcos de Valdevez para fazer face aos encargos com a fatura da \u00e1gua e saneamento&#8221;, [&hellip;]\" \/>\n<meta property=\"og:url\" content=\"https:\/\/www.altominho.tv\/site\/2020\/06\/15\/camara-de-arcos-de-valdevez-apoia-familias-carenciadas-nos-encargos-com-agua-e-saneamento\/\" \/>\n<meta property=\"og:site_name\" content=\"Altominho.tv\" \/>\n<meta property=\"article:publisher\" content=\"https:\/\/www.facebook.com\/altominhotv\" \/>\n<meta property=\"article:published_time\" content=\"2020-06-15T10:38:45+00:00\" \/>\n<meta property=\"article:modified_time\" content=\"2020-06-15T10:38:50+00:00\" \/>\n<meta property=\"og:image\" content=\"https:\/\/www.altominho.tv\/site\/wp-content\/uploads\/2020\/06\/arcosvaldevez-1-740x422-1.jpg\" \/>\n\t<meta property=\"og:image:width\" content=\"740\" \/>\n\t<meta property=\"og:image:height\" content=\"422\" \/>\n\t<meta property=\"og:image:type\" content=\"image\/jpeg\" \/>\n<meta name=\"author\" content=\"Andreia Cunha\" \/>\n<meta name=\"twitter:card\" content=\"summary_large_image\" \/>\n<meta name=\"twitter:creator\" content=\"@altominhoTV\" \/>\n<meta name=\"twitter:site\" content=\"@altominhoTV\" \/>\n<meta name=\"twitter:label1\" content=\"Escrito por\" \/>\n\t<meta name=\"twitter:data1\" content=\"Andreia Cunha\" \/>\n\t<meta name=\"twitter:label2\" content=\"Tempo estimado de leitura\" \/>\n\t<meta name=\"twitter:data2\" content=\"1 minuto\" \/>\n<script type=\"application\/ld+json\" class=\"yoast-schema-graph\">{\"@context\":\"https:\\\/\\\/schema.org\",\"@graph\":[{\"@type\":\"Article\",\"@id\":\"https:\\\/\\\/www.altominho.tv\\\/site\\\/2020\\\/06\\\/15\\\/camara-de-arcos-de-valdevez-apoia-familias-carenciadas-nos-encargos-com-agua-e-saneamento\\\/#article\",\"isPartOf\":{\"@id\":\"https:\\\/\\\/www.altominho.tv\\\/site\\\/2020\\\/06\\\/15\\\/camara-de-arcos-de-valdevez-apoia-familias-carenciadas-nos-encargos-com-agua-e-saneamento\\\/\"},\"author\":{\"name\":\"Andreia Cunha\",\"@id\":\"https:\\\/\\\/www.altominho.tv\\\/site\\\/#\\\/schema\\\/person\\\/a0e4ef6d041f98ca284393d8f1d97153\"},\"headline\":\"C\u00e2mara de Arcos de Valdevez apoia fam\u00edlias carenciadas nos Encargos com \u00c1gua e Saneamento\",\"datePublished\":\"2020-06-15T10:38:45+00:00\",\"dateModified\":\"2020-06-15T10:38:50+00:00\",\"mainEntityOfPage\":{\"@id\":\"https:\\\/\\\/www.altominho.tv\\\/site\\\/2020\\\/06\\\/15\\\/camara-de-arcos-de-valdevez-apoia-familias-carenciadas-nos-encargos-com-agua-e-saneamento\\\/\"},\"wordCount\":232,\"image\":{\"@id\":\"https:\\\/\\\/www.altominho.tv\\\/site\\\/2020\\\/06\\\/15\\\/camara-de-arcos-de-valdevez-apoia-familias-carenciadas-nos-encargos-com-agua-e-saneamento\\\/#primaryimage\"},\"thumbnailUrl\":\"https:\\\/\\\/www.altominho.tv\\\/site\\\/wp-content\\\/uploads\\\/2020\\\/06\\\/arcosvaldevez-1-740x422-1.jpg\",\"keywords\":[\"Sociedade\"],\"articleSection\":[\"Arcos de Valdevez\"],\"inLanguage\":\"pt-PT\",\"copyrightYear\":\"2020\",\"copyrightHolder\":{\"@id\":\"https:\\\/\\\/www.altominho.tv\\\/site\\\/#organization\"}},{\"@type\":\"WebPage\",\"@id\":\"https:\\\/\\\/www.altominho.tv\\\/site\\\/2020\\\/06\\\/15\\\/camara-de-arcos-de-valdevez-apoia-familias-carenciadas-nos-encargos-com-agua-e-saneamento\\\/\",\"url\":\"https:\\\/\\\/www.altominho.tv\\\/site\\\/2020\\\/06\\\/15\\\/camara-de-arcos-de-valdevez-apoia-familias-carenciadas-nos-encargos-com-agua-e-saneamento\\\/\",\"name\":\"C\u00e2mara de Arcos de Valdevez apoia fam\u00edlias carenciadas nos Encargos com \u00c1gua e Saneamento\",\"isPartOf\":{\"@id\":\"https:\\\/\\\/www.altominho.tv\\\/site\\\/#website\"},\"primaryImageOfPage\":{\"@id\":\"https:\\\/\\\/www.altominho.tv\\\/site\\\/2020\\\/06\\\/15\\\/camara-de-arcos-de-valdevez-apoia-familias-carenciadas-nos-encargos-com-agua-e-saneamento\\\/#primaryimage\"},\"image\":{\"@id\":\"https:\\\/\\\/www.altominho.tv\\\/site\\\/2020\\\/06\\\/15\\\/camara-de-arcos-de-valdevez-apoia-familias-carenciadas-nos-encargos-com-agua-e-saneamento\\\/#primaryimage\"},\"thumbnailUrl\":\"https:\\\/\\\/www.altominho.tv\\\/site\\\/wp-content\\\/uploads\\\/2020\\\/06\\\/arcosvaldevez-1-740x422-1.jpg\",\"datePublished\":\"2020-06-15T10:38:45+00:00\",\"dateModified\":\"2020-06-15T10:38:50+00:00\",\"author\":{\"@id\":\"https:\\\/\\\/www.altominho.tv\\\/site\\\/#\\\/schema\\\/person\\\/a0e4ef6d041f98ca284393d8f1d97153\"},\"breadcrumb\":{\"@id\":\"https:\\\/\\\/www.altominho.tv\\\/site\\\/2020\\\/06\\\/15\\\/camara-de-arcos-de-valdevez-apoia-familias-carenciadas-nos-encargos-com-agua-e-saneamento\\\/#breadcrumb\"},\"inLanguage\":\"pt-PT\",\"potentialAction\":[{\"@type\":\"ReadAction\",\"target\":[\"https:\\\/\\\/www.altominho.tv\\\/site\\\/2020\\\/06\\\/15\\\/camara-de-arcos-de-valdevez-apoia-familias-carenciadas-nos-encargos-com-agua-e-saneamento\\\/\"]}]},{\"@type\":\"ImageObject\",\"inLanguage\":\"pt-PT\",\"@id\":\"https:\\\/\\\/www.altominho.tv\\\/site\\\/2020\\\/06\\\/15\\\/camara-de-arcos-de-valdevez-apoia-familias-carenciadas-nos-encargos-com-agua-e-saneamento\\\/#primaryimage\",\"url\":\"https:\\\/\\\/www.altominho.tv\\\/site\\\/wp-content\\\/uploads\\\/2020\\\/06\\\/arcosvaldevez-1-740x422-1.jpg\",\"contentUrl\":\"https:\\\/\\\/www.altominho.tv\\\/site\\\/wp-content\\\/uploads\\\/2020\\\/06\\\/arcosvaldevez-1-740x422-1.jpg\",\"width\":740,\"height\":422},{\"@type\":\"BreadcrumbList\",\"@id\":\"https:\\\/\\\/www.altominho.tv\\\/site\\\/2020\\\/06\\\/15\\\/camara-de-arcos-de-valdevez-apoia-familias-carenciadas-nos-encargos-com-agua-e-saneamento\\\/#breadcrumb\",\"itemListElement\":[{\"@type\":\"ListItem\",\"position\":1,\"name\":\"In\u00edcio\",\"item\":\"https:\\\/\\\/www.altominho.tv\\\/site\\\/\"},{\"@type\":\"ListItem\",\"position\":2,\"name\":\"C\u00e2mara de Arcos de Valdevez apoia fam\u00edlias carenciadas nos Encargos com \u00c1gua e Saneamento\"}]},{\"@type\":\"WebSite\",\"@id\":\"https:\\\/\\\/www.altominho.tv\\\/site\\\/#website\",\"url\":\"https:\\\/\\\/www.altominho.tv\\\/site\\\/\",\"name\":\"Altominho.tv\",\"description\":\"A sua regi\u00e3o \u00e0 dist\u00e2ncia de um clique...\",\"potentialAction\":[{\"@type\":\"SearchAction\",\"target\":{\"@type\":\"EntryPoint\",\"urlTemplate\":\"https:\\\/\\\/www.altominho.tv\\\/site\\\/?s={search_term_string}\"},\"query-input\":{\"@type\":\"PropertyValueSpecification\",\"valueRequired\":true,\"valueName\":\"search_term_string\"}}],\"inLanguage\":\"pt-PT\"},{\"@type\":\"Person\",\"@id\":\"https:\\\/\\\/www.altominho.tv\\\/site\\\/#\\\/schema\\\/person\\\/a0e4ef6d041f98ca284393d8f1d97153\",\"name\":\"Andreia Cunha\",\"image\":{\"@type\":\"ImageObject\",\"inLanguage\":\"pt-PT\",\"@id\":\"https:\\\/\\\/www.altominho.tv\\\/site\\\/wp-content\\\/uploads\\\/2017\\\/11\\\/Andreia_Cunha-1-150x150.jpg\",\"url\":\"https:\\\/\\\/www.altominho.tv\\\/site\\\/wp-content\\\/uploads\\\/2017\\\/11\\\/Andreia_Cunha-1-150x150.jpg\",\"contentUrl\":\"https:\\\/\\\/www.altominho.tv\\\/site\\\/wp-content\\\/uploads\\\/2017\\\/11\\\/Andreia_Cunha-1-150x150.jpg\",\"caption\":\"Andreia Cunha\"},\"url\":\"https:\\\/\\\/www.altominho.tv\\\/site\\\/author\\\/andreiacunha\\\/\"}]}<\/script>\n<!-- \/ Yoast SEO Premium plugin. -->","yoast_head_json":{"title":"C\u00e2mara de Arcos de Valdevez apoia fam\u00edlias carenciadas nos Encargos com \u00c1gua e Saneamento","robots":{"index":"index","follow":"follow","max-snippet":"max-snippet:-1","max-image-preview":"max-image-preview:large","max-video-preview":"max-video-preview:-1"},"canonical":"https:\/\/www.altominho.tv\/site\/2020\/06\/15\/camara-de-arcos-de-valdevez-apoia-familias-carenciadas-nos-encargos-com-agua-e-saneamento\/","og_locale":"pt_PT","og_type":"article","og_title":"C\u00e2mara de Arcos de Valdevez apoia fam\u00edlias carenciadas nos Encargos com \u00c1gua e Saneamento","og_description":"A C\u00e2mara de Arcos de Valdevez vai apoiar as fam\u00edlias deste concelho que est\u00e3o a passar por dificuldades econ\u00f3micas, nos Encargos com \u00c1gua e Saneamento. &#8220;As fam\u00edlias arcuenses com maiores dificuldades econ\u00f3micas v\u00e3o receber apoio social da C\u00e2mara Municipal de Arcos de Valdevez para fazer face aos encargos com a fatura da \u00e1gua e saneamento&#8221;, [&hellip;]","og_url":"https:\/\/www.altominho.tv\/site\/2020\/06\/15\/camara-de-arcos-de-valdevez-apoia-familias-carenciadas-nos-encargos-com-agua-e-saneamento\/","og_site_name":"Altominho.tv","article_publisher":"https:\/\/www.facebook.com\/altominhotv","article_published_time":"2020-06-15T10:38:45+00:00","article_modified_time":"2020-06-15T10:38:50+00:00","og_image":[{"width":740,"height":422,"url":"https:\/\/www.altominho.tv\/site\/wp-content\/uploads\/2020\/06\/arcosvaldevez-1-740x422-1.jpg","type":"image\/jpeg"}],"author":"Andreia Cunha","twitter_card":"summary_large_image","twitter_creator":"@altominhoTV","twitter_site":"@altominhoTV","twitter_misc":{"Escrito por":"Andreia Cunha","Tempo estimado de leitura":"1 minuto"},"schema":{"@context":"https:\/\/schema.org","@graph":[{"@type":"Article","@id":"https:\/\/www.altominho.tv\/site\/2020\/06\/15\/camara-de-arcos-de-valdevez-apoia-familias-carenciadas-nos-encargos-com-agua-e-saneamento\/#article","isPartOf":{"@id":"https:\/\/www.altominho.tv\/site\/2020\/06\/15\/camara-de-arcos-de-valdevez-apoia-familias-carenciadas-nos-encargos-com-agua-e-saneamento\/"},"author":{"name":"Andreia Cunha","@id":"https:\/\/www.altominho.tv\/site\/#\/schema\/person\/a0e4ef6d041f98ca284393d8f1d97153"},"headline":"C\u00e2mara de Arcos de Valdevez apoia fam\u00edlias carenciadas nos Encargos com \u00c1gua e Saneamento","datePublished":"2020-06-15T10:38:45+00:00","dateModified":"2020-06-15T10:38:50+00:00","mainEntityOfPage":{"@id":"https:\/\/www.altominho.tv\/site\/2020\/06\/15\/camara-de-arcos-de-valdevez-apoia-familias-carenciadas-nos-encargos-com-agua-e-saneamento\/"},"wordCount":232,"image":{"@id":"https:\/\/www.altominho.tv\/site\/2020\/06\/15\/camara-de-arcos-de-valdevez-apoia-familias-carenciadas-nos-encargos-com-agua-e-saneamento\/#primaryimage"},"thumbnailUrl":"https:\/\/www.altominho.tv\/site\/wp-content\/uploads\/2020\/06\/arcosvaldevez-1-740x422-1.jpg","keywords":["Sociedade"],"articleSection":["Arcos de Valdevez"],"inLanguage":"pt-PT","copyrightYear":"2020","copyrightHolder":{"@id":"https:\/\/www.altominho.tv\/site\/#organization"}},{"@type":"WebPage","@id":"https:\/\/www.altominho.tv\/site\/2020\/06\/15\/camara-de-arcos-de-valdevez-apoia-familias-carenciadas-nos-encargos-com-agua-e-saneamento\/","url":"https:\/\/www.altominho.tv\/site\/2020\/06\/15\/camara-de-arcos-de-valdevez-apoia-familias-carenciadas-nos-encargos-com-agua-e-saneamento\/","name":"C\u00e2mara de Arcos de Valdevez apoia fam\u00edlias carenciadas nos Encargos com \u00c1gua e Saneamento","isPartOf":{"@id":"https:\/\/www.altominho.tv\/site\/#website"},"primaryImageOfPage":{"@id":"https:\/\/www.altominho.tv\/site\/2020\/06\/15\/camara-de-arcos-de-valdevez-apoia-familias-carenciadas-nos-encargos-com-agua-e-saneamento\/#primaryimage"},"image":{"@id":"https:\/\/www.altominho.tv\/site\/2020\/06\/15\/camara-de-arcos-de-valdevez-apoia-familias-carenciadas-nos-encargos-com-agua-e-saneamento\/#primaryimage"},"thumbnailUrl":"https:\/\/www.altominho.tv\/site\/wp-content\/uploads\/2020\/06\/arcosvaldevez-1-740x422-1.jpg","datePublished":"2020-06-15T10:38:45+00:00","dateModified":"2020-06-15T10:38:50+00:00","author":{"@id":"https:\/\/www.altominho.tv\/site\/#\/schema\/person\/a0e4ef6d041f98ca284393d8f1d97153"},"breadcrumb":{"@id":"https:\/\/www.altominho.tv\/site\/2020\/06\/15\/camara-de-arcos-de-valdevez-apoia-familias-carenciadas-nos-encargos-com-agua-e-saneamento\/#breadcrumb"},"inLanguage":"pt-PT","potentialAction":[{"@type":"ReadAction","target":["https:\/\/www.altominho.tv\/site\/2020\/06\/15\/camara-de-arcos-de-valdevez-apoia-familias-carenciadas-nos-encargos-com-agua-e-saneamento\/"]}]},{"@type":"ImageObject","inLanguage":"pt-PT","@id":"https:\/\/www.altominho.tv\/site\/2020\/06\/15\/camara-de-arcos-de-valdevez-apoia-familias-carenciadas-nos-encargos-com-agua-e-saneamento\/#primaryimage","url":"https:\/\/www.altominho.tv\/site\/wp-content\/uploads\/2020\/06\/arcosvaldevez-1-740x422-1.jpg","contentUrl":"https:\/\/www.altominho.tv\/site\/wp-content\/uploads\/2020\/06\/arcosvaldevez-1-740x422-1.jpg","width":740,"height":422},{"@type":"BreadcrumbList","@id":"https:\/\/www.altominho.tv\/site\/2020\/06\/15\/camara-de-arcos-de-valdevez-apoia-familias-carenciadas-nos-encargos-com-agua-e-saneamento\/#breadcrumb","itemListElement":[{"@type":"ListItem","position":1,"name":"In\u00edcio","item":"https:\/\/www.altominho.tv\/site\/"},{"@type":"ListItem","position":2,"name":"C\u00e2mara de Arcos de Valdevez apoia fam\u00edlias carenciadas nos Encargos com \u00c1gua e Saneamento"}]},{"@type":"WebSite","@id":"https:\/\/www.altominho.tv\/site\/#website","url":"https:\/\/www.altominho.tv\/site\/","name":"Altominho.tv","description":"A sua regi\u00e3o \u00e0 dist\u00e2ncia de um clique...","potentialAction":[{"@type":"SearchAction","target":{"@type":"EntryPoint","urlTemplate":"https:\/\/www.altominho.tv\/site\/?s={search_term_string}"},"query-input":{"@type":"PropertyValueSpecification","valueRequired":true,"valueName":"search_term_string"}}],"inLanguage":"pt-PT"},{"@type":"Person","@id":"https:\/\/www.altominho.tv\/site\/#\/schema\/person\/a0e4ef6d041f98ca284393d8f1d97153","name":"Andreia Cunha","image":{"@type":"ImageObject","inLanguage":"pt-PT","@id":"https:\/\/www.altominho.tv\/site\/wp-content\/uploads\/2017\/11\/Andreia_Cunha-1-150x150.jpg","url":"https:\/\/www.altominho.tv\/site\/wp-content\/uploads\/2017\/11\/Andreia_Cunha-1-150x150.jpg","contentUrl":"https:\/\/www.altominho.tv\/site\/wp-content\/uploads\/2017\/11\/Andreia_Cunha-1-150x150.jpg","caption":"Andreia Cunha"},"url":"https:\/\/www.altominho.tv\/site\/author\/andreiacunha\/"}]}},"_links":{"self":[{"href":"https:\/\/www.altominho.tv\/site\/wp-json\/wp\/v2\/posts\/47968","targetHints":{"allow":["GET"]}}],"collection":[{"href":"https:\/\/www.altominho.tv\/site\/wp-json\/wp\/v2\/posts"}],"about":[{"href":"https:\/\/www.altominho.tv\/site\/wp-json\/wp\/v2\/types\/post"}],"author":[{"embeddable":true,"href":"https:\/\/www.altominho.tv\/site\/wp-json\/wp\/v2\/users\/7"}],"replies":[{"embeddable":true,"href":"https:\/\/www.altominho.tv\/site\/wp-json\/wp\/v2\/comments?post=47968"}],"version-history":[{"count":0,"href":"https:\/\/www.altominho.tv\/site\/wp-json\/wp\/v2\/posts\/47968\/revisions"}],"wp:featuredmedia":[{"embeddable":true,"href":"https:\/\/www.altominho.tv\/site\/wp-json\/wp\/v2\/media\/47969"}],"wp:attachment":[{"href":"https:\/\/www.altominho.tv\/site\/wp-json\/wp\/v2\/media?parent=47968"}],"wp:term":[{"taxonomy":"category","embeddable":true,"href":"https:\/\/www.altominho.tv\/site\/wp-json\/wp\/v2\/categories?post=47968"},{"taxonomy":"post_tag","embeddable":true,"href":"https:\/\/www.altominho.tv\/site\/wp-json\/wp\/v2\/tags?post=47968"}],"curies":[{"name":"wp","href":"https:\/\/api.w.org\/{rel}","templated":true}]}}