{"id":47965,"date":"2020-06-15T11:15:23","date_gmt":"2020-06-15T10:15:23","guid":{"rendered":"http:\/\/www.altominho.tv\/site\/?p=47965"},"modified":"2020-06-15T11:15:27","modified_gmt":"2020-06-15T10:15:27","slug":"auto-de-consignacao-da-ligacao-do-parque-empresarial-de-formariz-a-autoestrada-a3-assinado-terca-feira","status":"publish","type":"post","link":"https:\/\/www.altominho.tv\/site\/2020\/06\/15\/auto-de-consignacao-da-ligacao-do-parque-empresarial-de-formariz-a-autoestrada-a3-assinado-terca-feira\/","title":{"rendered":"Auto de Consigna\u00e7\u00e3o da Liga\u00e7\u00e3o do Parque Empresarial de Formariz \u00e0 autoestrada A3 assinado ter\u00e7a-feira"},"content":{"rendered":"\n<p>O Auto de Consigna\u00e7\u00e3o da Liga\u00e7\u00e3o do Parque Empresarial de Formariz \u00e0 autoestrada A3 vai ser assinado esta ter\u00e7a-feira, dia 16 de junho.<\/p>\n\n\n\n<p>A Cerim\u00f3nia de Assinatura do Auto de Consigna\u00e7\u00e3o da Liga\u00e7\u00e3o do Parque Empresarial de Formariz \u00e0 autoestrada A3, tem lugar no \u00e2mbito do Programa de Valoriza\u00e7\u00e3o de \u00c1reas Empresariais, e ter\u00e1 lugar esta ter\u00e7a-feira, dia 16 de junho, pelas 15h20, na Sala de Cinema do Centro Cultural de Paredes de Coura.<\/p>\n\n\n\n<p>A cerim\u00f3nia vai contar com a presen\u00e7a do Ministro das Infraestruturas e da Habita\u00e7\u00e3o, Pedro Nuno Santos.<\/p>\n","protected":false},"excerpt":{"rendered":"<p>O Auto de Consigna\u00e7\u00e3o da Liga\u00e7\u00e3o do Parque Empresarial de Formariz \u00e0 autoestrada A3 vai ser assinado esta ter\u00e7a-feira, dia 16 de junho. A Cerim\u00f3nia de Assinatura do Auto de Consigna\u00e7\u00e3o da Liga\u00e7\u00e3o do Parque Empresarial de Formariz \u00e0 autoestrada A3, tem lugar no \u00e2mbito do Programa de Valoriza\u00e7\u00e3o de \u00c1reas Empresariais, e ter\u00e1 lugar [&hellip;]<\/p>\n","protected":false},"author":7,"featured_media":47966,"comment_status":"closed","ping_status":"closed","sticky":false,"template":"","format":"standard","meta":{"_exactmetrics_skip_tracking":false,"_exactmetrics_sitenote_active":false,"_exactmetrics_sitenote_note":"","_exactmetrics_sitenote_category":0,"footnotes":""},"categories":[10],"tags":[27],"class_list":["post-47965","post","type-post","status-publish","format-standard","has-post-thumbnail","hentry","category-paredes-de-coura","tag-sociedade"],"yoast_head":"<!-- This site is optimized with the Yoast SEO Premium plugin v27.4 (Yoast SEO v27.4) - https:\/\/yoast.com\/product\/yoast-seo-premium-wordpress\/ -->\n<title>Auto de Consigna\u00e7\u00e3o da Liga\u00e7\u00e3o do Parque Empresarial de Formariz \u00e0 autoestrada A3 assinado ter\u00e7a-feira<\/title>\n<meta name=\"robots\" content=\"index, follow, max-snippet:-1, max-image-preview:large, max-video-preview:-1\" \/>\n<link rel=\"canonical\" href=\"https:\/\/www.altominho.tv\/site\/2020\/06\/15\/auto-de-consignacao-da-ligacao-do-parque-empresarial-de-formariz-a-autoestrada-a3-assinado-terca-feira\/\" \/>\n<meta property=\"og:locale\" content=\"pt_PT\" \/>\n<meta property=\"og:type\" content=\"article\" \/>\n<meta property=\"og:title\" content=\"Auto de Consigna\u00e7\u00e3o da Liga\u00e7\u00e3o do Parque Empresarial de Formariz \u00e0 autoestrada A3 assinado ter\u00e7a-feira\" \/>\n<meta property=\"og:description\" content=\"O Auto de Consigna\u00e7\u00e3o da Liga\u00e7\u00e3o do Parque Empresarial de Formariz \u00e0 autoestrada A3 vai ser assinado esta ter\u00e7a-feira, dia 16 de junho. A Cerim\u00f3nia de Assinatura do Auto de Consigna\u00e7\u00e3o da Liga\u00e7\u00e3o do Parque Empresarial de Formariz \u00e0 autoestrada A3, tem lugar no \u00e2mbito do Programa de Valoriza\u00e7\u00e3o de \u00c1reas Empresariais, e ter\u00e1 lugar [&hellip;]\" \/>\n<meta property=\"og:url\" content=\"https:\/\/www.altominho.tv\/site\/2020\/06\/15\/auto-de-consignacao-da-ligacao-do-parque-empresarial-de-formariz-a-autoestrada-a3-assinado-terca-feira\/\" \/>\n<meta property=\"og:site_name\" content=\"Altominho.tv\" \/>\n<meta property=\"article:publisher\" content=\"https:\/\/www.facebook.com\/altominhotv\" \/>\n<meta property=\"article:published_time\" content=\"2020-06-15T10:15:23+00:00\" \/>\n<meta property=\"article:modified_time\" content=\"2020-06-15T10:15:27+00:00\" \/>\n<meta property=\"og:image\" content=\"https:\/\/www.altominho.tv\/site\/wp-content\/uploads\/2020\/06\/a3-paredes-de-coura.jpg\" \/>\n\t<meta property=\"og:image:width\" content=\"1024\" \/>\n\t<meta property=\"og:image:height\" content=\"733\" \/>\n\t<meta property=\"og:image:type\" content=\"image\/jpeg\" \/>\n<meta name=\"author\" content=\"Andreia Cunha\" \/>\n<meta name=\"twitter:card\" content=\"summary_large_image\" \/>\n<meta name=\"twitter:creator\" content=\"@altominhoTV\" \/>\n<meta name=\"twitter:site\" content=\"@altominhoTV\" \/>\n<meta name=\"twitter:label1\" content=\"Escrito por\" \/>\n\t<meta name=\"twitter:data1\" content=\"Andreia Cunha\" \/>\n<script type=\"application\/ld+json\" class=\"yoast-schema-graph\">{\"@context\":\"https:\\\/\\\/schema.org\",\"@graph\":[{\"@type\":\"Article\",\"@id\":\"https:\\\/\\\/www.altominho.tv\\\/site\\\/2020\\\/06\\\/15\\\/auto-de-consignacao-da-ligacao-do-parque-empresarial-de-formariz-a-autoestrada-a3-assinado-terca-feira\\\/#article\",\"isPartOf\":{\"@id\":\"https:\\\/\\\/www.altominho.tv\\\/site\\\/2020\\\/06\\\/15\\\/auto-de-consignacao-da-ligacao-do-parque-empresarial-de-formariz-a-autoestrada-a3-assinado-terca-feira\\\/\"},\"author\":{\"name\":\"Andreia Cunha\",\"@id\":\"https:\\\/\\\/www.altominho.tv\\\/site\\\/#\\\/schema\\\/person\\\/a0e4ef6d041f98ca284393d8f1d97153\"},\"headline\":\"Auto de Consigna\u00e7\u00e3o da Liga\u00e7\u00e3o do Parque Empresarial de Formariz \u00e0 autoestrada A3 assinado ter\u00e7a-feira\",\"datePublished\":\"2020-06-15T10:15:23+00:00\",\"dateModified\":\"2020-06-15T10:15:27+00:00\",\"mainEntityOfPage\":{\"@id\":\"https:\\\/\\\/www.altominho.tv\\\/site\\\/2020\\\/06\\\/15\\\/auto-de-consignacao-da-ligacao-do-parque-empresarial-de-formariz-a-autoestrada-a3-assinado-terca-feira\\\/\"},\"wordCount\":115,\"image\":{\"@id\":\"https:\\\/\\\/www.altominho.tv\\\/site\\\/2020\\\/06\\\/15\\\/auto-de-consignacao-da-ligacao-do-parque-empresarial-de-formariz-a-autoestrada-a3-assinado-terca-feira\\\/#primaryimage\"},\"thumbnailUrl\":\"https:\\\/\\\/www.altominho.tv\\\/site\\\/wp-content\\\/uploads\\\/2020\\\/06\\\/a3-paredes-de-coura.jpg\",\"keywords\":[\"Sociedade\"],\"articleSection\":[\"Paredes de Coura\"],\"inLanguage\":\"pt-PT\",\"copyrightYear\":\"2020\",\"copyrightHolder\":{\"@id\":\"https:\\\/\\\/www.altominho.tv\\\/site\\\/#organization\"}},{\"@type\":\"WebPage\",\"@id\":\"https:\\\/\\\/www.altominho.tv\\\/site\\\/2020\\\/06\\\/15\\\/auto-de-consignacao-da-ligacao-do-parque-empresarial-de-formariz-a-autoestrada-a3-assinado-terca-feira\\\/\",\"url\":\"https:\\\/\\\/www.altominho.tv\\\/site\\\/2020\\\/06\\\/15\\\/auto-de-consignacao-da-ligacao-do-parque-empresarial-de-formariz-a-autoestrada-a3-assinado-terca-feira\\\/\",\"name\":\"Auto de Consigna\u00e7\u00e3o da Liga\u00e7\u00e3o do Parque Empresarial de Formariz \u00e0 autoestrada A3 assinado ter\u00e7a-feira\",\"isPartOf\":{\"@id\":\"https:\\\/\\\/www.altominho.tv\\\/site\\\/#website\"},\"primaryImageOfPage\":{\"@id\":\"https:\\\/\\\/www.altominho.tv\\\/site\\\/2020\\\/06\\\/15\\\/auto-de-consignacao-da-ligacao-do-parque-empresarial-de-formariz-a-autoestrada-a3-assinado-terca-feira\\\/#primaryimage\"},\"image\":{\"@id\":\"https:\\\/\\\/www.altominho.tv\\\/site\\\/2020\\\/06\\\/15\\\/auto-de-consignacao-da-ligacao-do-parque-empresarial-de-formariz-a-autoestrada-a3-assinado-terca-feira\\\/#primaryimage\"},\"thumbnailUrl\":\"https:\\\/\\\/www.altominho.tv\\\/site\\\/wp-content\\\/uploads\\\/2020\\\/06\\\/a3-paredes-de-coura.jpg\",\"datePublished\":\"2020-06-15T10:15:23+00:00\",\"dateModified\":\"2020-06-15T10:15:27+00:00\",\"author\":{\"@id\":\"https:\\\/\\\/www.altominho.tv\\\/site\\\/#\\\/schema\\\/person\\\/a0e4ef6d041f98ca284393d8f1d97153\"},\"breadcrumb\":{\"@id\":\"https:\\\/\\\/www.altominho.tv\\\/site\\\/2020\\\/06\\\/15\\\/auto-de-consignacao-da-ligacao-do-parque-empresarial-de-formariz-a-autoestrada-a3-assinado-terca-feira\\\/#breadcrumb\"},\"inLanguage\":\"pt-PT\",\"potentialAction\":[{\"@type\":\"ReadAction\",\"target\":[\"https:\\\/\\\/www.altominho.tv\\\/site\\\/2020\\\/06\\\/15\\\/auto-de-consignacao-da-ligacao-do-parque-empresarial-de-formariz-a-autoestrada-a3-assinado-terca-feira\\\/\"]}]},{\"@type\":\"ImageObject\",\"inLanguage\":\"pt-PT\",\"@id\":\"https:\\\/\\\/www.altominho.tv\\\/site\\\/2020\\\/06\\\/15\\\/auto-de-consignacao-da-ligacao-do-parque-empresarial-de-formariz-a-autoestrada-a3-assinado-terca-feira\\\/#primaryimage\",\"url\":\"https:\\\/\\\/www.altominho.tv\\\/site\\\/wp-content\\\/uploads\\\/2020\\\/06\\\/a3-paredes-de-coura.jpg\",\"contentUrl\":\"https:\\\/\\\/www.altominho.tv\\\/site\\\/wp-content\\\/uploads\\\/2020\\\/06\\\/a3-paredes-de-coura.jpg\",\"width\":1024,\"height\":733},{\"@type\":\"BreadcrumbList\",\"@id\":\"https:\\\/\\\/www.altominho.tv\\\/site\\\/2020\\\/06\\\/15\\\/auto-de-consignacao-da-ligacao-do-parque-empresarial-de-formariz-a-autoestrada-a3-assinado-terca-feira\\\/#breadcrumb\",\"itemListElement\":[{\"@type\":\"ListItem\",\"position\":1,\"name\":\"In\u00edcio\",\"item\":\"https:\\\/\\\/www.altominho.tv\\\/site\\\/\"},{\"@type\":\"ListItem\",\"position\":2,\"name\":\"Auto de Consigna\u00e7\u00e3o da Liga\u00e7\u00e3o do Parque Empresarial de Formariz \u00e0 autoestrada A3 assinado ter\u00e7a-feira\"}]},{\"@type\":\"WebSite\",\"@id\":\"https:\\\/\\\/www.altominho.tv\\\/site\\\/#website\",\"url\":\"https:\\\/\\\/www.altominho.tv\\\/site\\\/\",\"name\":\"Altominho.tv\",\"description\":\"A sua regi\u00e3o \u00e0 dist\u00e2ncia de um clique...\",\"potentialAction\":[{\"@type\":\"SearchAction\",\"target\":{\"@type\":\"EntryPoint\",\"urlTemplate\":\"https:\\\/\\\/www.altominho.tv\\\/site\\\/?s={search_term_string}\"},\"query-input\":{\"@type\":\"PropertyValueSpecification\",\"valueRequired\":true,\"valueName\":\"search_term_string\"}}],\"inLanguage\":\"pt-PT\"},{\"@type\":\"Person\",\"@id\":\"https:\\\/\\\/www.altominho.tv\\\/site\\\/#\\\/schema\\\/person\\\/a0e4ef6d041f98ca284393d8f1d97153\",\"name\":\"Andreia Cunha\",\"image\":{\"@type\":\"ImageObject\",\"inLanguage\":\"pt-PT\",\"@id\":\"https:\\\/\\\/www.altominho.tv\\\/site\\\/wp-content\\\/uploads\\\/2017\\\/11\\\/Andreia_Cunha-1-150x150.jpg\",\"url\":\"https:\\\/\\\/www.altominho.tv\\\/site\\\/wp-content\\\/uploads\\\/2017\\\/11\\\/Andreia_Cunha-1-150x150.jpg\",\"contentUrl\":\"https:\\\/\\\/www.altominho.tv\\\/site\\\/wp-content\\\/uploads\\\/2017\\\/11\\\/Andreia_Cunha-1-150x150.jpg\",\"caption\":\"Andreia Cunha\"},\"url\":\"https:\\\/\\\/www.altominho.tv\\\/site\\\/author\\\/andreiacunha\\\/\"}]}<\/script>\n<!-- \/ Yoast SEO Premium plugin. -->","yoast_head_json":{"title":"Auto de Consigna\u00e7\u00e3o da Liga\u00e7\u00e3o do Parque Empresarial de Formariz \u00e0 autoestrada A3 assinado ter\u00e7a-feira","robots":{"index":"index","follow":"follow","max-snippet":"max-snippet:-1","max-image-preview":"max-image-preview:large","max-video-preview":"max-video-preview:-1"},"canonical":"https:\/\/www.altominho.tv\/site\/2020\/06\/15\/auto-de-consignacao-da-ligacao-do-parque-empresarial-de-formariz-a-autoestrada-a3-assinado-terca-feira\/","og_locale":"pt_PT","og_type":"article","og_title":"Auto de Consigna\u00e7\u00e3o da Liga\u00e7\u00e3o do Parque Empresarial de Formariz \u00e0 autoestrada A3 assinado ter\u00e7a-feira","og_description":"O Auto de Consigna\u00e7\u00e3o da Liga\u00e7\u00e3o do Parque Empresarial de Formariz \u00e0 autoestrada A3 vai ser assinado esta ter\u00e7a-feira, dia 16 de junho. A Cerim\u00f3nia de Assinatura do Auto de Consigna\u00e7\u00e3o da Liga\u00e7\u00e3o do Parque Empresarial de Formariz \u00e0 autoestrada A3, tem lugar no \u00e2mbito do Programa de Valoriza\u00e7\u00e3o de \u00c1reas Empresariais, e ter\u00e1 lugar [&hellip;]","og_url":"https:\/\/www.altominho.tv\/site\/2020\/06\/15\/auto-de-consignacao-da-ligacao-do-parque-empresarial-de-formariz-a-autoestrada-a3-assinado-terca-feira\/","og_site_name":"Altominho.tv","article_publisher":"https:\/\/www.facebook.com\/altominhotv","article_published_time":"2020-06-15T10:15:23+00:00","article_modified_time":"2020-06-15T10:15:27+00:00","og_image":[{"width":1024,"height":733,"url":"https:\/\/www.altominho.tv\/site\/wp-content\/uploads\/2020\/06\/a3-paredes-de-coura.jpg","type":"image\/jpeg"}],"author":"Andreia Cunha","twitter_card":"summary_large_image","twitter_creator":"@altominhoTV","twitter_site":"@altominhoTV","twitter_misc":{"Escrito por":"Andreia Cunha"},"schema":{"@context":"https:\/\/schema.org","@graph":[{"@type":"Article","@id":"https:\/\/www.altominho.tv\/site\/2020\/06\/15\/auto-de-consignacao-da-ligacao-do-parque-empresarial-de-formariz-a-autoestrada-a3-assinado-terca-feira\/#article","isPartOf":{"@id":"https:\/\/www.altominho.tv\/site\/2020\/06\/15\/auto-de-consignacao-da-ligacao-do-parque-empresarial-de-formariz-a-autoestrada-a3-assinado-terca-feira\/"},"author":{"name":"Andreia Cunha","@id":"https:\/\/www.altominho.tv\/site\/#\/schema\/person\/a0e4ef6d041f98ca284393d8f1d97153"},"headline":"Auto de Consigna\u00e7\u00e3o da Liga\u00e7\u00e3o do Parque Empresarial de Formariz \u00e0 autoestrada A3 assinado ter\u00e7a-feira","datePublished":"2020-06-15T10:15:23+00:00","dateModified":"2020-06-15T10:15:27+00:00","mainEntityOfPage":{"@id":"https:\/\/www.altominho.tv\/site\/2020\/06\/15\/auto-de-consignacao-da-ligacao-do-parque-empresarial-de-formariz-a-autoestrada-a3-assinado-terca-feira\/"},"wordCount":115,"image":{"@id":"https:\/\/www.altominho.tv\/site\/2020\/06\/15\/auto-de-consignacao-da-ligacao-do-parque-empresarial-de-formariz-a-autoestrada-a3-assinado-terca-feira\/#primaryimage"},"thumbnailUrl":"https:\/\/www.altominho.tv\/site\/wp-content\/uploads\/2020\/06\/a3-paredes-de-coura.jpg","keywords":["Sociedade"],"articleSection":["Paredes de Coura"],"inLanguage":"pt-PT","copyrightYear":"2020","copyrightHolder":{"@id":"https:\/\/www.altominho.tv\/site\/#organization"}},{"@type":"WebPage","@id":"https:\/\/www.altominho.tv\/site\/2020\/06\/15\/auto-de-consignacao-da-ligacao-do-parque-empresarial-de-formariz-a-autoestrada-a3-assinado-terca-feira\/","url":"https:\/\/www.altominho.tv\/site\/2020\/06\/15\/auto-de-consignacao-da-ligacao-do-parque-empresarial-de-formariz-a-autoestrada-a3-assinado-terca-feira\/","name":"Auto de Consigna\u00e7\u00e3o da Liga\u00e7\u00e3o do Parque Empresarial de Formariz \u00e0 autoestrada A3 assinado ter\u00e7a-feira","isPartOf":{"@id":"https:\/\/www.altominho.tv\/site\/#website"},"primaryImageOfPage":{"@id":"https:\/\/www.altominho.tv\/site\/2020\/06\/15\/auto-de-consignacao-da-ligacao-do-parque-empresarial-de-formariz-a-autoestrada-a3-assinado-terca-feira\/#primaryimage"},"image":{"@id":"https:\/\/www.altominho.tv\/site\/2020\/06\/15\/auto-de-consignacao-da-ligacao-do-parque-empresarial-de-formariz-a-autoestrada-a3-assinado-terca-feira\/#primaryimage"},"thumbnailUrl":"https:\/\/www.altominho.tv\/site\/wp-content\/uploads\/2020\/06\/a3-paredes-de-coura.jpg","datePublished":"2020-06-15T10:15:23+00:00","dateModified":"2020-06-15T10:15:27+00:00","author":{"@id":"https:\/\/www.altominho.tv\/site\/#\/schema\/person\/a0e4ef6d041f98ca284393d8f1d97153"},"breadcrumb":{"@id":"https:\/\/www.altominho.tv\/site\/2020\/06\/15\/auto-de-consignacao-da-ligacao-do-parque-empresarial-de-formariz-a-autoestrada-a3-assinado-terca-feira\/#breadcrumb"},"inLanguage":"pt-PT","potentialAction":[{"@type":"ReadAction","target":["https:\/\/www.altominho.tv\/site\/2020\/06\/15\/auto-de-consignacao-da-ligacao-do-parque-empresarial-de-formariz-a-autoestrada-a3-assinado-terca-feira\/"]}]},{"@type":"ImageObject","inLanguage":"pt-PT","@id":"https:\/\/www.altominho.tv\/site\/2020\/06\/15\/auto-de-consignacao-da-ligacao-do-parque-empresarial-de-formariz-a-autoestrada-a3-assinado-terca-feira\/#primaryimage","url":"https:\/\/www.altominho.tv\/site\/wp-content\/uploads\/2020\/06\/a3-paredes-de-coura.jpg","contentUrl":"https:\/\/www.altominho.tv\/site\/wp-content\/uploads\/2020\/06\/a3-paredes-de-coura.jpg","width":1024,"height":733},{"@type":"BreadcrumbList","@id":"https:\/\/www.altominho.tv\/site\/2020\/06\/15\/auto-de-consignacao-da-ligacao-do-parque-empresarial-de-formariz-a-autoestrada-a3-assinado-terca-feira\/#breadcrumb","itemListElement":[{"@type":"ListItem","position":1,"name":"In\u00edcio","item":"https:\/\/www.altominho.tv\/site\/"},{"@type":"ListItem","position":2,"name":"Auto de Consigna\u00e7\u00e3o da Liga\u00e7\u00e3o do Parque Empresarial de Formariz \u00e0 autoestrada A3 assinado ter\u00e7a-feira"}]},{"@type":"WebSite","@id":"https:\/\/www.altominho.tv\/site\/#website","url":"https:\/\/www.altominho.tv\/site\/","name":"Altominho.tv","description":"A sua regi\u00e3o \u00e0 dist\u00e2ncia de um clique...","potentialAction":[{"@type":"SearchAction","target":{"@type":"EntryPoint","urlTemplate":"https:\/\/www.altominho.tv\/site\/?s={search_term_string}"},"query-input":{"@type":"PropertyValueSpecification","valueRequired":true,"valueName":"search_term_string"}}],"inLanguage":"pt-PT"},{"@type":"Person","@id":"https:\/\/www.altominho.tv\/site\/#\/schema\/person\/a0e4ef6d041f98ca284393d8f1d97153","name":"Andreia Cunha","image":{"@type":"ImageObject","inLanguage":"pt-PT","@id":"https:\/\/www.altominho.tv\/site\/wp-content\/uploads\/2017\/11\/Andreia_Cunha-1-150x150.jpg","url":"https:\/\/www.altominho.tv\/site\/wp-content\/uploads\/2017\/11\/Andreia_Cunha-1-150x150.jpg","contentUrl":"https:\/\/www.altominho.tv\/site\/wp-content\/uploads\/2017\/11\/Andreia_Cunha-1-150x150.jpg","caption":"Andreia Cunha"},"url":"https:\/\/www.altominho.tv\/site\/author\/andreiacunha\/"}]}},"_links":{"self":[{"href":"https:\/\/www.altominho.tv\/site\/wp-json\/wp\/v2\/posts\/47965","targetHints":{"allow":["GET"]}}],"collection":[{"href":"https:\/\/www.altominho.tv\/site\/wp-json\/wp\/v2\/posts"}],"about":[{"href":"https:\/\/www.altominho.tv\/site\/wp-json\/wp\/v2\/types\/post"}],"author":[{"embeddable":true,"href":"https:\/\/www.altominho.tv\/site\/wp-json\/wp\/v2\/users\/7"}],"replies":[{"embeddable":true,"href":"https:\/\/www.altominho.tv\/site\/wp-json\/wp\/v2\/comments?post=47965"}],"version-history":[{"count":0,"href":"https:\/\/www.altominho.tv\/site\/wp-json\/wp\/v2\/posts\/47965\/revisions"}],"wp:featuredmedia":[{"embeddable":true,"href":"https:\/\/www.altominho.tv\/site\/wp-json\/wp\/v2\/media\/47966"}],"wp:attachment":[{"href":"https:\/\/www.altominho.tv\/site\/wp-json\/wp\/v2\/media?parent=47965"}],"wp:term":[{"taxonomy":"category","embeddable":true,"href":"https:\/\/www.altominho.tv\/site\/wp-json\/wp\/v2\/categories?post=47965"},{"taxonomy":"post_tag","embeddable":true,"href":"https:\/\/www.altominho.tv\/site\/wp-json\/wp\/v2\/tags?post=47965"}],"curies":[{"name":"wp","href":"https:\/\/api.w.org\/{rel}","templated":true}]}}