{"id":47945,"date":"2020-06-14T20:44:13","date_gmt":"2020-06-14T19:44:13","guid":{"rendered":"http:\/\/www.altominho.tv\/site\/?p=47945"},"modified":"2020-06-14T21:08:53","modified_gmt":"2020-06-14T20:08:53","slug":"gnr-obriga-ao-cancelamento-da-habitual-concentracao-de-concertinas-em-arcos-de-valdevez","status":"publish","type":"post","link":"https:\/\/www.altominho.tv\/site\/2020\/06\/14\/gnr-obriga-ao-cancelamento-da-habitual-concentracao-de-concertinas-em-arcos-de-valdevez\/","title":{"rendered":"GNR obriga ao cancelamento da habitual concentra\u00e7\u00e3o de concertinas em Arcos de Valdevez"},"content":{"rendered":"<p><strong>A Guarda Nacional Republicana, interrompeu a habitual concentra\u00e7\u00e3o de concertinas que acontece nas tardes de domingo em Arcos de Valdevez, apesar das regras impostas pela DGS.<\/strong><\/p>\n<p>Os militares n\u00e3o autorizaram o ajuntamento e obrigaram ao cancelamento da actividade que decorria junto ao Campo do Traslad\u00e1rio.<\/p>\n<p><span class=\"text_exposed_show\">De acordo com testemunhas no local, apesar de alguma indigna\u00e7\u00e3o por parte dos populares, estes acabaram por acatar a ordem dos militares e desmobilizaram.<\/span><\/p>\n<p>Recorde-se que antes do surgimento da pandemia, as tardes de domingo eram passadas junto ao Campo do Traslad\u00e1rio, em \u2018roda\u2019, ao som da concertina, das castanholas e do reco-reco, bailando-se o vira durante \u201choras seguidas\u201d, quer \u201cchova, quer fa\u00e7a sol\u201d. Estas concentra\u00e7\u00f5es passaram recentemente a ser retomadas na fase de desconfinamento, apesar das regras impostas pela DGS, e tem vindo a indignar uma parte da popula\u00e7\u00e3o local que tem manifestado esse desagrado nas redes sociais.<\/p>\n<p>Este movimento espont\u00e2neo come\u00e7ou \u201ct\u00edmido\u201d h\u00e1 quase d\u00e9cada e meia. Nos \u00faltimos anos, ganhou dimens\u00e3o e atrai dezenas de pessoas, n\u00e3o s\u00f3 de Arcos de Valdevez como dos concelhos vizinhos do distrito de Viana do Castelo, de Braga e at\u00e9 da Galiza.<\/p>\n<p>S\u00e3o designadas por\u00a0<a href=\"\/\/www.altominho.tv\/site\/2019\/08\/23\/rodas-espontaneas-de-chula-e-cana-verde-devolvem-vira-aos-terreiros-do-alto-minho\/\">\u2018rodas\u2019 porque no centro ficam os tocadores de concertina a que se juntam os bailarinos<\/a>, dan\u00e7ando em c\u00edrculo, aos pares. A roda vai crescendo \u00e0 medida que novos pares se juntam, ao ritmo do marcador, o dan\u00e7arino que vai indicando os passos e o sentido que a roda deve tomar.<\/p>\n<p>O \u201cgosto\u201d pelo folclore e a \u201calegria\u201d que o conv\u00edvio proporciona junta pessoas de todas as idades ao som das Chulas e das melodias da Cana Verde, das mais antigas dan\u00e7as populares das aldeias do Alto Minho.<\/p>\n","protected":false},"excerpt":{"rendered":"<p>A Guarda Nacional Republicana, interrompeu a habitual concentra\u00e7\u00e3o de concertinas que acontece nas tardes de domingo em Arcos de Valdevez, apesar das regras impostas pela DGS. Os militares n\u00e3o autorizaram o ajuntamento e obrigaram ao cancelamento da actividade que decorria junto ao Campo do Traslad\u00e1rio. De acordo com testemunhas no local, apesar de alguma indigna\u00e7\u00e3o [&hellip;]<\/p>\n","protected":false},"author":1,"featured_media":47946,"comment_status":"closed","ping_status":"closed","sticky":false,"template":"","format":"standard","meta":{"_exactmetrics_skip_tracking":false,"_exactmetrics_sitenote_active":false,"_exactmetrics_sitenote_note":"","_exactmetrics_sitenote_category":0,"footnotes":""},"categories":[2],"tags":[24],"class_list":["post-47945","post","type-post","status-publish","format-standard","has-post-thumbnail","hentry","category-arcos-de-valdevez","tag-lazer"],"yoast_head":"<!-- This site is optimized with the Yoast SEO Premium plugin v27.4 (Yoast SEO v27.4) - https:\/\/yoast.com\/product\/yoast-seo-premium-wordpress\/ -->\n<title>GNR obriga ao cancelamento da habitual concentra\u00e7\u00e3o de concertinas em Arcos de Valdevez<\/title>\n<meta name=\"robots\" content=\"index, follow, max-snippet:-1, max-image-preview:large, max-video-preview:-1\" \/>\n<link rel=\"canonical\" href=\"https:\/\/www.altominho.tv\/site\/2020\/06\/14\/gnr-obriga-ao-cancelamento-da-habitual-concentracao-de-concertinas-em-arcos-de-valdevez\/\" \/>\n<meta property=\"og:locale\" content=\"pt_PT\" \/>\n<meta property=\"og:type\" content=\"article\" \/>\n<meta property=\"og:title\" content=\"GNR obriga ao cancelamento da habitual concentra\u00e7\u00e3o de concertinas em Arcos de Valdevez\" \/>\n<meta property=\"og:description\" content=\"A Guarda Nacional Republicana, interrompeu a habitual concentra\u00e7\u00e3o de concertinas que acontece nas tardes de domingo em Arcos de Valdevez, apesar das regras impostas pela DGS. Os militares n\u00e3o autorizaram o ajuntamento e obrigaram ao cancelamento da actividade que decorria junto ao Campo do Traslad\u00e1rio. De acordo com testemunhas no local, apesar de alguma indigna\u00e7\u00e3o [&hellip;]\" \/>\n<meta property=\"og:url\" content=\"https:\/\/www.altominho.tv\/site\/2020\/06\/14\/gnr-obriga-ao-cancelamento-da-habitual-concentracao-de-concertinas-em-arcos-de-valdevez\/\" \/>\n<meta property=\"og:site_name\" content=\"Altominho.tv\" \/>\n<meta property=\"article:publisher\" content=\"https:\/\/www.facebook.com\/altominhotv\" \/>\n<meta property=\"article:published_time\" content=\"2020-06-14T19:44:13+00:00\" \/>\n<meta property=\"article:modified_time\" content=\"2020-06-14T20:08:53+00:00\" \/>\n<meta property=\"og:image\" content=\"https:\/\/www.altominho.tv\/site\/wp-content\/uploads\/2020\/06\/82948229_3078295205570609_1788722460059773198_o.jpg\" \/>\n\t<meta property=\"og:image:width\" content=\"1000\" \/>\n\t<meta property=\"og:image:height\" content=\"638\" \/>\n\t<meta property=\"og:image:type\" content=\"image\/jpeg\" \/>\n<meta name=\"author\" content=\"Altominho.tv\" \/>\n<meta name=\"twitter:card\" content=\"summary_large_image\" \/>\n<meta name=\"twitter:creator\" content=\"@altominhoTV\" \/>\n<meta name=\"twitter:site\" content=\"@altominhoTV\" \/>\n<meta name=\"twitter:label1\" content=\"Escrito por\" \/>\n\t<meta name=\"twitter:data1\" content=\"Altominho.tv\" \/>\n\t<meta name=\"twitter:label2\" content=\"Tempo estimado de leitura\" \/>\n\t<meta name=\"twitter:data2\" content=\"1 minuto\" \/>\n<script type=\"application\/ld+json\" class=\"yoast-schema-graph\">{\"@context\":\"https:\\\/\\\/schema.org\",\"@graph\":[{\"@type\":\"Article\",\"@id\":\"https:\\\/\\\/www.altominho.tv\\\/site\\\/2020\\\/06\\\/14\\\/gnr-obriga-ao-cancelamento-da-habitual-concentracao-de-concertinas-em-arcos-de-valdevez\\\/#article\",\"isPartOf\":{\"@id\":\"https:\\\/\\\/www.altominho.tv\\\/site\\\/2020\\\/06\\\/14\\\/gnr-obriga-ao-cancelamento-da-habitual-concentracao-de-concertinas-em-arcos-de-valdevez\\\/\"},\"author\":{\"name\":\"Altominho.tv\",\"@id\":\"https:\\\/\\\/www.altominho.tv\\\/site\\\/#\\\/schema\\\/person\\\/4e536851627d7914baf3dac752b6af22\"},\"headline\":\"GNR obriga ao cancelamento da habitual concentra\u00e7\u00e3o de concertinas em Arcos de Valdevez\",\"datePublished\":\"2020-06-14T19:44:13+00:00\",\"dateModified\":\"2020-06-14T20:08:53+00:00\",\"mainEntityOfPage\":{\"@id\":\"https:\\\/\\\/www.altominho.tv\\\/site\\\/2020\\\/06\\\/14\\\/gnr-obriga-ao-cancelamento-da-habitual-concentracao-de-concertinas-em-arcos-de-valdevez\\\/\"},\"wordCount\":309,\"image\":{\"@id\":\"https:\\\/\\\/www.altominho.tv\\\/site\\\/2020\\\/06\\\/14\\\/gnr-obriga-ao-cancelamento-da-habitual-concentracao-de-concertinas-em-arcos-de-valdevez\\\/#primaryimage\"},\"thumbnailUrl\":\"https:\\\/\\\/www.altominho.tv\\\/site\\\/wp-content\\\/uploads\\\/2020\\\/06\\\/82948229_3078295205570609_1788722460059773198_o.jpg\",\"keywords\":[\"Lazer\"],\"articleSection\":[\"Arcos de Valdevez\"],\"inLanguage\":\"pt-PT\",\"copyrightYear\":\"2020\",\"copyrightHolder\":{\"@id\":\"https:\\\/\\\/www.altominho.tv\\\/site\\\/#organization\"}},{\"@type\":\"WebPage\",\"@id\":\"https:\\\/\\\/www.altominho.tv\\\/site\\\/2020\\\/06\\\/14\\\/gnr-obriga-ao-cancelamento-da-habitual-concentracao-de-concertinas-em-arcos-de-valdevez\\\/\",\"url\":\"https:\\\/\\\/www.altominho.tv\\\/site\\\/2020\\\/06\\\/14\\\/gnr-obriga-ao-cancelamento-da-habitual-concentracao-de-concertinas-em-arcos-de-valdevez\\\/\",\"name\":\"GNR obriga ao cancelamento da habitual concentra\u00e7\u00e3o de concertinas em Arcos de Valdevez\",\"isPartOf\":{\"@id\":\"https:\\\/\\\/www.altominho.tv\\\/site\\\/#website\"},\"primaryImageOfPage\":{\"@id\":\"https:\\\/\\\/www.altominho.tv\\\/site\\\/2020\\\/06\\\/14\\\/gnr-obriga-ao-cancelamento-da-habitual-concentracao-de-concertinas-em-arcos-de-valdevez\\\/#primaryimage\"},\"image\":{\"@id\":\"https:\\\/\\\/www.altominho.tv\\\/site\\\/2020\\\/06\\\/14\\\/gnr-obriga-ao-cancelamento-da-habitual-concentracao-de-concertinas-em-arcos-de-valdevez\\\/#primaryimage\"},\"thumbnailUrl\":\"https:\\\/\\\/www.altominho.tv\\\/site\\\/wp-content\\\/uploads\\\/2020\\\/06\\\/82948229_3078295205570609_1788722460059773198_o.jpg\",\"datePublished\":\"2020-06-14T19:44:13+00:00\",\"dateModified\":\"2020-06-14T20:08:53+00:00\",\"author\":{\"@id\":\"https:\\\/\\\/www.altominho.tv\\\/site\\\/#\\\/schema\\\/person\\\/4e536851627d7914baf3dac752b6af22\"},\"breadcrumb\":{\"@id\":\"https:\\\/\\\/www.altominho.tv\\\/site\\\/2020\\\/06\\\/14\\\/gnr-obriga-ao-cancelamento-da-habitual-concentracao-de-concertinas-em-arcos-de-valdevez\\\/#breadcrumb\"},\"inLanguage\":\"pt-PT\",\"potentialAction\":[{\"@type\":\"ReadAction\",\"target\":[\"https:\\\/\\\/www.altominho.tv\\\/site\\\/2020\\\/06\\\/14\\\/gnr-obriga-ao-cancelamento-da-habitual-concentracao-de-concertinas-em-arcos-de-valdevez\\\/\"]}]},{\"@type\":\"ImageObject\",\"inLanguage\":\"pt-PT\",\"@id\":\"https:\\\/\\\/www.altominho.tv\\\/site\\\/2020\\\/06\\\/14\\\/gnr-obriga-ao-cancelamento-da-habitual-concentracao-de-concertinas-em-arcos-de-valdevez\\\/#primaryimage\",\"url\":\"https:\\\/\\\/www.altominho.tv\\\/site\\\/wp-content\\\/uploads\\\/2020\\\/06\\\/82948229_3078295205570609_1788722460059773198_o.jpg\",\"contentUrl\":\"https:\\\/\\\/www.altominho.tv\\\/site\\\/wp-content\\\/uploads\\\/2020\\\/06\\\/82948229_3078295205570609_1788722460059773198_o.jpg\",\"width\":1000,\"height\":638,\"caption\":\"Z\u00e9 Rocha Dantas\"},{\"@type\":\"BreadcrumbList\",\"@id\":\"https:\\\/\\\/www.altominho.tv\\\/site\\\/2020\\\/06\\\/14\\\/gnr-obriga-ao-cancelamento-da-habitual-concentracao-de-concertinas-em-arcos-de-valdevez\\\/#breadcrumb\",\"itemListElement\":[{\"@type\":\"ListItem\",\"position\":1,\"name\":\"In\u00edcio\",\"item\":\"https:\\\/\\\/www.altominho.tv\\\/site\\\/\"},{\"@type\":\"ListItem\",\"position\":2,\"name\":\"GNR obriga ao cancelamento da habitual concentra\u00e7\u00e3o de concertinas em Arcos de Valdevez\"}]},{\"@type\":\"WebSite\",\"@id\":\"https:\\\/\\\/www.altominho.tv\\\/site\\\/#website\",\"url\":\"https:\\\/\\\/www.altominho.tv\\\/site\\\/\",\"name\":\"Altominho.tv\",\"description\":\"A sua regi\u00e3o \u00e0 dist\u00e2ncia de um clique...\",\"potentialAction\":[{\"@type\":\"SearchAction\",\"target\":{\"@type\":\"EntryPoint\",\"urlTemplate\":\"https:\\\/\\\/www.altominho.tv\\\/site\\\/?s={search_term_string}\"},\"query-input\":{\"@type\":\"PropertyValueSpecification\",\"valueRequired\":true,\"valueName\":\"search_term_string\"}}],\"inLanguage\":\"pt-PT\"},{\"@type\":\"Person\",\"@id\":\"https:\\\/\\\/www.altominho.tv\\\/site\\\/#\\\/schema\\\/person\\\/4e536851627d7914baf3dac752b6af22\",\"name\":\"Altominho.tv\",\"image\":{\"@type\":\"ImageObject\",\"inLanguage\":\"pt-PT\",\"@id\":\"https:\\\/\\\/www.altominho.tv\\\/site\\\/wp-content\\\/uploads\\\/2019\\\/11\\\/Logo_Avatar_2-150x150.jpg\",\"url\":\"https:\\\/\\\/www.altominho.tv\\\/site\\\/wp-content\\\/uploads\\\/2019\\\/11\\\/Logo_Avatar_2-150x150.jpg\",\"contentUrl\":\"https:\\\/\\\/www.altominho.tv\\\/site\\\/wp-content\\\/uploads\\\/2019\\\/11\\\/Logo_Avatar_2-150x150.jpg\",\"caption\":\"Altominho.tv\"},\"url\":\"https:\\\/\\\/www.altominho.tv\\\/site\\\/author\\\/altominhotv-tecnico\\\/\"}]}<\/script>\n<!-- \/ Yoast SEO Premium plugin. -->","yoast_head_json":{"title":"GNR obriga ao cancelamento da habitual concentra\u00e7\u00e3o de concertinas em Arcos de Valdevez","robots":{"index":"index","follow":"follow","max-snippet":"max-snippet:-1","max-image-preview":"max-image-preview:large","max-video-preview":"max-video-preview:-1"},"canonical":"https:\/\/www.altominho.tv\/site\/2020\/06\/14\/gnr-obriga-ao-cancelamento-da-habitual-concentracao-de-concertinas-em-arcos-de-valdevez\/","og_locale":"pt_PT","og_type":"article","og_title":"GNR obriga ao cancelamento da habitual concentra\u00e7\u00e3o de concertinas em Arcos de Valdevez","og_description":"A Guarda Nacional Republicana, interrompeu a habitual concentra\u00e7\u00e3o de concertinas que acontece nas tardes de domingo em Arcos de Valdevez, apesar das regras impostas pela DGS. Os militares n\u00e3o autorizaram o ajuntamento e obrigaram ao cancelamento da actividade que decorria junto ao Campo do Traslad\u00e1rio. De acordo com testemunhas no local, apesar de alguma indigna\u00e7\u00e3o [&hellip;]","og_url":"https:\/\/www.altominho.tv\/site\/2020\/06\/14\/gnr-obriga-ao-cancelamento-da-habitual-concentracao-de-concertinas-em-arcos-de-valdevez\/","og_site_name":"Altominho.tv","article_publisher":"https:\/\/www.facebook.com\/altominhotv","article_published_time":"2020-06-14T19:44:13+00:00","article_modified_time":"2020-06-14T20:08:53+00:00","og_image":[{"width":1000,"height":638,"url":"https:\/\/www.altominho.tv\/site\/wp-content\/uploads\/2020\/06\/82948229_3078295205570609_1788722460059773198_o.jpg","type":"image\/jpeg"}],"author":"Altominho.tv","twitter_card":"summary_large_image","twitter_creator":"@altominhoTV","twitter_site":"@altominhoTV","twitter_misc":{"Escrito por":"Altominho.tv","Tempo estimado de leitura":"1 minuto"},"schema":{"@context":"https:\/\/schema.org","@graph":[{"@type":"Article","@id":"https:\/\/www.altominho.tv\/site\/2020\/06\/14\/gnr-obriga-ao-cancelamento-da-habitual-concentracao-de-concertinas-em-arcos-de-valdevez\/#article","isPartOf":{"@id":"https:\/\/www.altominho.tv\/site\/2020\/06\/14\/gnr-obriga-ao-cancelamento-da-habitual-concentracao-de-concertinas-em-arcos-de-valdevez\/"},"author":{"name":"Altominho.tv","@id":"https:\/\/www.altominho.tv\/site\/#\/schema\/person\/4e536851627d7914baf3dac752b6af22"},"headline":"GNR obriga ao cancelamento da habitual concentra\u00e7\u00e3o de concertinas em Arcos de Valdevez","datePublished":"2020-06-14T19:44:13+00:00","dateModified":"2020-06-14T20:08:53+00:00","mainEntityOfPage":{"@id":"https:\/\/www.altominho.tv\/site\/2020\/06\/14\/gnr-obriga-ao-cancelamento-da-habitual-concentracao-de-concertinas-em-arcos-de-valdevez\/"},"wordCount":309,"image":{"@id":"https:\/\/www.altominho.tv\/site\/2020\/06\/14\/gnr-obriga-ao-cancelamento-da-habitual-concentracao-de-concertinas-em-arcos-de-valdevez\/#primaryimage"},"thumbnailUrl":"https:\/\/www.altominho.tv\/site\/wp-content\/uploads\/2020\/06\/82948229_3078295205570609_1788722460059773198_o.jpg","keywords":["Lazer"],"articleSection":["Arcos de Valdevez"],"inLanguage":"pt-PT","copyrightYear":"2020","copyrightHolder":{"@id":"https:\/\/www.altominho.tv\/site\/#organization"}},{"@type":"WebPage","@id":"https:\/\/www.altominho.tv\/site\/2020\/06\/14\/gnr-obriga-ao-cancelamento-da-habitual-concentracao-de-concertinas-em-arcos-de-valdevez\/","url":"https:\/\/www.altominho.tv\/site\/2020\/06\/14\/gnr-obriga-ao-cancelamento-da-habitual-concentracao-de-concertinas-em-arcos-de-valdevez\/","name":"GNR obriga ao cancelamento da habitual concentra\u00e7\u00e3o de concertinas em Arcos de Valdevez","isPartOf":{"@id":"https:\/\/www.altominho.tv\/site\/#website"},"primaryImageOfPage":{"@id":"https:\/\/www.altominho.tv\/site\/2020\/06\/14\/gnr-obriga-ao-cancelamento-da-habitual-concentracao-de-concertinas-em-arcos-de-valdevez\/#primaryimage"},"image":{"@id":"https:\/\/www.altominho.tv\/site\/2020\/06\/14\/gnr-obriga-ao-cancelamento-da-habitual-concentracao-de-concertinas-em-arcos-de-valdevez\/#primaryimage"},"thumbnailUrl":"https:\/\/www.altominho.tv\/site\/wp-content\/uploads\/2020\/06\/82948229_3078295205570609_1788722460059773198_o.jpg","datePublished":"2020-06-14T19:44:13+00:00","dateModified":"2020-06-14T20:08:53+00:00","author":{"@id":"https:\/\/www.altominho.tv\/site\/#\/schema\/person\/4e536851627d7914baf3dac752b6af22"},"breadcrumb":{"@id":"https:\/\/www.altominho.tv\/site\/2020\/06\/14\/gnr-obriga-ao-cancelamento-da-habitual-concentracao-de-concertinas-em-arcos-de-valdevez\/#breadcrumb"},"inLanguage":"pt-PT","potentialAction":[{"@type":"ReadAction","target":["https:\/\/www.altominho.tv\/site\/2020\/06\/14\/gnr-obriga-ao-cancelamento-da-habitual-concentracao-de-concertinas-em-arcos-de-valdevez\/"]}]},{"@type":"ImageObject","inLanguage":"pt-PT","@id":"https:\/\/www.altominho.tv\/site\/2020\/06\/14\/gnr-obriga-ao-cancelamento-da-habitual-concentracao-de-concertinas-em-arcos-de-valdevez\/#primaryimage","url":"https:\/\/www.altominho.tv\/site\/wp-content\/uploads\/2020\/06\/82948229_3078295205570609_1788722460059773198_o.jpg","contentUrl":"https:\/\/www.altominho.tv\/site\/wp-content\/uploads\/2020\/06\/82948229_3078295205570609_1788722460059773198_o.jpg","width":1000,"height":638,"caption":"Z\u00e9 Rocha Dantas"},{"@type":"BreadcrumbList","@id":"https:\/\/www.altominho.tv\/site\/2020\/06\/14\/gnr-obriga-ao-cancelamento-da-habitual-concentracao-de-concertinas-em-arcos-de-valdevez\/#breadcrumb","itemListElement":[{"@type":"ListItem","position":1,"name":"In\u00edcio","item":"https:\/\/www.altominho.tv\/site\/"},{"@type":"ListItem","position":2,"name":"GNR obriga ao cancelamento da habitual concentra\u00e7\u00e3o de concertinas em Arcos de Valdevez"}]},{"@type":"WebSite","@id":"https:\/\/www.altominho.tv\/site\/#website","url":"https:\/\/www.altominho.tv\/site\/","name":"Altominho.tv","description":"A sua regi\u00e3o \u00e0 dist\u00e2ncia de um clique...","potentialAction":[{"@type":"SearchAction","target":{"@type":"EntryPoint","urlTemplate":"https:\/\/www.altominho.tv\/site\/?s={search_term_string}"},"query-input":{"@type":"PropertyValueSpecification","valueRequired":true,"valueName":"search_term_string"}}],"inLanguage":"pt-PT"},{"@type":"Person","@id":"https:\/\/www.altominho.tv\/site\/#\/schema\/person\/4e536851627d7914baf3dac752b6af22","name":"Altominho.tv","image":{"@type":"ImageObject","inLanguage":"pt-PT","@id":"https:\/\/www.altominho.tv\/site\/wp-content\/uploads\/2019\/11\/Logo_Avatar_2-150x150.jpg","url":"https:\/\/www.altominho.tv\/site\/wp-content\/uploads\/2019\/11\/Logo_Avatar_2-150x150.jpg","contentUrl":"https:\/\/www.altominho.tv\/site\/wp-content\/uploads\/2019\/11\/Logo_Avatar_2-150x150.jpg","caption":"Altominho.tv"},"url":"https:\/\/www.altominho.tv\/site\/author\/altominhotv-tecnico\/"}]}},"_links":{"self":[{"href":"https:\/\/www.altominho.tv\/site\/wp-json\/wp\/v2\/posts\/47945","targetHints":{"allow":["GET"]}}],"collection":[{"href":"https:\/\/www.altominho.tv\/site\/wp-json\/wp\/v2\/posts"}],"about":[{"href":"https:\/\/www.altominho.tv\/site\/wp-json\/wp\/v2\/types\/post"}],"author":[{"embeddable":true,"href":"https:\/\/www.altominho.tv\/site\/wp-json\/wp\/v2\/users\/1"}],"replies":[{"embeddable":true,"href":"https:\/\/www.altominho.tv\/site\/wp-json\/wp\/v2\/comments?post=47945"}],"version-history":[{"count":0,"href":"https:\/\/www.altominho.tv\/site\/wp-json\/wp\/v2\/posts\/47945\/revisions"}],"wp:featuredmedia":[{"embeddable":true,"href":"https:\/\/www.altominho.tv\/site\/wp-json\/wp\/v2\/media\/47946"}],"wp:attachment":[{"href":"https:\/\/www.altominho.tv\/site\/wp-json\/wp\/v2\/media?parent=47945"}],"wp:term":[{"taxonomy":"category","embeddable":true,"href":"https:\/\/www.altominho.tv\/site\/wp-json\/wp\/v2\/categories?post=47945"},{"taxonomy":"post_tag","embeddable":true,"href":"https:\/\/www.altominho.tv\/site\/wp-json\/wp\/v2\/tags?post=47945"}],"curies":[{"name":"wp","href":"https:\/\/api.w.org\/{rel}","templated":true}]}}