{"id":47856,"date":"2020-06-12T20:00:00","date_gmt":"2020-06-12T19:00:00","guid":{"rendered":"http:\/\/www.altominho.tv\/site\/?p=47856"},"modified":"2020-06-12T14:16:54","modified_gmt":"2020-06-12T13:16:54","slug":"na-vila-de-soajo-um-grupo-de-voluntarias-esta-a-produzir-mascaras","status":"publish","type":"post","link":"https:\/\/www.altominho.tv\/site\/2020\/06\/12\/na-vila-de-soajo-um-grupo-de-voluntarias-esta-a-produzir-mascaras\/","title":{"rendered":"Na vila de Soajo um grupo de volunt\u00e1rias est\u00e1 a produzir m\u00e1scaras"},"content":{"rendered":"\n<p>Na vila de Soajo um grupo de volunt\u00e1rias est\u00e1 a produzir m\u00e1scaras para distribuir por todos os moradores.A iniciativa teve origem ap\u00f3s o contacto de uma empresa do Porto que ofereceu os tecidos.As m\u00e1scaras v\u00e3o ser distribu\u00eddas por todos os habitantes.&nbsp;<\/p>\n\n\n\n<figure class=\"wp-block-embed-youtube wp-block-embed is-type-video is-provider-youtube wp-embed-aspect-16-9 wp-has-aspect-ratio\"><div class=\"wp-block-embed__wrapper\">\n<iframe loading=\"lazy\" title=\"Na vila de Soajo um grupo de volunt\u00e1rias est\u00e1 a produzir m\u00e1scaras  | Altominho TV\" width=\"770\" height=\"433\" src=\"https:\/\/www.youtube.com\/embed\/CHnoZt2I2po?feature=oembed\" frameborder=\"0\" allow=\"accelerometer; autoplay; encrypted-media; gyroscope; picture-in-picture\" allowfullscreen><\/iframe>\n<\/div><\/figure>\n","protected":false},"excerpt":{"rendered":"<p>Na vila de Soajo um grupo de volunt\u00e1rias est\u00e1 a produzir m\u00e1scaras para distribuir por todos os moradores.A iniciativa teve origem ap\u00f3s o contacto de uma empresa do Porto que ofereceu os tecidos.As m\u00e1scaras v\u00e3o ser distribu\u00eddas por todos os habitantes.&nbsp;<\/p>\n","protected":false},"author":9,"featured_media":47857,"comment_status":"closed","ping_status":"closed","sticky":false,"template":"","format":"video","meta":{"_exactmetrics_skip_tracking":false,"_exactmetrics_sitenote_active":false,"_exactmetrics_sitenote_note":"","_exactmetrics_sitenote_category":0,"footnotes":""},"categories":[2],"tags":[27],"class_list":["post-47856","post","type-post","status-publish","format-video","has-post-thumbnail","hentry","category-arcos-de-valdevez","tag-sociedade","post_format-post-format-video"],"yoast_head":"<!-- This site is optimized with the Yoast SEO Premium plugin v27.4 (Yoast SEO v27.4) - https:\/\/yoast.com\/product\/yoast-seo-premium-wordpress\/ -->\n<title>Na vila de Soajo um grupo de volunt\u00e1rias est\u00e1 a produzir m\u00e1scaras<\/title>\n<meta name=\"robots\" content=\"index, follow, max-snippet:-1, max-image-preview:large, max-video-preview:-1\" \/>\n<link rel=\"canonical\" href=\"https:\/\/www.altominho.tv\/site\/2020\/06\/12\/na-vila-de-soajo-um-grupo-de-voluntarias-esta-a-produzir-mascaras\/\" \/>\n<meta property=\"og:locale\" content=\"pt_PT\" \/>\n<meta property=\"og:type\" content=\"article\" \/>\n<meta property=\"og:title\" content=\"Na vila de Soajo um grupo de volunt\u00e1rias est\u00e1 a produzir m\u00e1scaras\" \/>\n<meta property=\"og:description\" content=\"Na vila de Soajo um grupo de volunt\u00e1rias est\u00e1 a produzir m\u00e1scaras para distribuir por todos os moradores.A iniciativa teve origem ap\u00f3s o contacto de uma empresa do Porto que ofereceu os tecidos.As m\u00e1scaras v\u00e3o ser distribu\u00eddas por todos os habitantes.&nbsp;\" \/>\n<meta property=\"og:url\" content=\"https:\/\/www.altominho.tv\/site\/2020\/06\/12\/na-vila-de-soajo-um-grupo-de-voluntarias-esta-a-produzir-mascaras\/\" \/>\n<meta property=\"og:site_name\" content=\"Altominho.tv\" \/>\n<meta property=\"article:publisher\" content=\"https:\/\/www.facebook.com\/altominhotv\" \/>\n<meta property=\"article:published_time\" content=\"2020-06-12T19:00:00+00:00\" \/>\n<meta property=\"og:image\" content=\"https:\/\/www.altominho.tv\/site\/wp-content\/uploads\/2020\/06\/Captura-de-ecra\u0303-2020-06-12-a\u0300s-14.12.48.jpg\" \/>\n\t<meta property=\"og:image:width\" content=\"2560\" \/>\n\t<meta property=\"og:image:height\" content=\"1440\" \/>\n\t<meta property=\"og:image:type\" content=\"image\/jpeg\" \/>\n<meta name=\"author\" content=\"Rafael Pereira\" \/>\n<meta name=\"twitter:card\" content=\"summary_large_image\" \/>\n<meta name=\"twitter:creator\" content=\"@altominhoTV\" \/>\n<meta name=\"twitter:site\" content=\"@altominhoTV\" \/>\n<meta name=\"twitter:label1\" content=\"Escrito por\" \/>\n\t<meta name=\"twitter:data1\" content=\"Rafael Pereira\" \/>\n<script type=\"application\/ld+json\" class=\"yoast-schema-graph\">{\"@context\":\"https:\\\/\\\/schema.org\",\"@graph\":[{\"@type\":\"Article\",\"@id\":\"https:\\\/\\\/www.altominho.tv\\\/site\\\/2020\\\/06\\\/12\\\/na-vila-de-soajo-um-grupo-de-voluntarias-esta-a-produzir-mascaras\\\/#article\",\"isPartOf\":{\"@id\":\"https:\\\/\\\/www.altominho.tv\\\/site\\\/2020\\\/06\\\/12\\\/na-vila-de-soajo-um-grupo-de-voluntarias-esta-a-produzir-mascaras\\\/\"},\"author\":{\"name\":\"Rafael Pereira\",\"@id\":\"https:\\\/\\\/www.altominho.tv\\\/site\\\/#\\\/schema\\\/person\\\/2690abd4f0b3984514ce0607afbfced7\"},\"headline\":\"Na vila de Soajo um grupo de volunt\u00e1rias est\u00e1 a produzir m\u00e1scaras\",\"datePublished\":\"2020-06-12T19:00:00+00:00\",\"mainEntityOfPage\":{\"@id\":\"https:\\\/\\\/www.altominho.tv\\\/site\\\/2020\\\/06\\\/12\\\/na-vila-de-soajo-um-grupo-de-voluntarias-esta-a-produzir-mascaras\\\/\"},\"wordCount\":70,\"image\":{\"@id\":\"https:\\\/\\\/www.altominho.tv\\\/site\\\/2020\\\/06\\\/12\\\/na-vila-de-soajo-um-grupo-de-voluntarias-esta-a-produzir-mascaras\\\/#primaryimage\"},\"thumbnailUrl\":\"https:\\\/\\\/www.altominho.tv\\\/site\\\/wp-content\\\/uploads\\\/2020\\\/06\\\/Captura-de-ecra\u0303-2020-06-12-a\u0300s-14.12.48.jpg\",\"keywords\":[\"Sociedade\"],\"articleSection\":[\"Arcos de Valdevez\"],\"inLanguage\":\"pt-PT\",\"copyrightYear\":\"2020\",\"copyrightHolder\":{\"@id\":\"https:\\\/\\\/www.altominho.tv\\\/site\\\/#organization\"}},{\"@type\":\"WebPage\",\"@id\":\"https:\\\/\\\/www.altominho.tv\\\/site\\\/2020\\\/06\\\/12\\\/na-vila-de-soajo-um-grupo-de-voluntarias-esta-a-produzir-mascaras\\\/\",\"url\":\"https:\\\/\\\/www.altominho.tv\\\/site\\\/2020\\\/06\\\/12\\\/na-vila-de-soajo-um-grupo-de-voluntarias-esta-a-produzir-mascaras\\\/\",\"name\":\"Na vila de Soajo um grupo de volunt\u00e1rias est\u00e1 a produzir m\u00e1scaras\",\"isPartOf\":{\"@id\":\"https:\\\/\\\/www.altominho.tv\\\/site\\\/#website\"},\"primaryImageOfPage\":{\"@id\":\"https:\\\/\\\/www.altominho.tv\\\/site\\\/2020\\\/06\\\/12\\\/na-vila-de-soajo-um-grupo-de-voluntarias-esta-a-produzir-mascaras\\\/#primaryimage\"},\"image\":{\"@id\":\"https:\\\/\\\/www.altominho.tv\\\/site\\\/2020\\\/06\\\/12\\\/na-vila-de-soajo-um-grupo-de-voluntarias-esta-a-produzir-mascaras\\\/#primaryimage\"},\"thumbnailUrl\":\"https:\\\/\\\/www.altominho.tv\\\/site\\\/wp-content\\\/uploads\\\/2020\\\/06\\\/Captura-de-ecra\u0303-2020-06-12-a\u0300s-14.12.48.jpg\",\"datePublished\":\"2020-06-12T19:00:00+00:00\",\"author\":{\"@id\":\"https:\\\/\\\/www.altominho.tv\\\/site\\\/#\\\/schema\\\/person\\\/2690abd4f0b3984514ce0607afbfced7\"},\"breadcrumb\":{\"@id\":\"https:\\\/\\\/www.altominho.tv\\\/site\\\/2020\\\/06\\\/12\\\/na-vila-de-soajo-um-grupo-de-voluntarias-esta-a-produzir-mascaras\\\/#breadcrumb\"},\"inLanguage\":\"pt-PT\",\"potentialAction\":[{\"@type\":\"ReadAction\",\"target\":[\"https:\\\/\\\/www.altominho.tv\\\/site\\\/2020\\\/06\\\/12\\\/na-vila-de-soajo-um-grupo-de-voluntarias-esta-a-produzir-mascaras\\\/\"]}]},{\"@type\":\"ImageObject\",\"inLanguage\":\"pt-PT\",\"@id\":\"https:\\\/\\\/www.altominho.tv\\\/site\\\/2020\\\/06\\\/12\\\/na-vila-de-soajo-um-grupo-de-voluntarias-esta-a-produzir-mascaras\\\/#primaryimage\",\"url\":\"https:\\\/\\\/www.altominho.tv\\\/site\\\/wp-content\\\/uploads\\\/2020\\\/06\\\/Captura-de-ecra\u0303-2020-06-12-a\u0300s-14.12.48.jpg\",\"contentUrl\":\"https:\\\/\\\/www.altominho.tv\\\/site\\\/wp-content\\\/uploads\\\/2020\\\/06\\\/Captura-de-ecra\u0303-2020-06-12-a\u0300s-14.12.48.jpg\",\"width\":2560,\"height\":1440},{\"@type\":\"BreadcrumbList\",\"@id\":\"https:\\\/\\\/www.altominho.tv\\\/site\\\/2020\\\/06\\\/12\\\/na-vila-de-soajo-um-grupo-de-voluntarias-esta-a-produzir-mascaras\\\/#breadcrumb\",\"itemListElement\":[{\"@type\":\"ListItem\",\"position\":1,\"name\":\"In\u00edcio\",\"item\":\"https:\\\/\\\/www.altominho.tv\\\/site\\\/\"},{\"@type\":\"ListItem\",\"position\":2,\"name\":\"Na vila de Soajo um grupo de volunt\u00e1rias est\u00e1 a produzir m\u00e1scaras\"}]},{\"@type\":\"WebSite\",\"@id\":\"https:\\\/\\\/www.altominho.tv\\\/site\\\/#website\",\"url\":\"https:\\\/\\\/www.altominho.tv\\\/site\\\/\",\"name\":\"Altominho.tv\",\"description\":\"A sua regi\u00e3o \u00e0 dist\u00e2ncia de um clique...\",\"potentialAction\":[{\"@type\":\"SearchAction\",\"target\":{\"@type\":\"EntryPoint\",\"urlTemplate\":\"https:\\\/\\\/www.altominho.tv\\\/site\\\/?s={search_term_string}\"},\"query-input\":{\"@type\":\"PropertyValueSpecification\",\"valueRequired\":true,\"valueName\":\"search_term_string\"}}],\"inLanguage\":\"pt-PT\"},{\"@type\":\"Person\",\"@id\":\"https:\\\/\\\/www.altominho.tv\\\/site\\\/#\\\/schema\\\/person\\\/2690abd4f0b3984514ce0607afbfced7\",\"name\":\"Rafael Pereira\",\"image\":{\"@type\":\"ImageObject\",\"inLanguage\":\"pt-PT\",\"@id\":\"https:\\\/\\\/www.altominho.tv\\\/site\\\/wp-content\\\/uploads\\\/2021\\\/08\\\/42996867_1705603802900752_8292335788369117184_n-150x150.jpeg\",\"url\":\"https:\\\/\\\/www.altominho.tv\\\/site\\\/wp-content\\\/uploads\\\/2021\\\/08\\\/42996867_1705603802900752_8292335788369117184_n-150x150.jpeg\",\"contentUrl\":\"https:\\\/\\\/www.altominho.tv\\\/site\\\/wp-content\\\/uploads\\\/2021\\\/08\\\/42996867_1705603802900752_8292335788369117184_n-150x150.jpeg\",\"caption\":\"Rafael Pereira\"},\"url\":\"https:\\\/\\\/www.altominho.tv\\\/site\\\/author\\\/rafaelpereira\\\/\"}]}<\/script>\n<meta property=\"og:video\" content=\"https:\/\/www.youtube.com\/embed\/CHnoZt2I2po\" \/>\n<meta property=\"og:video:type\" content=\"text\/html\" \/>\n<meta property=\"og:video:duration\" content=\"99\" \/>\n<meta property=\"og:video:width\" content=\"480\" \/>\n<meta property=\"og:video:height\" content=\"270\" \/>\n<meta property=\"ya:ovs:adult\" content=\"false\" \/>\n<meta property=\"ya:ovs:upload_date\" content=\"2020-06-12T19:00:00+00:00\" \/>\n<meta property=\"ya:ovs:allow_embed\" content=\"true\" \/>\n<!-- \/ Yoast SEO Premium plugin. -->","yoast_head_json":{"title":"Na vila de Soajo um grupo de volunt\u00e1rias est\u00e1 a produzir m\u00e1scaras","robots":{"index":"index","follow":"follow","max-snippet":"max-snippet:-1","max-image-preview":"max-image-preview:large","max-video-preview":"max-video-preview:-1"},"canonical":"https:\/\/www.altominho.tv\/site\/2020\/06\/12\/na-vila-de-soajo-um-grupo-de-voluntarias-esta-a-produzir-mascaras\/","og_locale":"pt_PT","og_type":"article","og_title":"Na vila de Soajo um grupo de volunt\u00e1rias est\u00e1 a produzir m\u00e1scaras","og_description":"Na vila de Soajo um grupo de volunt\u00e1rias est\u00e1 a produzir m\u00e1scaras para distribuir por todos os moradores.A iniciativa teve origem ap\u00f3s o contacto de uma empresa do Porto que ofereceu os tecidos.As m\u00e1scaras v\u00e3o ser distribu\u00eddas por todos os habitantes.&nbsp;","og_url":"https:\/\/www.altominho.tv\/site\/2020\/06\/12\/na-vila-de-soajo-um-grupo-de-voluntarias-esta-a-produzir-mascaras\/","og_site_name":"Altominho.tv","article_publisher":"https:\/\/www.facebook.com\/altominhotv","article_published_time":"2020-06-12T19:00:00+00:00","og_image":[{"width":2560,"height":1440,"url":"https:\/\/www.altominho.tv\/site\/wp-content\/uploads\/2020\/06\/Captura-de-ecra\u0303-2020-06-12-a\u0300s-14.12.48.jpg","type":"image\/jpeg"}],"author":"Rafael Pereira","twitter_card":"summary_large_image","twitter_creator":"@altominhoTV","twitter_site":"@altominhoTV","twitter_misc":{"Escrito por":"Rafael Pereira"},"schema":{"@context":"https:\/\/schema.org","@graph":[{"@type":"Article","@id":"https:\/\/www.altominho.tv\/site\/2020\/06\/12\/na-vila-de-soajo-um-grupo-de-voluntarias-esta-a-produzir-mascaras\/#article","isPartOf":{"@id":"https:\/\/www.altominho.tv\/site\/2020\/06\/12\/na-vila-de-soajo-um-grupo-de-voluntarias-esta-a-produzir-mascaras\/"},"author":{"name":"Rafael Pereira","@id":"https:\/\/www.altominho.tv\/site\/#\/schema\/person\/2690abd4f0b3984514ce0607afbfced7"},"headline":"Na vila de Soajo um grupo de volunt\u00e1rias est\u00e1 a produzir m\u00e1scaras","datePublished":"2020-06-12T19:00:00+00:00","mainEntityOfPage":{"@id":"https:\/\/www.altominho.tv\/site\/2020\/06\/12\/na-vila-de-soajo-um-grupo-de-voluntarias-esta-a-produzir-mascaras\/"},"wordCount":70,"image":{"@id":"https:\/\/www.altominho.tv\/site\/2020\/06\/12\/na-vila-de-soajo-um-grupo-de-voluntarias-esta-a-produzir-mascaras\/#primaryimage"},"thumbnailUrl":"https:\/\/www.altominho.tv\/site\/wp-content\/uploads\/2020\/06\/Captura-de-ecra\u0303-2020-06-12-a\u0300s-14.12.48.jpg","keywords":["Sociedade"],"articleSection":["Arcos de Valdevez"],"inLanguage":"pt-PT","copyrightYear":"2020","copyrightHolder":{"@id":"https:\/\/www.altominho.tv\/site\/#organization"}},{"@type":"WebPage","@id":"https:\/\/www.altominho.tv\/site\/2020\/06\/12\/na-vila-de-soajo-um-grupo-de-voluntarias-esta-a-produzir-mascaras\/","url":"https:\/\/www.altominho.tv\/site\/2020\/06\/12\/na-vila-de-soajo-um-grupo-de-voluntarias-esta-a-produzir-mascaras\/","name":"Na vila de Soajo um grupo de volunt\u00e1rias est\u00e1 a produzir m\u00e1scaras","isPartOf":{"@id":"https:\/\/www.altominho.tv\/site\/#website"},"primaryImageOfPage":{"@id":"https:\/\/www.altominho.tv\/site\/2020\/06\/12\/na-vila-de-soajo-um-grupo-de-voluntarias-esta-a-produzir-mascaras\/#primaryimage"},"image":{"@id":"https:\/\/www.altominho.tv\/site\/2020\/06\/12\/na-vila-de-soajo-um-grupo-de-voluntarias-esta-a-produzir-mascaras\/#primaryimage"},"thumbnailUrl":"https:\/\/www.altominho.tv\/site\/wp-content\/uploads\/2020\/06\/Captura-de-ecra\u0303-2020-06-12-a\u0300s-14.12.48.jpg","datePublished":"2020-06-12T19:00:00+00:00","author":{"@id":"https:\/\/www.altominho.tv\/site\/#\/schema\/person\/2690abd4f0b3984514ce0607afbfced7"},"breadcrumb":{"@id":"https:\/\/www.altominho.tv\/site\/2020\/06\/12\/na-vila-de-soajo-um-grupo-de-voluntarias-esta-a-produzir-mascaras\/#breadcrumb"},"inLanguage":"pt-PT","potentialAction":[{"@type":"ReadAction","target":["https:\/\/www.altominho.tv\/site\/2020\/06\/12\/na-vila-de-soajo-um-grupo-de-voluntarias-esta-a-produzir-mascaras\/"]}]},{"@type":"ImageObject","inLanguage":"pt-PT","@id":"https:\/\/www.altominho.tv\/site\/2020\/06\/12\/na-vila-de-soajo-um-grupo-de-voluntarias-esta-a-produzir-mascaras\/#primaryimage","url":"https:\/\/www.altominho.tv\/site\/wp-content\/uploads\/2020\/06\/Captura-de-ecra\u0303-2020-06-12-a\u0300s-14.12.48.jpg","contentUrl":"https:\/\/www.altominho.tv\/site\/wp-content\/uploads\/2020\/06\/Captura-de-ecra\u0303-2020-06-12-a\u0300s-14.12.48.jpg","width":2560,"height":1440},{"@type":"BreadcrumbList","@id":"https:\/\/www.altominho.tv\/site\/2020\/06\/12\/na-vila-de-soajo-um-grupo-de-voluntarias-esta-a-produzir-mascaras\/#breadcrumb","itemListElement":[{"@type":"ListItem","position":1,"name":"In\u00edcio","item":"https:\/\/www.altominho.tv\/site\/"},{"@type":"ListItem","position":2,"name":"Na vila de Soajo um grupo de volunt\u00e1rias est\u00e1 a produzir m\u00e1scaras"}]},{"@type":"WebSite","@id":"https:\/\/www.altominho.tv\/site\/#website","url":"https:\/\/www.altominho.tv\/site\/","name":"Altominho.tv","description":"A sua regi\u00e3o \u00e0 dist\u00e2ncia de um clique...","potentialAction":[{"@type":"SearchAction","target":{"@type":"EntryPoint","urlTemplate":"https:\/\/www.altominho.tv\/site\/?s={search_term_string}"},"query-input":{"@type":"PropertyValueSpecification","valueRequired":true,"valueName":"search_term_string"}}],"inLanguage":"pt-PT"},{"@type":"Person","@id":"https:\/\/www.altominho.tv\/site\/#\/schema\/person\/2690abd4f0b3984514ce0607afbfced7","name":"Rafael Pereira","image":{"@type":"ImageObject","inLanguage":"pt-PT","@id":"https:\/\/www.altominho.tv\/site\/wp-content\/uploads\/2021\/08\/42996867_1705603802900752_8292335788369117184_n-150x150.jpeg","url":"https:\/\/www.altominho.tv\/site\/wp-content\/uploads\/2021\/08\/42996867_1705603802900752_8292335788369117184_n-150x150.jpeg","contentUrl":"https:\/\/www.altominho.tv\/site\/wp-content\/uploads\/2021\/08\/42996867_1705603802900752_8292335788369117184_n-150x150.jpeg","caption":"Rafael Pereira"},"url":"https:\/\/www.altominho.tv\/site\/author\/rafaelpereira\/"}]},"og_video":"https:\/\/www.youtube.com\/embed\/CHnoZt2I2po","og_video_type":"text\/html","og_video_duration":"99","og_video_width":"480","og_video_height":"270","ya_ovs_adult":"false","ya_ovs_upload_date":"2020-06-12T19:00:00+00:00","ya_ovs_allow_embed":"true"},"_links":{"self":[{"href":"https:\/\/www.altominho.tv\/site\/wp-json\/wp\/v2\/posts\/47856","targetHints":{"allow":["GET"]}}],"collection":[{"href":"https:\/\/www.altominho.tv\/site\/wp-json\/wp\/v2\/posts"}],"about":[{"href":"https:\/\/www.altominho.tv\/site\/wp-json\/wp\/v2\/types\/post"}],"author":[{"embeddable":true,"href":"https:\/\/www.altominho.tv\/site\/wp-json\/wp\/v2\/users\/9"}],"replies":[{"embeddable":true,"href":"https:\/\/www.altominho.tv\/site\/wp-json\/wp\/v2\/comments?post=47856"}],"version-history":[{"count":0,"href":"https:\/\/www.altominho.tv\/site\/wp-json\/wp\/v2\/posts\/47856\/revisions"}],"wp:featuredmedia":[{"embeddable":true,"href":"https:\/\/www.altominho.tv\/site\/wp-json\/wp\/v2\/media\/47857"}],"wp:attachment":[{"href":"https:\/\/www.altominho.tv\/site\/wp-json\/wp\/v2\/media?parent=47856"}],"wp:term":[{"taxonomy":"category","embeddable":true,"href":"https:\/\/www.altominho.tv\/site\/wp-json\/wp\/v2\/categories?post=47856"},{"taxonomy":"post_tag","embeddable":true,"href":"https:\/\/www.altominho.tv\/site\/wp-json\/wp\/v2\/tags?post=47856"}],"curies":[{"name":"wp","href":"https:\/\/api.w.org\/{rel}","templated":true}]}}