{"id":47853,"date":"2020-06-12T14:04:30","date_gmt":"2020-06-12T13:04:30","guid":{"rendered":"http:\/\/www.altominho.tv\/site\/?p=47853"},"modified":"2020-06-12T14:04:33","modified_gmt":"2020-06-12T13:04:33","slug":"pj-deteve-suspeito-de-abuso-sexual-de-criancas-em-melgaco","status":"publish","type":"post","link":"https:\/\/www.altominho.tv\/site\/2020\/06\/12\/pj-deteve-suspeito-de-abuso-sexual-de-criancas-em-melgaco\/","title":{"rendered":"PJ deteve suspeito de abuso sexual de crian\u00e7as em Melga\u00e7o"},"content":{"rendered":"<p>A Pol\u00edcia Judici\u00e1ria (PJ) deteve um homem de 53 anos suspeito da pr\u00e1tica de \u201cin\u00fameros\u201d crimes de abuso sexual de crian\u00e7as, ocorridos em \u201ccontexto familiar\u201d, em Melga\u00e7o, disse hoje fonte da PJ.<\/p>\n<p>Os abusos ter\u00e3o come\u00e7ado em 2017, quando a v\u00edtima tinha 11 anos de idade, e prolongaram-se at\u00e9 domingo, dia em que o suspeito foi detido.<\/p>\n<p>Segundo a fonte, arguido e v\u00edtima viviam \u201cem contexto familiar\u201d.<\/p>\n<p>A PJ diz que h\u00e1 ind\u00edcios que outra crian\u00e7a tamb\u00e9m ter\u00e1 sido v\u00edtima de abusos sexuais por parte do arguido.<\/p>\n<p>Essa crian\u00e7a ter\u00e1 sido abusado quando visitava a casa do suspeito.<br \/>\nO detido vai ser presente \u00e0 autoridade judici\u00e1ria para aplica\u00e7\u00e3o das respetivas medidas de coa\u00e7\u00e3o.<\/p>\n","protected":false},"excerpt":{"rendered":"<p>A Pol\u00edcia Judici\u00e1ria (PJ) deteve um homem de 53 anos suspeito da pr\u00e1tica de \u201cin\u00fameros\u201d crimes de abuso sexual de crian\u00e7as, ocorridos em \u201ccontexto familiar\u201d, em Melga\u00e7o, disse hoje fonte da PJ. Os abusos ter\u00e3o come\u00e7ado em 2017, quando a v\u00edtima tinha 11 anos de idade, e prolongaram-se at\u00e9 domingo, dia em que o suspeito [&hellip;]<\/p>\n","protected":false},"author":13,"featured_media":47854,"comment_status":"closed","ping_status":"closed","sticky":false,"template":"","format":"standard","meta":{"_exactmetrics_skip_tracking":false,"_exactmetrics_sitenote_active":false,"_exactmetrics_sitenote_note":"","_exactmetrics_sitenote_category":0,"footnotes":""},"categories":[8],"tags":[27],"class_list":["post-47853","post","type-post","status-publish","format-standard","has-post-thumbnail","hentry","category-melgaco","tag-sociedade"],"yoast_head":"<!-- This site is optimized with the Yoast SEO Premium plugin v27.4 (Yoast SEO v27.4) - https:\/\/yoast.com\/product\/yoast-seo-premium-wordpress\/ -->\n<title>PJ deteve suspeito de abuso sexual de crian\u00e7as em Melga\u00e7o<\/title>\n<meta name=\"robots\" content=\"index, follow, max-snippet:-1, max-image-preview:large, max-video-preview:-1\" \/>\n<link rel=\"canonical\" href=\"https:\/\/www.altominho.tv\/site\/2020\/06\/12\/pj-deteve-suspeito-de-abuso-sexual-de-criancas-em-melgaco\/\" \/>\n<meta property=\"og:locale\" content=\"pt_PT\" \/>\n<meta property=\"og:type\" content=\"article\" \/>\n<meta property=\"og:title\" content=\"PJ deteve suspeito de abuso sexual de crian\u00e7as em Melga\u00e7o\" \/>\n<meta property=\"og:description\" content=\"A Pol\u00edcia Judici\u00e1ria (PJ) deteve um homem de 53 anos suspeito da pr\u00e1tica de \u201cin\u00fameros\u201d crimes de abuso sexual de crian\u00e7as, ocorridos em \u201ccontexto familiar\u201d, em Melga\u00e7o, disse hoje fonte da PJ. Os abusos ter\u00e3o come\u00e7ado em 2017, quando a v\u00edtima tinha 11 anos de idade, e prolongaram-se at\u00e9 domingo, dia em que o suspeito [&hellip;]\" \/>\n<meta property=\"og:url\" content=\"https:\/\/www.altominho.tv\/site\/2020\/06\/12\/pj-deteve-suspeito-de-abuso-sexual-de-criancas-em-melgaco\/\" \/>\n<meta property=\"og:site_name\" content=\"Altominho.tv\" \/>\n<meta property=\"article:publisher\" content=\"https:\/\/www.facebook.com\/altominhotv\" \/>\n<meta property=\"article:published_time\" content=\"2020-06-12T13:04:30+00:00\" \/>\n<meta property=\"article:modified_time\" content=\"2020-06-12T13:04:33+00:00\" \/>\n<meta property=\"og:image\" content=\"https:\/\/www.altominho.tv\/site\/wp-content\/uploads\/2020\/06\/abuso_sexual.jpg\" \/>\n\t<meta property=\"og:image:width\" content=\"800\" \/>\n\t<meta property=\"og:image:height\" content=\"450\" \/>\n\t<meta property=\"og:image:type\" content=\"image\/jpeg\" \/>\n<meta name=\"author\" content=\"Lusa\" \/>\n<meta name=\"twitter:card\" content=\"summary_large_image\" \/>\n<meta name=\"twitter:creator\" content=\"@altominhoTV\" \/>\n<meta name=\"twitter:site\" content=\"@altominhoTV\" \/>\n<meta name=\"twitter:label1\" content=\"Escrito por\" \/>\n\t<meta name=\"twitter:data1\" content=\"Lusa\" \/>\n\t<meta name=\"twitter:label2\" content=\"Tempo estimado de leitura\" \/>\n\t<meta name=\"twitter:data2\" content=\"1 minuto\" \/>\n<script type=\"application\/ld+json\" class=\"yoast-schema-graph\">{\"@context\":\"https:\\\/\\\/schema.org\",\"@graph\":[{\"@type\":\"Article\",\"@id\":\"https:\\\/\\\/www.altominho.tv\\\/site\\\/2020\\\/06\\\/12\\\/pj-deteve-suspeito-de-abuso-sexual-de-criancas-em-melgaco\\\/#article\",\"isPartOf\":{\"@id\":\"https:\\\/\\\/www.altominho.tv\\\/site\\\/2020\\\/06\\\/12\\\/pj-deteve-suspeito-de-abuso-sexual-de-criancas-em-melgaco\\\/\"},\"author\":{\"name\":\"Lusa\",\"@id\":\"https:\\\/\\\/www.altominho.tv\\\/site\\\/#\\\/schema\\\/person\\\/63f693da3e1899361cbe955c46f3232e\"},\"headline\":\"PJ deteve suspeito de abuso sexual de crian\u00e7as em Melga\u00e7o\",\"datePublished\":\"2020-06-12T13:04:30+00:00\",\"dateModified\":\"2020-06-12T13:04:33+00:00\",\"mainEntityOfPage\":{\"@id\":\"https:\\\/\\\/www.altominho.tv\\\/site\\\/2020\\\/06\\\/12\\\/pj-deteve-suspeito-de-abuso-sexual-de-criancas-em-melgaco\\\/\"},\"wordCount\":139,\"image\":{\"@id\":\"https:\\\/\\\/www.altominho.tv\\\/site\\\/2020\\\/06\\\/12\\\/pj-deteve-suspeito-de-abuso-sexual-de-criancas-em-melgaco\\\/#primaryimage\"},\"thumbnailUrl\":\"https:\\\/\\\/www.altominho.tv\\\/site\\\/wp-content\\\/uploads\\\/2020\\\/06\\\/abuso_sexual.jpg\",\"keywords\":[\"Sociedade\"],\"articleSection\":[\"Melga\u00e7o\"],\"inLanguage\":\"pt-PT\",\"copyrightYear\":\"2020\",\"copyrightHolder\":{\"@id\":\"https:\\\/\\\/www.altominho.tv\\\/site\\\/#organization\"}},{\"@type\":\"WebPage\",\"@id\":\"https:\\\/\\\/www.altominho.tv\\\/site\\\/2020\\\/06\\\/12\\\/pj-deteve-suspeito-de-abuso-sexual-de-criancas-em-melgaco\\\/\",\"url\":\"https:\\\/\\\/www.altominho.tv\\\/site\\\/2020\\\/06\\\/12\\\/pj-deteve-suspeito-de-abuso-sexual-de-criancas-em-melgaco\\\/\",\"name\":\"PJ deteve suspeito de abuso sexual de crian\u00e7as em Melga\u00e7o\",\"isPartOf\":{\"@id\":\"https:\\\/\\\/www.altominho.tv\\\/site\\\/#website\"},\"primaryImageOfPage\":{\"@id\":\"https:\\\/\\\/www.altominho.tv\\\/site\\\/2020\\\/06\\\/12\\\/pj-deteve-suspeito-de-abuso-sexual-de-criancas-em-melgaco\\\/#primaryimage\"},\"image\":{\"@id\":\"https:\\\/\\\/www.altominho.tv\\\/site\\\/2020\\\/06\\\/12\\\/pj-deteve-suspeito-de-abuso-sexual-de-criancas-em-melgaco\\\/#primaryimage\"},\"thumbnailUrl\":\"https:\\\/\\\/www.altominho.tv\\\/site\\\/wp-content\\\/uploads\\\/2020\\\/06\\\/abuso_sexual.jpg\",\"datePublished\":\"2020-06-12T13:04:30+00:00\",\"dateModified\":\"2020-06-12T13:04:33+00:00\",\"author\":{\"@id\":\"https:\\\/\\\/www.altominho.tv\\\/site\\\/#\\\/schema\\\/person\\\/63f693da3e1899361cbe955c46f3232e\"},\"breadcrumb\":{\"@id\":\"https:\\\/\\\/www.altominho.tv\\\/site\\\/2020\\\/06\\\/12\\\/pj-deteve-suspeito-de-abuso-sexual-de-criancas-em-melgaco\\\/#breadcrumb\"},\"inLanguage\":\"pt-PT\",\"potentialAction\":[{\"@type\":\"ReadAction\",\"target\":[\"https:\\\/\\\/www.altominho.tv\\\/site\\\/2020\\\/06\\\/12\\\/pj-deteve-suspeito-de-abuso-sexual-de-criancas-em-melgaco\\\/\"]}]},{\"@type\":\"ImageObject\",\"inLanguage\":\"pt-PT\",\"@id\":\"https:\\\/\\\/www.altominho.tv\\\/site\\\/2020\\\/06\\\/12\\\/pj-deteve-suspeito-de-abuso-sexual-de-criancas-em-melgaco\\\/#primaryimage\",\"url\":\"https:\\\/\\\/www.altominho.tv\\\/site\\\/wp-content\\\/uploads\\\/2020\\\/06\\\/abuso_sexual.jpg\",\"contentUrl\":\"https:\\\/\\\/www.altominho.tv\\\/site\\\/wp-content\\\/uploads\\\/2020\\\/06\\\/abuso_sexual.jpg\",\"width\":800,\"height\":450},{\"@type\":\"BreadcrumbList\",\"@id\":\"https:\\\/\\\/www.altominho.tv\\\/site\\\/2020\\\/06\\\/12\\\/pj-deteve-suspeito-de-abuso-sexual-de-criancas-em-melgaco\\\/#breadcrumb\",\"itemListElement\":[{\"@type\":\"ListItem\",\"position\":1,\"name\":\"In\u00edcio\",\"item\":\"https:\\\/\\\/www.altominho.tv\\\/site\\\/\"},{\"@type\":\"ListItem\",\"position\":2,\"name\":\"PJ deteve suspeito de abuso sexual de crian\u00e7as em Melga\u00e7o\"}]},{\"@type\":\"WebSite\",\"@id\":\"https:\\\/\\\/www.altominho.tv\\\/site\\\/#website\",\"url\":\"https:\\\/\\\/www.altominho.tv\\\/site\\\/\",\"name\":\"Altominho.tv\",\"description\":\"A sua regi\u00e3o \u00e0 dist\u00e2ncia de um clique...\",\"potentialAction\":[{\"@type\":\"SearchAction\",\"target\":{\"@type\":\"EntryPoint\",\"urlTemplate\":\"https:\\\/\\\/www.altominho.tv\\\/site\\\/?s={search_term_string}\"},\"query-input\":{\"@type\":\"PropertyValueSpecification\",\"valueRequired\":true,\"valueName\":\"search_term_string\"}}],\"inLanguage\":\"pt-PT\"},{\"@type\":\"Person\",\"@id\":\"https:\\\/\\\/www.altominho.tv\\\/site\\\/#\\\/schema\\\/person\\\/63f693da3e1899361cbe955c46f3232e\",\"name\":\"Lusa\",\"image\":{\"@type\":\"ImageObject\",\"inLanguage\":\"pt-PT\",\"@id\":\"https:\\\/\\\/www.altominho.tv\\\/site\\\/wp-content\\\/uploads\\\/2019\\\/08\\\/LUSA_Logo.gif\",\"url\":\"https:\\\/\\\/www.altominho.tv\\\/site\\\/wp-content\\\/uploads\\\/2019\\\/08\\\/LUSA_Logo.gif\",\"contentUrl\":\"https:\\\/\\\/www.altominho.tv\\\/site\\\/wp-content\\\/uploads\\\/2019\\\/08\\\/LUSA_Logo.gif\",\"caption\":\"Lusa\"},\"sameAs\":[\"http:\\\/\\\/\\\/\\\/www.altominho.tv\\\/site\"],\"url\":\"https:\\\/\\\/www.altominho.tv\\\/site\\\/author\\\/lusa\\\/\"}]}<\/script>\n<!-- \/ Yoast SEO Premium plugin. -->","yoast_head_json":{"title":"PJ deteve suspeito de abuso sexual de crian\u00e7as em Melga\u00e7o","robots":{"index":"index","follow":"follow","max-snippet":"max-snippet:-1","max-image-preview":"max-image-preview:large","max-video-preview":"max-video-preview:-1"},"canonical":"https:\/\/www.altominho.tv\/site\/2020\/06\/12\/pj-deteve-suspeito-de-abuso-sexual-de-criancas-em-melgaco\/","og_locale":"pt_PT","og_type":"article","og_title":"PJ deteve suspeito de abuso sexual de crian\u00e7as em Melga\u00e7o","og_description":"A Pol\u00edcia Judici\u00e1ria (PJ) deteve um homem de 53 anos suspeito da pr\u00e1tica de \u201cin\u00fameros\u201d crimes de abuso sexual de crian\u00e7as, ocorridos em \u201ccontexto familiar\u201d, em Melga\u00e7o, disse hoje fonte da PJ. Os abusos ter\u00e3o come\u00e7ado em 2017, quando a v\u00edtima tinha 11 anos de idade, e prolongaram-se at\u00e9 domingo, dia em que o suspeito [&hellip;]","og_url":"https:\/\/www.altominho.tv\/site\/2020\/06\/12\/pj-deteve-suspeito-de-abuso-sexual-de-criancas-em-melgaco\/","og_site_name":"Altominho.tv","article_publisher":"https:\/\/www.facebook.com\/altominhotv","article_published_time":"2020-06-12T13:04:30+00:00","article_modified_time":"2020-06-12T13:04:33+00:00","og_image":[{"width":800,"height":450,"url":"https:\/\/www.altominho.tv\/site\/wp-content\/uploads\/2020\/06\/abuso_sexual.jpg","type":"image\/jpeg"}],"author":"Lusa","twitter_card":"summary_large_image","twitter_creator":"@altominhoTV","twitter_site":"@altominhoTV","twitter_misc":{"Escrito por":"Lusa","Tempo estimado de leitura":"1 minuto"},"schema":{"@context":"https:\/\/schema.org","@graph":[{"@type":"Article","@id":"https:\/\/www.altominho.tv\/site\/2020\/06\/12\/pj-deteve-suspeito-de-abuso-sexual-de-criancas-em-melgaco\/#article","isPartOf":{"@id":"https:\/\/www.altominho.tv\/site\/2020\/06\/12\/pj-deteve-suspeito-de-abuso-sexual-de-criancas-em-melgaco\/"},"author":{"name":"Lusa","@id":"https:\/\/www.altominho.tv\/site\/#\/schema\/person\/63f693da3e1899361cbe955c46f3232e"},"headline":"PJ deteve suspeito de abuso sexual de crian\u00e7as em Melga\u00e7o","datePublished":"2020-06-12T13:04:30+00:00","dateModified":"2020-06-12T13:04:33+00:00","mainEntityOfPage":{"@id":"https:\/\/www.altominho.tv\/site\/2020\/06\/12\/pj-deteve-suspeito-de-abuso-sexual-de-criancas-em-melgaco\/"},"wordCount":139,"image":{"@id":"https:\/\/www.altominho.tv\/site\/2020\/06\/12\/pj-deteve-suspeito-de-abuso-sexual-de-criancas-em-melgaco\/#primaryimage"},"thumbnailUrl":"https:\/\/www.altominho.tv\/site\/wp-content\/uploads\/2020\/06\/abuso_sexual.jpg","keywords":["Sociedade"],"articleSection":["Melga\u00e7o"],"inLanguage":"pt-PT","copyrightYear":"2020","copyrightHolder":{"@id":"https:\/\/www.altominho.tv\/site\/#organization"}},{"@type":"WebPage","@id":"https:\/\/www.altominho.tv\/site\/2020\/06\/12\/pj-deteve-suspeito-de-abuso-sexual-de-criancas-em-melgaco\/","url":"https:\/\/www.altominho.tv\/site\/2020\/06\/12\/pj-deteve-suspeito-de-abuso-sexual-de-criancas-em-melgaco\/","name":"PJ deteve suspeito de abuso sexual de crian\u00e7as em Melga\u00e7o","isPartOf":{"@id":"https:\/\/www.altominho.tv\/site\/#website"},"primaryImageOfPage":{"@id":"https:\/\/www.altominho.tv\/site\/2020\/06\/12\/pj-deteve-suspeito-de-abuso-sexual-de-criancas-em-melgaco\/#primaryimage"},"image":{"@id":"https:\/\/www.altominho.tv\/site\/2020\/06\/12\/pj-deteve-suspeito-de-abuso-sexual-de-criancas-em-melgaco\/#primaryimage"},"thumbnailUrl":"https:\/\/www.altominho.tv\/site\/wp-content\/uploads\/2020\/06\/abuso_sexual.jpg","datePublished":"2020-06-12T13:04:30+00:00","dateModified":"2020-06-12T13:04:33+00:00","author":{"@id":"https:\/\/www.altominho.tv\/site\/#\/schema\/person\/63f693da3e1899361cbe955c46f3232e"},"breadcrumb":{"@id":"https:\/\/www.altominho.tv\/site\/2020\/06\/12\/pj-deteve-suspeito-de-abuso-sexual-de-criancas-em-melgaco\/#breadcrumb"},"inLanguage":"pt-PT","potentialAction":[{"@type":"ReadAction","target":["https:\/\/www.altominho.tv\/site\/2020\/06\/12\/pj-deteve-suspeito-de-abuso-sexual-de-criancas-em-melgaco\/"]}]},{"@type":"ImageObject","inLanguage":"pt-PT","@id":"https:\/\/www.altominho.tv\/site\/2020\/06\/12\/pj-deteve-suspeito-de-abuso-sexual-de-criancas-em-melgaco\/#primaryimage","url":"https:\/\/www.altominho.tv\/site\/wp-content\/uploads\/2020\/06\/abuso_sexual.jpg","contentUrl":"https:\/\/www.altominho.tv\/site\/wp-content\/uploads\/2020\/06\/abuso_sexual.jpg","width":800,"height":450},{"@type":"BreadcrumbList","@id":"https:\/\/www.altominho.tv\/site\/2020\/06\/12\/pj-deteve-suspeito-de-abuso-sexual-de-criancas-em-melgaco\/#breadcrumb","itemListElement":[{"@type":"ListItem","position":1,"name":"In\u00edcio","item":"https:\/\/www.altominho.tv\/site\/"},{"@type":"ListItem","position":2,"name":"PJ deteve suspeito de abuso sexual de crian\u00e7as em Melga\u00e7o"}]},{"@type":"WebSite","@id":"https:\/\/www.altominho.tv\/site\/#website","url":"https:\/\/www.altominho.tv\/site\/","name":"Altominho.tv","description":"A sua regi\u00e3o \u00e0 dist\u00e2ncia de um clique...","potentialAction":[{"@type":"SearchAction","target":{"@type":"EntryPoint","urlTemplate":"https:\/\/www.altominho.tv\/site\/?s={search_term_string}"},"query-input":{"@type":"PropertyValueSpecification","valueRequired":true,"valueName":"search_term_string"}}],"inLanguage":"pt-PT"},{"@type":"Person","@id":"https:\/\/www.altominho.tv\/site\/#\/schema\/person\/63f693da3e1899361cbe955c46f3232e","name":"Lusa","image":{"@type":"ImageObject","inLanguage":"pt-PT","@id":"https:\/\/www.altominho.tv\/site\/wp-content\/uploads\/2019\/08\/LUSA_Logo.gif","url":"https:\/\/www.altominho.tv\/site\/wp-content\/uploads\/2019\/08\/LUSA_Logo.gif","contentUrl":"https:\/\/www.altominho.tv\/site\/wp-content\/uploads\/2019\/08\/LUSA_Logo.gif","caption":"Lusa"},"sameAs":["http:\/\/\/\/www.altominho.tv\/site"],"url":"https:\/\/www.altominho.tv\/site\/author\/lusa\/"}]}},"_links":{"self":[{"href":"https:\/\/www.altominho.tv\/site\/wp-json\/wp\/v2\/posts\/47853","targetHints":{"allow":["GET"]}}],"collection":[{"href":"https:\/\/www.altominho.tv\/site\/wp-json\/wp\/v2\/posts"}],"about":[{"href":"https:\/\/www.altominho.tv\/site\/wp-json\/wp\/v2\/types\/post"}],"author":[{"embeddable":true,"href":"https:\/\/www.altominho.tv\/site\/wp-json\/wp\/v2\/users\/13"}],"replies":[{"embeddable":true,"href":"https:\/\/www.altominho.tv\/site\/wp-json\/wp\/v2\/comments?post=47853"}],"version-history":[{"count":0,"href":"https:\/\/www.altominho.tv\/site\/wp-json\/wp\/v2\/posts\/47853\/revisions"}],"wp:featuredmedia":[{"embeddable":true,"href":"https:\/\/www.altominho.tv\/site\/wp-json\/wp\/v2\/media\/47854"}],"wp:attachment":[{"href":"https:\/\/www.altominho.tv\/site\/wp-json\/wp\/v2\/media?parent=47853"}],"wp:term":[{"taxonomy":"category","embeddable":true,"href":"https:\/\/www.altominho.tv\/site\/wp-json\/wp\/v2\/categories?post=47853"},{"taxonomy":"post_tag","embeddable":true,"href":"https:\/\/www.altominho.tv\/site\/wp-json\/wp\/v2\/tags?post=47853"}],"curies":[{"name":"wp","href":"https:\/\/api.w.org\/{rel}","templated":true}]}}