{"id":47835,"date":"2020-06-12T10:50:44","date_gmt":"2020-06-12T09:50:44","guid":{"rendered":"http:\/\/www.altominho.tv\/site\/?p=47835"},"modified":"2020-06-12T10:50:48","modified_gmt":"2020-06-12T09:50:48","slug":"feira-de-cerdal-que-se-realizaria-no-proximo-domingo-foi-cancelada","status":"publish","type":"post","link":"https:\/\/www.altominho.tv\/site\/2020\/06\/12\/feira-de-cerdal-que-se-realizaria-no-proximo-domingo-foi-cancelada\/","title":{"rendered":"Feira de Cerdal que se realizaria no pr\u00f3ximo domingo foi cancelada"},"content":{"rendered":"\n<p>A C\u00e2mara de Valen\u00e7a informou hoje que a pr\u00f3xima edi\u00e7\u00e3o da Feira Mensal de Cerdal foi cancelada. <\/p>\n\n\n\n<p>O an\u00fancio foi feito pelo Munic\u00edpio, e a Feira teria lugar no pr\u00f3ximo domingo, dia 14 de junho.<\/p>\n\n\n\n<p>O cancelamento da Feira,\u00a0&#8220;enquadra-se nas medidas de preven\u00e7\u00e3o contra a propaga\u00e7\u00e3o do novo coronav\u00edrus (COVID-19)&#8221;. <\/p>\n\n\n\n<p>Esta Feira realiza-se por norma no segundo domingo de cada m\u00eas.\u00a0<\/p>\n\n\n\n<p>O espa\u00e7o permite a venda dos mais variados produtos.<\/p>\n","protected":false},"excerpt":{"rendered":"<p>A C\u00e2mara de Valen\u00e7a informou hoje que a pr\u00f3xima edi\u00e7\u00e3o da Feira Mensal de Cerdal foi cancelada. O an\u00fancio foi feito pelo Munic\u00edpio, e a Feira teria lugar no pr\u00f3ximo domingo, dia 14 de junho. O cancelamento da Feira,\u00a0&#8220;enquadra-se nas medidas de preven\u00e7\u00e3o contra a propaga\u00e7\u00e3o do novo coronav\u00edrus (COVID-19)&#8221;. Esta Feira realiza-se por norma [&hellip;]<\/p>\n","protected":false},"author":7,"featured_media":47836,"comment_status":"closed","ping_status":"closed","sticky":false,"template":"","format":"standard","meta":{"_exactmetrics_skip_tracking":false,"_exactmetrics_sitenote_active":false,"_exactmetrics_sitenote_note":"","_exactmetrics_sitenote_category":0,"footnotes":""},"categories":[13],"tags":[24,27],"class_list":["post-47835","post","type-post","status-publish","format-standard","has-post-thumbnail","hentry","category-valenca","tag-lazer","tag-sociedade"],"yoast_head":"<!-- This site is optimized with the Yoast SEO Premium plugin v27.4 (Yoast SEO v27.4) - https:\/\/yoast.com\/product\/yoast-seo-premium-wordpress\/ -->\n<title>Feira de Cerdal que se realizaria no pr\u00f3ximo domingo foi cancelada<\/title>\n<meta name=\"robots\" content=\"index, follow, max-snippet:-1, max-image-preview:large, max-video-preview:-1\" \/>\n<link rel=\"canonical\" href=\"https:\/\/www.altominho.tv\/site\/2020\/06\/12\/feira-de-cerdal-que-se-realizaria-no-proximo-domingo-foi-cancelada\/\" \/>\n<meta property=\"og:locale\" content=\"pt_PT\" \/>\n<meta property=\"og:type\" content=\"article\" \/>\n<meta property=\"og:title\" content=\"Feira de Cerdal que se realizaria no pr\u00f3ximo domingo foi cancelada\" \/>\n<meta property=\"og:description\" content=\"A C\u00e2mara de Valen\u00e7a informou hoje que a pr\u00f3xima edi\u00e7\u00e3o da Feira Mensal de Cerdal foi cancelada. O an\u00fancio foi feito pelo Munic\u00edpio, e a Feira teria lugar no pr\u00f3ximo domingo, dia 14 de junho. O cancelamento da Feira,\u00a0&#8220;enquadra-se nas medidas de preven\u00e7\u00e3o contra a propaga\u00e7\u00e3o do novo coronav\u00edrus (COVID-19)&#8221;. Esta Feira realiza-se por norma [&hellip;]\" \/>\n<meta property=\"og:url\" content=\"https:\/\/www.altominho.tv\/site\/2020\/06\/12\/feira-de-cerdal-que-se-realizaria-no-proximo-domingo-foi-cancelada\/\" \/>\n<meta property=\"og:site_name\" content=\"Altominho.tv\" \/>\n<meta property=\"article:publisher\" content=\"https:\/\/www.facebook.com\/altominhotv\" \/>\n<meta property=\"article:published_time\" content=\"2020-06-12T09:50:44+00:00\" \/>\n<meta property=\"article:modified_time\" content=\"2020-06-12T09:50:48+00:00\" \/>\n<meta property=\"og:image\" content=\"https:\/\/www.altominho.tv\/site\/wp-content\/uploads\/2020\/06\/feira-cerdal.jpg\" \/>\n\t<meta property=\"og:image:width\" content=\"2048\" \/>\n\t<meta property=\"og:image:height\" content=\"1463\" \/>\n\t<meta property=\"og:image:type\" content=\"image\/jpeg\" \/>\n<meta name=\"author\" content=\"Andreia Cunha\" \/>\n<meta name=\"twitter:card\" content=\"summary_large_image\" \/>\n<meta name=\"twitter:creator\" content=\"@altominhoTV\" \/>\n<meta name=\"twitter:site\" content=\"@altominhoTV\" \/>\n<meta name=\"twitter:label1\" content=\"Escrito por\" \/>\n\t<meta name=\"twitter:data1\" content=\"Andreia Cunha\" \/>\n<script type=\"application\/ld+json\" class=\"yoast-schema-graph\">{\"@context\":\"https:\\\/\\\/schema.org\",\"@graph\":[{\"@type\":\"Article\",\"@id\":\"https:\\\/\\\/www.altominho.tv\\\/site\\\/2020\\\/06\\\/12\\\/feira-de-cerdal-que-se-realizaria-no-proximo-domingo-foi-cancelada\\\/#article\",\"isPartOf\":{\"@id\":\"https:\\\/\\\/www.altominho.tv\\\/site\\\/2020\\\/06\\\/12\\\/feira-de-cerdal-que-se-realizaria-no-proximo-domingo-foi-cancelada\\\/\"},\"author\":{\"name\":\"Andreia Cunha\",\"@id\":\"https:\\\/\\\/www.altominho.tv\\\/site\\\/#\\\/schema\\\/person\\\/a0e4ef6d041f98ca284393d8f1d97153\"},\"headline\":\"Feira de Cerdal que se realizaria no pr\u00f3ximo domingo foi cancelada\",\"datePublished\":\"2020-06-12T09:50:44+00:00\",\"dateModified\":\"2020-06-12T09:50:48+00:00\",\"mainEntityOfPage\":{\"@id\":\"https:\\\/\\\/www.altominho.tv\\\/site\\\/2020\\\/06\\\/12\\\/feira-de-cerdal-que-se-realizaria-no-proximo-domingo-foi-cancelada\\\/\"},\"wordCount\":94,\"image\":{\"@id\":\"https:\\\/\\\/www.altominho.tv\\\/site\\\/2020\\\/06\\\/12\\\/feira-de-cerdal-que-se-realizaria-no-proximo-domingo-foi-cancelada\\\/#primaryimage\"},\"thumbnailUrl\":\"https:\\\/\\\/www.altominho.tv\\\/site\\\/wp-content\\\/uploads\\\/2020\\\/06\\\/feira-cerdal.jpg\",\"keywords\":[\"Lazer\",\"Sociedade\"],\"articleSection\":[\"Valen\u00e7a\"],\"inLanguage\":\"pt-PT\",\"copyrightYear\":\"2020\",\"copyrightHolder\":{\"@id\":\"https:\\\/\\\/www.altominho.tv\\\/site\\\/#organization\"}},{\"@type\":\"WebPage\",\"@id\":\"https:\\\/\\\/www.altominho.tv\\\/site\\\/2020\\\/06\\\/12\\\/feira-de-cerdal-que-se-realizaria-no-proximo-domingo-foi-cancelada\\\/\",\"url\":\"https:\\\/\\\/www.altominho.tv\\\/site\\\/2020\\\/06\\\/12\\\/feira-de-cerdal-que-se-realizaria-no-proximo-domingo-foi-cancelada\\\/\",\"name\":\"Feira de Cerdal que se realizaria no pr\u00f3ximo domingo foi cancelada\",\"isPartOf\":{\"@id\":\"https:\\\/\\\/www.altominho.tv\\\/site\\\/#website\"},\"primaryImageOfPage\":{\"@id\":\"https:\\\/\\\/www.altominho.tv\\\/site\\\/2020\\\/06\\\/12\\\/feira-de-cerdal-que-se-realizaria-no-proximo-domingo-foi-cancelada\\\/#primaryimage\"},\"image\":{\"@id\":\"https:\\\/\\\/www.altominho.tv\\\/site\\\/2020\\\/06\\\/12\\\/feira-de-cerdal-que-se-realizaria-no-proximo-domingo-foi-cancelada\\\/#primaryimage\"},\"thumbnailUrl\":\"https:\\\/\\\/www.altominho.tv\\\/site\\\/wp-content\\\/uploads\\\/2020\\\/06\\\/feira-cerdal.jpg\",\"datePublished\":\"2020-06-12T09:50:44+00:00\",\"dateModified\":\"2020-06-12T09:50:48+00:00\",\"author\":{\"@id\":\"https:\\\/\\\/www.altominho.tv\\\/site\\\/#\\\/schema\\\/person\\\/a0e4ef6d041f98ca284393d8f1d97153\"},\"breadcrumb\":{\"@id\":\"https:\\\/\\\/www.altominho.tv\\\/site\\\/2020\\\/06\\\/12\\\/feira-de-cerdal-que-se-realizaria-no-proximo-domingo-foi-cancelada\\\/#breadcrumb\"},\"inLanguage\":\"pt-PT\",\"potentialAction\":[{\"@type\":\"ReadAction\",\"target\":[\"https:\\\/\\\/www.altominho.tv\\\/site\\\/2020\\\/06\\\/12\\\/feira-de-cerdal-que-se-realizaria-no-proximo-domingo-foi-cancelada\\\/\"]}]},{\"@type\":\"ImageObject\",\"inLanguage\":\"pt-PT\",\"@id\":\"https:\\\/\\\/www.altominho.tv\\\/site\\\/2020\\\/06\\\/12\\\/feira-de-cerdal-que-se-realizaria-no-proximo-domingo-foi-cancelada\\\/#primaryimage\",\"url\":\"https:\\\/\\\/www.altominho.tv\\\/site\\\/wp-content\\\/uploads\\\/2020\\\/06\\\/feira-cerdal.jpg\",\"contentUrl\":\"https:\\\/\\\/www.altominho.tv\\\/site\\\/wp-content\\\/uploads\\\/2020\\\/06\\\/feira-cerdal.jpg\",\"width\":2048,\"height\":1463},{\"@type\":\"BreadcrumbList\",\"@id\":\"https:\\\/\\\/www.altominho.tv\\\/site\\\/2020\\\/06\\\/12\\\/feira-de-cerdal-que-se-realizaria-no-proximo-domingo-foi-cancelada\\\/#breadcrumb\",\"itemListElement\":[{\"@type\":\"ListItem\",\"position\":1,\"name\":\"In\u00edcio\",\"item\":\"https:\\\/\\\/www.altominho.tv\\\/site\\\/\"},{\"@type\":\"ListItem\",\"position\":2,\"name\":\"Feira de Cerdal que se realizaria no pr\u00f3ximo domingo foi cancelada\"}]},{\"@type\":\"WebSite\",\"@id\":\"https:\\\/\\\/www.altominho.tv\\\/site\\\/#website\",\"url\":\"https:\\\/\\\/www.altominho.tv\\\/site\\\/\",\"name\":\"Altominho.tv\",\"description\":\"A sua regi\u00e3o \u00e0 dist\u00e2ncia de um clique...\",\"potentialAction\":[{\"@type\":\"SearchAction\",\"target\":{\"@type\":\"EntryPoint\",\"urlTemplate\":\"https:\\\/\\\/www.altominho.tv\\\/site\\\/?s={search_term_string}\"},\"query-input\":{\"@type\":\"PropertyValueSpecification\",\"valueRequired\":true,\"valueName\":\"search_term_string\"}}],\"inLanguage\":\"pt-PT\"},{\"@type\":\"Person\",\"@id\":\"https:\\\/\\\/www.altominho.tv\\\/site\\\/#\\\/schema\\\/person\\\/a0e4ef6d041f98ca284393d8f1d97153\",\"name\":\"Andreia Cunha\",\"image\":{\"@type\":\"ImageObject\",\"inLanguage\":\"pt-PT\",\"@id\":\"https:\\\/\\\/www.altominho.tv\\\/site\\\/wp-content\\\/uploads\\\/2017\\\/11\\\/Andreia_Cunha-1-150x150.jpg\",\"url\":\"https:\\\/\\\/www.altominho.tv\\\/site\\\/wp-content\\\/uploads\\\/2017\\\/11\\\/Andreia_Cunha-1-150x150.jpg\",\"contentUrl\":\"https:\\\/\\\/www.altominho.tv\\\/site\\\/wp-content\\\/uploads\\\/2017\\\/11\\\/Andreia_Cunha-1-150x150.jpg\",\"caption\":\"Andreia Cunha\"},\"url\":\"https:\\\/\\\/www.altominho.tv\\\/site\\\/author\\\/andreiacunha\\\/\"}]}<\/script>\n<!-- \/ Yoast SEO Premium plugin. -->","yoast_head_json":{"title":"Feira de Cerdal que se realizaria no pr\u00f3ximo domingo foi cancelada","robots":{"index":"index","follow":"follow","max-snippet":"max-snippet:-1","max-image-preview":"max-image-preview:large","max-video-preview":"max-video-preview:-1"},"canonical":"https:\/\/www.altominho.tv\/site\/2020\/06\/12\/feira-de-cerdal-que-se-realizaria-no-proximo-domingo-foi-cancelada\/","og_locale":"pt_PT","og_type":"article","og_title":"Feira de Cerdal que se realizaria no pr\u00f3ximo domingo foi cancelada","og_description":"A C\u00e2mara de Valen\u00e7a informou hoje que a pr\u00f3xima edi\u00e7\u00e3o da Feira Mensal de Cerdal foi cancelada. O an\u00fancio foi feito pelo Munic\u00edpio, e a Feira teria lugar no pr\u00f3ximo domingo, dia 14 de junho. O cancelamento da Feira,\u00a0&#8220;enquadra-se nas medidas de preven\u00e7\u00e3o contra a propaga\u00e7\u00e3o do novo coronav\u00edrus (COVID-19)&#8221;. Esta Feira realiza-se por norma [&hellip;]","og_url":"https:\/\/www.altominho.tv\/site\/2020\/06\/12\/feira-de-cerdal-que-se-realizaria-no-proximo-domingo-foi-cancelada\/","og_site_name":"Altominho.tv","article_publisher":"https:\/\/www.facebook.com\/altominhotv","article_published_time":"2020-06-12T09:50:44+00:00","article_modified_time":"2020-06-12T09:50:48+00:00","og_image":[{"width":2048,"height":1463,"url":"https:\/\/www.altominho.tv\/site\/wp-content\/uploads\/2020\/06\/feira-cerdal.jpg","type":"image\/jpeg"}],"author":"Andreia Cunha","twitter_card":"summary_large_image","twitter_creator":"@altominhoTV","twitter_site":"@altominhoTV","twitter_misc":{"Escrito por":"Andreia Cunha"},"schema":{"@context":"https:\/\/schema.org","@graph":[{"@type":"Article","@id":"https:\/\/www.altominho.tv\/site\/2020\/06\/12\/feira-de-cerdal-que-se-realizaria-no-proximo-domingo-foi-cancelada\/#article","isPartOf":{"@id":"https:\/\/www.altominho.tv\/site\/2020\/06\/12\/feira-de-cerdal-que-se-realizaria-no-proximo-domingo-foi-cancelada\/"},"author":{"name":"Andreia Cunha","@id":"https:\/\/www.altominho.tv\/site\/#\/schema\/person\/a0e4ef6d041f98ca284393d8f1d97153"},"headline":"Feira de Cerdal que se realizaria no pr\u00f3ximo domingo foi cancelada","datePublished":"2020-06-12T09:50:44+00:00","dateModified":"2020-06-12T09:50:48+00:00","mainEntityOfPage":{"@id":"https:\/\/www.altominho.tv\/site\/2020\/06\/12\/feira-de-cerdal-que-se-realizaria-no-proximo-domingo-foi-cancelada\/"},"wordCount":94,"image":{"@id":"https:\/\/www.altominho.tv\/site\/2020\/06\/12\/feira-de-cerdal-que-se-realizaria-no-proximo-domingo-foi-cancelada\/#primaryimage"},"thumbnailUrl":"https:\/\/www.altominho.tv\/site\/wp-content\/uploads\/2020\/06\/feira-cerdal.jpg","keywords":["Lazer","Sociedade"],"articleSection":["Valen\u00e7a"],"inLanguage":"pt-PT","copyrightYear":"2020","copyrightHolder":{"@id":"https:\/\/www.altominho.tv\/site\/#organization"}},{"@type":"WebPage","@id":"https:\/\/www.altominho.tv\/site\/2020\/06\/12\/feira-de-cerdal-que-se-realizaria-no-proximo-domingo-foi-cancelada\/","url":"https:\/\/www.altominho.tv\/site\/2020\/06\/12\/feira-de-cerdal-que-se-realizaria-no-proximo-domingo-foi-cancelada\/","name":"Feira de Cerdal que se realizaria no pr\u00f3ximo domingo foi cancelada","isPartOf":{"@id":"https:\/\/www.altominho.tv\/site\/#website"},"primaryImageOfPage":{"@id":"https:\/\/www.altominho.tv\/site\/2020\/06\/12\/feira-de-cerdal-que-se-realizaria-no-proximo-domingo-foi-cancelada\/#primaryimage"},"image":{"@id":"https:\/\/www.altominho.tv\/site\/2020\/06\/12\/feira-de-cerdal-que-se-realizaria-no-proximo-domingo-foi-cancelada\/#primaryimage"},"thumbnailUrl":"https:\/\/www.altominho.tv\/site\/wp-content\/uploads\/2020\/06\/feira-cerdal.jpg","datePublished":"2020-06-12T09:50:44+00:00","dateModified":"2020-06-12T09:50:48+00:00","author":{"@id":"https:\/\/www.altominho.tv\/site\/#\/schema\/person\/a0e4ef6d041f98ca284393d8f1d97153"},"breadcrumb":{"@id":"https:\/\/www.altominho.tv\/site\/2020\/06\/12\/feira-de-cerdal-que-se-realizaria-no-proximo-domingo-foi-cancelada\/#breadcrumb"},"inLanguage":"pt-PT","potentialAction":[{"@type":"ReadAction","target":["https:\/\/www.altominho.tv\/site\/2020\/06\/12\/feira-de-cerdal-que-se-realizaria-no-proximo-domingo-foi-cancelada\/"]}]},{"@type":"ImageObject","inLanguage":"pt-PT","@id":"https:\/\/www.altominho.tv\/site\/2020\/06\/12\/feira-de-cerdal-que-se-realizaria-no-proximo-domingo-foi-cancelada\/#primaryimage","url":"https:\/\/www.altominho.tv\/site\/wp-content\/uploads\/2020\/06\/feira-cerdal.jpg","contentUrl":"https:\/\/www.altominho.tv\/site\/wp-content\/uploads\/2020\/06\/feira-cerdal.jpg","width":2048,"height":1463},{"@type":"BreadcrumbList","@id":"https:\/\/www.altominho.tv\/site\/2020\/06\/12\/feira-de-cerdal-que-se-realizaria-no-proximo-domingo-foi-cancelada\/#breadcrumb","itemListElement":[{"@type":"ListItem","position":1,"name":"In\u00edcio","item":"https:\/\/www.altominho.tv\/site\/"},{"@type":"ListItem","position":2,"name":"Feira de Cerdal que se realizaria no pr\u00f3ximo domingo foi cancelada"}]},{"@type":"WebSite","@id":"https:\/\/www.altominho.tv\/site\/#website","url":"https:\/\/www.altominho.tv\/site\/","name":"Altominho.tv","description":"A sua regi\u00e3o \u00e0 dist\u00e2ncia de um clique...","potentialAction":[{"@type":"SearchAction","target":{"@type":"EntryPoint","urlTemplate":"https:\/\/www.altominho.tv\/site\/?s={search_term_string}"},"query-input":{"@type":"PropertyValueSpecification","valueRequired":true,"valueName":"search_term_string"}}],"inLanguage":"pt-PT"},{"@type":"Person","@id":"https:\/\/www.altominho.tv\/site\/#\/schema\/person\/a0e4ef6d041f98ca284393d8f1d97153","name":"Andreia Cunha","image":{"@type":"ImageObject","inLanguage":"pt-PT","@id":"https:\/\/www.altominho.tv\/site\/wp-content\/uploads\/2017\/11\/Andreia_Cunha-1-150x150.jpg","url":"https:\/\/www.altominho.tv\/site\/wp-content\/uploads\/2017\/11\/Andreia_Cunha-1-150x150.jpg","contentUrl":"https:\/\/www.altominho.tv\/site\/wp-content\/uploads\/2017\/11\/Andreia_Cunha-1-150x150.jpg","caption":"Andreia Cunha"},"url":"https:\/\/www.altominho.tv\/site\/author\/andreiacunha\/"}]}},"_links":{"self":[{"href":"https:\/\/www.altominho.tv\/site\/wp-json\/wp\/v2\/posts\/47835","targetHints":{"allow":["GET"]}}],"collection":[{"href":"https:\/\/www.altominho.tv\/site\/wp-json\/wp\/v2\/posts"}],"about":[{"href":"https:\/\/www.altominho.tv\/site\/wp-json\/wp\/v2\/types\/post"}],"author":[{"embeddable":true,"href":"https:\/\/www.altominho.tv\/site\/wp-json\/wp\/v2\/users\/7"}],"replies":[{"embeddable":true,"href":"https:\/\/www.altominho.tv\/site\/wp-json\/wp\/v2\/comments?post=47835"}],"version-history":[{"count":0,"href":"https:\/\/www.altominho.tv\/site\/wp-json\/wp\/v2\/posts\/47835\/revisions"}],"wp:featuredmedia":[{"embeddable":true,"href":"https:\/\/www.altominho.tv\/site\/wp-json\/wp\/v2\/media\/47836"}],"wp:attachment":[{"href":"https:\/\/www.altominho.tv\/site\/wp-json\/wp\/v2\/media?parent=47835"}],"wp:term":[{"taxonomy":"category","embeddable":true,"href":"https:\/\/www.altominho.tv\/site\/wp-json\/wp\/v2\/categories?post=47835"},{"taxonomy":"post_tag","embeddable":true,"href":"https:\/\/www.altominho.tv\/site\/wp-json\/wp\/v2\/tags?post=47835"}],"curies":[{"name":"wp","href":"https:\/\/api.w.org\/{rel}","templated":true}]}}