{"id":47760,"date":"2020-06-09T14:45:42","date_gmt":"2020-06-09T13:45:42","guid":{"rendered":"http:\/\/www.altominho.tv\/site\/?p=47760"},"modified":"2020-06-09T14:45:45","modified_gmt":"2020-06-09T13:45:45","slug":"mais-um-recuperado-em-melgaco-restam-agora-4-casos-ativos","status":"publish","type":"post","link":"https:\/\/www.altominho.tv\/site\/2020\/06\/09\/mais-um-recuperado-em-melgaco-restam-agora-4-casos-ativos\/","title":{"rendered":"Mais um recuperado em Melga\u00e7o restam agora 4 casos ativos"},"content":{"rendered":"<p>O munic\u00edpio de Melga\u00e7o anunciou esta ter\u00e7a-feira que h\u00e1 mais um caso de recuperado de Covid-19, subindo para 72 o n\u00famero de recuperados no concelho.<\/p>\n<p>\u201cComunicamos hoje mais um caso recuperado, um utente do Lar Pereira de Sousa\u201d, refere a autarquia em comunicado.<\/p>\n<p>Dos 86 casos confirmados de infe\u00e7\u00e3o, Melga\u00e7o tem agora 4 casos ativos.<\/p>\n","protected":false},"excerpt":{"rendered":"<p>O munic\u00edpio de Melga\u00e7o anunciou esta ter\u00e7a-feira que h\u00e1 mais um caso de recuperado de Covid-19, subindo para 72 o n\u00famero de recuperados no concelho. \u201cComunicamos hoje mais um caso recuperado, um utente do Lar Pereira de Sousa\u201d, refere a autarquia em comunicado. Dos 86 casos confirmados de infe\u00e7\u00e3o, Melga\u00e7o tem agora 4 casos ativos.<\/p>\n","protected":false},"author":1,"featured_media":46843,"comment_status":"closed","ping_status":"closed","sticky":false,"template":"","format":"standard","meta":{"_exactmetrics_skip_tracking":false,"_exactmetrics_sitenote_active":false,"_exactmetrics_sitenote_note":"","_exactmetrics_sitenote_category":0,"footnotes":""},"categories":[8],"tags":[26],"class_list":["post-47760","post","type-post","status-publish","format-standard","has-post-thumbnail","hentry","category-melgaco","tag-saude"],"yoast_head":"<!-- This site is optimized with the Yoast SEO Premium plugin v27.4 (Yoast SEO v27.4) - https:\/\/yoast.com\/product\/yoast-seo-premium-wordpress\/ -->\n<title>Mais um recuperado em Melga\u00e7o restam agora 4 casos ativos<\/title>\n<meta name=\"robots\" content=\"index, follow, max-snippet:-1, max-image-preview:large, max-video-preview:-1\" \/>\n<link rel=\"canonical\" href=\"https:\/\/www.altominho.tv\/site\/2020\/06\/09\/mais-um-recuperado-em-melgaco-restam-agora-4-casos-ativos\/\" \/>\n<meta property=\"og:locale\" content=\"pt_PT\" \/>\n<meta property=\"og:type\" content=\"article\" \/>\n<meta property=\"og:title\" content=\"Mais um recuperado em Melga\u00e7o restam agora 4 casos ativos\" \/>\n<meta property=\"og:description\" content=\"O munic\u00edpio de Melga\u00e7o anunciou esta ter\u00e7a-feira que h\u00e1 mais um caso de recuperado de Covid-19, subindo para 72 o n\u00famero de recuperados no concelho. \u201cComunicamos hoje mais um caso recuperado, um utente do Lar Pereira de Sousa\u201d, refere a autarquia em comunicado. Dos 86 casos confirmados de infe\u00e7\u00e3o, Melga\u00e7o tem agora 4 casos ativos.\" \/>\n<meta property=\"og:url\" content=\"https:\/\/www.altominho.tv\/site\/2020\/06\/09\/mais-um-recuperado-em-melgaco-restam-agora-4-casos-ativos\/\" \/>\n<meta property=\"og:site_name\" content=\"Altominho.tv\" \/>\n<meta property=\"article:publisher\" content=\"https:\/\/www.facebook.com\/altominhotv\" \/>\n<meta property=\"article:published_time\" content=\"2020-06-09T13:45:42+00:00\" \/>\n<meta property=\"article:modified_time\" content=\"2020-06-09T13:45:45+00:00\" \/>\n<meta property=\"og:image\" content=\"https:\/\/www.altominho.tv\/site\/wp-content\/uploads\/2020\/05\/mlgcastelo-710x375-1.jpg\" \/>\n\t<meta property=\"og:image:width\" content=\"710\" \/>\n\t<meta property=\"og:image:height\" content=\"375\" \/>\n\t<meta property=\"og:image:type\" content=\"image\/jpeg\" \/>\n<meta name=\"author\" content=\"Altominho.tv\" \/>\n<meta name=\"twitter:card\" content=\"summary_large_image\" \/>\n<meta name=\"twitter:creator\" content=\"@altominhoTV\" \/>\n<meta name=\"twitter:site\" content=\"@altominhoTV\" \/>\n<meta name=\"twitter:label1\" content=\"Escrito por\" \/>\n\t<meta name=\"twitter:data1\" content=\"Altominho.tv\" \/>\n<script type=\"application\/ld+json\" class=\"yoast-schema-graph\">{\"@context\":\"https:\\\/\\\/schema.org\",\"@graph\":[{\"@type\":\"Article\",\"@id\":\"https:\\\/\\\/www.altominho.tv\\\/site\\\/2020\\\/06\\\/09\\\/mais-um-recuperado-em-melgaco-restam-agora-4-casos-ativos\\\/#article\",\"isPartOf\":{\"@id\":\"https:\\\/\\\/www.altominho.tv\\\/site\\\/2020\\\/06\\\/09\\\/mais-um-recuperado-em-melgaco-restam-agora-4-casos-ativos\\\/\"},\"author\":{\"name\":\"Altominho.tv\",\"@id\":\"https:\\\/\\\/www.altominho.tv\\\/site\\\/#\\\/schema\\\/person\\\/4e536851627d7914baf3dac752b6af22\"},\"headline\":\"Mais um recuperado em Melga\u00e7o restam agora 4 casos ativos\",\"datePublished\":\"2020-06-09T13:45:42+00:00\",\"dateModified\":\"2020-06-09T13:45:45+00:00\",\"mainEntityOfPage\":{\"@id\":\"https:\\\/\\\/www.altominho.tv\\\/site\\\/2020\\\/06\\\/09\\\/mais-um-recuperado-em-melgaco-restam-agora-4-casos-ativos\\\/\"},\"wordCount\":68,\"image\":{\"@id\":\"https:\\\/\\\/www.altominho.tv\\\/site\\\/2020\\\/06\\\/09\\\/mais-um-recuperado-em-melgaco-restam-agora-4-casos-ativos\\\/#primaryimage\"},\"thumbnailUrl\":\"https:\\\/\\\/www.altominho.tv\\\/site\\\/wp-content\\\/uploads\\\/2020\\\/05\\\/mlgcastelo-710x375-1.jpg\",\"keywords\":[\"Sa\u00fade\"],\"articleSection\":[\"Melga\u00e7o\"],\"inLanguage\":\"pt-PT\",\"copyrightYear\":\"2020\",\"copyrightHolder\":{\"@id\":\"https:\\\/\\\/www.altominho.tv\\\/site\\\/#organization\"}},{\"@type\":\"WebPage\",\"@id\":\"https:\\\/\\\/www.altominho.tv\\\/site\\\/2020\\\/06\\\/09\\\/mais-um-recuperado-em-melgaco-restam-agora-4-casos-ativos\\\/\",\"url\":\"https:\\\/\\\/www.altominho.tv\\\/site\\\/2020\\\/06\\\/09\\\/mais-um-recuperado-em-melgaco-restam-agora-4-casos-ativos\\\/\",\"name\":\"Mais um recuperado em Melga\u00e7o restam agora 4 casos ativos\",\"isPartOf\":{\"@id\":\"https:\\\/\\\/www.altominho.tv\\\/site\\\/#website\"},\"primaryImageOfPage\":{\"@id\":\"https:\\\/\\\/www.altominho.tv\\\/site\\\/2020\\\/06\\\/09\\\/mais-um-recuperado-em-melgaco-restam-agora-4-casos-ativos\\\/#primaryimage\"},\"image\":{\"@id\":\"https:\\\/\\\/www.altominho.tv\\\/site\\\/2020\\\/06\\\/09\\\/mais-um-recuperado-em-melgaco-restam-agora-4-casos-ativos\\\/#primaryimage\"},\"thumbnailUrl\":\"https:\\\/\\\/www.altominho.tv\\\/site\\\/wp-content\\\/uploads\\\/2020\\\/05\\\/mlgcastelo-710x375-1.jpg\",\"datePublished\":\"2020-06-09T13:45:42+00:00\",\"dateModified\":\"2020-06-09T13:45:45+00:00\",\"author\":{\"@id\":\"https:\\\/\\\/www.altominho.tv\\\/site\\\/#\\\/schema\\\/person\\\/4e536851627d7914baf3dac752b6af22\"},\"breadcrumb\":{\"@id\":\"https:\\\/\\\/www.altominho.tv\\\/site\\\/2020\\\/06\\\/09\\\/mais-um-recuperado-em-melgaco-restam-agora-4-casos-ativos\\\/#breadcrumb\"},\"inLanguage\":\"pt-PT\",\"potentialAction\":[{\"@type\":\"ReadAction\",\"target\":[\"https:\\\/\\\/www.altominho.tv\\\/site\\\/2020\\\/06\\\/09\\\/mais-um-recuperado-em-melgaco-restam-agora-4-casos-ativos\\\/\"]}]},{\"@type\":\"ImageObject\",\"inLanguage\":\"pt-PT\",\"@id\":\"https:\\\/\\\/www.altominho.tv\\\/site\\\/2020\\\/06\\\/09\\\/mais-um-recuperado-em-melgaco-restam-agora-4-casos-ativos\\\/#primaryimage\",\"url\":\"https:\\\/\\\/www.altominho.tv\\\/site\\\/wp-content\\\/uploads\\\/2020\\\/05\\\/mlgcastelo-710x375-1.jpg\",\"contentUrl\":\"https:\\\/\\\/www.altominho.tv\\\/site\\\/wp-content\\\/uploads\\\/2020\\\/05\\\/mlgcastelo-710x375-1.jpg\",\"width\":710,\"height\":375},{\"@type\":\"BreadcrumbList\",\"@id\":\"https:\\\/\\\/www.altominho.tv\\\/site\\\/2020\\\/06\\\/09\\\/mais-um-recuperado-em-melgaco-restam-agora-4-casos-ativos\\\/#breadcrumb\",\"itemListElement\":[{\"@type\":\"ListItem\",\"position\":1,\"name\":\"In\u00edcio\",\"item\":\"https:\\\/\\\/www.altominho.tv\\\/site\\\/\"},{\"@type\":\"ListItem\",\"position\":2,\"name\":\"Mais um recuperado em Melga\u00e7o restam agora 4 casos ativos\"}]},{\"@type\":\"WebSite\",\"@id\":\"https:\\\/\\\/www.altominho.tv\\\/site\\\/#website\",\"url\":\"https:\\\/\\\/www.altominho.tv\\\/site\\\/\",\"name\":\"Altominho.tv\",\"description\":\"A sua regi\u00e3o \u00e0 dist\u00e2ncia de um clique...\",\"potentialAction\":[{\"@type\":\"SearchAction\",\"target\":{\"@type\":\"EntryPoint\",\"urlTemplate\":\"https:\\\/\\\/www.altominho.tv\\\/site\\\/?s={search_term_string}\"},\"query-input\":{\"@type\":\"PropertyValueSpecification\",\"valueRequired\":true,\"valueName\":\"search_term_string\"}}],\"inLanguage\":\"pt-PT\"},{\"@type\":\"Person\",\"@id\":\"https:\\\/\\\/www.altominho.tv\\\/site\\\/#\\\/schema\\\/person\\\/4e536851627d7914baf3dac752b6af22\",\"name\":\"Altominho.tv\",\"image\":{\"@type\":\"ImageObject\",\"inLanguage\":\"pt-PT\",\"@id\":\"https:\\\/\\\/www.altominho.tv\\\/site\\\/wp-content\\\/uploads\\\/2019\\\/11\\\/Logo_Avatar_2-150x150.jpg\",\"url\":\"https:\\\/\\\/www.altominho.tv\\\/site\\\/wp-content\\\/uploads\\\/2019\\\/11\\\/Logo_Avatar_2-150x150.jpg\",\"contentUrl\":\"https:\\\/\\\/www.altominho.tv\\\/site\\\/wp-content\\\/uploads\\\/2019\\\/11\\\/Logo_Avatar_2-150x150.jpg\",\"caption\":\"Altominho.tv\"},\"url\":\"https:\\\/\\\/www.altominho.tv\\\/site\\\/author\\\/altominhotv-tecnico\\\/\"}]}<\/script>\n<!-- \/ Yoast SEO Premium plugin. -->","yoast_head_json":{"title":"Mais um recuperado em Melga\u00e7o restam agora 4 casos ativos","robots":{"index":"index","follow":"follow","max-snippet":"max-snippet:-1","max-image-preview":"max-image-preview:large","max-video-preview":"max-video-preview:-1"},"canonical":"https:\/\/www.altominho.tv\/site\/2020\/06\/09\/mais-um-recuperado-em-melgaco-restam-agora-4-casos-ativos\/","og_locale":"pt_PT","og_type":"article","og_title":"Mais um recuperado em Melga\u00e7o restam agora 4 casos ativos","og_description":"O munic\u00edpio de Melga\u00e7o anunciou esta ter\u00e7a-feira que h\u00e1 mais um caso de recuperado de Covid-19, subindo para 72 o n\u00famero de recuperados no concelho. \u201cComunicamos hoje mais um caso recuperado, um utente do Lar Pereira de Sousa\u201d, refere a autarquia em comunicado. Dos 86 casos confirmados de infe\u00e7\u00e3o, Melga\u00e7o tem agora 4 casos ativos.","og_url":"https:\/\/www.altominho.tv\/site\/2020\/06\/09\/mais-um-recuperado-em-melgaco-restam-agora-4-casos-ativos\/","og_site_name":"Altominho.tv","article_publisher":"https:\/\/www.facebook.com\/altominhotv","article_published_time":"2020-06-09T13:45:42+00:00","article_modified_time":"2020-06-09T13:45:45+00:00","og_image":[{"width":710,"height":375,"url":"https:\/\/www.altominho.tv\/site\/wp-content\/uploads\/2020\/05\/mlgcastelo-710x375-1.jpg","type":"image\/jpeg"}],"author":"Altominho.tv","twitter_card":"summary_large_image","twitter_creator":"@altominhoTV","twitter_site":"@altominhoTV","twitter_misc":{"Escrito por":"Altominho.tv"},"schema":{"@context":"https:\/\/schema.org","@graph":[{"@type":"Article","@id":"https:\/\/www.altominho.tv\/site\/2020\/06\/09\/mais-um-recuperado-em-melgaco-restam-agora-4-casos-ativos\/#article","isPartOf":{"@id":"https:\/\/www.altominho.tv\/site\/2020\/06\/09\/mais-um-recuperado-em-melgaco-restam-agora-4-casos-ativos\/"},"author":{"name":"Altominho.tv","@id":"https:\/\/www.altominho.tv\/site\/#\/schema\/person\/4e536851627d7914baf3dac752b6af22"},"headline":"Mais um recuperado em Melga\u00e7o restam agora 4 casos ativos","datePublished":"2020-06-09T13:45:42+00:00","dateModified":"2020-06-09T13:45:45+00:00","mainEntityOfPage":{"@id":"https:\/\/www.altominho.tv\/site\/2020\/06\/09\/mais-um-recuperado-em-melgaco-restam-agora-4-casos-ativos\/"},"wordCount":68,"image":{"@id":"https:\/\/www.altominho.tv\/site\/2020\/06\/09\/mais-um-recuperado-em-melgaco-restam-agora-4-casos-ativos\/#primaryimage"},"thumbnailUrl":"https:\/\/www.altominho.tv\/site\/wp-content\/uploads\/2020\/05\/mlgcastelo-710x375-1.jpg","keywords":["Sa\u00fade"],"articleSection":["Melga\u00e7o"],"inLanguage":"pt-PT","copyrightYear":"2020","copyrightHolder":{"@id":"https:\/\/www.altominho.tv\/site\/#organization"}},{"@type":"WebPage","@id":"https:\/\/www.altominho.tv\/site\/2020\/06\/09\/mais-um-recuperado-em-melgaco-restam-agora-4-casos-ativos\/","url":"https:\/\/www.altominho.tv\/site\/2020\/06\/09\/mais-um-recuperado-em-melgaco-restam-agora-4-casos-ativos\/","name":"Mais um recuperado em Melga\u00e7o restam agora 4 casos ativos","isPartOf":{"@id":"https:\/\/www.altominho.tv\/site\/#website"},"primaryImageOfPage":{"@id":"https:\/\/www.altominho.tv\/site\/2020\/06\/09\/mais-um-recuperado-em-melgaco-restam-agora-4-casos-ativos\/#primaryimage"},"image":{"@id":"https:\/\/www.altominho.tv\/site\/2020\/06\/09\/mais-um-recuperado-em-melgaco-restam-agora-4-casos-ativos\/#primaryimage"},"thumbnailUrl":"https:\/\/www.altominho.tv\/site\/wp-content\/uploads\/2020\/05\/mlgcastelo-710x375-1.jpg","datePublished":"2020-06-09T13:45:42+00:00","dateModified":"2020-06-09T13:45:45+00:00","author":{"@id":"https:\/\/www.altominho.tv\/site\/#\/schema\/person\/4e536851627d7914baf3dac752b6af22"},"breadcrumb":{"@id":"https:\/\/www.altominho.tv\/site\/2020\/06\/09\/mais-um-recuperado-em-melgaco-restam-agora-4-casos-ativos\/#breadcrumb"},"inLanguage":"pt-PT","potentialAction":[{"@type":"ReadAction","target":["https:\/\/www.altominho.tv\/site\/2020\/06\/09\/mais-um-recuperado-em-melgaco-restam-agora-4-casos-ativos\/"]}]},{"@type":"ImageObject","inLanguage":"pt-PT","@id":"https:\/\/www.altominho.tv\/site\/2020\/06\/09\/mais-um-recuperado-em-melgaco-restam-agora-4-casos-ativos\/#primaryimage","url":"https:\/\/www.altominho.tv\/site\/wp-content\/uploads\/2020\/05\/mlgcastelo-710x375-1.jpg","contentUrl":"https:\/\/www.altominho.tv\/site\/wp-content\/uploads\/2020\/05\/mlgcastelo-710x375-1.jpg","width":710,"height":375},{"@type":"BreadcrumbList","@id":"https:\/\/www.altominho.tv\/site\/2020\/06\/09\/mais-um-recuperado-em-melgaco-restam-agora-4-casos-ativos\/#breadcrumb","itemListElement":[{"@type":"ListItem","position":1,"name":"In\u00edcio","item":"https:\/\/www.altominho.tv\/site\/"},{"@type":"ListItem","position":2,"name":"Mais um recuperado em Melga\u00e7o restam agora 4 casos ativos"}]},{"@type":"WebSite","@id":"https:\/\/www.altominho.tv\/site\/#website","url":"https:\/\/www.altominho.tv\/site\/","name":"Altominho.tv","description":"A sua regi\u00e3o \u00e0 dist\u00e2ncia de um clique...","potentialAction":[{"@type":"SearchAction","target":{"@type":"EntryPoint","urlTemplate":"https:\/\/www.altominho.tv\/site\/?s={search_term_string}"},"query-input":{"@type":"PropertyValueSpecification","valueRequired":true,"valueName":"search_term_string"}}],"inLanguage":"pt-PT"},{"@type":"Person","@id":"https:\/\/www.altominho.tv\/site\/#\/schema\/person\/4e536851627d7914baf3dac752b6af22","name":"Altominho.tv","image":{"@type":"ImageObject","inLanguage":"pt-PT","@id":"https:\/\/www.altominho.tv\/site\/wp-content\/uploads\/2019\/11\/Logo_Avatar_2-150x150.jpg","url":"https:\/\/www.altominho.tv\/site\/wp-content\/uploads\/2019\/11\/Logo_Avatar_2-150x150.jpg","contentUrl":"https:\/\/www.altominho.tv\/site\/wp-content\/uploads\/2019\/11\/Logo_Avatar_2-150x150.jpg","caption":"Altominho.tv"},"url":"https:\/\/www.altominho.tv\/site\/author\/altominhotv-tecnico\/"}]}},"_links":{"self":[{"href":"https:\/\/www.altominho.tv\/site\/wp-json\/wp\/v2\/posts\/47760","targetHints":{"allow":["GET"]}}],"collection":[{"href":"https:\/\/www.altominho.tv\/site\/wp-json\/wp\/v2\/posts"}],"about":[{"href":"https:\/\/www.altominho.tv\/site\/wp-json\/wp\/v2\/types\/post"}],"author":[{"embeddable":true,"href":"https:\/\/www.altominho.tv\/site\/wp-json\/wp\/v2\/users\/1"}],"replies":[{"embeddable":true,"href":"https:\/\/www.altominho.tv\/site\/wp-json\/wp\/v2\/comments?post=47760"}],"version-history":[{"count":0,"href":"https:\/\/www.altominho.tv\/site\/wp-json\/wp\/v2\/posts\/47760\/revisions"}],"wp:featuredmedia":[{"embeddable":true,"href":"https:\/\/www.altominho.tv\/site\/wp-json\/wp\/v2\/media\/46843"}],"wp:attachment":[{"href":"https:\/\/www.altominho.tv\/site\/wp-json\/wp\/v2\/media?parent=47760"}],"wp:term":[{"taxonomy":"category","embeddable":true,"href":"https:\/\/www.altominho.tv\/site\/wp-json\/wp\/v2\/categories?post=47760"},{"taxonomy":"post_tag","embeddable":true,"href":"https:\/\/www.altominho.tv\/site\/wp-json\/wp\/v2\/tags?post=47760"}],"curies":[{"name":"wp","href":"https:\/\/api.w.org\/{rel}","templated":true}]}}