{"id":47477,"date":"2020-06-03T08:23:57","date_gmt":"2020-06-03T07:23:57","guid":{"rendered":"http:\/\/www.altominho.tv\/site\/?p=47477"},"modified":"2020-06-03T08:24:02","modified_gmt":"2020-06-03T07:24:02","slug":"arcos-de-valdevez-regista-aumento-na-procura-de-casas-de-ferias","status":"publish","type":"post","link":"https:\/\/www.altominho.tv\/site\/2020\/06\/03\/arcos-de-valdevez-regista-aumento-na-procura-de-casas-de-ferias\/","title":{"rendered":"Arcos de Valdevez regista aumento na procura de casas de f\u00e9rias"},"content":{"rendered":"\n<p>Arcos de Valdevez registou um aumento na procura de casas de f\u00e9rias.<\/p>\n\n\n\n<p>O Munic\u00edpio informou que de acordo com um estudo realizado pela plataforma OLX, concluiu que a procura de casas de f\u00e9rias nos primeiros cinco meses do ano, sofreu um aumento de 615% no distrito de Viana do Castelo, sendo que Arcos de Valdevez ocupa a primeira posi\u00e7\u00e3o do concelho mais procurado.<\/p>\n\n\n\n<p>Com a \u00e9poca de f\u00e9rias a aproximar-se, a procura pelo destino de f\u00e9rias aumenta.<\/p>\n\n\n\n<p>Atualmente, umas das preocupa\u00e7\u00f5es dos turistas revela-se ser a seguran\u00e7a, resultando na procura de destinos de natureza, com diversas atra\u00e7\u00f5es ao ar livre, permitindo o afastamento social.<\/p>\n\n\n\n<p>Arcos de Valdevez &#8220;revelou-se ser um destino de elei\u00e7\u00e3o para os portugueses, uma vez que a procura por casas para os meses de f\u00e9rias aumentou e a oferta de alojamento no concelho \u00e9, maioritariamente, de turismo rural&#8221;, pode ler-se na nota enviada pela autarquia.<\/p>\n\n\n\n<p>&#8220;Arcos de Valdevez contempla seguran\u00e7a, natureza, tranquilidade, privacidade e experi\u00eancias diversificadas, desde rotas culturais e trilhos pela Ecovia&#8221;.<\/p>\n\n\n\n<p>A C\u00e2mara Municipal de Arcos de Valdevez tamb\u00e9m tem investido na promo\u00e7\u00e3o do concelho, atrav\u00e9s da cria\u00e7\u00e3o de diversas iniciativas promovendo a cultura, a natureza e a gastronomia da regi\u00e3o atrav\u00e9s de plataformas online, nomeadamente, a cria\u00e7\u00e3o do novo site www.vitarcos.pt.<\/p>\n\n\n\n<p>Este novo site foi apresentado pela autarquia na segunda-feira, e re\u00fane informa\u00e7\u00e3o sobre as diversas ofertas do concelho nos v\u00e1rios setores. <\/p>\n","protected":false},"excerpt":{"rendered":"<p>Arcos de Valdevez registou um aumento na procura de casas de f\u00e9rias. O Munic\u00edpio informou que de acordo com um estudo realizado pela plataforma OLX, concluiu que a procura de casas de f\u00e9rias nos primeiros cinco meses do ano, sofreu um aumento de 615% no distrito de Viana do Castelo, sendo que Arcos de Valdevez [&hellip;]<\/p>\n","protected":false},"author":7,"featured_media":47478,"comment_status":"closed","ping_status":"closed","sticky":false,"template":"","format":"standard","meta":{"_exactmetrics_skip_tracking":false,"_exactmetrics_sitenote_active":false,"_exactmetrics_sitenote_note":"","_exactmetrics_sitenote_category":0,"footnotes":""},"categories":[2],"tags":[24,27],"class_list":["post-47477","post","type-post","status-publish","format-standard","has-post-thumbnail","hentry","category-arcos-de-valdevez","tag-lazer","tag-sociedade"],"yoast_head":"<!-- This site is optimized with the Yoast SEO Premium plugin v27.4 (Yoast SEO v27.4) - https:\/\/yoast.com\/product\/yoast-seo-premium-wordpress\/ -->\n<title>Arcos de Valdevez regista aumento na procura de casas de f\u00e9rias<\/title>\n<meta name=\"robots\" content=\"index, follow, max-snippet:-1, max-image-preview:large, max-video-preview:-1\" \/>\n<link rel=\"canonical\" href=\"https:\/\/www.altominho.tv\/site\/2020\/06\/03\/arcos-de-valdevez-regista-aumento-na-procura-de-casas-de-ferias\/\" \/>\n<meta property=\"og:locale\" content=\"pt_PT\" \/>\n<meta property=\"og:type\" content=\"article\" \/>\n<meta property=\"og:title\" content=\"Arcos de Valdevez regista aumento na procura de casas de f\u00e9rias\" \/>\n<meta property=\"og:description\" content=\"Arcos de Valdevez registou um aumento na procura de casas de f\u00e9rias. O Munic\u00edpio informou que de acordo com um estudo realizado pela plataforma OLX, concluiu que a procura de casas de f\u00e9rias nos primeiros cinco meses do ano, sofreu um aumento de 615% no distrito de Viana do Castelo, sendo que Arcos de Valdevez [&hellip;]\" \/>\n<meta property=\"og:url\" content=\"https:\/\/www.altominho.tv\/site\/2020\/06\/03\/arcos-de-valdevez-regista-aumento-na-procura-de-casas-de-ferias\/\" \/>\n<meta property=\"og:site_name\" content=\"Altominho.tv\" \/>\n<meta property=\"article:publisher\" content=\"https:\/\/www.facebook.com\/altominhotv\" \/>\n<meta property=\"article:published_time\" content=\"2020-06-03T07:23:57+00:00\" \/>\n<meta property=\"article:modified_time\" content=\"2020-06-03T07:24:02+00:00\" \/>\n<meta property=\"og:image\" content=\"https:\/\/www.altominho.tv\/site\/wp-content\/uploads\/2020\/06\/casa-da-li.jpg\" \/>\n\t<meta property=\"og:image:width\" content=\"1920\" \/>\n\t<meta property=\"og:image:height\" content=\"1080\" \/>\n\t<meta property=\"og:image:type\" content=\"image\/jpeg\" \/>\n<meta name=\"author\" content=\"Andreia Cunha\" \/>\n<meta name=\"twitter:card\" content=\"summary_large_image\" \/>\n<meta name=\"twitter:creator\" content=\"@altominhoTV\" \/>\n<meta name=\"twitter:site\" content=\"@altominhoTV\" \/>\n<meta name=\"twitter:label1\" content=\"Escrito por\" \/>\n\t<meta name=\"twitter:data1\" content=\"Andreia Cunha\" \/>\n\t<meta name=\"twitter:label2\" content=\"Tempo estimado de leitura\" \/>\n\t<meta name=\"twitter:data2\" content=\"1 minuto\" \/>\n<script type=\"application\/ld+json\" class=\"yoast-schema-graph\">{\"@context\":\"https:\\\/\\\/schema.org\",\"@graph\":[{\"@type\":\"Article\",\"@id\":\"https:\\\/\\\/www.altominho.tv\\\/site\\\/2020\\\/06\\\/03\\\/arcos-de-valdevez-regista-aumento-na-procura-de-casas-de-ferias\\\/#article\",\"isPartOf\":{\"@id\":\"https:\\\/\\\/www.altominho.tv\\\/site\\\/2020\\\/06\\\/03\\\/arcos-de-valdevez-regista-aumento-na-procura-de-casas-de-ferias\\\/\"},\"author\":{\"name\":\"Andreia Cunha\",\"@id\":\"https:\\\/\\\/www.altominho.tv\\\/site\\\/#\\\/schema\\\/person\\\/a0e4ef6d041f98ca284393d8f1d97153\"},\"headline\":\"Arcos de Valdevez regista aumento na procura de casas de f\u00e9rias\",\"datePublished\":\"2020-06-03T07:23:57+00:00\",\"dateModified\":\"2020-06-03T07:24:02+00:00\",\"mainEntityOfPage\":{\"@id\":\"https:\\\/\\\/www.altominho.tv\\\/site\\\/2020\\\/06\\\/03\\\/arcos-de-valdevez-regista-aumento-na-procura-de-casas-de-ferias\\\/\"},\"wordCount\":264,\"image\":{\"@id\":\"https:\\\/\\\/www.altominho.tv\\\/site\\\/2020\\\/06\\\/03\\\/arcos-de-valdevez-regista-aumento-na-procura-de-casas-de-ferias\\\/#primaryimage\"},\"thumbnailUrl\":\"https:\\\/\\\/www.altominho.tv\\\/site\\\/wp-content\\\/uploads\\\/2020\\\/06\\\/casa-da-li.jpg\",\"keywords\":[\"Lazer\",\"Sociedade\"],\"articleSection\":[\"Arcos de Valdevez\"],\"inLanguage\":\"pt-PT\",\"copyrightYear\":\"2020\",\"copyrightHolder\":{\"@id\":\"https:\\\/\\\/www.altominho.tv\\\/site\\\/#organization\"}},{\"@type\":\"WebPage\",\"@id\":\"https:\\\/\\\/www.altominho.tv\\\/site\\\/2020\\\/06\\\/03\\\/arcos-de-valdevez-regista-aumento-na-procura-de-casas-de-ferias\\\/\",\"url\":\"https:\\\/\\\/www.altominho.tv\\\/site\\\/2020\\\/06\\\/03\\\/arcos-de-valdevez-regista-aumento-na-procura-de-casas-de-ferias\\\/\",\"name\":\"Arcos de Valdevez regista aumento na procura de casas de f\u00e9rias\",\"isPartOf\":{\"@id\":\"https:\\\/\\\/www.altominho.tv\\\/site\\\/#website\"},\"primaryImageOfPage\":{\"@id\":\"https:\\\/\\\/www.altominho.tv\\\/site\\\/2020\\\/06\\\/03\\\/arcos-de-valdevez-regista-aumento-na-procura-de-casas-de-ferias\\\/#primaryimage\"},\"image\":{\"@id\":\"https:\\\/\\\/www.altominho.tv\\\/site\\\/2020\\\/06\\\/03\\\/arcos-de-valdevez-regista-aumento-na-procura-de-casas-de-ferias\\\/#primaryimage\"},\"thumbnailUrl\":\"https:\\\/\\\/www.altominho.tv\\\/site\\\/wp-content\\\/uploads\\\/2020\\\/06\\\/casa-da-li.jpg\",\"datePublished\":\"2020-06-03T07:23:57+00:00\",\"dateModified\":\"2020-06-03T07:24:02+00:00\",\"author\":{\"@id\":\"https:\\\/\\\/www.altominho.tv\\\/site\\\/#\\\/schema\\\/person\\\/a0e4ef6d041f98ca284393d8f1d97153\"},\"breadcrumb\":{\"@id\":\"https:\\\/\\\/www.altominho.tv\\\/site\\\/2020\\\/06\\\/03\\\/arcos-de-valdevez-regista-aumento-na-procura-de-casas-de-ferias\\\/#breadcrumb\"},\"inLanguage\":\"pt-PT\",\"potentialAction\":[{\"@type\":\"ReadAction\",\"target\":[\"https:\\\/\\\/www.altominho.tv\\\/site\\\/2020\\\/06\\\/03\\\/arcos-de-valdevez-regista-aumento-na-procura-de-casas-de-ferias\\\/\"]}]},{\"@type\":\"ImageObject\",\"inLanguage\":\"pt-PT\",\"@id\":\"https:\\\/\\\/www.altominho.tv\\\/site\\\/2020\\\/06\\\/03\\\/arcos-de-valdevez-regista-aumento-na-procura-de-casas-de-ferias\\\/#primaryimage\",\"url\":\"https:\\\/\\\/www.altominho.tv\\\/site\\\/wp-content\\\/uploads\\\/2020\\\/06\\\/casa-da-li.jpg\",\"contentUrl\":\"https:\\\/\\\/www.altominho.tv\\\/site\\\/wp-content\\\/uploads\\\/2020\\\/06\\\/casa-da-li.jpg\",\"width\":1920,\"height\":1080},{\"@type\":\"BreadcrumbList\",\"@id\":\"https:\\\/\\\/www.altominho.tv\\\/site\\\/2020\\\/06\\\/03\\\/arcos-de-valdevez-regista-aumento-na-procura-de-casas-de-ferias\\\/#breadcrumb\",\"itemListElement\":[{\"@type\":\"ListItem\",\"position\":1,\"name\":\"In\u00edcio\",\"item\":\"https:\\\/\\\/www.altominho.tv\\\/site\\\/\"},{\"@type\":\"ListItem\",\"position\":2,\"name\":\"Arcos de Valdevez regista aumento na procura de casas de f\u00e9rias\"}]},{\"@type\":\"WebSite\",\"@id\":\"https:\\\/\\\/www.altominho.tv\\\/site\\\/#website\",\"url\":\"https:\\\/\\\/www.altominho.tv\\\/site\\\/\",\"name\":\"Altominho.tv\",\"description\":\"A sua regi\u00e3o \u00e0 dist\u00e2ncia de um clique...\",\"potentialAction\":[{\"@type\":\"SearchAction\",\"target\":{\"@type\":\"EntryPoint\",\"urlTemplate\":\"https:\\\/\\\/www.altominho.tv\\\/site\\\/?s={search_term_string}\"},\"query-input\":{\"@type\":\"PropertyValueSpecification\",\"valueRequired\":true,\"valueName\":\"search_term_string\"}}],\"inLanguage\":\"pt-PT\"},{\"@type\":\"Person\",\"@id\":\"https:\\\/\\\/www.altominho.tv\\\/site\\\/#\\\/schema\\\/person\\\/a0e4ef6d041f98ca284393d8f1d97153\",\"name\":\"Andreia Cunha\",\"image\":{\"@type\":\"ImageObject\",\"inLanguage\":\"pt-PT\",\"@id\":\"https:\\\/\\\/www.altominho.tv\\\/site\\\/wp-content\\\/uploads\\\/2017\\\/11\\\/Andreia_Cunha-1-150x150.jpg\",\"url\":\"https:\\\/\\\/www.altominho.tv\\\/site\\\/wp-content\\\/uploads\\\/2017\\\/11\\\/Andreia_Cunha-1-150x150.jpg\",\"contentUrl\":\"https:\\\/\\\/www.altominho.tv\\\/site\\\/wp-content\\\/uploads\\\/2017\\\/11\\\/Andreia_Cunha-1-150x150.jpg\",\"caption\":\"Andreia Cunha\"},\"url\":\"https:\\\/\\\/www.altominho.tv\\\/site\\\/author\\\/andreiacunha\\\/\"}]}<\/script>\n<!-- \/ Yoast SEO Premium plugin. -->","yoast_head_json":{"title":"Arcos de Valdevez regista aumento na procura de casas de f\u00e9rias","robots":{"index":"index","follow":"follow","max-snippet":"max-snippet:-1","max-image-preview":"max-image-preview:large","max-video-preview":"max-video-preview:-1"},"canonical":"https:\/\/www.altominho.tv\/site\/2020\/06\/03\/arcos-de-valdevez-regista-aumento-na-procura-de-casas-de-ferias\/","og_locale":"pt_PT","og_type":"article","og_title":"Arcos de Valdevez regista aumento na procura de casas de f\u00e9rias","og_description":"Arcos de Valdevez registou um aumento na procura de casas de f\u00e9rias. O Munic\u00edpio informou que de acordo com um estudo realizado pela plataforma OLX, concluiu que a procura de casas de f\u00e9rias nos primeiros cinco meses do ano, sofreu um aumento de 615% no distrito de Viana do Castelo, sendo que Arcos de Valdevez [&hellip;]","og_url":"https:\/\/www.altominho.tv\/site\/2020\/06\/03\/arcos-de-valdevez-regista-aumento-na-procura-de-casas-de-ferias\/","og_site_name":"Altominho.tv","article_publisher":"https:\/\/www.facebook.com\/altominhotv","article_published_time":"2020-06-03T07:23:57+00:00","article_modified_time":"2020-06-03T07:24:02+00:00","og_image":[{"width":1920,"height":1080,"url":"https:\/\/www.altominho.tv\/site\/wp-content\/uploads\/2020\/06\/casa-da-li.jpg","type":"image\/jpeg"}],"author":"Andreia Cunha","twitter_card":"summary_large_image","twitter_creator":"@altominhoTV","twitter_site":"@altominhoTV","twitter_misc":{"Escrito por":"Andreia Cunha","Tempo estimado de leitura":"1 minuto"},"schema":{"@context":"https:\/\/schema.org","@graph":[{"@type":"Article","@id":"https:\/\/www.altominho.tv\/site\/2020\/06\/03\/arcos-de-valdevez-regista-aumento-na-procura-de-casas-de-ferias\/#article","isPartOf":{"@id":"https:\/\/www.altominho.tv\/site\/2020\/06\/03\/arcos-de-valdevez-regista-aumento-na-procura-de-casas-de-ferias\/"},"author":{"name":"Andreia Cunha","@id":"https:\/\/www.altominho.tv\/site\/#\/schema\/person\/a0e4ef6d041f98ca284393d8f1d97153"},"headline":"Arcos de Valdevez regista aumento na procura de casas de f\u00e9rias","datePublished":"2020-06-03T07:23:57+00:00","dateModified":"2020-06-03T07:24:02+00:00","mainEntityOfPage":{"@id":"https:\/\/www.altominho.tv\/site\/2020\/06\/03\/arcos-de-valdevez-regista-aumento-na-procura-de-casas-de-ferias\/"},"wordCount":264,"image":{"@id":"https:\/\/www.altominho.tv\/site\/2020\/06\/03\/arcos-de-valdevez-regista-aumento-na-procura-de-casas-de-ferias\/#primaryimage"},"thumbnailUrl":"https:\/\/www.altominho.tv\/site\/wp-content\/uploads\/2020\/06\/casa-da-li.jpg","keywords":["Lazer","Sociedade"],"articleSection":["Arcos de Valdevez"],"inLanguage":"pt-PT","copyrightYear":"2020","copyrightHolder":{"@id":"https:\/\/www.altominho.tv\/site\/#organization"}},{"@type":"WebPage","@id":"https:\/\/www.altominho.tv\/site\/2020\/06\/03\/arcos-de-valdevez-regista-aumento-na-procura-de-casas-de-ferias\/","url":"https:\/\/www.altominho.tv\/site\/2020\/06\/03\/arcos-de-valdevez-regista-aumento-na-procura-de-casas-de-ferias\/","name":"Arcos de Valdevez regista aumento na procura de casas de f\u00e9rias","isPartOf":{"@id":"https:\/\/www.altominho.tv\/site\/#website"},"primaryImageOfPage":{"@id":"https:\/\/www.altominho.tv\/site\/2020\/06\/03\/arcos-de-valdevez-regista-aumento-na-procura-de-casas-de-ferias\/#primaryimage"},"image":{"@id":"https:\/\/www.altominho.tv\/site\/2020\/06\/03\/arcos-de-valdevez-regista-aumento-na-procura-de-casas-de-ferias\/#primaryimage"},"thumbnailUrl":"https:\/\/www.altominho.tv\/site\/wp-content\/uploads\/2020\/06\/casa-da-li.jpg","datePublished":"2020-06-03T07:23:57+00:00","dateModified":"2020-06-03T07:24:02+00:00","author":{"@id":"https:\/\/www.altominho.tv\/site\/#\/schema\/person\/a0e4ef6d041f98ca284393d8f1d97153"},"breadcrumb":{"@id":"https:\/\/www.altominho.tv\/site\/2020\/06\/03\/arcos-de-valdevez-regista-aumento-na-procura-de-casas-de-ferias\/#breadcrumb"},"inLanguage":"pt-PT","potentialAction":[{"@type":"ReadAction","target":["https:\/\/www.altominho.tv\/site\/2020\/06\/03\/arcos-de-valdevez-regista-aumento-na-procura-de-casas-de-ferias\/"]}]},{"@type":"ImageObject","inLanguage":"pt-PT","@id":"https:\/\/www.altominho.tv\/site\/2020\/06\/03\/arcos-de-valdevez-regista-aumento-na-procura-de-casas-de-ferias\/#primaryimage","url":"https:\/\/www.altominho.tv\/site\/wp-content\/uploads\/2020\/06\/casa-da-li.jpg","contentUrl":"https:\/\/www.altominho.tv\/site\/wp-content\/uploads\/2020\/06\/casa-da-li.jpg","width":1920,"height":1080},{"@type":"BreadcrumbList","@id":"https:\/\/www.altominho.tv\/site\/2020\/06\/03\/arcos-de-valdevez-regista-aumento-na-procura-de-casas-de-ferias\/#breadcrumb","itemListElement":[{"@type":"ListItem","position":1,"name":"In\u00edcio","item":"https:\/\/www.altominho.tv\/site\/"},{"@type":"ListItem","position":2,"name":"Arcos de Valdevez regista aumento na procura de casas de f\u00e9rias"}]},{"@type":"WebSite","@id":"https:\/\/www.altominho.tv\/site\/#website","url":"https:\/\/www.altominho.tv\/site\/","name":"Altominho.tv","description":"A sua regi\u00e3o \u00e0 dist\u00e2ncia de um clique...","potentialAction":[{"@type":"SearchAction","target":{"@type":"EntryPoint","urlTemplate":"https:\/\/www.altominho.tv\/site\/?s={search_term_string}"},"query-input":{"@type":"PropertyValueSpecification","valueRequired":true,"valueName":"search_term_string"}}],"inLanguage":"pt-PT"},{"@type":"Person","@id":"https:\/\/www.altominho.tv\/site\/#\/schema\/person\/a0e4ef6d041f98ca284393d8f1d97153","name":"Andreia Cunha","image":{"@type":"ImageObject","inLanguage":"pt-PT","@id":"https:\/\/www.altominho.tv\/site\/wp-content\/uploads\/2017\/11\/Andreia_Cunha-1-150x150.jpg","url":"https:\/\/www.altominho.tv\/site\/wp-content\/uploads\/2017\/11\/Andreia_Cunha-1-150x150.jpg","contentUrl":"https:\/\/www.altominho.tv\/site\/wp-content\/uploads\/2017\/11\/Andreia_Cunha-1-150x150.jpg","caption":"Andreia Cunha"},"url":"https:\/\/www.altominho.tv\/site\/author\/andreiacunha\/"}]}},"_links":{"self":[{"href":"https:\/\/www.altominho.tv\/site\/wp-json\/wp\/v2\/posts\/47477","targetHints":{"allow":["GET"]}}],"collection":[{"href":"https:\/\/www.altominho.tv\/site\/wp-json\/wp\/v2\/posts"}],"about":[{"href":"https:\/\/www.altominho.tv\/site\/wp-json\/wp\/v2\/types\/post"}],"author":[{"embeddable":true,"href":"https:\/\/www.altominho.tv\/site\/wp-json\/wp\/v2\/users\/7"}],"replies":[{"embeddable":true,"href":"https:\/\/www.altominho.tv\/site\/wp-json\/wp\/v2\/comments?post=47477"}],"version-history":[{"count":0,"href":"https:\/\/www.altominho.tv\/site\/wp-json\/wp\/v2\/posts\/47477\/revisions"}],"wp:featuredmedia":[{"embeddable":true,"href":"https:\/\/www.altominho.tv\/site\/wp-json\/wp\/v2\/media\/47478"}],"wp:attachment":[{"href":"https:\/\/www.altominho.tv\/site\/wp-json\/wp\/v2\/media?parent=47477"}],"wp:term":[{"taxonomy":"category","embeddable":true,"href":"https:\/\/www.altominho.tv\/site\/wp-json\/wp\/v2\/categories?post=47477"},{"taxonomy":"post_tag","embeddable":true,"href":"https:\/\/www.altominho.tv\/site\/wp-json\/wp\/v2\/tags?post=47477"}],"curies":[{"name":"wp","href":"https:\/\/api.w.org\/{rel}","templated":true}]}}