{"id":47227,"date":"2020-05-29T16:11:42","date_gmt":"2020-05-29T15:11:42","guid":{"rendered":"http:\/\/www.altominho.tv\/site\/?p=47227"},"modified":"2020-05-29T16:12:34","modified_gmt":"2020-05-29T15:12:34","slug":"cerca-de-tres-mil-pessoas-impedidas-de-entrar-nas-fronteiras-terrestres","status":"publish","type":"post","link":"https:\/\/www.altominho.tv\/site\/2020\/05\/29\/cerca-de-tres-mil-pessoas-impedidas-de-entrar-nas-fronteiras-terrestres\/","title":{"rendered":"Cerca de tr\u00eas mil pessoas impedidas de entrar nas fronteiras terrestres"},"content":{"rendered":"<p>Quinze pessoas foram detidas e cerca de tr\u00eas mil foram impedidas de entrar em Portugal desde que foi reposto temporariamente o controlo nas fronteiras terrestres devido \u00e0 pandemia.<\/p>\n<p>Em comunicado, o Servi\u00e7o de Estrangeiros e Fronteiras (SEF) indica que esta sexta-feira foi atingido o meio milh\u00e3o de pessoas controladas nos Pontos de Passagem Autorizados (PPA) com Espanha, numa opera\u00e7\u00e3o iniciada em 16 de mar\u00e7o com a colabora\u00e7\u00e3o da Guarda Nacional Republicana.<\/p>\n<p>Segundo o SEF, nestes cerca de dois meses e meio, o PPA com maior registo de controlos foi o de Valen\u00e7a, que ultrapassou os 200 mil, representando cerca de 50% em m\u00e9dia do n\u00famero total de pessoas controladas a n\u00edvel nacional, seguido do Caia com cerca de 70 mil, e Vilar Formoso com 60 mil.<\/p>\n<p>O SEF acrescenta que, durante este per\u00edodo, foram ainda impedidas de entrar em Portugal cerca de tr\u00eas mil pessoas por n\u00e3o se encontrar justificada a necessidade de atravessar a fronteira.<\/p>\n<p>Aquele servi\u00e7o de seguran\u00e7a indica tamb\u00e9m que, no \u00e2mbito do cumprimento de medidas cautelares, foram detidas 15 pessoas at\u00e9 hoje.<\/p>\n<p>O SEF refere ainda que o trabalho no controlo de pessoa tem sido facilitado com a utiliza\u00e7\u00e3o de uma aplica\u00e7\u00e3o, designada de SEF Mobile, que j\u00e1 permitiu um controlo r\u00e1pido e seguro de mais de 100 mil cidad\u00e3os.<\/p>\n<p>O controlo das fronteiras terrestres com Espanha est\u00e1 a ser feito desde as 23h00 do dia 16 de mar\u00e7o em nove pontos de passagem autorizada devido \u00e0 pandemia de Covid-19 e v\u00e3o permanecer encerradas at\u00e9 \u00e0s 00h00 de 15 de junho.<\/p>\n<p>No \u00e2mbito do controlo das fronteiras, est\u00e3o impedidas as desloca\u00e7\u00f5es tur\u00edsticas e de lazer entre os dois pa\u00edses, sendo apenas permitida circula\u00e7\u00e3o de transportes de mercadorias, de trabalhadores transfronteiri\u00e7os, trabalhadores sazonais, ve\u00edculos de emerg\u00eancia e socorro e de servi\u00e7o de urg\u00eancia.<\/p>\n","protected":false},"excerpt":{"rendered":"<p>Quinze pessoas foram detidas e cerca de tr\u00eas mil foram impedidas de entrar em Portugal desde que foi reposto temporariamente o controlo nas fronteiras terrestres devido \u00e0 pandemia. Em comunicado, o Servi\u00e7o de Estrangeiros e Fronteiras (SEF) indica que esta sexta-feira foi atingido o meio milh\u00e3o de pessoas controladas nos Pontos de Passagem Autorizados (PPA) [&hellip;]<\/p>\n","protected":false},"author":13,"featured_media":47228,"comment_status":"closed","ping_status":"closed","sticky":false,"template":"","format":"standard","meta":{"_exactmetrics_skip_tracking":false,"footnotes":""},"categories":[73],"tags":[27],"class_list":["post-47227","post","type-post","status-publish","format-standard","has-post-thumbnail","hentry","category-alto-minho","tag-sociedade"],"yoast_head":"<!-- This site is optimized with the Yoast SEO Premium plugin v28.3 (Yoast SEO v28.3) - https:\/\/yoast.com\/product\/yoast-seo-premium-wordpress\/ -->\n<title>Cerca de tr\u00eas mil pessoas impedidas de entrar nas fronteiras terrestres<\/title>\n<meta name=\"robots\" content=\"index, follow, max-snippet:-1, max-image-preview:large, max-video-preview:-1\" \/>\n<link rel=\"canonical\" href=\"https:\/\/www.altominho.tv\/site\/2020\/05\/29\/cerca-de-tres-mil-pessoas-impedidas-de-entrar-nas-fronteiras-terrestres\/\" \/>\n<meta property=\"og:locale\" content=\"pt_PT\" \/>\n<meta property=\"og:type\" content=\"article\" \/>\n<meta property=\"og:title\" content=\"Cerca de tr\u00eas mil pessoas impedidas de entrar nas fronteiras terrestres\" \/>\n<meta property=\"og:description\" content=\"Quinze pessoas foram detidas e cerca de tr\u00eas mil foram impedidas de entrar em Portugal desde que foi reposto temporariamente o controlo nas fronteiras terrestres devido \u00e0 pandemia. Em comunicado, o Servi\u00e7o de Estrangeiros e Fronteiras (SEF) indica que esta sexta-feira foi atingido o meio milh\u00e3o de pessoas controladas nos Pontos de Passagem Autorizados (PPA) [&hellip;]\" \/>\n<meta property=\"og:url\" content=\"https:\/\/www.altominho.tv\/site\/2020\/05\/29\/cerca-de-tres-mil-pessoas-impedidas-de-entrar-nas-fronteiras-terrestres\/\" \/>\n<meta property=\"og:site_name\" content=\"Altominho.tv\" \/>\n<meta property=\"article:publisher\" content=\"https:\/\/www.facebook.com\/altominhotv\" \/>\n<meta property=\"article:published_time\" content=\"2020-05-29T15:11:42+00:00\" \/>\n<meta property=\"article:modified_time\" content=\"2020-05-29T15:12:34+00:00\" \/>\n<meta property=\"og:image\" content=\"https:\/\/www.altominho.tv\/site\/wp-content\/uploads\/2020\/05\/Captura-de-ecra\u0303-2020-05-29-a\u0300s-16.05.53.png\" \/>\n\t<meta property=\"og:image:width\" content=\"1256\" \/>\n\t<meta property=\"og:image:height\" content=\"660\" \/>\n\t<meta property=\"og:image:type\" content=\"image\/png\" \/>\n<meta name=\"author\" content=\"Lusa\" \/>\n<meta name=\"twitter:card\" content=\"summary_large_image\" \/>\n<meta name=\"twitter:creator\" content=\"@altominhoTV\" \/>\n<meta name=\"twitter:site\" content=\"@altominhoTV\" \/>\n<meta name=\"twitter:label1\" content=\"Escrito por\" \/>\n\t<meta name=\"twitter:data1\" content=\"Lusa\" \/>\n\t<meta name=\"twitter:label2\" content=\"Tempo estimado de leitura\" \/>\n\t<meta name=\"twitter:data2\" content=\"2 minutos\" \/>\n<script type=\"application\/ld+json\" class=\"yoast-schema-graph\">{\"@context\":\"https:\\\/\\\/schema.org\",\"@graph\":[{\"@type\":\"Article\",\"@id\":\"https:\\\/\\\/www.altominho.tv\\\/site\\\/2020\\\/05\\\/29\\\/cerca-de-tres-mil-pessoas-impedidas-de-entrar-nas-fronteiras-terrestres\\\/#article\",\"isPartOf\":{\"@id\":\"https:\\\/\\\/www.altominho.tv\\\/site\\\/2020\\\/05\\\/29\\\/cerca-de-tres-mil-pessoas-impedidas-de-entrar-nas-fronteiras-terrestres\\\/\"},\"author\":{\"name\":\"Lusa\",\"@id\":\"https:\\\/\\\/www.altominho.tv\\\/site\\\/#\\\/schema\\\/person\\\/63f693da3e1899361cbe955c46f3232e\"},\"headline\":\"Cerca de tr\u00eas mil pessoas impedidas de entrar nas fronteiras terrestres\",\"datePublished\":\"2020-05-29T15:11:42+00:00\",\"dateModified\":\"2020-05-29T15:12:34+00:00\",\"mainEntityOfPage\":{\"@id\":\"https:\\\/\\\/www.altominho.tv\\\/site\\\/2020\\\/05\\\/29\\\/cerca-de-tres-mil-pessoas-impedidas-de-entrar-nas-fronteiras-terrestres\\\/\"},\"wordCount\":329,\"image\":{\"@id\":\"https:\\\/\\\/www.altominho.tv\\\/site\\\/2020\\\/05\\\/29\\\/cerca-de-tres-mil-pessoas-impedidas-de-entrar-nas-fronteiras-terrestres\\\/#primaryimage\"},\"thumbnailUrl\":\"https:\\\/\\\/www.altominho.tv\\\/site\\\/wp-content\\\/uploads\\\/2020\\\/05\\\/Captura-de-ecra\u0303-2020-05-29-a\u0300s-16.05.53.png\",\"keywords\":[\"Sociedade\"],\"articleSection\":[\"Alto Minho\"],\"inLanguage\":\"pt-PT\",\"copyrightYear\":\"2020\",\"copyrightHolder\":{\"@id\":\"https:\\\/\\\/www.altominho.tv\\\/site\\\/#organization\"}},{\"@type\":\"WebPage\",\"@id\":\"https:\\\/\\\/www.altominho.tv\\\/site\\\/2020\\\/05\\\/29\\\/cerca-de-tres-mil-pessoas-impedidas-de-entrar-nas-fronteiras-terrestres\\\/\",\"url\":\"https:\\\/\\\/www.altominho.tv\\\/site\\\/2020\\\/05\\\/29\\\/cerca-de-tres-mil-pessoas-impedidas-de-entrar-nas-fronteiras-terrestres\\\/\",\"name\":\"Cerca de tr\u00eas mil pessoas impedidas de entrar nas fronteiras terrestres\",\"isPartOf\":{\"@id\":\"https:\\\/\\\/www.altominho.tv\\\/site\\\/#website\"},\"primaryImageOfPage\":{\"@id\":\"https:\\\/\\\/www.altominho.tv\\\/site\\\/2020\\\/05\\\/29\\\/cerca-de-tres-mil-pessoas-impedidas-de-entrar-nas-fronteiras-terrestres\\\/#primaryimage\"},\"image\":{\"@id\":\"https:\\\/\\\/www.altominho.tv\\\/site\\\/2020\\\/05\\\/29\\\/cerca-de-tres-mil-pessoas-impedidas-de-entrar-nas-fronteiras-terrestres\\\/#primaryimage\"},\"thumbnailUrl\":\"https:\\\/\\\/www.altominho.tv\\\/site\\\/wp-content\\\/uploads\\\/2020\\\/05\\\/Captura-de-ecra\u0303-2020-05-29-a\u0300s-16.05.53.png\",\"datePublished\":\"2020-05-29T15:11:42+00:00\",\"dateModified\":\"2020-05-29T15:12:34+00:00\",\"author\":{\"@id\":\"https:\\\/\\\/www.altominho.tv\\\/site\\\/#\\\/schema\\\/person\\\/63f693da3e1899361cbe955c46f3232e\"},\"breadcrumb\":{\"@id\":\"https:\\\/\\\/www.altominho.tv\\\/site\\\/2020\\\/05\\\/29\\\/cerca-de-tres-mil-pessoas-impedidas-de-entrar-nas-fronteiras-terrestres\\\/#breadcrumb\"},\"inLanguage\":\"pt-PT\",\"potentialAction\":[{\"@type\":\"ReadAction\",\"target\":[\"https:\\\/\\\/www.altominho.tv\\\/site\\\/2020\\\/05\\\/29\\\/cerca-de-tres-mil-pessoas-impedidas-de-entrar-nas-fronteiras-terrestres\\\/\"]}]},{\"@type\":\"ImageObject\",\"inLanguage\":\"pt-PT\",\"@id\":\"https:\\\/\\\/www.altominho.tv\\\/site\\\/2020\\\/05\\\/29\\\/cerca-de-tres-mil-pessoas-impedidas-de-entrar-nas-fronteiras-terrestres\\\/#primaryimage\",\"url\":\"https:\\\/\\\/www.altominho.tv\\\/site\\\/wp-content\\\/uploads\\\/2020\\\/05\\\/Captura-de-ecra\u0303-2020-05-29-a\u0300s-16.05.53.png\",\"contentUrl\":\"https:\\\/\\\/www.altominho.tv\\\/site\\\/wp-content\\\/uploads\\\/2020\\\/05\\\/Captura-de-ecra\u0303-2020-05-29-a\u0300s-16.05.53.png\",\"width\":1256,\"height\":660},{\"@type\":\"BreadcrumbList\",\"@id\":\"https:\\\/\\\/www.altominho.tv\\\/site\\\/2020\\\/05\\\/29\\\/cerca-de-tres-mil-pessoas-impedidas-de-entrar-nas-fronteiras-terrestres\\\/#breadcrumb\",\"itemListElement\":[{\"@type\":\"ListItem\",\"position\":1,\"name\":\"In\u00edcio\",\"item\":\"https:\\\/\\\/www.altominho.tv\\\/site\\\/\"},{\"@type\":\"ListItem\",\"position\":2,\"name\":\"Cerca de tr\u00eas mil pessoas impedidas de entrar nas fronteiras terrestres\"}]},{\"@type\":\"WebSite\",\"@id\":\"https:\\\/\\\/www.altominho.tv\\\/site\\\/#website\",\"url\":\"https:\\\/\\\/www.altominho.tv\\\/site\\\/\",\"name\":\"Altominho.tv\",\"description\":\"A sua regi\u00e3o \u00e0 dist\u00e2ncia de um clique...\",\"potentialAction\":[{\"@type\":\"SearchAction\",\"target\":{\"@type\":\"EntryPoint\",\"urlTemplate\":\"https:\\\/\\\/www.altominho.tv\\\/site\\\/?s={search_term_string}\"},\"query-input\":{\"@type\":\"PropertyValueSpecification\",\"valueRequired\":true,\"valueName\":\"search_term_string\"}}],\"inLanguage\":\"pt-PT\"},{\"@type\":\"Person\",\"@id\":\"https:\\\/\\\/www.altominho.tv\\\/site\\\/#\\\/schema\\\/person\\\/63f693da3e1899361cbe955c46f3232e\",\"name\":\"Lusa\",\"image\":{\"@type\":\"ImageObject\",\"inLanguage\":\"pt-PT\",\"@id\":\"https:\\\/\\\/www.altominho.tv\\\/site\\\/wp-content\\\/uploads\\\/2019\\\/08\\\/LUSA_Logo.gif\",\"url\":\"https:\\\/\\\/www.altominho.tv\\\/site\\\/wp-content\\\/uploads\\\/2019\\\/08\\\/LUSA_Logo.gif\",\"contentUrl\":\"https:\\\/\\\/www.altominho.tv\\\/site\\\/wp-content\\\/uploads\\\/2019\\\/08\\\/LUSA_Logo.gif\",\"caption\":\"Lusa\"},\"sameAs\":[\"http:\\\/\\\/\\\/\\\/www.altominho.tv\\\/site\"],\"url\":\"https:\\\/\\\/www.altominho.tv\\\/site\\\/author\\\/lusa\\\/\"}]}<\/script>\n<!-- \/ Yoast SEO Premium plugin. -->","yoast_head_json":{"title":"Cerca de tr\u00eas mil pessoas impedidas de entrar nas fronteiras terrestres","robots":{"index":"index","follow":"follow","max-snippet":"max-snippet:-1","max-image-preview":"max-image-preview:large","max-video-preview":"max-video-preview:-1"},"canonical":"https:\/\/www.altominho.tv\/site\/2020\/05\/29\/cerca-de-tres-mil-pessoas-impedidas-de-entrar-nas-fronteiras-terrestres\/","og_locale":"pt_PT","og_type":"article","og_title":"Cerca de tr\u00eas mil pessoas impedidas de entrar nas fronteiras terrestres","og_description":"Quinze pessoas foram detidas e cerca de tr\u00eas mil foram impedidas de entrar em Portugal desde que foi reposto temporariamente o controlo nas fronteiras terrestres devido \u00e0 pandemia. Em comunicado, o Servi\u00e7o de Estrangeiros e Fronteiras (SEF) indica que esta sexta-feira foi atingido o meio milh\u00e3o de pessoas controladas nos Pontos de Passagem Autorizados (PPA) [&hellip;]","og_url":"https:\/\/www.altominho.tv\/site\/2020\/05\/29\/cerca-de-tres-mil-pessoas-impedidas-de-entrar-nas-fronteiras-terrestres\/","og_site_name":"Altominho.tv","article_publisher":"https:\/\/www.facebook.com\/altominhotv","article_published_time":"2020-05-29T15:11:42+00:00","article_modified_time":"2020-05-29T15:12:34+00:00","og_image":[{"width":1256,"height":660,"url":"https:\/\/www.altominho.tv\/site\/wp-content\/uploads\/2020\/05\/Captura-de-ecra\u0303-2020-05-29-a\u0300s-16.05.53.png","type":"image\/png"}],"author":"Lusa","twitter_card":"summary_large_image","twitter_creator":"@altominhoTV","twitter_site":"@altominhoTV","twitter_misc":{"Escrito por":"Lusa","Tempo estimado de leitura":"2 minutos"},"schema":{"@context":"https:\/\/schema.org","@graph":[{"@type":"Article","@id":"https:\/\/www.altominho.tv\/site\/2020\/05\/29\/cerca-de-tres-mil-pessoas-impedidas-de-entrar-nas-fronteiras-terrestres\/#article","isPartOf":{"@id":"https:\/\/www.altominho.tv\/site\/2020\/05\/29\/cerca-de-tres-mil-pessoas-impedidas-de-entrar-nas-fronteiras-terrestres\/"},"author":{"name":"Lusa","@id":"https:\/\/www.altominho.tv\/site\/#\/schema\/person\/63f693da3e1899361cbe955c46f3232e"},"headline":"Cerca de tr\u00eas mil pessoas impedidas de entrar nas fronteiras terrestres","datePublished":"2020-05-29T15:11:42+00:00","dateModified":"2020-05-29T15:12:34+00:00","mainEntityOfPage":{"@id":"https:\/\/www.altominho.tv\/site\/2020\/05\/29\/cerca-de-tres-mil-pessoas-impedidas-de-entrar-nas-fronteiras-terrestres\/"},"wordCount":329,"image":{"@id":"https:\/\/www.altominho.tv\/site\/2020\/05\/29\/cerca-de-tres-mil-pessoas-impedidas-de-entrar-nas-fronteiras-terrestres\/#primaryimage"},"thumbnailUrl":"https:\/\/www.altominho.tv\/site\/wp-content\/uploads\/2020\/05\/Captura-de-ecra\u0303-2020-05-29-a\u0300s-16.05.53.png","keywords":["Sociedade"],"articleSection":["Alto Minho"],"inLanguage":"pt-PT","copyrightYear":"2020","copyrightHolder":{"@id":"https:\/\/www.altominho.tv\/site\/#organization"}},{"@type":"WebPage","@id":"https:\/\/www.altominho.tv\/site\/2020\/05\/29\/cerca-de-tres-mil-pessoas-impedidas-de-entrar-nas-fronteiras-terrestres\/","url":"https:\/\/www.altominho.tv\/site\/2020\/05\/29\/cerca-de-tres-mil-pessoas-impedidas-de-entrar-nas-fronteiras-terrestres\/","name":"Cerca de tr\u00eas mil pessoas impedidas de entrar nas fronteiras terrestres","isPartOf":{"@id":"https:\/\/www.altominho.tv\/site\/#website"},"primaryImageOfPage":{"@id":"https:\/\/www.altominho.tv\/site\/2020\/05\/29\/cerca-de-tres-mil-pessoas-impedidas-de-entrar-nas-fronteiras-terrestres\/#primaryimage"},"image":{"@id":"https:\/\/www.altominho.tv\/site\/2020\/05\/29\/cerca-de-tres-mil-pessoas-impedidas-de-entrar-nas-fronteiras-terrestres\/#primaryimage"},"thumbnailUrl":"https:\/\/www.altominho.tv\/site\/wp-content\/uploads\/2020\/05\/Captura-de-ecra\u0303-2020-05-29-a\u0300s-16.05.53.png","datePublished":"2020-05-29T15:11:42+00:00","dateModified":"2020-05-29T15:12:34+00:00","author":{"@id":"https:\/\/www.altominho.tv\/site\/#\/schema\/person\/63f693da3e1899361cbe955c46f3232e"},"breadcrumb":{"@id":"https:\/\/www.altominho.tv\/site\/2020\/05\/29\/cerca-de-tres-mil-pessoas-impedidas-de-entrar-nas-fronteiras-terrestres\/#breadcrumb"},"inLanguage":"pt-PT","potentialAction":[{"@type":"ReadAction","target":["https:\/\/www.altominho.tv\/site\/2020\/05\/29\/cerca-de-tres-mil-pessoas-impedidas-de-entrar-nas-fronteiras-terrestres\/"]}]},{"@type":"ImageObject","inLanguage":"pt-PT","@id":"https:\/\/www.altominho.tv\/site\/2020\/05\/29\/cerca-de-tres-mil-pessoas-impedidas-de-entrar-nas-fronteiras-terrestres\/#primaryimage","url":"https:\/\/www.altominho.tv\/site\/wp-content\/uploads\/2020\/05\/Captura-de-ecra\u0303-2020-05-29-a\u0300s-16.05.53.png","contentUrl":"https:\/\/www.altominho.tv\/site\/wp-content\/uploads\/2020\/05\/Captura-de-ecra\u0303-2020-05-29-a\u0300s-16.05.53.png","width":1256,"height":660},{"@type":"BreadcrumbList","@id":"https:\/\/www.altominho.tv\/site\/2020\/05\/29\/cerca-de-tres-mil-pessoas-impedidas-de-entrar-nas-fronteiras-terrestres\/#breadcrumb","itemListElement":[{"@type":"ListItem","position":1,"name":"In\u00edcio","item":"https:\/\/www.altominho.tv\/site\/"},{"@type":"ListItem","position":2,"name":"Cerca de tr\u00eas mil pessoas impedidas de entrar nas fronteiras terrestres"}]},{"@type":"WebSite","@id":"https:\/\/www.altominho.tv\/site\/#website","url":"https:\/\/www.altominho.tv\/site\/","name":"Altominho.tv","description":"A sua regi\u00e3o \u00e0 dist\u00e2ncia de um clique...","potentialAction":[{"@type":"SearchAction","target":{"@type":"EntryPoint","urlTemplate":"https:\/\/www.altominho.tv\/site\/?s={search_term_string}"},"query-input":{"@type":"PropertyValueSpecification","valueRequired":true,"valueName":"search_term_string"}}],"inLanguage":"pt-PT"},{"@type":"Person","@id":"https:\/\/www.altominho.tv\/site\/#\/schema\/person\/63f693da3e1899361cbe955c46f3232e","name":"Lusa","image":{"@type":"ImageObject","inLanguage":"pt-PT","@id":"https:\/\/www.altominho.tv\/site\/wp-content\/uploads\/2019\/08\/LUSA_Logo.gif","url":"https:\/\/www.altominho.tv\/site\/wp-content\/uploads\/2019\/08\/LUSA_Logo.gif","contentUrl":"https:\/\/www.altominho.tv\/site\/wp-content\/uploads\/2019\/08\/LUSA_Logo.gif","caption":"Lusa"},"sameAs":["http:\/\/\/\/www.altominho.tv\/site"],"url":"https:\/\/www.altominho.tv\/site\/author\/lusa\/"}]}},"_links":{"self":[{"href":"https:\/\/www.altominho.tv\/site\/wp-json\/wp\/v2\/posts\/47227","targetHints":{"allow":["GET"]}}],"collection":[{"href":"https:\/\/www.altominho.tv\/site\/wp-json\/wp\/v2\/posts"}],"about":[{"href":"https:\/\/www.altominho.tv\/site\/wp-json\/wp\/v2\/types\/post"}],"author":[{"embeddable":true,"href":"https:\/\/www.altominho.tv\/site\/wp-json\/wp\/v2\/users\/13"}],"replies":[{"embeddable":true,"href":"https:\/\/www.altominho.tv\/site\/wp-json\/wp\/v2\/comments?post=47227"}],"version-history":[{"count":0,"href":"https:\/\/www.altominho.tv\/site\/wp-json\/wp\/v2\/posts\/47227\/revisions"}],"wp:featuredmedia":[{"embeddable":true,"href":"https:\/\/www.altominho.tv\/site\/wp-json\/wp\/v2\/media\/47228"}],"wp:attachment":[{"href":"https:\/\/www.altominho.tv\/site\/wp-json\/wp\/v2\/media?parent=47227"}],"wp:term":[{"taxonomy":"category","embeddable":true,"href":"https:\/\/www.altominho.tv\/site\/wp-json\/wp\/v2\/categories?post=47227"},{"taxonomy":"post_tag","embeddable":true,"href":"https:\/\/www.altominho.tv\/site\/wp-json\/wp\/v2\/tags?post=47227"}],"curies":[{"name":"wp","href":"https:\/\/api.w.org\/{rel}","templated":true}]}}