{"id":47203,"date":"2020-05-29T12:40:49","date_gmt":"2020-05-29T11:40:49","guid":{"rendered":"http:\/\/www.altominho.tv\/site\/?p=47203"},"modified":"2020-05-29T13:38:07","modified_gmt":"2020-05-29T12:38:07","slug":"covid-19-sinistralidade-rodoviaria-registou-acentuado-decrescimo-no-estado-de-emergencia","status":"publish","type":"post","link":"https:\/\/www.altominho.tv\/site\/2020\/05\/29\/covid-19-sinistralidade-rodoviaria-registou-acentuado-decrescimo-no-estado-de-emergencia\/","title":{"rendered":"Covid-19: Sinistralidade rodovi\u00e1ria registou \u201cacentuado decr\u00e9scimo\u201d no estado de emerg\u00eancia"},"content":{"rendered":"\n<p class=\"wp-block-paragraph\">A sinistralidade rodovi\u00e1ria registou \u201cum acentuado decr\u00e9scimo\u201d durante o per\u00edodo do estado de emerg\u00eancia, tendo os acidentes diminu\u00eddo quase 70% e as v\u00edtimas mortais cerca de 60%, revelou hoje a Autoridade Nacional de Seguran\u00e7a Rodovi\u00e1ria (ANSR).<\/p>\n\n\n\n<p class=\"wp-block-paragraph\">O relat\u00f3rio de abril da ANSR indica que entre 19 de mar\u00e7o e 30 de abril, per\u00edodo em que vigorou o estado de emerg\u00eancia devido \u00e0 covid-19, registou-se \u201cum acentuado decr\u00e9scimo em todos os indicadores de sinistralidade\u201d, designadamente menos 69,1% de acidentes com v\u00edtimas, menos 59,2% de v\u00edtimas mortais, menos 61,5% de feridos graves e menos 72,5% de feridos ligeiros em rela\u00e7\u00e3o ao mesmo per\u00edodo do ano passado.<\/p>\n\n\n\n<p class=\"wp-block-paragraph\">Segundo a ANSR, entre janeiro e abril registaram-se 7.620 acidentes com v\u00edtimas, dos quais resultaram 98 mortos ocorridos no local do acidente ou durante o transporte at\u00e9 ao hospital, 469 feridos graves e 8.978 feridos ligeiros.<\/p>\n\n\n\n<p class=\"wp-block-paragraph\">Em rela\u00e7\u00e3o ao mesmo per\u00edodo de 2019, ocorreram menos 3.111 acidentes com v\u00edtimas (-29,0%), menos 51 v\u00edtimas mortais (-34,2%), menos 173 feridos graves (-26,9%) e menos 3.972 feridos ligeiros (-30,7%).<\/p>\n\n\n\n<p class=\"wp-block-paragraph\">A ANSR destaca que nos quatro primeiros meses do ano verificou-se uma redu\u00e7\u00e3o em todos os indicadores de sinistralidade relativamente ao per\u00edodo hom\u00f3logo de 2019, sendo os meses de mar\u00e7o e abril \u201cos que mais contribu\u00edram para esta evolu\u00e7\u00e3o\u201d.<\/p>\n\n\n\n<p class=\"wp-block-paragraph\">\u201cEsta redu\u00e7\u00e3o de sinistralidade, refor\u00e7ada com a declara\u00e7\u00e3o de estado de emerg\u00eancia, no dia 19 de mar\u00e7o, o qual imp\u00f4s fortes medidas de confinamento com consequente redu\u00e7\u00e3o no tr\u00e1fego, verificou-se tamb\u00e9m no per\u00edodo compreendido entre 01 de janeiro e 18 de mar\u00e7o\u201d, indica o relat\u00f3rio, destacando a tend\u00eancia decrescente verificada nos meses de janeiro e fevereiro de 2020.<\/p>\n\n\n\n<p class=\"wp-block-paragraph\">De acordo com o mesmo documento, os indicadores da sinistralidade rodovi\u00e1ria referentes aos primeiros quatro meses do ano registam os valores mais baixos desde 2016.<\/p>\n\n\n\n<p class=\"wp-block-paragraph\">A ANSR frisa que a colis\u00e3o continua a ser o tipo de acidente mais frequente, apesar do maior n\u00famero de v\u00edtimas mortais ter resultado de despistes, e a maioria dos desastres nos primeiros quatro meses de ano ocorreu em arruamentos.<\/p>\n\n\n\n<p class=\"wp-block-paragraph\">Cerca de metade (59,2%) do total de v\u00edtimas mortais eram condutores, seguido de pe\u00f5es (23,5%) e passageiros (17,3%), indica o relat\u00f3rio, que d\u00e1 tamb\u00e9m conta que os autom\u00f3veis ligeiros apresentaram, entre janeiro e abril, n\u00e3o s\u00f3 o maior n\u00famero de ve\u00edculos (76,8%) envolvidos em acidentes, como tamb\u00e9m a maior diminui\u00e7\u00e3o relativamente ao per\u00edodo hom\u00f3logo (-32,0%).<\/p>\n\n\n\n<p class=\"wp-block-paragraph\">O documento, que \u00e9 divulgado mensalmente pela ANSR, indica ainda que, nos primeiros quatri meses do ano, foram fiscalizados cerca de 38,7 milh\u00f5es de ve\u00edculos, um aumento de 38,8% em compara\u00e7\u00e3o com o mesmo per\u00edodo de 2019.<\/p>\n\n\n\n<p class=\"wp-block-paragraph\">Segundo a ANSR, nestas a\u00e7\u00f5es foram detetadas mais de 444 mil infra\u00e7\u00f5es, representando uma redu\u00e7\u00e3o de 1% face ao ano anterior.<\/p>\n\n\n\n<p class=\"wp-block-paragraph\">Portugal entrou no dia 03 de maio em situa\u00e7\u00e3o de calamidade devido \u00e0 pandemia, depois de tr\u00eas per\u00edodos consecutivos em estado de emerg\u00eancia desde 19 de mar\u00e7o.<\/p>\n\n\n\n<p class=\"wp-block-paragraph\">Esta nova fase de combate \u00e0 covid-19 prev\u00ea o confinamento obrigat\u00f3rio para pessoas doentes e em vigil\u00e2ncia ativa, o dever geral de recolhimento domicili\u00e1rio e o uso obrigat\u00f3rio de m\u00e1scaras ou viseiras em transportes p\u00fablicos, servi\u00e7os de atendimento ao p\u00fablico, escolas e estabelecimentos comerciais.<\/p>\n\n\n\n<p class=\"wp-block-paragraph\">O Governo aprovou novas medidas que entraram em vigor no dia 18 de maio, entre as quais a retoma das visitas aos utentes dos lares de idosos, a reabertura das creches, aulas presenciais para os 11.\u00ba e 12.\u00ba anos e a reabertura de algumas lojas de rua, caf\u00e9s, restaurantes, museus, monumentos e pal\u00e1cios.<\/p>\n\n\n\n<p class=\"wp-block-paragraph\">O regresso das cerim\u00f3nias religiosas comunit\u00e1rias est\u00e1 previsto para 30 de maio e a abertura da \u00e9poca balnear para 06 de junho.<\/p>\n","protected":false},"excerpt":{"rendered":"<p>A sinistralidade rodovi\u00e1ria registou \u201cum acentuado decr\u00e9scimo\u201d durante o per\u00edodo do estado de emerg\u00eancia, tendo os acidentes diminu\u00eddo quase 70% e as v\u00edtimas mortais cerca de 60%, revelou hoje a Autoridade Nacional de Seguran\u00e7a Rodovi\u00e1ria (ANSR). O relat\u00f3rio de abril da ANSR indica que entre 19 de mar\u00e7o e 30 de abril, per\u00edodo em que [&hellip;]<\/p>\n","protected":false},"author":16,"featured_media":47204,"comment_status":"closed","ping_status":"closed","sticky":false,"template":"","format":"standard","meta":{"_exactmetrics_skip_tracking":false,"footnotes":""},"categories":[73],"tags":[27],"class_list":["post-47203","post","type-post","status-publish","format-standard","has-post-thumbnail","hentry","category-alto-minho","tag-sociedade"],"yoast_head":"<!-- This site is optimized with the Yoast SEO Premium plugin v28.3 (Yoast SEO v28.3) - https:\/\/yoast.com\/product\/yoast-seo-premium-wordpress\/ -->\n<title>Covid-19: Sinistralidade rodovi\u00e1ria registou \u201cacentuado decr\u00e9scimo\u201d no estado de emerg\u00eancia<\/title>\n<meta name=\"robots\" content=\"index, follow, max-snippet:-1, max-image-preview:large, max-video-preview:-1\" \/>\n<link rel=\"canonical\" href=\"https:\/\/www.altominho.tv\/site\/2020\/05\/29\/covid-19-sinistralidade-rodoviaria-registou-acentuado-decrescimo-no-estado-de-emergencia\/\" \/>\n<meta property=\"og:locale\" content=\"pt_PT\" \/>\n<meta property=\"og:type\" content=\"article\" \/>\n<meta property=\"og:title\" content=\"Covid-19: Sinistralidade rodovi\u00e1ria registou \u201cacentuado decr\u00e9scimo\u201d no estado de emerg\u00eancia\" \/>\n<meta property=\"og:description\" content=\"A sinistralidade rodovi\u00e1ria registou \u201cum acentuado decr\u00e9scimo\u201d durante o per\u00edodo do estado de emerg\u00eancia, tendo os acidentes diminu\u00eddo quase 70% e as v\u00edtimas mortais cerca de 60%, revelou hoje a Autoridade Nacional de Seguran\u00e7a Rodovi\u00e1ria (ANSR). O relat\u00f3rio de abril da ANSR indica que entre 19 de mar\u00e7o e 30 de abril, per\u00edodo em que [&hellip;]\" \/>\n<meta property=\"og:url\" content=\"https:\/\/www.altominho.tv\/site\/2020\/05\/29\/covid-19-sinistralidade-rodoviaria-registou-acentuado-decrescimo-no-estado-de-emergencia\/\" \/>\n<meta property=\"og:site_name\" content=\"Altominho.tv\" \/>\n<meta property=\"article:publisher\" content=\"https:\/\/www.facebook.com\/altominhotv\" \/>\n<meta property=\"article:published_time\" content=\"2020-05-29T11:40:49+00:00\" \/>\n<meta property=\"article:modified_time\" content=\"2020-05-29T12:38:07+00:00\" \/>\n<meta property=\"og:image\" content=\"https:\/\/www.altominho.tv\/site\/wp-content\/uploads\/2020\/05\/sinistralidade.jpg\" \/>\n\t<meta property=\"og:image:width\" content=\"750\" \/>\n\t<meta property=\"og:image:height\" content=\"370\" \/>\n\t<meta property=\"og:image:type\" content=\"image\/jpeg\" \/>\n<meta name=\"author\" content=\"Andreia Cunha | Lusa\" \/>\n<meta name=\"twitter:card\" content=\"summary_large_image\" \/>\n<meta name=\"twitter:creator\" content=\"@altominhoTV\" \/>\n<meta name=\"twitter:site\" content=\"@altominhoTV\" \/>\n<meta name=\"twitter:label1\" content=\"Escrito por\" \/>\n\t<meta name=\"twitter:data1\" content=\"Andreia Cunha | Lusa\" \/>\n\t<meta name=\"twitter:label2\" content=\"Tempo estimado de leitura\" \/>\n\t<meta name=\"twitter:data2\" content=\"3 minutos\" \/>\n<script type=\"application\/ld+json\" class=\"yoast-schema-graph\">{\"@context\":\"https:\\\/\\\/schema.org\",\"@graph\":[{\"@type\":\"Article\",\"@id\":\"https:\\\/\\\/www.altominho.tv\\\/site\\\/2020\\\/05\\\/29\\\/covid-19-sinistralidade-rodoviaria-registou-acentuado-decrescimo-no-estado-de-emergencia\\\/#article\",\"isPartOf\":{\"@id\":\"https:\\\/\\\/www.altominho.tv\\\/site\\\/2020\\\/05\\\/29\\\/covid-19-sinistralidade-rodoviaria-registou-acentuado-decrescimo-no-estado-de-emergencia\\\/\"},\"author\":{\"name\":\"Andreia Cunha | Lusa\",\"@id\":\"https:\\\/\\\/www.altominho.tv\\\/site\\\/#\\\/schema\\\/person\\\/dbaf181c01b51ff40c9f461a905d321e\"},\"headline\":\"Covid-19: Sinistralidade rodovi\u00e1ria registou \u201cacentuado decr\u00e9scimo\u201d no estado de emerg\u00eancia\",\"datePublished\":\"2020-05-29T11:40:49+00:00\",\"dateModified\":\"2020-05-29T12:38:07+00:00\",\"mainEntityOfPage\":{\"@id\":\"https:\\\/\\\/www.altominho.tv\\\/site\\\/2020\\\/05\\\/29\\\/covid-19-sinistralidade-rodoviaria-registou-acentuado-decrescimo-no-estado-de-emergencia\\\/\"},\"wordCount\":642,\"image\":{\"@id\":\"https:\\\/\\\/www.altominho.tv\\\/site\\\/2020\\\/05\\\/29\\\/covid-19-sinistralidade-rodoviaria-registou-acentuado-decrescimo-no-estado-de-emergencia\\\/#primaryimage\"},\"thumbnailUrl\":\"https:\\\/\\\/www.altominho.tv\\\/site\\\/wp-content\\\/uploads\\\/2020\\\/05\\\/sinistralidade.jpg\",\"keywords\":[\"Sociedade\"],\"articleSection\":[\"Alto Minho\"],\"inLanguage\":\"pt-PT\",\"copyrightYear\":\"2020\",\"copyrightHolder\":{\"@id\":\"https:\\\/\\\/www.altominho.tv\\\/site\\\/#organization\"}},{\"@type\":\"WebPage\",\"@id\":\"https:\\\/\\\/www.altominho.tv\\\/site\\\/2020\\\/05\\\/29\\\/covid-19-sinistralidade-rodoviaria-registou-acentuado-decrescimo-no-estado-de-emergencia\\\/\",\"url\":\"https:\\\/\\\/www.altominho.tv\\\/site\\\/2020\\\/05\\\/29\\\/covid-19-sinistralidade-rodoviaria-registou-acentuado-decrescimo-no-estado-de-emergencia\\\/\",\"name\":\"Covid-19: Sinistralidade rodovi\u00e1ria registou \u201cacentuado decr\u00e9scimo\u201d no estado de emerg\u00eancia\",\"isPartOf\":{\"@id\":\"https:\\\/\\\/www.altominho.tv\\\/site\\\/#website\"},\"primaryImageOfPage\":{\"@id\":\"https:\\\/\\\/www.altominho.tv\\\/site\\\/2020\\\/05\\\/29\\\/covid-19-sinistralidade-rodoviaria-registou-acentuado-decrescimo-no-estado-de-emergencia\\\/#primaryimage\"},\"image\":{\"@id\":\"https:\\\/\\\/www.altominho.tv\\\/site\\\/2020\\\/05\\\/29\\\/covid-19-sinistralidade-rodoviaria-registou-acentuado-decrescimo-no-estado-de-emergencia\\\/#primaryimage\"},\"thumbnailUrl\":\"https:\\\/\\\/www.altominho.tv\\\/site\\\/wp-content\\\/uploads\\\/2020\\\/05\\\/sinistralidade.jpg\",\"datePublished\":\"2020-05-29T11:40:49+00:00\",\"dateModified\":\"2020-05-29T12:38:07+00:00\",\"author\":{\"@id\":\"https:\\\/\\\/www.altominho.tv\\\/site\\\/#\\\/schema\\\/person\\\/dbaf181c01b51ff40c9f461a905d321e\"},\"breadcrumb\":{\"@id\":\"https:\\\/\\\/www.altominho.tv\\\/site\\\/2020\\\/05\\\/29\\\/covid-19-sinistralidade-rodoviaria-registou-acentuado-decrescimo-no-estado-de-emergencia\\\/#breadcrumb\"},\"inLanguage\":\"pt-PT\",\"potentialAction\":[{\"@type\":\"ReadAction\",\"target\":[\"https:\\\/\\\/www.altominho.tv\\\/site\\\/2020\\\/05\\\/29\\\/covid-19-sinistralidade-rodoviaria-registou-acentuado-decrescimo-no-estado-de-emergencia\\\/\"]}]},{\"@type\":\"ImageObject\",\"inLanguage\":\"pt-PT\",\"@id\":\"https:\\\/\\\/www.altominho.tv\\\/site\\\/2020\\\/05\\\/29\\\/covid-19-sinistralidade-rodoviaria-registou-acentuado-decrescimo-no-estado-de-emergencia\\\/#primaryimage\",\"url\":\"https:\\\/\\\/www.altominho.tv\\\/site\\\/wp-content\\\/uploads\\\/2020\\\/05\\\/sinistralidade.jpg\",\"contentUrl\":\"https:\\\/\\\/www.altominho.tv\\\/site\\\/wp-content\\\/uploads\\\/2020\\\/05\\\/sinistralidade.jpg\",\"width\":750,\"height\":370},{\"@type\":\"BreadcrumbList\",\"@id\":\"https:\\\/\\\/www.altominho.tv\\\/site\\\/2020\\\/05\\\/29\\\/covid-19-sinistralidade-rodoviaria-registou-acentuado-decrescimo-no-estado-de-emergencia\\\/#breadcrumb\",\"itemListElement\":[{\"@type\":\"ListItem\",\"position\":1,\"name\":\"In\u00edcio\",\"item\":\"https:\\\/\\\/www.altominho.tv\\\/site\\\/\"},{\"@type\":\"ListItem\",\"position\":2,\"name\":\"Covid-19: Sinistralidade rodovi\u00e1ria registou \u201cacentuado decr\u00e9scimo\u201d no estado de emerg\u00eancia\"}]},{\"@type\":\"WebSite\",\"@id\":\"https:\\\/\\\/www.altominho.tv\\\/site\\\/#website\",\"url\":\"https:\\\/\\\/www.altominho.tv\\\/site\\\/\",\"name\":\"Altominho.tv\",\"description\":\"A sua regi\u00e3o \u00e0 dist\u00e2ncia de um clique...\",\"potentialAction\":[{\"@type\":\"SearchAction\",\"target\":{\"@type\":\"EntryPoint\",\"urlTemplate\":\"https:\\\/\\\/www.altominho.tv\\\/site\\\/?s={search_term_string}\"},\"query-input\":{\"@type\":\"PropertyValueSpecification\",\"valueRequired\":true,\"valueName\":\"search_term_string\"}}],\"inLanguage\":\"pt-PT\"},{\"@type\":\"Person\",\"@id\":\"https:\\\/\\\/www.altominho.tv\\\/site\\\/#\\\/schema\\\/person\\\/dbaf181c01b51ff40c9f461a905d321e\",\"name\":\"Andreia Cunha | Lusa\",\"image\":{\"@type\":\"ImageObject\",\"inLanguage\":\"pt-PT\",\"@id\":\"https:\\\/\\\/www.altominho.tv\\\/site\\\/wp-content\\\/uploads\\\/2017\\\/11\\\/Andreia_Cunha-1-150x150.jpg\",\"url\":\"https:\\\/\\\/www.altominho.tv\\\/site\\\/wp-content\\\/uploads\\\/2017\\\/11\\\/Andreia_Cunha-1-150x150.jpg\",\"contentUrl\":\"https:\\\/\\\/www.altominho.tv\\\/site\\\/wp-content\\\/uploads\\\/2017\\\/11\\\/Andreia_Cunha-1-150x150.jpg\",\"caption\":\"Andreia Cunha | Lusa\"},\"sameAs\":[\"https:\\\/\\\/www.altominho.tv\\\/site\"],\"url\":\"https:\\\/\\\/www.altominho.tv\\\/site\\\/author\\\/andreiacunhalusa\\\/\"}]}<\/script>\n<!-- \/ Yoast SEO Premium plugin. -->","yoast_head_json":{"title":"Covid-19: Sinistralidade rodovi\u00e1ria registou \u201cacentuado decr\u00e9scimo\u201d no estado de emerg\u00eancia","robots":{"index":"index","follow":"follow","max-snippet":"max-snippet:-1","max-image-preview":"max-image-preview:large","max-video-preview":"max-video-preview:-1"},"canonical":"https:\/\/www.altominho.tv\/site\/2020\/05\/29\/covid-19-sinistralidade-rodoviaria-registou-acentuado-decrescimo-no-estado-de-emergencia\/","og_locale":"pt_PT","og_type":"article","og_title":"Covid-19: Sinistralidade rodovi\u00e1ria registou \u201cacentuado decr\u00e9scimo\u201d no estado de emerg\u00eancia","og_description":"A sinistralidade rodovi\u00e1ria registou \u201cum acentuado decr\u00e9scimo\u201d durante o per\u00edodo do estado de emerg\u00eancia, tendo os acidentes diminu\u00eddo quase 70% e as v\u00edtimas mortais cerca de 60%, revelou hoje a Autoridade Nacional de Seguran\u00e7a Rodovi\u00e1ria (ANSR). O relat\u00f3rio de abril da ANSR indica que entre 19 de mar\u00e7o e 30 de abril, per\u00edodo em que [&hellip;]","og_url":"https:\/\/www.altominho.tv\/site\/2020\/05\/29\/covid-19-sinistralidade-rodoviaria-registou-acentuado-decrescimo-no-estado-de-emergencia\/","og_site_name":"Altominho.tv","article_publisher":"https:\/\/www.facebook.com\/altominhotv","article_published_time":"2020-05-29T11:40:49+00:00","article_modified_time":"2020-05-29T12:38:07+00:00","og_image":[{"width":750,"height":370,"url":"https:\/\/www.altominho.tv\/site\/wp-content\/uploads\/2020\/05\/sinistralidade.jpg","type":"image\/jpeg"}],"author":"Andreia Cunha | Lusa","twitter_card":"summary_large_image","twitter_creator":"@altominhoTV","twitter_site":"@altominhoTV","twitter_misc":{"Escrito por":"Andreia Cunha | Lusa","Tempo estimado de leitura":"3 minutos"},"schema":{"@context":"https:\/\/schema.org","@graph":[{"@type":"Article","@id":"https:\/\/www.altominho.tv\/site\/2020\/05\/29\/covid-19-sinistralidade-rodoviaria-registou-acentuado-decrescimo-no-estado-de-emergencia\/#article","isPartOf":{"@id":"https:\/\/www.altominho.tv\/site\/2020\/05\/29\/covid-19-sinistralidade-rodoviaria-registou-acentuado-decrescimo-no-estado-de-emergencia\/"},"author":{"name":"Andreia Cunha | Lusa","@id":"https:\/\/www.altominho.tv\/site\/#\/schema\/person\/dbaf181c01b51ff40c9f461a905d321e"},"headline":"Covid-19: Sinistralidade rodovi\u00e1ria registou \u201cacentuado decr\u00e9scimo\u201d no estado de emerg\u00eancia","datePublished":"2020-05-29T11:40:49+00:00","dateModified":"2020-05-29T12:38:07+00:00","mainEntityOfPage":{"@id":"https:\/\/www.altominho.tv\/site\/2020\/05\/29\/covid-19-sinistralidade-rodoviaria-registou-acentuado-decrescimo-no-estado-de-emergencia\/"},"wordCount":642,"image":{"@id":"https:\/\/www.altominho.tv\/site\/2020\/05\/29\/covid-19-sinistralidade-rodoviaria-registou-acentuado-decrescimo-no-estado-de-emergencia\/#primaryimage"},"thumbnailUrl":"https:\/\/www.altominho.tv\/site\/wp-content\/uploads\/2020\/05\/sinistralidade.jpg","keywords":["Sociedade"],"articleSection":["Alto Minho"],"inLanguage":"pt-PT","copyrightYear":"2020","copyrightHolder":{"@id":"https:\/\/www.altominho.tv\/site\/#organization"}},{"@type":"WebPage","@id":"https:\/\/www.altominho.tv\/site\/2020\/05\/29\/covid-19-sinistralidade-rodoviaria-registou-acentuado-decrescimo-no-estado-de-emergencia\/","url":"https:\/\/www.altominho.tv\/site\/2020\/05\/29\/covid-19-sinistralidade-rodoviaria-registou-acentuado-decrescimo-no-estado-de-emergencia\/","name":"Covid-19: Sinistralidade rodovi\u00e1ria registou \u201cacentuado decr\u00e9scimo\u201d no estado de emerg\u00eancia","isPartOf":{"@id":"https:\/\/www.altominho.tv\/site\/#website"},"primaryImageOfPage":{"@id":"https:\/\/www.altominho.tv\/site\/2020\/05\/29\/covid-19-sinistralidade-rodoviaria-registou-acentuado-decrescimo-no-estado-de-emergencia\/#primaryimage"},"image":{"@id":"https:\/\/www.altominho.tv\/site\/2020\/05\/29\/covid-19-sinistralidade-rodoviaria-registou-acentuado-decrescimo-no-estado-de-emergencia\/#primaryimage"},"thumbnailUrl":"https:\/\/www.altominho.tv\/site\/wp-content\/uploads\/2020\/05\/sinistralidade.jpg","datePublished":"2020-05-29T11:40:49+00:00","dateModified":"2020-05-29T12:38:07+00:00","author":{"@id":"https:\/\/www.altominho.tv\/site\/#\/schema\/person\/dbaf181c01b51ff40c9f461a905d321e"},"breadcrumb":{"@id":"https:\/\/www.altominho.tv\/site\/2020\/05\/29\/covid-19-sinistralidade-rodoviaria-registou-acentuado-decrescimo-no-estado-de-emergencia\/#breadcrumb"},"inLanguage":"pt-PT","potentialAction":[{"@type":"ReadAction","target":["https:\/\/www.altominho.tv\/site\/2020\/05\/29\/covid-19-sinistralidade-rodoviaria-registou-acentuado-decrescimo-no-estado-de-emergencia\/"]}]},{"@type":"ImageObject","inLanguage":"pt-PT","@id":"https:\/\/www.altominho.tv\/site\/2020\/05\/29\/covid-19-sinistralidade-rodoviaria-registou-acentuado-decrescimo-no-estado-de-emergencia\/#primaryimage","url":"https:\/\/www.altominho.tv\/site\/wp-content\/uploads\/2020\/05\/sinistralidade.jpg","contentUrl":"https:\/\/www.altominho.tv\/site\/wp-content\/uploads\/2020\/05\/sinistralidade.jpg","width":750,"height":370},{"@type":"BreadcrumbList","@id":"https:\/\/www.altominho.tv\/site\/2020\/05\/29\/covid-19-sinistralidade-rodoviaria-registou-acentuado-decrescimo-no-estado-de-emergencia\/#breadcrumb","itemListElement":[{"@type":"ListItem","position":1,"name":"In\u00edcio","item":"https:\/\/www.altominho.tv\/site\/"},{"@type":"ListItem","position":2,"name":"Covid-19: Sinistralidade rodovi\u00e1ria registou \u201cacentuado decr\u00e9scimo\u201d no estado de emerg\u00eancia"}]},{"@type":"WebSite","@id":"https:\/\/www.altominho.tv\/site\/#website","url":"https:\/\/www.altominho.tv\/site\/","name":"Altominho.tv","description":"A sua regi\u00e3o \u00e0 dist\u00e2ncia de um clique...","potentialAction":[{"@type":"SearchAction","target":{"@type":"EntryPoint","urlTemplate":"https:\/\/www.altominho.tv\/site\/?s={search_term_string}"},"query-input":{"@type":"PropertyValueSpecification","valueRequired":true,"valueName":"search_term_string"}}],"inLanguage":"pt-PT"},{"@type":"Person","@id":"https:\/\/www.altominho.tv\/site\/#\/schema\/person\/dbaf181c01b51ff40c9f461a905d321e","name":"Andreia Cunha | Lusa","image":{"@type":"ImageObject","inLanguage":"pt-PT","@id":"https:\/\/www.altominho.tv\/site\/wp-content\/uploads\/2017\/11\/Andreia_Cunha-1-150x150.jpg","url":"https:\/\/www.altominho.tv\/site\/wp-content\/uploads\/2017\/11\/Andreia_Cunha-1-150x150.jpg","contentUrl":"https:\/\/www.altominho.tv\/site\/wp-content\/uploads\/2017\/11\/Andreia_Cunha-1-150x150.jpg","caption":"Andreia Cunha | Lusa"},"sameAs":["https:\/\/www.altominho.tv\/site"],"url":"https:\/\/www.altominho.tv\/site\/author\/andreiacunhalusa\/"}]}},"_links":{"self":[{"href":"https:\/\/www.altominho.tv\/site\/wp-json\/wp\/v2\/posts\/47203","targetHints":{"allow":["GET"]}}],"collection":[{"href":"https:\/\/www.altominho.tv\/site\/wp-json\/wp\/v2\/posts"}],"about":[{"href":"https:\/\/www.altominho.tv\/site\/wp-json\/wp\/v2\/types\/post"}],"author":[{"embeddable":true,"href":"https:\/\/www.altominho.tv\/site\/wp-json\/wp\/v2\/users\/16"}],"replies":[{"embeddable":true,"href":"https:\/\/www.altominho.tv\/site\/wp-json\/wp\/v2\/comments?post=47203"}],"version-history":[{"count":0,"href":"https:\/\/www.altominho.tv\/site\/wp-json\/wp\/v2\/posts\/47203\/revisions"}],"wp:featuredmedia":[{"embeddable":true,"href":"https:\/\/www.altominho.tv\/site\/wp-json\/wp\/v2\/media\/47204"}],"wp:attachment":[{"href":"https:\/\/www.altominho.tv\/site\/wp-json\/wp\/v2\/media?parent=47203"}],"wp:term":[{"taxonomy":"category","embeddable":true,"href":"https:\/\/www.altominho.tv\/site\/wp-json\/wp\/v2\/categories?post=47203"},{"taxonomy":"post_tag","embeddable":true,"href":"https:\/\/www.altominho.tv\/site\/wp-json\/wp\/v2\/tags?post=47203"}],"curies":[{"name":"wp","href":"https:\/\/api.w.org\/{rel}","templated":true}]}}