{"id":47200,"date":"2020-05-29T11:42:01","date_gmt":"2020-05-29T10:42:01","guid":{"rendered":"http:\/\/www.altominho.tv\/site\/?p=47200"},"modified":"2020-05-29T11:42:05","modified_gmt":"2020-05-29T10:42:05","slug":"tribunais-retomam-atividade-presencial-na-quarta-feira","status":"publish","type":"post","link":"https:\/\/www.altominho.tv\/site\/2020\/05\/29\/tribunais-retomam-atividade-presencial-na-quarta-feira\/","title":{"rendered":"Tribunais retomam atividade presencial na quarta-feira"},"content":{"rendered":"\n<p class=\"wp-block-paragraph\">A realiza\u00e7\u00e3o presencial de julgamentos e inquiri\u00e7\u00e3o de testemunhas passa a ser a regra nos tribunais a partir de quarta-feira, ap\u00f3s a publica\u00e7\u00e3o hoje do diploma sobre o rein\u00edcio da atividade durante a pandemia por covid-19.<\/p>\n\n\n\n<p class=\"wp-block-paragraph\">A lei 16\/2020 define que as audi\u00eancias de julgamento e a inquiri\u00e7\u00e3o de testemunhas durante um processo ocorram presencialmente, cumprido o limite m\u00e1ximo de pessoas e as regras sanit\u00e1rias definidas pela Dire\u00e7\u00e3o-Geral da Sa\u00fade (DGS)\u201d, ou atrav\u00e9s de meios de comunica\u00e7\u00e3o \u00e0 dist\u00e2ncia como teleconfer\u00eancia ou videochamada, a realizar num tribunal.<\/p>\n\n\n\n<p class=\"wp-block-paragraph\">Nas outras dilig\u00eancias que requeiram a presen\u00e7a f\u00edsica das partes, dos advogados ou outros intervenientes processuais privilegiam-se os de meios de comunica\u00e7\u00e3o \u00e0 dist\u00e2ncia.<\/p>\n\n\n\n<p class=\"wp-block-paragraph\">O diploma tamb\u00e9m define as exce\u00e7\u00f5es, nomeadamente se uma das partes do processo ou algum advogado tiverem mais de 70 anos, forem imunodeprimidos ou sofram de uma doen\u00e7a cr\u00f3nica \u201cn\u00e3o t\u00eam obrigatoriedade de se deslocar a um tribunal\u201d devendo ser utilizada a teleconfer\u00eancia ou videochamada.<\/p>\n\n\n\n<p class=\"wp-block-paragraph\">Este diploma termina a sua vig\u00eancia na data em que for declarado o fim do regime excecional de medidas de flexibiliza\u00e7\u00e3o da execu\u00e7\u00e3o das penas e das medidas de gra\u00e7a aprovadas na fase pand\u00e9mica por covid-19.<\/p>\n","protected":false},"excerpt":{"rendered":"<p>A realiza\u00e7\u00e3o presencial de julgamentos e inquiri\u00e7\u00e3o de testemunhas passa a ser a regra nos tribunais a partir de quarta-feira, ap\u00f3s a publica\u00e7\u00e3o hoje do diploma sobre o rein\u00edcio da atividade durante a pandemia por covid-19. A lei 16\/2020 define que as audi\u00eancias de julgamento e a inquiri\u00e7\u00e3o de testemunhas durante um processo ocorram presencialmente, [&hellip;]<\/p>\n","protected":false},"author":16,"featured_media":47201,"comment_status":"closed","ping_status":"closed","sticky":false,"template":"","format":"standard","meta":{"_exactmetrics_skip_tracking":false,"footnotes":""},"categories":[73],"tags":[27],"class_list":["post-47200","post","type-post","status-publish","format-standard","has-post-thumbnail","hentry","category-alto-minho","tag-sociedade"],"yoast_head":"<!-- This site is optimized with the Yoast SEO Premium plugin v28.3 (Yoast SEO v28.3) - https:\/\/yoast.com\/product\/yoast-seo-premium-wordpress\/ -->\n<title>Tribunais retomam atividade presencial na quarta-feira<\/title>\n<meta name=\"robots\" content=\"index, follow, max-snippet:-1, max-image-preview:large, max-video-preview:-1\" \/>\n<link rel=\"canonical\" href=\"https:\/\/www.altominho.tv\/site\/2020\/05\/29\/tribunais-retomam-atividade-presencial-na-quarta-feira\/\" \/>\n<meta property=\"og:locale\" content=\"pt_PT\" \/>\n<meta property=\"og:type\" content=\"article\" \/>\n<meta property=\"og:title\" content=\"Tribunais retomam atividade presencial na quarta-feira\" \/>\n<meta property=\"og:description\" content=\"A realiza\u00e7\u00e3o presencial de julgamentos e inquiri\u00e7\u00e3o de testemunhas passa a ser a regra nos tribunais a partir de quarta-feira, ap\u00f3s a publica\u00e7\u00e3o hoje do diploma sobre o rein\u00edcio da atividade durante a pandemia por covid-19. A lei 16\/2020 define que as audi\u00eancias de julgamento e a inquiri\u00e7\u00e3o de testemunhas durante um processo ocorram presencialmente, [&hellip;]\" \/>\n<meta property=\"og:url\" content=\"https:\/\/www.altominho.tv\/site\/2020\/05\/29\/tribunais-retomam-atividade-presencial-na-quarta-feira\/\" \/>\n<meta property=\"og:site_name\" content=\"Altominho.tv\" \/>\n<meta property=\"article:publisher\" content=\"https:\/\/www.facebook.com\/altominhotv\" \/>\n<meta property=\"article:published_time\" content=\"2020-05-29T10:42:01+00:00\" \/>\n<meta property=\"article:modified_time\" content=\"2020-05-29T10:42:05+00:00\" \/>\n<meta property=\"og:image\" content=\"https:\/\/www.altominho.tv\/site\/wp-content\/uploads\/2020\/05\/tribunais.jpg\" \/>\n\t<meta property=\"og:image:width\" content=\"760\" \/>\n\t<meta property=\"og:image:height\" content=\"505\" \/>\n\t<meta property=\"og:image:type\" content=\"image\/jpeg\" \/>\n<meta name=\"author\" content=\"Andreia Cunha | Lusa\" \/>\n<meta name=\"twitter:card\" content=\"summary_large_image\" \/>\n<meta name=\"twitter:creator\" content=\"@altominhoTV\" \/>\n<meta name=\"twitter:site\" content=\"@altominhoTV\" \/>\n<meta name=\"twitter:label1\" content=\"Escrito por\" \/>\n\t<meta name=\"twitter:data1\" content=\"Andreia Cunha | Lusa\" \/>\n\t<meta name=\"twitter:label2\" content=\"Tempo estimado de leitura\" \/>\n\t<meta name=\"twitter:data2\" content=\"1 minuto\" \/>\n<script type=\"application\/ld+json\" class=\"yoast-schema-graph\">{\"@context\":\"https:\\\/\\\/schema.org\",\"@graph\":[{\"@type\":\"Article\",\"@id\":\"https:\\\/\\\/www.altominho.tv\\\/site\\\/2020\\\/05\\\/29\\\/tribunais-retomam-atividade-presencial-na-quarta-feira\\\/#article\",\"isPartOf\":{\"@id\":\"https:\\\/\\\/www.altominho.tv\\\/site\\\/2020\\\/05\\\/29\\\/tribunais-retomam-atividade-presencial-na-quarta-feira\\\/\"},\"author\":{\"name\":\"Andreia Cunha | Lusa\",\"@id\":\"https:\\\/\\\/www.altominho.tv\\\/site\\\/#\\\/schema\\\/person\\\/dbaf181c01b51ff40c9f461a905d321e\"},\"headline\":\"Tribunais retomam atividade presencial na quarta-feira\",\"datePublished\":\"2020-05-29T10:42:01+00:00\",\"dateModified\":\"2020-05-29T10:42:05+00:00\",\"mainEntityOfPage\":{\"@id\":\"https:\\\/\\\/www.altominho.tv\\\/site\\\/2020\\\/05\\\/29\\\/tribunais-retomam-atividade-presencial-na-quarta-feira\\\/\"},\"wordCount\":226,\"image\":{\"@id\":\"https:\\\/\\\/www.altominho.tv\\\/site\\\/2020\\\/05\\\/29\\\/tribunais-retomam-atividade-presencial-na-quarta-feira\\\/#primaryimage\"},\"thumbnailUrl\":\"https:\\\/\\\/www.altominho.tv\\\/site\\\/wp-content\\\/uploads\\\/2020\\\/05\\\/tribunais.jpg\",\"keywords\":[\"Sociedade\"],\"articleSection\":[\"Alto Minho\"],\"inLanguage\":\"pt-PT\",\"copyrightYear\":\"2020\",\"copyrightHolder\":{\"@id\":\"https:\\\/\\\/www.altominho.tv\\\/site\\\/#organization\"}},{\"@type\":\"WebPage\",\"@id\":\"https:\\\/\\\/www.altominho.tv\\\/site\\\/2020\\\/05\\\/29\\\/tribunais-retomam-atividade-presencial-na-quarta-feira\\\/\",\"url\":\"https:\\\/\\\/www.altominho.tv\\\/site\\\/2020\\\/05\\\/29\\\/tribunais-retomam-atividade-presencial-na-quarta-feira\\\/\",\"name\":\"Tribunais retomam atividade presencial na quarta-feira\",\"isPartOf\":{\"@id\":\"https:\\\/\\\/www.altominho.tv\\\/site\\\/#website\"},\"primaryImageOfPage\":{\"@id\":\"https:\\\/\\\/www.altominho.tv\\\/site\\\/2020\\\/05\\\/29\\\/tribunais-retomam-atividade-presencial-na-quarta-feira\\\/#primaryimage\"},\"image\":{\"@id\":\"https:\\\/\\\/www.altominho.tv\\\/site\\\/2020\\\/05\\\/29\\\/tribunais-retomam-atividade-presencial-na-quarta-feira\\\/#primaryimage\"},\"thumbnailUrl\":\"https:\\\/\\\/www.altominho.tv\\\/site\\\/wp-content\\\/uploads\\\/2020\\\/05\\\/tribunais.jpg\",\"datePublished\":\"2020-05-29T10:42:01+00:00\",\"dateModified\":\"2020-05-29T10:42:05+00:00\",\"author\":{\"@id\":\"https:\\\/\\\/www.altominho.tv\\\/site\\\/#\\\/schema\\\/person\\\/dbaf181c01b51ff40c9f461a905d321e\"},\"breadcrumb\":{\"@id\":\"https:\\\/\\\/www.altominho.tv\\\/site\\\/2020\\\/05\\\/29\\\/tribunais-retomam-atividade-presencial-na-quarta-feira\\\/#breadcrumb\"},\"inLanguage\":\"pt-PT\",\"potentialAction\":[{\"@type\":\"ReadAction\",\"target\":[\"https:\\\/\\\/www.altominho.tv\\\/site\\\/2020\\\/05\\\/29\\\/tribunais-retomam-atividade-presencial-na-quarta-feira\\\/\"]}]},{\"@type\":\"ImageObject\",\"inLanguage\":\"pt-PT\",\"@id\":\"https:\\\/\\\/www.altominho.tv\\\/site\\\/2020\\\/05\\\/29\\\/tribunais-retomam-atividade-presencial-na-quarta-feira\\\/#primaryimage\",\"url\":\"https:\\\/\\\/www.altominho.tv\\\/site\\\/wp-content\\\/uploads\\\/2020\\\/05\\\/tribunais.jpg\",\"contentUrl\":\"https:\\\/\\\/www.altominho.tv\\\/site\\\/wp-content\\\/uploads\\\/2020\\\/05\\\/tribunais.jpg\",\"width\":760,\"height\":505},{\"@type\":\"BreadcrumbList\",\"@id\":\"https:\\\/\\\/www.altominho.tv\\\/site\\\/2020\\\/05\\\/29\\\/tribunais-retomam-atividade-presencial-na-quarta-feira\\\/#breadcrumb\",\"itemListElement\":[{\"@type\":\"ListItem\",\"position\":1,\"name\":\"In\u00edcio\",\"item\":\"https:\\\/\\\/www.altominho.tv\\\/site\\\/\"},{\"@type\":\"ListItem\",\"position\":2,\"name\":\"Tribunais retomam atividade presencial na quarta-feira\"}]},{\"@type\":\"WebSite\",\"@id\":\"https:\\\/\\\/www.altominho.tv\\\/site\\\/#website\",\"url\":\"https:\\\/\\\/www.altominho.tv\\\/site\\\/\",\"name\":\"Altominho.tv\",\"description\":\"A sua regi\u00e3o \u00e0 dist\u00e2ncia de um clique...\",\"potentialAction\":[{\"@type\":\"SearchAction\",\"target\":{\"@type\":\"EntryPoint\",\"urlTemplate\":\"https:\\\/\\\/www.altominho.tv\\\/site\\\/?s={search_term_string}\"},\"query-input\":{\"@type\":\"PropertyValueSpecification\",\"valueRequired\":true,\"valueName\":\"search_term_string\"}}],\"inLanguage\":\"pt-PT\"},{\"@type\":\"Person\",\"@id\":\"https:\\\/\\\/www.altominho.tv\\\/site\\\/#\\\/schema\\\/person\\\/dbaf181c01b51ff40c9f461a905d321e\",\"name\":\"Andreia Cunha | Lusa\",\"image\":{\"@type\":\"ImageObject\",\"inLanguage\":\"pt-PT\",\"@id\":\"https:\\\/\\\/www.altominho.tv\\\/site\\\/wp-content\\\/uploads\\\/2017\\\/11\\\/Andreia_Cunha-1-150x150.jpg\",\"url\":\"https:\\\/\\\/www.altominho.tv\\\/site\\\/wp-content\\\/uploads\\\/2017\\\/11\\\/Andreia_Cunha-1-150x150.jpg\",\"contentUrl\":\"https:\\\/\\\/www.altominho.tv\\\/site\\\/wp-content\\\/uploads\\\/2017\\\/11\\\/Andreia_Cunha-1-150x150.jpg\",\"caption\":\"Andreia Cunha | Lusa\"},\"sameAs\":[\"https:\\\/\\\/www.altominho.tv\\\/site\"],\"url\":\"https:\\\/\\\/www.altominho.tv\\\/site\\\/author\\\/andreiacunhalusa\\\/\"}]}<\/script>\n<!-- \/ Yoast SEO Premium plugin. -->","yoast_head_json":{"title":"Tribunais retomam atividade presencial na quarta-feira","robots":{"index":"index","follow":"follow","max-snippet":"max-snippet:-1","max-image-preview":"max-image-preview:large","max-video-preview":"max-video-preview:-1"},"canonical":"https:\/\/www.altominho.tv\/site\/2020\/05\/29\/tribunais-retomam-atividade-presencial-na-quarta-feira\/","og_locale":"pt_PT","og_type":"article","og_title":"Tribunais retomam atividade presencial na quarta-feira","og_description":"A realiza\u00e7\u00e3o presencial de julgamentos e inquiri\u00e7\u00e3o de testemunhas passa a ser a regra nos tribunais a partir de quarta-feira, ap\u00f3s a publica\u00e7\u00e3o hoje do diploma sobre o rein\u00edcio da atividade durante a pandemia por covid-19. A lei 16\/2020 define que as audi\u00eancias de julgamento e a inquiri\u00e7\u00e3o de testemunhas durante um processo ocorram presencialmente, [&hellip;]","og_url":"https:\/\/www.altominho.tv\/site\/2020\/05\/29\/tribunais-retomam-atividade-presencial-na-quarta-feira\/","og_site_name":"Altominho.tv","article_publisher":"https:\/\/www.facebook.com\/altominhotv","article_published_time":"2020-05-29T10:42:01+00:00","article_modified_time":"2020-05-29T10:42:05+00:00","og_image":[{"width":760,"height":505,"url":"https:\/\/www.altominho.tv\/site\/wp-content\/uploads\/2020\/05\/tribunais.jpg","type":"image\/jpeg"}],"author":"Andreia Cunha | Lusa","twitter_card":"summary_large_image","twitter_creator":"@altominhoTV","twitter_site":"@altominhoTV","twitter_misc":{"Escrito por":"Andreia Cunha | Lusa","Tempo estimado de leitura":"1 minuto"},"schema":{"@context":"https:\/\/schema.org","@graph":[{"@type":"Article","@id":"https:\/\/www.altominho.tv\/site\/2020\/05\/29\/tribunais-retomam-atividade-presencial-na-quarta-feira\/#article","isPartOf":{"@id":"https:\/\/www.altominho.tv\/site\/2020\/05\/29\/tribunais-retomam-atividade-presencial-na-quarta-feira\/"},"author":{"name":"Andreia Cunha | Lusa","@id":"https:\/\/www.altominho.tv\/site\/#\/schema\/person\/dbaf181c01b51ff40c9f461a905d321e"},"headline":"Tribunais retomam atividade presencial na quarta-feira","datePublished":"2020-05-29T10:42:01+00:00","dateModified":"2020-05-29T10:42:05+00:00","mainEntityOfPage":{"@id":"https:\/\/www.altominho.tv\/site\/2020\/05\/29\/tribunais-retomam-atividade-presencial-na-quarta-feira\/"},"wordCount":226,"image":{"@id":"https:\/\/www.altominho.tv\/site\/2020\/05\/29\/tribunais-retomam-atividade-presencial-na-quarta-feira\/#primaryimage"},"thumbnailUrl":"https:\/\/www.altominho.tv\/site\/wp-content\/uploads\/2020\/05\/tribunais.jpg","keywords":["Sociedade"],"articleSection":["Alto Minho"],"inLanguage":"pt-PT","copyrightYear":"2020","copyrightHolder":{"@id":"https:\/\/www.altominho.tv\/site\/#organization"}},{"@type":"WebPage","@id":"https:\/\/www.altominho.tv\/site\/2020\/05\/29\/tribunais-retomam-atividade-presencial-na-quarta-feira\/","url":"https:\/\/www.altominho.tv\/site\/2020\/05\/29\/tribunais-retomam-atividade-presencial-na-quarta-feira\/","name":"Tribunais retomam atividade presencial na quarta-feira","isPartOf":{"@id":"https:\/\/www.altominho.tv\/site\/#website"},"primaryImageOfPage":{"@id":"https:\/\/www.altominho.tv\/site\/2020\/05\/29\/tribunais-retomam-atividade-presencial-na-quarta-feira\/#primaryimage"},"image":{"@id":"https:\/\/www.altominho.tv\/site\/2020\/05\/29\/tribunais-retomam-atividade-presencial-na-quarta-feira\/#primaryimage"},"thumbnailUrl":"https:\/\/www.altominho.tv\/site\/wp-content\/uploads\/2020\/05\/tribunais.jpg","datePublished":"2020-05-29T10:42:01+00:00","dateModified":"2020-05-29T10:42:05+00:00","author":{"@id":"https:\/\/www.altominho.tv\/site\/#\/schema\/person\/dbaf181c01b51ff40c9f461a905d321e"},"breadcrumb":{"@id":"https:\/\/www.altominho.tv\/site\/2020\/05\/29\/tribunais-retomam-atividade-presencial-na-quarta-feira\/#breadcrumb"},"inLanguage":"pt-PT","potentialAction":[{"@type":"ReadAction","target":["https:\/\/www.altominho.tv\/site\/2020\/05\/29\/tribunais-retomam-atividade-presencial-na-quarta-feira\/"]}]},{"@type":"ImageObject","inLanguage":"pt-PT","@id":"https:\/\/www.altominho.tv\/site\/2020\/05\/29\/tribunais-retomam-atividade-presencial-na-quarta-feira\/#primaryimage","url":"https:\/\/www.altominho.tv\/site\/wp-content\/uploads\/2020\/05\/tribunais.jpg","contentUrl":"https:\/\/www.altominho.tv\/site\/wp-content\/uploads\/2020\/05\/tribunais.jpg","width":760,"height":505},{"@type":"BreadcrumbList","@id":"https:\/\/www.altominho.tv\/site\/2020\/05\/29\/tribunais-retomam-atividade-presencial-na-quarta-feira\/#breadcrumb","itemListElement":[{"@type":"ListItem","position":1,"name":"In\u00edcio","item":"https:\/\/www.altominho.tv\/site\/"},{"@type":"ListItem","position":2,"name":"Tribunais retomam atividade presencial na quarta-feira"}]},{"@type":"WebSite","@id":"https:\/\/www.altominho.tv\/site\/#website","url":"https:\/\/www.altominho.tv\/site\/","name":"Altominho.tv","description":"A sua regi\u00e3o \u00e0 dist\u00e2ncia de um clique...","potentialAction":[{"@type":"SearchAction","target":{"@type":"EntryPoint","urlTemplate":"https:\/\/www.altominho.tv\/site\/?s={search_term_string}"},"query-input":{"@type":"PropertyValueSpecification","valueRequired":true,"valueName":"search_term_string"}}],"inLanguage":"pt-PT"},{"@type":"Person","@id":"https:\/\/www.altominho.tv\/site\/#\/schema\/person\/dbaf181c01b51ff40c9f461a905d321e","name":"Andreia Cunha | Lusa","image":{"@type":"ImageObject","inLanguage":"pt-PT","@id":"https:\/\/www.altominho.tv\/site\/wp-content\/uploads\/2017\/11\/Andreia_Cunha-1-150x150.jpg","url":"https:\/\/www.altominho.tv\/site\/wp-content\/uploads\/2017\/11\/Andreia_Cunha-1-150x150.jpg","contentUrl":"https:\/\/www.altominho.tv\/site\/wp-content\/uploads\/2017\/11\/Andreia_Cunha-1-150x150.jpg","caption":"Andreia Cunha | Lusa"},"sameAs":["https:\/\/www.altominho.tv\/site"],"url":"https:\/\/www.altominho.tv\/site\/author\/andreiacunhalusa\/"}]}},"_links":{"self":[{"href":"https:\/\/www.altominho.tv\/site\/wp-json\/wp\/v2\/posts\/47200","targetHints":{"allow":["GET"]}}],"collection":[{"href":"https:\/\/www.altominho.tv\/site\/wp-json\/wp\/v2\/posts"}],"about":[{"href":"https:\/\/www.altominho.tv\/site\/wp-json\/wp\/v2\/types\/post"}],"author":[{"embeddable":true,"href":"https:\/\/www.altominho.tv\/site\/wp-json\/wp\/v2\/users\/16"}],"replies":[{"embeddable":true,"href":"https:\/\/www.altominho.tv\/site\/wp-json\/wp\/v2\/comments?post=47200"}],"version-history":[{"count":0,"href":"https:\/\/www.altominho.tv\/site\/wp-json\/wp\/v2\/posts\/47200\/revisions"}],"wp:featuredmedia":[{"embeddable":true,"href":"https:\/\/www.altominho.tv\/site\/wp-json\/wp\/v2\/media\/47201"}],"wp:attachment":[{"href":"https:\/\/www.altominho.tv\/site\/wp-json\/wp\/v2\/media?parent=47200"}],"wp:term":[{"taxonomy":"category","embeddable":true,"href":"https:\/\/www.altominho.tv\/site\/wp-json\/wp\/v2\/categories?post=47200"},{"taxonomy":"post_tag","embeddable":true,"href":"https:\/\/www.altominho.tv\/site\/wp-json\/wp\/v2\/tags?post=47200"}],"curies":[{"name":"wp","href":"https:\/\/api.w.org\/{rel}","templated":true}]}}