{"id":47194,"date":"2020-05-29T11:10:43","date_gmt":"2020-05-29T10:10:43","guid":{"rendered":"http:\/\/www.altominho.tv\/site\/?p=47194"},"modified":"2020-05-29T13:37:26","modified_gmt":"2020-05-29T12:37:26","slug":"arcos-de-valdevez-apresenta-novo-site-do-turismo-e-um-programa-de-apoio-a-este-setor","status":"publish","type":"post","link":"https:\/\/www.altominho.tv\/site\/2020\/05\/29\/arcos-de-valdevez-apresenta-novo-site-do-turismo-e-um-programa-de-apoio-a-este-setor\/","title":{"rendered":"Arcos de Valdevez apresenta novo site do turismo e um programa de apoio a este setor"},"content":{"rendered":"\n<p>O Munic\u00edpio de Arcos de Valdevez vai apresentar um novo site de turismo e um programa de apoio a este setor.<\/p>\n\n\n\n<p>Na pr\u00f3xima segunda-feira, dia 1 de junho, pelas 11h30, no Centro Municipal de Informa\u00e7\u00e3o e Turismo, \u00a0ser\u00e1 feita a apresenta\u00e7\u00e3o da nova plataforma web &#8220;que ir\u00e1 mostrar Arcos de Valdevez ao mundo, bem como do Programa de Apoio ao Turismo de Arcos de Valdevez (PATAV)&#8221;.<\/p>\n\n\n\n<p>Neste novo site &#8220;est\u00e3o reunidas todas as atividades dispon\u00edveis, que podem ser feitas em casal, em fam\u00edlia ou em grupo; informa\u00e7\u00e3o sobre restaurantes, pastelarias; sobre as quintas \u00e0s quais pode ir provar o melhor do vinho que se faz em Portugal, bem como toda a programa\u00e7\u00e3o cultural e gastron\u00f3mica da vila&#8221;, informou a autarquia.<\/p>\n\n\n\n<p>Neste mesmo dia, ser\u00e1 tamb\u00e9m dado a conhecer o Programa de Apoio ao Turismo de Arcos de Valdevez (PATAV).<\/p>\n\n\n\n<p>Este programa tem\u00a0como principal objetivo\u00a0promover o turismo do concelho,\u00a0minimizar o impacto negativo decorrente da COVID-19, contribuir para a sustentabilidade dos agentes tur\u00edsticos e tamb\u00e9m &#8220;reconhecer o trabalho dos profissionais da sa\u00fade, da seguran\u00e7a, da prote\u00e7\u00e3o civil, dos\u00a0lares de idosos e do servi\u00e7o de Apoio domicili\u00e1rio das IPSS`s\u00a0durante o per\u00edodo do Estado de Emerg\u00eancia&#8221;.<\/p>\n\n\n\n<p>Este programa destina-se a atribuir vales de oferta que ser\u00e3o distribu\u00eddos pelos profissionais que operem no concelho de Arcos de Valdevez nas \u00e1reas da sa\u00fade, bombeiros, for\u00e7as de seguran\u00e7a, colaboradores dos Lares de Idosos e do servi\u00e7o de Apoio Domicili\u00e1rio das IPSS`s, para descontar nos alojamentos e restaurantes aderentes ao PATAV, como reconhecimento pelo trabalho desenvolvido, no per\u00edodo de emerg\u00eancia de combate \u00e0 COVID-19.<\/p>\n","protected":false},"excerpt":{"rendered":"<p>O Munic\u00edpio de Arcos de Valdevez vai apresentar um novo site de turismo e um programa de apoio a este setor. Na pr\u00f3xima segunda-feira, dia 1 de junho, pelas 11h30, no Centro Municipal de Informa\u00e7\u00e3o e Turismo, \u00a0ser\u00e1 feita a apresenta\u00e7\u00e3o da nova plataforma web &#8220;que ir\u00e1 mostrar Arcos de Valdevez ao mundo, bem como [&hellip;]<\/p>\n","protected":false},"author":7,"featured_media":47195,"comment_status":"closed","ping_status":"closed","sticky":false,"template":"","format":"standard","meta":{"_exactmetrics_skip_tracking":false,"_exactmetrics_sitenote_active":false,"_exactmetrics_sitenote_note":"","_exactmetrics_sitenote_category":0,"footnotes":""},"categories":[2],"tags":[21],"class_list":["post-47194","post","type-post","status-publish","format-standard","has-post-thumbnail","hentry","category-arcos-de-valdevez","tag-economia"],"yoast_head":"<!-- This site is optimized with the Yoast SEO Premium plugin v27.4 (Yoast SEO v27.4) - https:\/\/yoast.com\/product\/yoast-seo-premium-wordpress\/ -->\n<title>Arcos de Valdevez apresenta novo site do turismo e um programa de apoio a este setor<\/title>\n<meta name=\"robots\" content=\"index, follow, max-snippet:-1, max-image-preview:large, max-video-preview:-1\" \/>\n<link rel=\"canonical\" href=\"https:\/\/www.altominho.tv\/site\/2020\/05\/29\/arcos-de-valdevez-apresenta-novo-site-do-turismo-e-um-programa-de-apoio-a-este-setor\/\" \/>\n<meta property=\"og:locale\" content=\"pt_PT\" \/>\n<meta property=\"og:type\" content=\"article\" \/>\n<meta property=\"og:title\" content=\"Arcos de Valdevez apresenta novo site do turismo e um programa de apoio a este setor\" \/>\n<meta property=\"og:description\" content=\"O Munic\u00edpio de Arcos de Valdevez vai apresentar um novo site de turismo e um programa de apoio a este setor. Na pr\u00f3xima segunda-feira, dia 1 de junho, pelas 11h30, no Centro Municipal de Informa\u00e7\u00e3o e Turismo, \u00a0ser\u00e1 feita a apresenta\u00e7\u00e3o da nova plataforma web &#8220;que ir\u00e1 mostrar Arcos de Valdevez ao mundo, bem como [&hellip;]\" \/>\n<meta property=\"og:url\" content=\"https:\/\/www.altominho.tv\/site\/2020\/05\/29\/arcos-de-valdevez-apresenta-novo-site-do-turismo-e-um-programa-de-apoio-a-este-setor\/\" \/>\n<meta property=\"og:site_name\" content=\"Altominho.tv\" \/>\n<meta property=\"article:publisher\" content=\"https:\/\/www.facebook.com\/altominhotv\" \/>\n<meta property=\"article:published_time\" content=\"2020-05-29T10:10:43+00:00\" \/>\n<meta property=\"article:modified_time\" content=\"2020-05-29T12:37:26+00:00\" \/>\n<meta property=\"og:image\" content=\"https:\/\/www.altominho.tv\/site\/wp-content\/uploads\/2020\/05\/arcosvaldevez-1-740x422-1-1.jpg\" \/>\n\t<meta property=\"og:image:width\" content=\"740\" \/>\n\t<meta property=\"og:image:height\" content=\"422\" \/>\n\t<meta property=\"og:image:type\" content=\"image\/jpeg\" \/>\n<meta name=\"author\" content=\"Andreia Cunha\" \/>\n<meta name=\"twitter:card\" content=\"summary_large_image\" \/>\n<meta name=\"twitter:creator\" content=\"@altominhoTV\" \/>\n<meta name=\"twitter:site\" content=\"@altominhoTV\" \/>\n<meta name=\"twitter:label1\" content=\"Escrito por\" \/>\n\t<meta name=\"twitter:data1\" content=\"Andreia Cunha\" \/>\n\t<meta name=\"twitter:label2\" content=\"Tempo estimado de leitura\" \/>\n\t<meta name=\"twitter:data2\" content=\"1 minuto\" \/>\n<script type=\"application\/ld+json\" class=\"yoast-schema-graph\">{\"@context\":\"https:\\\/\\\/schema.org\",\"@graph\":[{\"@type\":\"Article\",\"@id\":\"https:\\\/\\\/www.altominho.tv\\\/site\\\/2020\\\/05\\\/29\\\/arcos-de-valdevez-apresenta-novo-site-do-turismo-e-um-programa-de-apoio-a-este-setor\\\/#article\",\"isPartOf\":{\"@id\":\"https:\\\/\\\/www.altominho.tv\\\/site\\\/2020\\\/05\\\/29\\\/arcos-de-valdevez-apresenta-novo-site-do-turismo-e-um-programa-de-apoio-a-este-setor\\\/\"},\"author\":{\"name\":\"Andreia Cunha\",\"@id\":\"https:\\\/\\\/www.altominho.tv\\\/site\\\/#\\\/schema\\\/person\\\/a0e4ef6d041f98ca284393d8f1d97153\"},\"headline\":\"Arcos de Valdevez apresenta novo site do turismo e um programa de apoio a este setor\",\"datePublished\":\"2020-05-29T10:10:43+00:00\",\"dateModified\":\"2020-05-29T12:37:26+00:00\",\"mainEntityOfPage\":{\"@id\":\"https:\\\/\\\/www.altominho.tv\\\/site\\\/2020\\\/05\\\/29\\\/arcos-de-valdevez-apresenta-novo-site-do-turismo-e-um-programa-de-apoio-a-este-setor\\\/\"},\"wordCount\":306,\"image\":{\"@id\":\"https:\\\/\\\/www.altominho.tv\\\/site\\\/2020\\\/05\\\/29\\\/arcos-de-valdevez-apresenta-novo-site-do-turismo-e-um-programa-de-apoio-a-este-setor\\\/#primaryimage\"},\"thumbnailUrl\":\"https:\\\/\\\/www.altominho.tv\\\/site\\\/wp-content\\\/uploads\\\/2020\\\/05\\\/arcosvaldevez-1-740x422-1-1.jpg\",\"keywords\":[\"Economia\"],\"articleSection\":[\"Arcos de Valdevez\"],\"inLanguage\":\"pt-PT\",\"copyrightYear\":\"2020\",\"copyrightHolder\":{\"@id\":\"https:\\\/\\\/www.altominho.tv\\\/site\\\/#organization\"}},{\"@type\":\"WebPage\",\"@id\":\"https:\\\/\\\/www.altominho.tv\\\/site\\\/2020\\\/05\\\/29\\\/arcos-de-valdevez-apresenta-novo-site-do-turismo-e-um-programa-de-apoio-a-este-setor\\\/\",\"url\":\"https:\\\/\\\/www.altominho.tv\\\/site\\\/2020\\\/05\\\/29\\\/arcos-de-valdevez-apresenta-novo-site-do-turismo-e-um-programa-de-apoio-a-este-setor\\\/\",\"name\":\"Arcos de Valdevez apresenta novo site do turismo e um programa de apoio a este setor\",\"isPartOf\":{\"@id\":\"https:\\\/\\\/www.altominho.tv\\\/site\\\/#website\"},\"primaryImageOfPage\":{\"@id\":\"https:\\\/\\\/www.altominho.tv\\\/site\\\/2020\\\/05\\\/29\\\/arcos-de-valdevez-apresenta-novo-site-do-turismo-e-um-programa-de-apoio-a-este-setor\\\/#primaryimage\"},\"image\":{\"@id\":\"https:\\\/\\\/www.altominho.tv\\\/site\\\/2020\\\/05\\\/29\\\/arcos-de-valdevez-apresenta-novo-site-do-turismo-e-um-programa-de-apoio-a-este-setor\\\/#primaryimage\"},\"thumbnailUrl\":\"https:\\\/\\\/www.altominho.tv\\\/site\\\/wp-content\\\/uploads\\\/2020\\\/05\\\/arcosvaldevez-1-740x422-1-1.jpg\",\"datePublished\":\"2020-05-29T10:10:43+00:00\",\"dateModified\":\"2020-05-29T12:37:26+00:00\",\"author\":{\"@id\":\"https:\\\/\\\/www.altominho.tv\\\/site\\\/#\\\/schema\\\/person\\\/a0e4ef6d041f98ca284393d8f1d97153\"},\"breadcrumb\":{\"@id\":\"https:\\\/\\\/www.altominho.tv\\\/site\\\/2020\\\/05\\\/29\\\/arcos-de-valdevez-apresenta-novo-site-do-turismo-e-um-programa-de-apoio-a-este-setor\\\/#breadcrumb\"},\"inLanguage\":\"pt-PT\",\"potentialAction\":[{\"@type\":\"ReadAction\",\"target\":[\"https:\\\/\\\/www.altominho.tv\\\/site\\\/2020\\\/05\\\/29\\\/arcos-de-valdevez-apresenta-novo-site-do-turismo-e-um-programa-de-apoio-a-este-setor\\\/\"]}]},{\"@type\":\"ImageObject\",\"inLanguage\":\"pt-PT\",\"@id\":\"https:\\\/\\\/www.altominho.tv\\\/site\\\/2020\\\/05\\\/29\\\/arcos-de-valdevez-apresenta-novo-site-do-turismo-e-um-programa-de-apoio-a-este-setor\\\/#primaryimage\",\"url\":\"https:\\\/\\\/www.altominho.tv\\\/site\\\/wp-content\\\/uploads\\\/2020\\\/05\\\/arcosvaldevez-1-740x422-1-1.jpg\",\"contentUrl\":\"https:\\\/\\\/www.altominho.tv\\\/site\\\/wp-content\\\/uploads\\\/2020\\\/05\\\/arcosvaldevez-1-740x422-1-1.jpg\",\"width\":740,\"height\":422},{\"@type\":\"BreadcrumbList\",\"@id\":\"https:\\\/\\\/www.altominho.tv\\\/site\\\/2020\\\/05\\\/29\\\/arcos-de-valdevez-apresenta-novo-site-do-turismo-e-um-programa-de-apoio-a-este-setor\\\/#breadcrumb\",\"itemListElement\":[{\"@type\":\"ListItem\",\"position\":1,\"name\":\"In\u00edcio\",\"item\":\"https:\\\/\\\/www.altominho.tv\\\/site\\\/\"},{\"@type\":\"ListItem\",\"position\":2,\"name\":\"Arcos de Valdevez apresenta novo site do turismo e um programa de apoio a este setor\"}]},{\"@type\":\"WebSite\",\"@id\":\"https:\\\/\\\/www.altominho.tv\\\/site\\\/#website\",\"url\":\"https:\\\/\\\/www.altominho.tv\\\/site\\\/\",\"name\":\"Altominho.tv\",\"description\":\"A sua regi\u00e3o \u00e0 dist\u00e2ncia de um clique...\",\"potentialAction\":[{\"@type\":\"SearchAction\",\"target\":{\"@type\":\"EntryPoint\",\"urlTemplate\":\"https:\\\/\\\/www.altominho.tv\\\/site\\\/?s={search_term_string}\"},\"query-input\":{\"@type\":\"PropertyValueSpecification\",\"valueRequired\":true,\"valueName\":\"search_term_string\"}}],\"inLanguage\":\"pt-PT\"},{\"@type\":\"Person\",\"@id\":\"https:\\\/\\\/www.altominho.tv\\\/site\\\/#\\\/schema\\\/person\\\/a0e4ef6d041f98ca284393d8f1d97153\",\"name\":\"Andreia Cunha\",\"image\":{\"@type\":\"ImageObject\",\"inLanguage\":\"pt-PT\",\"@id\":\"https:\\\/\\\/www.altominho.tv\\\/site\\\/wp-content\\\/uploads\\\/2017\\\/11\\\/Andreia_Cunha-1-150x150.jpg\",\"url\":\"https:\\\/\\\/www.altominho.tv\\\/site\\\/wp-content\\\/uploads\\\/2017\\\/11\\\/Andreia_Cunha-1-150x150.jpg\",\"contentUrl\":\"https:\\\/\\\/www.altominho.tv\\\/site\\\/wp-content\\\/uploads\\\/2017\\\/11\\\/Andreia_Cunha-1-150x150.jpg\",\"caption\":\"Andreia Cunha\"},\"url\":\"https:\\\/\\\/www.altominho.tv\\\/site\\\/author\\\/andreiacunha\\\/\"}]}<\/script>\n<!-- \/ Yoast SEO Premium plugin. -->","yoast_head_json":{"title":"Arcos de Valdevez apresenta novo site do turismo e um programa de apoio a este setor","robots":{"index":"index","follow":"follow","max-snippet":"max-snippet:-1","max-image-preview":"max-image-preview:large","max-video-preview":"max-video-preview:-1"},"canonical":"https:\/\/www.altominho.tv\/site\/2020\/05\/29\/arcos-de-valdevez-apresenta-novo-site-do-turismo-e-um-programa-de-apoio-a-este-setor\/","og_locale":"pt_PT","og_type":"article","og_title":"Arcos de Valdevez apresenta novo site do turismo e um programa de apoio a este setor","og_description":"O Munic\u00edpio de Arcos de Valdevez vai apresentar um novo site de turismo e um programa de apoio a este setor. Na pr\u00f3xima segunda-feira, dia 1 de junho, pelas 11h30, no Centro Municipal de Informa\u00e7\u00e3o e Turismo, \u00a0ser\u00e1 feita a apresenta\u00e7\u00e3o da nova plataforma web &#8220;que ir\u00e1 mostrar Arcos de Valdevez ao mundo, bem como [&hellip;]","og_url":"https:\/\/www.altominho.tv\/site\/2020\/05\/29\/arcos-de-valdevez-apresenta-novo-site-do-turismo-e-um-programa-de-apoio-a-este-setor\/","og_site_name":"Altominho.tv","article_publisher":"https:\/\/www.facebook.com\/altominhotv","article_published_time":"2020-05-29T10:10:43+00:00","article_modified_time":"2020-05-29T12:37:26+00:00","og_image":[{"width":740,"height":422,"url":"https:\/\/www.altominho.tv\/site\/wp-content\/uploads\/2020\/05\/arcosvaldevez-1-740x422-1-1.jpg","type":"image\/jpeg"}],"author":"Andreia Cunha","twitter_card":"summary_large_image","twitter_creator":"@altominhoTV","twitter_site":"@altominhoTV","twitter_misc":{"Escrito por":"Andreia Cunha","Tempo estimado de leitura":"1 minuto"},"schema":{"@context":"https:\/\/schema.org","@graph":[{"@type":"Article","@id":"https:\/\/www.altominho.tv\/site\/2020\/05\/29\/arcos-de-valdevez-apresenta-novo-site-do-turismo-e-um-programa-de-apoio-a-este-setor\/#article","isPartOf":{"@id":"https:\/\/www.altominho.tv\/site\/2020\/05\/29\/arcos-de-valdevez-apresenta-novo-site-do-turismo-e-um-programa-de-apoio-a-este-setor\/"},"author":{"name":"Andreia Cunha","@id":"https:\/\/www.altominho.tv\/site\/#\/schema\/person\/a0e4ef6d041f98ca284393d8f1d97153"},"headline":"Arcos de Valdevez apresenta novo site do turismo e um programa de apoio a este setor","datePublished":"2020-05-29T10:10:43+00:00","dateModified":"2020-05-29T12:37:26+00:00","mainEntityOfPage":{"@id":"https:\/\/www.altominho.tv\/site\/2020\/05\/29\/arcos-de-valdevez-apresenta-novo-site-do-turismo-e-um-programa-de-apoio-a-este-setor\/"},"wordCount":306,"image":{"@id":"https:\/\/www.altominho.tv\/site\/2020\/05\/29\/arcos-de-valdevez-apresenta-novo-site-do-turismo-e-um-programa-de-apoio-a-este-setor\/#primaryimage"},"thumbnailUrl":"https:\/\/www.altominho.tv\/site\/wp-content\/uploads\/2020\/05\/arcosvaldevez-1-740x422-1-1.jpg","keywords":["Economia"],"articleSection":["Arcos de Valdevez"],"inLanguage":"pt-PT","copyrightYear":"2020","copyrightHolder":{"@id":"https:\/\/www.altominho.tv\/site\/#organization"}},{"@type":"WebPage","@id":"https:\/\/www.altominho.tv\/site\/2020\/05\/29\/arcos-de-valdevez-apresenta-novo-site-do-turismo-e-um-programa-de-apoio-a-este-setor\/","url":"https:\/\/www.altominho.tv\/site\/2020\/05\/29\/arcos-de-valdevez-apresenta-novo-site-do-turismo-e-um-programa-de-apoio-a-este-setor\/","name":"Arcos de Valdevez apresenta novo site do turismo e um programa de apoio a este setor","isPartOf":{"@id":"https:\/\/www.altominho.tv\/site\/#website"},"primaryImageOfPage":{"@id":"https:\/\/www.altominho.tv\/site\/2020\/05\/29\/arcos-de-valdevez-apresenta-novo-site-do-turismo-e-um-programa-de-apoio-a-este-setor\/#primaryimage"},"image":{"@id":"https:\/\/www.altominho.tv\/site\/2020\/05\/29\/arcos-de-valdevez-apresenta-novo-site-do-turismo-e-um-programa-de-apoio-a-este-setor\/#primaryimage"},"thumbnailUrl":"https:\/\/www.altominho.tv\/site\/wp-content\/uploads\/2020\/05\/arcosvaldevez-1-740x422-1-1.jpg","datePublished":"2020-05-29T10:10:43+00:00","dateModified":"2020-05-29T12:37:26+00:00","author":{"@id":"https:\/\/www.altominho.tv\/site\/#\/schema\/person\/a0e4ef6d041f98ca284393d8f1d97153"},"breadcrumb":{"@id":"https:\/\/www.altominho.tv\/site\/2020\/05\/29\/arcos-de-valdevez-apresenta-novo-site-do-turismo-e-um-programa-de-apoio-a-este-setor\/#breadcrumb"},"inLanguage":"pt-PT","potentialAction":[{"@type":"ReadAction","target":["https:\/\/www.altominho.tv\/site\/2020\/05\/29\/arcos-de-valdevez-apresenta-novo-site-do-turismo-e-um-programa-de-apoio-a-este-setor\/"]}]},{"@type":"ImageObject","inLanguage":"pt-PT","@id":"https:\/\/www.altominho.tv\/site\/2020\/05\/29\/arcos-de-valdevez-apresenta-novo-site-do-turismo-e-um-programa-de-apoio-a-este-setor\/#primaryimage","url":"https:\/\/www.altominho.tv\/site\/wp-content\/uploads\/2020\/05\/arcosvaldevez-1-740x422-1-1.jpg","contentUrl":"https:\/\/www.altominho.tv\/site\/wp-content\/uploads\/2020\/05\/arcosvaldevez-1-740x422-1-1.jpg","width":740,"height":422},{"@type":"BreadcrumbList","@id":"https:\/\/www.altominho.tv\/site\/2020\/05\/29\/arcos-de-valdevez-apresenta-novo-site-do-turismo-e-um-programa-de-apoio-a-este-setor\/#breadcrumb","itemListElement":[{"@type":"ListItem","position":1,"name":"In\u00edcio","item":"https:\/\/www.altominho.tv\/site\/"},{"@type":"ListItem","position":2,"name":"Arcos de Valdevez apresenta novo site do turismo e um programa de apoio a este setor"}]},{"@type":"WebSite","@id":"https:\/\/www.altominho.tv\/site\/#website","url":"https:\/\/www.altominho.tv\/site\/","name":"Altominho.tv","description":"A sua regi\u00e3o \u00e0 dist\u00e2ncia de um clique...","potentialAction":[{"@type":"SearchAction","target":{"@type":"EntryPoint","urlTemplate":"https:\/\/www.altominho.tv\/site\/?s={search_term_string}"},"query-input":{"@type":"PropertyValueSpecification","valueRequired":true,"valueName":"search_term_string"}}],"inLanguage":"pt-PT"},{"@type":"Person","@id":"https:\/\/www.altominho.tv\/site\/#\/schema\/person\/a0e4ef6d041f98ca284393d8f1d97153","name":"Andreia Cunha","image":{"@type":"ImageObject","inLanguage":"pt-PT","@id":"https:\/\/www.altominho.tv\/site\/wp-content\/uploads\/2017\/11\/Andreia_Cunha-1-150x150.jpg","url":"https:\/\/www.altominho.tv\/site\/wp-content\/uploads\/2017\/11\/Andreia_Cunha-1-150x150.jpg","contentUrl":"https:\/\/www.altominho.tv\/site\/wp-content\/uploads\/2017\/11\/Andreia_Cunha-1-150x150.jpg","caption":"Andreia Cunha"},"url":"https:\/\/www.altominho.tv\/site\/author\/andreiacunha\/"}]}},"_links":{"self":[{"href":"https:\/\/www.altominho.tv\/site\/wp-json\/wp\/v2\/posts\/47194","targetHints":{"allow":["GET"]}}],"collection":[{"href":"https:\/\/www.altominho.tv\/site\/wp-json\/wp\/v2\/posts"}],"about":[{"href":"https:\/\/www.altominho.tv\/site\/wp-json\/wp\/v2\/types\/post"}],"author":[{"embeddable":true,"href":"https:\/\/www.altominho.tv\/site\/wp-json\/wp\/v2\/users\/7"}],"replies":[{"embeddable":true,"href":"https:\/\/www.altominho.tv\/site\/wp-json\/wp\/v2\/comments?post=47194"}],"version-history":[{"count":0,"href":"https:\/\/www.altominho.tv\/site\/wp-json\/wp\/v2\/posts\/47194\/revisions"}],"wp:featuredmedia":[{"embeddable":true,"href":"https:\/\/www.altominho.tv\/site\/wp-json\/wp\/v2\/media\/47195"}],"wp:attachment":[{"href":"https:\/\/www.altominho.tv\/site\/wp-json\/wp\/v2\/media?parent=47194"}],"wp:term":[{"taxonomy":"category","embeddable":true,"href":"https:\/\/www.altominho.tv\/site\/wp-json\/wp\/v2\/categories?post=47194"},{"taxonomy":"post_tag","embeddable":true,"href":"https:\/\/www.altominho.tv\/site\/wp-json\/wp\/v2\/tags?post=47194"}],"curies":[{"name":"wp","href":"https:\/\/api.w.org\/{rel}","templated":true}]}}