{"id":47151,"date":"2020-05-28T09:36:08","date_gmt":"2020-05-28T08:36:08","guid":{"rendered":"http:\/\/www.altominho.tv\/site\/?p=47151"},"modified":"2020-05-28T09:36:11","modified_gmt":"2020-05-28T08:36:11","slug":"autarcas-de-valenca-e-tui-pedem-abertura-imediata-da-fronteira-aos-cidadaos-da-eurocidade","status":"publish","type":"post","link":"https:\/\/www.altominho.tv\/site\/2020\/05\/28\/autarcas-de-valenca-e-tui-pedem-abertura-imediata-da-fronteira-aos-cidadaos-da-eurocidade\/","title":{"rendered":"Autarcas de Valen\u00e7a e Tui pedem abertura imediata da fronteira aos cidad\u00e3os da eurocidade"},"content":{"rendered":"<p align=\"JUSTIFY\">O Presidente da C\u00e2mara de Valen\u00e7a e o Alcalde de Tui tomam posi\u00e7\u00e3o sobre o encerramento da Fronteira, exigindo a sua abertura imediata.<\/p>\n<p align=\"JUSTIFY\">De acordo com um comunicado enviado \u00e0s reda\u00e7\u00f5es, os dois presidentes realizar\u00e3o na sexta-feira, dia 29 de maio, a meio da Ponte Internacional Centen\u00e1ria, no limite de Portugal e Espanha, uma confer\u00eancia de imprensa onde Manuel Rodrigues Lopes, Presidente da C\u00e2mara Municipal de Valen\u00e7a e Henrique Cabaleiro, Alcalde de Tui, tornar\u00e3o p\u00fablica uma posi\u00e7\u00e3o em que indicam as principais raz\u00f5es para uma abertura imediata da fronteira, aos habitantes da Eurocidade Valen\u00e7a-Tui.<\/p>\n<p align=\"JUSTIFY\">Uma semana depois da reabertura do pequeno com\u00e9rcio, a maioria das lojas no interior da fortaleza de Valen\u00e7a continuam de portas fechadas. <a href=\"\/\/www.altominho.tv\/site\/2020\/05\/11\/comercio-na-fortaleza-de-valenca-pouco-ativo-e-preocupado-com-fecho-das-fronteiras\/\">O com\u00e9rcio, mais dependente de clientes espanh\u00f3is<\/a>, vive um cen\u00e1rio de crise acentuada enquanto n\u00e3o reabrem as fronteiras com Espanha.<\/p>\n","protected":false},"excerpt":{"rendered":"<p>O Presidente da C\u00e2mara de Valen\u00e7a e o Alcalde de Tui tomam posi\u00e7\u00e3o sobre o encerramento da Fronteira, exigindo a sua abertura imediata. De acordo com um comunicado enviado \u00e0s reda\u00e7\u00f5es, os dois presidentes realizar\u00e3o na sexta-feira, dia 29 de maio, a meio da Ponte Internacional Centen\u00e1ria, no limite de Portugal e Espanha, uma confer\u00eancia [&hellip;]<\/p>\n","protected":false},"author":1,"featured_media":47152,"comment_status":"closed","ping_status":"closed","sticky":false,"template":"","format":"standard","meta":{"_exactmetrics_skip_tracking":false,"_exactmetrics_sitenote_active":false,"_exactmetrics_sitenote_note":"","_exactmetrics_sitenote_category":0,"footnotes":""},"categories":[13],"tags":[27],"class_list":["post-47151","post","type-post","status-publish","format-standard","has-post-thumbnail","hentry","category-valenca","tag-sociedade"],"yoast_head":"<!-- This site is optimized with the Yoast SEO Premium plugin v27.4 (Yoast SEO v27.4) - https:\/\/yoast.com\/product\/yoast-seo-premium-wordpress\/ -->\n<title>Autarcas de Valen\u00e7a e Tui pedem abertura imediata da fronteira aos cidad\u00e3os da eurocidade<\/title>\n<meta name=\"robots\" content=\"index, follow, max-snippet:-1, max-image-preview:large, max-video-preview:-1\" \/>\n<link rel=\"canonical\" href=\"https:\/\/www.altominho.tv\/site\/2020\/05\/28\/autarcas-de-valenca-e-tui-pedem-abertura-imediata-da-fronteira-aos-cidadaos-da-eurocidade\/\" \/>\n<meta property=\"og:locale\" content=\"pt_PT\" \/>\n<meta property=\"og:type\" content=\"article\" \/>\n<meta property=\"og:title\" content=\"Autarcas de Valen\u00e7a e Tui pedem abertura imediata da fronteira aos cidad\u00e3os da eurocidade\" \/>\n<meta property=\"og:description\" content=\"O Presidente da C\u00e2mara de Valen\u00e7a e o Alcalde de Tui tomam posi\u00e7\u00e3o sobre o encerramento da Fronteira, exigindo a sua abertura imediata. De acordo com um comunicado enviado \u00e0s reda\u00e7\u00f5es, os dois presidentes realizar\u00e3o na sexta-feira, dia 29 de maio, a meio da Ponte Internacional Centen\u00e1ria, no limite de Portugal e Espanha, uma confer\u00eancia [&hellip;]\" \/>\n<meta property=\"og:url\" content=\"https:\/\/www.altominho.tv\/site\/2020\/05\/28\/autarcas-de-valenca-e-tui-pedem-abertura-imediata-da-fronteira-aos-cidadaos-da-eurocidade\/\" \/>\n<meta property=\"og:site_name\" content=\"Altominho.tv\" \/>\n<meta property=\"article:publisher\" content=\"https:\/\/www.facebook.com\/altominhotv\" \/>\n<meta property=\"article:published_time\" content=\"2020-05-28T08:36:08+00:00\" \/>\n<meta property=\"article:modified_time\" content=\"2020-05-28T08:36:11+00:00\" \/>\n<meta property=\"og:image\" content=\"https:\/\/www.altominho.tv\/site\/wp-content\/uploads\/2020\/05\/Manuel-Lopes.jpg\" \/>\n\t<meta property=\"og:image:width\" content=\"1990\" \/>\n\t<meta property=\"og:image:height\" content=\"1114\" \/>\n\t<meta property=\"og:image:type\" content=\"image\/jpeg\" \/>\n<meta name=\"author\" content=\"Altominho.tv\" \/>\n<meta name=\"twitter:card\" content=\"summary_large_image\" \/>\n<meta name=\"twitter:creator\" content=\"@altominhoTV\" \/>\n<meta name=\"twitter:site\" content=\"@altominhoTV\" \/>\n<meta name=\"twitter:label1\" content=\"Escrito por\" \/>\n\t<meta name=\"twitter:data1\" content=\"Altominho.tv\" \/>\n\t<meta name=\"twitter:label2\" content=\"Tempo estimado de leitura\" \/>\n\t<meta name=\"twitter:data2\" content=\"1 minuto\" \/>\n<script type=\"application\/ld+json\" class=\"yoast-schema-graph\">{\"@context\":\"https:\\\/\\\/schema.org\",\"@graph\":[{\"@type\":\"Article\",\"@id\":\"https:\\\/\\\/www.altominho.tv\\\/site\\\/2020\\\/05\\\/28\\\/autarcas-de-valenca-e-tui-pedem-abertura-imediata-da-fronteira-aos-cidadaos-da-eurocidade\\\/#article\",\"isPartOf\":{\"@id\":\"https:\\\/\\\/www.altominho.tv\\\/site\\\/2020\\\/05\\\/28\\\/autarcas-de-valenca-e-tui-pedem-abertura-imediata-da-fronteira-aos-cidadaos-da-eurocidade\\\/\"},\"author\":{\"name\":\"Altominho.tv\",\"@id\":\"https:\\\/\\\/www.altominho.tv\\\/site\\\/#\\\/schema\\\/person\\\/4e536851627d7914baf3dac752b6af22\"},\"headline\":\"Autarcas de Valen\u00e7a e Tui pedem abertura imediata da fronteira aos cidad\u00e3os da eurocidade\",\"datePublished\":\"2020-05-28T08:36:08+00:00\",\"dateModified\":\"2020-05-28T08:36:11+00:00\",\"mainEntityOfPage\":{\"@id\":\"https:\\\/\\\/www.altominho.tv\\\/site\\\/2020\\\/05\\\/28\\\/autarcas-de-valenca-e-tui-pedem-abertura-imediata-da-fronteira-aos-cidadaos-da-eurocidade\\\/\"},\"wordCount\":171,\"image\":{\"@id\":\"https:\\\/\\\/www.altominho.tv\\\/site\\\/2020\\\/05\\\/28\\\/autarcas-de-valenca-e-tui-pedem-abertura-imediata-da-fronteira-aos-cidadaos-da-eurocidade\\\/#primaryimage\"},\"thumbnailUrl\":\"https:\\\/\\\/www.altominho.tv\\\/site\\\/wp-content\\\/uploads\\\/2020\\\/05\\\/Manuel-Lopes.jpg\",\"keywords\":[\"Sociedade\"],\"articleSection\":[\"Valen\u00e7a\"],\"inLanguage\":\"pt-PT\",\"copyrightYear\":\"2020\",\"copyrightHolder\":{\"@id\":\"https:\\\/\\\/www.altominho.tv\\\/site\\\/#organization\"}},{\"@type\":\"WebPage\",\"@id\":\"https:\\\/\\\/www.altominho.tv\\\/site\\\/2020\\\/05\\\/28\\\/autarcas-de-valenca-e-tui-pedem-abertura-imediata-da-fronteira-aos-cidadaos-da-eurocidade\\\/\",\"url\":\"https:\\\/\\\/www.altominho.tv\\\/site\\\/2020\\\/05\\\/28\\\/autarcas-de-valenca-e-tui-pedem-abertura-imediata-da-fronteira-aos-cidadaos-da-eurocidade\\\/\",\"name\":\"Autarcas de Valen\u00e7a e Tui pedem abertura imediata da fronteira aos cidad\u00e3os da eurocidade\",\"isPartOf\":{\"@id\":\"https:\\\/\\\/www.altominho.tv\\\/site\\\/#website\"},\"primaryImageOfPage\":{\"@id\":\"https:\\\/\\\/www.altominho.tv\\\/site\\\/2020\\\/05\\\/28\\\/autarcas-de-valenca-e-tui-pedem-abertura-imediata-da-fronteira-aos-cidadaos-da-eurocidade\\\/#primaryimage\"},\"image\":{\"@id\":\"https:\\\/\\\/www.altominho.tv\\\/site\\\/2020\\\/05\\\/28\\\/autarcas-de-valenca-e-tui-pedem-abertura-imediata-da-fronteira-aos-cidadaos-da-eurocidade\\\/#primaryimage\"},\"thumbnailUrl\":\"https:\\\/\\\/www.altominho.tv\\\/site\\\/wp-content\\\/uploads\\\/2020\\\/05\\\/Manuel-Lopes.jpg\",\"datePublished\":\"2020-05-28T08:36:08+00:00\",\"dateModified\":\"2020-05-28T08:36:11+00:00\",\"author\":{\"@id\":\"https:\\\/\\\/www.altominho.tv\\\/site\\\/#\\\/schema\\\/person\\\/4e536851627d7914baf3dac752b6af22\"},\"breadcrumb\":{\"@id\":\"https:\\\/\\\/www.altominho.tv\\\/site\\\/2020\\\/05\\\/28\\\/autarcas-de-valenca-e-tui-pedem-abertura-imediata-da-fronteira-aos-cidadaos-da-eurocidade\\\/#breadcrumb\"},\"inLanguage\":\"pt-PT\",\"potentialAction\":[{\"@type\":\"ReadAction\",\"target\":[\"https:\\\/\\\/www.altominho.tv\\\/site\\\/2020\\\/05\\\/28\\\/autarcas-de-valenca-e-tui-pedem-abertura-imediata-da-fronteira-aos-cidadaos-da-eurocidade\\\/\"]}]},{\"@type\":\"ImageObject\",\"inLanguage\":\"pt-PT\",\"@id\":\"https:\\\/\\\/www.altominho.tv\\\/site\\\/2020\\\/05\\\/28\\\/autarcas-de-valenca-e-tui-pedem-abertura-imediata-da-fronteira-aos-cidadaos-da-eurocidade\\\/#primaryimage\",\"url\":\"https:\\\/\\\/www.altominho.tv\\\/site\\\/wp-content\\\/uploads\\\/2020\\\/05\\\/Manuel-Lopes.jpg\",\"contentUrl\":\"https:\\\/\\\/www.altominho.tv\\\/site\\\/wp-content\\\/uploads\\\/2020\\\/05\\\/Manuel-Lopes.jpg\",\"width\":1990,\"height\":1114},{\"@type\":\"BreadcrumbList\",\"@id\":\"https:\\\/\\\/www.altominho.tv\\\/site\\\/2020\\\/05\\\/28\\\/autarcas-de-valenca-e-tui-pedem-abertura-imediata-da-fronteira-aos-cidadaos-da-eurocidade\\\/#breadcrumb\",\"itemListElement\":[{\"@type\":\"ListItem\",\"position\":1,\"name\":\"In\u00edcio\",\"item\":\"https:\\\/\\\/www.altominho.tv\\\/site\\\/\"},{\"@type\":\"ListItem\",\"position\":2,\"name\":\"Autarcas de Valen\u00e7a e Tui pedem abertura imediata da fronteira aos cidad\u00e3os da eurocidade\"}]},{\"@type\":\"WebSite\",\"@id\":\"https:\\\/\\\/www.altominho.tv\\\/site\\\/#website\",\"url\":\"https:\\\/\\\/www.altominho.tv\\\/site\\\/\",\"name\":\"Altominho.tv\",\"description\":\"A sua regi\u00e3o \u00e0 dist\u00e2ncia de um clique...\",\"potentialAction\":[{\"@type\":\"SearchAction\",\"target\":{\"@type\":\"EntryPoint\",\"urlTemplate\":\"https:\\\/\\\/www.altominho.tv\\\/site\\\/?s={search_term_string}\"},\"query-input\":{\"@type\":\"PropertyValueSpecification\",\"valueRequired\":true,\"valueName\":\"search_term_string\"}}],\"inLanguage\":\"pt-PT\"},{\"@type\":\"Person\",\"@id\":\"https:\\\/\\\/www.altominho.tv\\\/site\\\/#\\\/schema\\\/person\\\/4e536851627d7914baf3dac752b6af22\",\"name\":\"Altominho.tv\",\"image\":{\"@type\":\"ImageObject\",\"inLanguage\":\"pt-PT\",\"@id\":\"https:\\\/\\\/www.altominho.tv\\\/site\\\/wp-content\\\/uploads\\\/2019\\\/11\\\/Logo_Avatar_2-150x150.jpg\",\"url\":\"https:\\\/\\\/www.altominho.tv\\\/site\\\/wp-content\\\/uploads\\\/2019\\\/11\\\/Logo_Avatar_2-150x150.jpg\",\"contentUrl\":\"https:\\\/\\\/www.altominho.tv\\\/site\\\/wp-content\\\/uploads\\\/2019\\\/11\\\/Logo_Avatar_2-150x150.jpg\",\"caption\":\"Altominho.tv\"},\"url\":\"https:\\\/\\\/www.altominho.tv\\\/site\\\/author\\\/altominhotv-tecnico\\\/\"}]}<\/script>\n<!-- \/ Yoast SEO Premium plugin. -->","yoast_head_json":{"title":"Autarcas de Valen\u00e7a e Tui pedem abertura imediata da fronteira aos cidad\u00e3os da eurocidade","robots":{"index":"index","follow":"follow","max-snippet":"max-snippet:-1","max-image-preview":"max-image-preview:large","max-video-preview":"max-video-preview:-1"},"canonical":"https:\/\/www.altominho.tv\/site\/2020\/05\/28\/autarcas-de-valenca-e-tui-pedem-abertura-imediata-da-fronteira-aos-cidadaos-da-eurocidade\/","og_locale":"pt_PT","og_type":"article","og_title":"Autarcas de Valen\u00e7a e Tui pedem abertura imediata da fronteira aos cidad\u00e3os da eurocidade","og_description":"O Presidente da C\u00e2mara de Valen\u00e7a e o Alcalde de Tui tomam posi\u00e7\u00e3o sobre o encerramento da Fronteira, exigindo a sua abertura imediata. De acordo com um comunicado enviado \u00e0s reda\u00e7\u00f5es, os dois presidentes realizar\u00e3o na sexta-feira, dia 29 de maio, a meio da Ponte Internacional Centen\u00e1ria, no limite de Portugal e Espanha, uma confer\u00eancia [&hellip;]","og_url":"https:\/\/www.altominho.tv\/site\/2020\/05\/28\/autarcas-de-valenca-e-tui-pedem-abertura-imediata-da-fronteira-aos-cidadaos-da-eurocidade\/","og_site_name":"Altominho.tv","article_publisher":"https:\/\/www.facebook.com\/altominhotv","article_published_time":"2020-05-28T08:36:08+00:00","article_modified_time":"2020-05-28T08:36:11+00:00","og_image":[{"width":1990,"height":1114,"url":"https:\/\/www.altominho.tv\/site\/wp-content\/uploads\/2020\/05\/Manuel-Lopes.jpg","type":"image\/jpeg"}],"author":"Altominho.tv","twitter_card":"summary_large_image","twitter_creator":"@altominhoTV","twitter_site":"@altominhoTV","twitter_misc":{"Escrito por":"Altominho.tv","Tempo estimado de leitura":"1 minuto"},"schema":{"@context":"https:\/\/schema.org","@graph":[{"@type":"Article","@id":"https:\/\/www.altominho.tv\/site\/2020\/05\/28\/autarcas-de-valenca-e-tui-pedem-abertura-imediata-da-fronteira-aos-cidadaos-da-eurocidade\/#article","isPartOf":{"@id":"https:\/\/www.altominho.tv\/site\/2020\/05\/28\/autarcas-de-valenca-e-tui-pedem-abertura-imediata-da-fronteira-aos-cidadaos-da-eurocidade\/"},"author":{"name":"Altominho.tv","@id":"https:\/\/www.altominho.tv\/site\/#\/schema\/person\/4e536851627d7914baf3dac752b6af22"},"headline":"Autarcas de Valen\u00e7a e Tui pedem abertura imediata da fronteira aos cidad\u00e3os da eurocidade","datePublished":"2020-05-28T08:36:08+00:00","dateModified":"2020-05-28T08:36:11+00:00","mainEntityOfPage":{"@id":"https:\/\/www.altominho.tv\/site\/2020\/05\/28\/autarcas-de-valenca-e-tui-pedem-abertura-imediata-da-fronteira-aos-cidadaos-da-eurocidade\/"},"wordCount":171,"image":{"@id":"https:\/\/www.altominho.tv\/site\/2020\/05\/28\/autarcas-de-valenca-e-tui-pedem-abertura-imediata-da-fronteira-aos-cidadaos-da-eurocidade\/#primaryimage"},"thumbnailUrl":"https:\/\/www.altominho.tv\/site\/wp-content\/uploads\/2020\/05\/Manuel-Lopes.jpg","keywords":["Sociedade"],"articleSection":["Valen\u00e7a"],"inLanguage":"pt-PT","copyrightYear":"2020","copyrightHolder":{"@id":"https:\/\/www.altominho.tv\/site\/#organization"}},{"@type":"WebPage","@id":"https:\/\/www.altominho.tv\/site\/2020\/05\/28\/autarcas-de-valenca-e-tui-pedem-abertura-imediata-da-fronteira-aos-cidadaos-da-eurocidade\/","url":"https:\/\/www.altominho.tv\/site\/2020\/05\/28\/autarcas-de-valenca-e-tui-pedem-abertura-imediata-da-fronteira-aos-cidadaos-da-eurocidade\/","name":"Autarcas de Valen\u00e7a e Tui pedem abertura imediata da fronteira aos cidad\u00e3os da eurocidade","isPartOf":{"@id":"https:\/\/www.altominho.tv\/site\/#website"},"primaryImageOfPage":{"@id":"https:\/\/www.altominho.tv\/site\/2020\/05\/28\/autarcas-de-valenca-e-tui-pedem-abertura-imediata-da-fronteira-aos-cidadaos-da-eurocidade\/#primaryimage"},"image":{"@id":"https:\/\/www.altominho.tv\/site\/2020\/05\/28\/autarcas-de-valenca-e-tui-pedem-abertura-imediata-da-fronteira-aos-cidadaos-da-eurocidade\/#primaryimage"},"thumbnailUrl":"https:\/\/www.altominho.tv\/site\/wp-content\/uploads\/2020\/05\/Manuel-Lopes.jpg","datePublished":"2020-05-28T08:36:08+00:00","dateModified":"2020-05-28T08:36:11+00:00","author":{"@id":"https:\/\/www.altominho.tv\/site\/#\/schema\/person\/4e536851627d7914baf3dac752b6af22"},"breadcrumb":{"@id":"https:\/\/www.altominho.tv\/site\/2020\/05\/28\/autarcas-de-valenca-e-tui-pedem-abertura-imediata-da-fronteira-aos-cidadaos-da-eurocidade\/#breadcrumb"},"inLanguage":"pt-PT","potentialAction":[{"@type":"ReadAction","target":["https:\/\/www.altominho.tv\/site\/2020\/05\/28\/autarcas-de-valenca-e-tui-pedem-abertura-imediata-da-fronteira-aos-cidadaos-da-eurocidade\/"]}]},{"@type":"ImageObject","inLanguage":"pt-PT","@id":"https:\/\/www.altominho.tv\/site\/2020\/05\/28\/autarcas-de-valenca-e-tui-pedem-abertura-imediata-da-fronteira-aos-cidadaos-da-eurocidade\/#primaryimage","url":"https:\/\/www.altominho.tv\/site\/wp-content\/uploads\/2020\/05\/Manuel-Lopes.jpg","contentUrl":"https:\/\/www.altominho.tv\/site\/wp-content\/uploads\/2020\/05\/Manuel-Lopes.jpg","width":1990,"height":1114},{"@type":"BreadcrumbList","@id":"https:\/\/www.altominho.tv\/site\/2020\/05\/28\/autarcas-de-valenca-e-tui-pedem-abertura-imediata-da-fronteira-aos-cidadaos-da-eurocidade\/#breadcrumb","itemListElement":[{"@type":"ListItem","position":1,"name":"In\u00edcio","item":"https:\/\/www.altominho.tv\/site\/"},{"@type":"ListItem","position":2,"name":"Autarcas de Valen\u00e7a e Tui pedem abertura imediata da fronteira aos cidad\u00e3os da eurocidade"}]},{"@type":"WebSite","@id":"https:\/\/www.altominho.tv\/site\/#website","url":"https:\/\/www.altominho.tv\/site\/","name":"Altominho.tv","description":"A sua regi\u00e3o \u00e0 dist\u00e2ncia de um clique...","potentialAction":[{"@type":"SearchAction","target":{"@type":"EntryPoint","urlTemplate":"https:\/\/www.altominho.tv\/site\/?s={search_term_string}"},"query-input":{"@type":"PropertyValueSpecification","valueRequired":true,"valueName":"search_term_string"}}],"inLanguage":"pt-PT"},{"@type":"Person","@id":"https:\/\/www.altominho.tv\/site\/#\/schema\/person\/4e536851627d7914baf3dac752b6af22","name":"Altominho.tv","image":{"@type":"ImageObject","inLanguage":"pt-PT","@id":"https:\/\/www.altominho.tv\/site\/wp-content\/uploads\/2019\/11\/Logo_Avatar_2-150x150.jpg","url":"https:\/\/www.altominho.tv\/site\/wp-content\/uploads\/2019\/11\/Logo_Avatar_2-150x150.jpg","contentUrl":"https:\/\/www.altominho.tv\/site\/wp-content\/uploads\/2019\/11\/Logo_Avatar_2-150x150.jpg","caption":"Altominho.tv"},"url":"https:\/\/www.altominho.tv\/site\/author\/altominhotv-tecnico\/"}]}},"_links":{"self":[{"href":"https:\/\/www.altominho.tv\/site\/wp-json\/wp\/v2\/posts\/47151","targetHints":{"allow":["GET"]}}],"collection":[{"href":"https:\/\/www.altominho.tv\/site\/wp-json\/wp\/v2\/posts"}],"about":[{"href":"https:\/\/www.altominho.tv\/site\/wp-json\/wp\/v2\/types\/post"}],"author":[{"embeddable":true,"href":"https:\/\/www.altominho.tv\/site\/wp-json\/wp\/v2\/users\/1"}],"replies":[{"embeddable":true,"href":"https:\/\/www.altominho.tv\/site\/wp-json\/wp\/v2\/comments?post=47151"}],"version-history":[{"count":0,"href":"https:\/\/www.altominho.tv\/site\/wp-json\/wp\/v2\/posts\/47151\/revisions"}],"wp:featuredmedia":[{"embeddable":true,"href":"https:\/\/www.altominho.tv\/site\/wp-json\/wp\/v2\/media\/47152"}],"wp:attachment":[{"href":"https:\/\/www.altominho.tv\/site\/wp-json\/wp\/v2\/media?parent=47151"}],"wp:term":[{"taxonomy":"category","embeddable":true,"href":"https:\/\/www.altominho.tv\/site\/wp-json\/wp\/v2\/categories?post=47151"},{"taxonomy":"post_tag","embeddable":true,"href":"https:\/\/www.altominho.tv\/site\/wp-json\/wp\/v2\/tags?post=47151"}],"curies":[{"name":"wp","href":"https:\/\/api.w.org\/{rel}","templated":true}]}}