{"id":47063,"date":"2020-05-26T17:54:48","date_gmt":"2020-05-26T16:54:48","guid":{"rendered":"http:\/\/www.altominho.tv\/site\/?p=47063"},"modified":"2020-05-26T17:54:53","modified_gmt":"2020-05-26T16:54:53","slug":"um-ano-de-residencias-artisticas-para-promover-o-minho-e-apoiar-criadores","status":"publish","type":"post","link":"https:\/\/www.altominho.tv\/site\/2020\/05\/26\/um-ano-de-residencias-artisticas-para-promover-o-minho-e-apoiar-criadores\/","title":{"rendered":"Um ano de resid\u00eancias art\u00edsticas para promover o Minho e apoiar criadores"},"content":{"rendered":"\n<p class=\"wp-block-paragraph\">Os 24 munic\u00edpios do Minho v\u00e3o ser palco, ao longo de um ano, de uma s\u00e9rie de resid\u00eancias art\u00edsticas, acolhendo dezenas de artistas nacionais e estrangeiros, que v\u00e3o habitar o territ\u00f3rio e recri\u00e1-lo, foi hoje anunciado.<br><\/p>\n\n\n\n<p class=\"wp-block-paragraph\">Em comunicado, o cons\u00f3rcio Minho Inova\u00e7\u00e3o, respons\u00e1vel pela iniciativa, refere que essa recria\u00e7\u00e3o do territ\u00f3rio ser\u00e1 traduzida em projetos de arte em espa\u00e7o p\u00fablico, artesanato, fotografia, m\u00fasica, dan\u00e7a e literatura.<br><\/p>\n\n\n\n<p class=\"wp-block-paragraph\">\u201cAmar o Minho\u201d \u00e9 a designa\u00e7\u00e3o da iniciativa, que ser\u00e1 lan\u00e7ada na quinta-feira pelo Minho Inova\u00e7\u00e3o, cons\u00f3rcio constitu\u00eddo pelas comunidades intermunicipais do Alto Minho, do C\u00e1vado e do Ave, e que pretende refor\u00e7ar a identidade cultural da regi\u00e3o e dinamizar o territ\u00f3rio do ponto de vista art\u00edstico e tur\u00edstico.<br><\/p>\n\n\n\n<p class=\"wp-block-paragraph\">O cons\u00f3rcio sublinha que, em tempos de pandemia, o projeto reveste-se de um \u201cespecial significado\u201d, na medida em que constitui uma forma de os munic\u00edpios do Minho apoiarem a comunidade art\u00edstica, ao longo de um ano.<br><\/p>\n\n\n\n<p class=\"wp-block-paragraph\">O lan\u00e7amento do programa de resid\u00eancias art\u00edsticas \u201cAmar o Minho\u201d ser\u00e1 feito on-line, com a apresenta\u00e7\u00e3o de um v\u00eddeo promocional nas redes sociais e nos canais digitais.<br><\/p>\n\n\n\n<p class=\"wp-block-paragraph\">A diretora da zet gallery, Helena Mendes Pereira, ser\u00e1 a curadora respons\u00e1vel pelas \u00e1reas da arte em espa\u00e7o p\u00fablico, artesanato e fotografia, cabendo a Ant\u00f3nio Rafael, membro da banda M\u00e3o Morta, a curadoria dos projetos na \u00e1rea da m\u00fasica, dan\u00e7a e literatura.<br><\/p>\n\n\n\n<p class=\"wp-block-paragraph\">O programa de resid\u00eancias art\u00edsticas foi revisto, em plena pandemia, e adaptado \u00e0s exig\u00eancias do combate \u00e0 propaga\u00e7\u00e3o da covid-19, apresentando-se como \u201cum caminho para dinamizar a programa\u00e7\u00e3o cultural neste tempo novo e, em alguns casos, colmatar vazios de programa\u00e7\u00e3o que acontecer\u00e3o inevitavelmente nos munic\u00edpios durante este ver\u00e3o\u201d.<br><\/p>\n\n\n\n<p class=\"wp-block-paragraph\">A iniciativa procura tamb\u00e9m responder \u00e0 situa\u00e7\u00e3o de emerg\u00eancia social que est\u00e1 a viver a comunidade art\u00edstica, \u201cuma das mais afetadas pela crise pand\u00e9mica, proporcionando a alguns criadores oportunidades imediatas de trabalho\u201d.<br><\/p>\n\n\n\n<p class=\"wp-block-paragraph\">Alguns dos artistas convidados far\u00e3o resid\u00eancia em mais do que um munic\u00edpio, potenciando pontos de contacto no territ\u00f3rio.<br><\/p>\n\n\n\n<p class=\"wp-block-paragraph\">A primeira vaga de resid\u00eancias art\u00edsticas arranca j\u00e1 em junho, com a interven\u00e7\u00e3o, em Famalic\u00e3o, da artista pl\u00e1stica Xana Abreu, que inaugura durante a primeira quinzena do m\u00eas uma obra de arte num espa\u00e7o p\u00fablico do munic\u00edpio.<br><\/p>\n\n\n\n<p class=\"wp-block-paragraph\">No dia 24, Guimar\u00e3es comemora o dia do munic\u00edpio com a inaugura\u00e7\u00e3o de uma obra de arte, tamb\u00e9m em espa\u00e7o p\u00fablico, desta feita assinada pela pintora M\u00f3nica Mindelis. A artista vai desenvolver uma pintura mural inspirada na cole\u00e7\u00e3o do Centro Internacional de Artes Jos\u00e9 Guimar\u00e3es, levando, dessa forma, o museu para a rua.<br><\/p>\n\n\n\n<p class=\"wp-block-paragraph\">O programa cultural \u201cAmar o Minho\u201d conta ainda com o trabalho de Rodrigo Amado, que estar\u00e1 em resid\u00eancia art\u00edstica em Mondim de Basto, com um projeto de fotografia durante a primeira quinzena de julho.<br><\/p>\n\n\n\n<p class=\"wp-block-paragraph\">A convite dos munic\u00edpios de Fafe e de Esposende, o artista vimaranense Lu\u00eds Can\u00e1rio Rocha estar\u00e1 em resid\u00eancia art\u00edstica para desenvolver duas obras de arte a inaugurar em agosto.<br><\/p>\n\n\n\n<p class=\"wp-block-paragraph\">Em Fafe, o artista assinar\u00e1 uma instala\u00e7\u00e3o art\u00edstica inspirada nos brasileiros \u201ctorna viagem\u201d e na arquitetura das habita\u00e7\u00f5es dos mesmos, que ser\u00e1 inaugurada no Dia do Emigrante, festividade anualmente assinalada pelo munic\u00edpio.\u00a0<br><\/p>\n\n\n\n<p class=\"wp-block-paragraph\">No caso de Esposende, Lu\u00eds Can\u00e1rio Rocha prop\u00f5e uma interven\u00e7\u00e3o em espa\u00e7o p\u00fablico inspirada no mar e nas suas gentes, que ser\u00e1 inaugurada no dia 19, integrando as celebra\u00e7\u00f5es do dia do munic\u00edpio.<br><\/p>\n\n\n\n<p class=\"wp-block-paragraph\">A import\u00e2ncia hist\u00f3rica e cultural da atividade da olaria e cer\u00e2mica em Barcelos d\u00e1 o mote ao desafio lan\u00e7ado \u00e0 artista Ana Almeida Pinto, que concetualizar\u00e1 e criar\u00e1, em parceria com artes\u00e3os locais, uma obra para o Museu da Olaria, desenvolvida a partir da olaria enquanto t\u00e9cnica artesanal.<br><\/p>\n\n\n\n<p class=\"wp-block-paragraph\">O resultado poder\u00e1 ser visto durante a primeira quinzena de setembro.<br><\/p>\n\n\n\n<p class=\"wp-block-paragraph\">O p\u00e9riplo deste projeto art\u00edstico e cultural em rede chegar\u00e1 em outubro \u00e0 P\u00f3voa de Lanhoso, onde Patr\u00edcia Oliveira vai criar uma obra de arte para espa\u00e7o p\u00fablico, que ser\u00e1 tamb\u00e9m uma homenagem \u00e0 filigrana.<br><\/p>\n\n\n\n<p class=\"wp-block-paragraph\">A cria\u00e7\u00e3o art\u00edstica ser\u00e1 desenvolvida em articula\u00e7\u00e3o com artes\u00e3os e outros profissionais que trabalham a filigrana e ficar\u00e1 para o esp\u00f3lio do munic\u00edpio.<br><\/p>\n\n\n\n<p class=\"wp-block-paragraph\">Ainda em outubro, M\u00f3nica Mindelis regressa \u00e0s resid\u00eancias art\u00edsticas para produzir uma obra de arte para Vila Verde, a partir da t\u00e9cnica e da imag\u00e9tica dos Len\u00e7os de Namorados.<br><\/p>\n\n\n\n<p class=\"wp-block-paragraph\">A iniciativa estar\u00e1 integrada na 11\u00aa Bienal Internacional de Arte Jovem de Vila Verde.<br><\/p>\n\n\n\n<p class=\"wp-block-paragraph\">Em novembro, a m\u00fasica assume lugar de destaque, sendo Ponte de Lima o anfitri\u00e3o da resid\u00eancia art\u00edstica de Andr\u00e9 Henriques, membro da banda Linda Martini.<br><\/p>\n\n\n\n<p class=\"wp-block-paragraph\">O \u00faltimo quadrimestre de 2020 encerra com a resid\u00eancia art\u00edstica de Miguel Pereira, que desenvolver\u00e1 em Ponte da Barca um projeto de bailado em parceria com a escola de ballet local.<br><\/p>\n\n\n\n<p class=\"wp-block-paragraph\">Os munic\u00edpios de Amares, Arcos de Valdevez, Braga, Cabeceiras de Basto, Caminha, Melga\u00e7o, Mon\u00e7\u00e3o, Paredes de Coura, Valen\u00e7a, Viana do Castelo, Vieira do Minho, Vila Nova de Cerveira e Vizela acolher\u00e3o os artistas e respetivas resid\u00eancias art\u00edsticas durante o primeiro semestre de 2021.<\/p>\n","protected":false},"excerpt":{"rendered":"<p>Os 24 munic\u00edpios do Minho v\u00e3o ser palco, ao longo de um ano, de uma s\u00e9rie de resid\u00eancias art\u00edsticas, acolhendo dezenas de artistas nacionais e estrangeiros, que v\u00e3o habitar o territ\u00f3rio e recri\u00e1-lo, foi hoje anunciado. Em comunicado, o cons\u00f3rcio Minho Inova\u00e7\u00e3o, respons\u00e1vel pela iniciativa, refere que essa recria\u00e7\u00e3o do territ\u00f3rio ser\u00e1 traduzida em projetos [&hellip;]<\/p>\n","protected":false},"author":16,"featured_media":47064,"comment_status":"closed","ping_status":"closed","sticky":false,"template":"","format":"standard","meta":{"_exactmetrics_skip_tracking":false,"footnotes":""},"categories":[73],"tags":[19,27],"class_list":["post-47063","post","type-post","status-publish","format-standard","has-post-thumbnail","hentry","category-alto-minho","tag-cultura","tag-sociedade"],"yoast_head":"<!-- This site is optimized with the Yoast SEO Premium plugin v28.3 (Yoast SEO v28.3) - https:\/\/yoast.com\/product\/yoast-seo-premium-wordpress\/ -->\n<title>Um ano de resid\u00eancias art\u00edsticas para promover o Minho e apoiar criadores<\/title>\n<meta name=\"robots\" content=\"index, follow, max-snippet:-1, max-image-preview:large, max-video-preview:-1\" \/>\n<link rel=\"canonical\" href=\"https:\/\/www.altominho.tv\/site\/2020\/05\/26\/um-ano-de-residencias-artisticas-para-promover-o-minho-e-apoiar-criadores\/\" \/>\n<meta property=\"og:locale\" content=\"pt_PT\" \/>\n<meta property=\"og:type\" content=\"article\" \/>\n<meta property=\"og:title\" content=\"Um ano de resid\u00eancias art\u00edsticas para promover o Minho e apoiar criadores\" \/>\n<meta property=\"og:description\" content=\"Os 24 munic\u00edpios do Minho v\u00e3o ser palco, ao longo de um ano, de uma s\u00e9rie de resid\u00eancias art\u00edsticas, acolhendo dezenas de artistas nacionais e estrangeiros, que v\u00e3o habitar o territ\u00f3rio e recri\u00e1-lo, foi hoje anunciado. Em comunicado, o cons\u00f3rcio Minho Inova\u00e7\u00e3o, respons\u00e1vel pela iniciativa, refere que essa recria\u00e7\u00e3o do territ\u00f3rio ser\u00e1 traduzida em projetos [&hellip;]\" \/>\n<meta property=\"og:url\" content=\"https:\/\/www.altominho.tv\/site\/2020\/05\/26\/um-ano-de-residencias-artisticas-para-promover-o-minho-e-apoiar-criadores\/\" \/>\n<meta property=\"og:site_name\" content=\"Altominho.tv\" \/>\n<meta property=\"article:publisher\" content=\"https:\/\/www.facebook.com\/altominhotv\" \/>\n<meta property=\"article:published_time\" content=\"2020-05-26T16:54:48+00:00\" \/>\n<meta property=\"article:modified_time\" content=\"2020-05-26T16:54:53+00:00\" \/>\n<meta property=\"og:image\" content=\"https:\/\/www.altominho.tv\/site\/wp-content\/uploads\/2020\/05\/vianastt.jpg\" \/>\n\t<meta property=\"og:image:width\" content=\"754\" \/>\n\t<meta property=\"og:image:height\" content=\"394\" \/>\n\t<meta property=\"og:image:type\" content=\"image\/jpeg\" \/>\n<meta name=\"author\" content=\"Andreia Cunha | Lusa\" \/>\n<meta name=\"twitter:card\" content=\"summary_large_image\" \/>\n<meta name=\"twitter:creator\" content=\"@altominhoTV\" \/>\n<meta name=\"twitter:site\" content=\"@altominhoTV\" \/>\n<meta name=\"twitter:label1\" content=\"Escrito por\" \/>\n\t<meta name=\"twitter:data1\" content=\"Andreia Cunha | Lusa\" \/>\n\t<meta name=\"twitter:label2\" content=\"Tempo estimado de leitura\" \/>\n\t<meta name=\"twitter:data2\" content=\"5 minutos\" \/>\n<script type=\"application\/ld+json\" class=\"yoast-schema-graph\">{\"@context\":\"https:\\\/\\\/schema.org\",\"@graph\":[{\"@type\":\"Article\",\"@id\":\"https:\\\/\\\/www.altominho.tv\\\/site\\\/2020\\\/05\\\/26\\\/um-ano-de-residencias-artisticas-para-promover-o-minho-e-apoiar-criadores\\\/#article\",\"isPartOf\":{\"@id\":\"https:\\\/\\\/www.altominho.tv\\\/site\\\/2020\\\/05\\\/26\\\/um-ano-de-residencias-artisticas-para-promover-o-minho-e-apoiar-criadores\\\/\"},\"author\":{\"name\":\"Andreia Cunha | Lusa\",\"@id\":\"https:\\\/\\\/www.altominho.tv\\\/site\\\/#\\\/schema\\\/person\\\/dbaf181c01b51ff40c9f461a905d321e\"},\"headline\":\"Um ano de resid\u00eancias art\u00edsticas para promover o Minho e apoiar criadores\",\"datePublished\":\"2020-05-26T16:54:48+00:00\",\"dateModified\":\"2020-05-26T16:54:53+00:00\",\"mainEntityOfPage\":{\"@id\":\"https:\\\/\\\/www.altominho.tv\\\/site\\\/2020\\\/05\\\/26\\\/um-ano-de-residencias-artisticas-para-promover-o-minho-e-apoiar-criadores\\\/\"},\"wordCount\":933,\"image\":{\"@id\":\"https:\\\/\\\/www.altominho.tv\\\/site\\\/2020\\\/05\\\/26\\\/um-ano-de-residencias-artisticas-para-promover-o-minho-e-apoiar-criadores\\\/#primaryimage\"},\"thumbnailUrl\":\"https:\\\/\\\/www.altominho.tv\\\/site\\\/wp-content\\\/uploads\\\/2020\\\/05\\\/vianastt.jpg\",\"keywords\":[\"Cultura\",\"Sociedade\"],\"articleSection\":[\"Alto Minho\"],\"inLanguage\":\"pt-PT\",\"copyrightYear\":\"2020\",\"copyrightHolder\":{\"@id\":\"https:\\\/\\\/www.altominho.tv\\\/site\\\/#organization\"}},{\"@type\":\"WebPage\",\"@id\":\"https:\\\/\\\/www.altominho.tv\\\/site\\\/2020\\\/05\\\/26\\\/um-ano-de-residencias-artisticas-para-promover-o-minho-e-apoiar-criadores\\\/\",\"url\":\"https:\\\/\\\/www.altominho.tv\\\/site\\\/2020\\\/05\\\/26\\\/um-ano-de-residencias-artisticas-para-promover-o-minho-e-apoiar-criadores\\\/\",\"name\":\"Um ano de resid\u00eancias art\u00edsticas para promover o Minho e apoiar criadores\",\"isPartOf\":{\"@id\":\"https:\\\/\\\/www.altominho.tv\\\/site\\\/#website\"},\"primaryImageOfPage\":{\"@id\":\"https:\\\/\\\/www.altominho.tv\\\/site\\\/2020\\\/05\\\/26\\\/um-ano-de-residencias-artisticas-para-promover-o-minho-e-apoiar-criadores\\\/#primaryimage\"},\"image\":{\"@id\":\"https:\\\/\\\/www.altominho.tv\\\/site\\\/2020\\\/05\\\/26\\\/um-ano-de-residencias-artisticas-para-promover-o-minho-e-apoiar-criadores\\\/#primaryimage\"},\"thumbnailUrl\":\"https:\\\/\\\/www.altominho.tv\\\/site\\\/wp-content\\\/uploads\\\/2020\\\/05\\\/vianastt.jpg\",\"datePublished\":\"2020-05-26T16:54:48+00:00\",\"dateModified\":\"2020-05-26T16:54:53+00:00\",\"author\":{\"@id\":\"https:\\\/\\\/www.altominho.tv\\\/site\\\/#\\\/schema\\\/person\\\/dbaf181c01b51ff40c9f461a905d321e\"},\"breadcrumb\":{\"@id\":\"https:\\\/\\\/www.altominho.tv\\\/site\\\/2020\\\/05\\\/26\\\/um-ano-de-residencias-artisticas-para-promover-o-minho-e-apoiar-criadores\\\/#breadcrumb\"},\"inLanguage\":\"pt-PT\",\"potentialAction\":[{\"@type\":\"ReadAction\",\"target\":[\"https:\\\/\\\/www.altominho.tv\\\/site\\\/2020\\\/05\\\/26\\\/um-ano-de-residencias-artisticas-para-promover-o-minho-e-apoiar-criadores\\\/\"]}]},{\"@type\":\"ImageObject\",\"inLanguage\":\"pt-PT\",\"@id\":\"https:\\\/\\\/www.altominho.tv\\\/site\\\/2020\\\/05\\\/26\\\/um-ano-de-residencias-artisticas-para-promover-o-minho-e-apoiar-criadores\\\/#primaryimage\",\"url\":\"https:\\\/\\\/www.altominho.tv\\\/site\\\/wp-content\\\/uploads\\\/2020\\\/05\\\/vianastt.jpg\",\"contentUrl\":\"https:\\\/\\\/www.altominho.tv\\\/site\\\/wp-content\\\/uploads\\\/2020\\\/05\\\/vianastt.jpg\",\"width\":754,\"height\":394},{\"@type\":\"BreadcrumbList\",\"@id\":\"https:\\\/\\\/www.altominho.tv\\\/site\\\/2020\\\/05\\\/26\\\/um-ano-de-residencias-artisticas-para-promover-o-minho-e-apoiar-criadores\\\/#breadcrumb\",\"itemListElement\":[{\"@type\":\"ListItem\",\"position\":1,\"name\":\"In\u00edcio\",\"item\":\"https:\\\/\\\/www.altominho.tv\\\/site\\\/\"},{\"@type\":\"ListItem\",\"position\":2,\"name\":\"Um ano de resid\u00eancias art\u00edsticas para promover o Minho e apoiar criadores\"}]},{\"@type\":\"WebSite\",\"@id\":\"https:\\\/\\\/www.altominho.tv\\\/site\\\/#website\",\"url\":\"https:\\\/\\\/www.altominho.tv\\\/site\\\/\",\"name\":\"Altominho.tv\",\"description\":\"A sua regi\u00e3o \u00e0 dist\u00e2ncia de um clique...\",\"potentialAction\":[{\"@type\":\"SearchAction\",\"target\":{\"@type\":\"EntryPoint\",\"urlTemplate\":\"https:\\\/\\\/www.altominho.tv\\\/site\\\/?s={search_term_string}\"},\"query-input\":{\"@type\":\"PropertyValueSpecification\",\"valueRequired\":true,\"valueName\":\"search_term_string\"}}],\"inLanguage\":\"pt-PT\"},{\"@type\":\"Person\",\"@id\":\"https:\\\/\\\/www.altominho.tv\\\/site\\\/#\\\/schema\\\/person\\\/dbaf181c01b51ff40c9f461a905d321e\",\"name\":\"Andreia Cunha | Lusa\",\"image\":{\"@type\":\"ImageObject\",\"inLanguage\":\"pt-PT\",\"@id\":\"https:\\\/\\\/www.altominho.tv\\\/site\\\/wp-content\\\/uploads\\\/2017\\\/11\\\/Andreia_Cunha-1-150x150.jpg\",\"url\":\"https:\\\/\\\/www.altominho.tv\\\/site\\\/wp-content\\\/uploads\\\/2017\\\/11\\\/Andreia_Cunha-1-150x150.jpg\",\"contentUrl\":\"https:\\\/\\\/www.altominho.tv\\\/site\\\/wp-content\\\/uploads\\\/2017\\\/11\\\/Andreia_Cunha-1-150x150.jpg\",\"caption\":\"Andreia Cunha | Lusa\"},\"sameAs\":[\"https:\\\/\\\/www.altominho.tv\\\/site\"],\"url\":\"https:\\\/\\\/www.altominho.tv\\\/site\\\/author\\\/andreiacunhalusa\\\/\"}]}<\/script>\n<!-- \/ Yoast SEO Premium plugin. -->","yoast_head_json":{"title":"Um ano de resid\u00eancias art\u00edsticas para promover o Minho e apoiar criadores","robots":{"index":"index","follow":"follow","max-snippet":"max-snippet:-1","max-image-preview":"max-image-preview:large","max-video-preview":"max-video-preview:-1"},"canonical":"https:\/\/www.altominho.tv\/site\/2020\/05\/26\/um-ano-de-residencias-artisticas-para-promover-o-minho-e-apoiar-criadores\/","og_locale":"pt_PT","og_type":"article","og_title":"Um ano de resid\u00eancias art\u00edsticas para promover o Minho e apoiar criadores","og_description":"Os 24 munic\u00edpios do Minho v\u00e3o ser palco, ao longo de um ano, de uma s\u00e9rie de resid\u00eancias art\u00edsticas, acolhendo dezenas de artistas nacionais e estrangeiros, que v\u00e3o habitar o territ\u00f3rio e recri\u00e1-lo, foi hoje anunciado. Em comunicado, o cons\u00f3rcio Minho Inova\u00e7\u00e3o, respons\u00e1vel pela iniciativa, refere que essa recria\u00e7\u00e3o do territ\u00f3rio ser\u00e1 traduzida em projetos [&hellip;]","og_url":"https:\/\/www.altominho.tv\/site\/2020\/05\/26\/um-ano-de-residencias-artisticas-para-promover-o-minho-e-apoiar-criadores\/","og_site_name":"Altominho.tv","article_publisher":"https:\/\/www.facebook.com\/altominhotv","article_published_time":"2020-05-26T16:54:48+00:00","article_modified_time":"2020-05-26T16:54:53+00:00","og_image":[{"width":754,"height":394,"url":"https:\/\/www.altominho.tv\/site\/wp-content\/uploads\/2020\/05\/vianastt.jpg","type":"image\/jpeg"}],"author":"Andreia Cunha | Lusa","twitter_card":"summary_large_image","twitter_creator":"@altominhoTV","twitter_site":"@altominhoTV","twitter_misc":{"Escrito por":"Andreia Cunha | Lusa","Tempo estimado de leitura":"5 minutos"},"schema":{"@context":"https:\/\/schema.org","@graph":[{"@type":"Article","@id":"https:\/\/www.altominho.tv\/site\/2020\/05\/26\/um-ano-de-residencias-artisticas-para-promover-o-minho-e-apoiar-criadores\/#article","isPartOf":{"@id":"https:\/\/www.altominho.tv\/site\/2020\/05\/26\/um-ano-de-residencias-artisticas-para-promover-o-minho-e-apoiar-criadores\/"},"author":{"name":"Andreia Cunha | Lusa","@id":"https:\/\/www.altominho.tv\/site\/#\/schema\/person\/dbaf181c01b51ff40c9f461a905d321e"},"headline":"Um ano de resid\u00eancias art\u00edsticas para promover o Minho e apoiar criadores","datePublished":"2020-05-26T16:54:48+00:00","dateModified":"2020-05-26T16:54:53+00:00","mainEntityOfPage":{"@id":"https:\/\/www.altominho.tv\/site\/2020\/05\/26\/um-ano-de-residencias-artisticas-para-promover-o-minho-e-apoiar-criadores\/"},"wordCount":933,"image":{"@id":"https:\/\/www.altominho.tv\/site\/2020\/05\/26\/um-ano-de-residencias-artisticas-para-promover-o-minho-e-apoiar-criadores\/#primaryimage"},"thumbnailUrl":"https:\/\/www.altominho.tv\/site\/wp-content\/uploads\/2020\/05\/vianastt.jpg","keywords":["Cultura","Sociedade"],"articleSection":["Alto Minho"],"inLanguage":"pt-PT","copyrightYear":"2020","copyrightHolder":{"@id":"https:\/\/www.altominho.tv\/site\/#organization"}},{"@type":"WebPage","@id":"https:\/\/www.altominho.tv\/site\/2020\/05\/26\/um-ano-de-residencias-artisticas-para-promover-o-minho-e-apoiar-criadores\/","url":"https:\/\/www.altominho.tv\/site\/2020\/05\/26\/um-ano-de-residencias-artisticas-para-promover-o-minho-e-apoiar-criadores\/","name":"Um ano de resid\u00eancias art\u00edsticas para promover o Minho e apoiar criadores","isPartOf":{"@id":"https:\/\/www.altominho.tv\/site\/#website"},"primaryImageOfPage":{"@id":"https:\/\/www.altominho.tv\/site\/2020\/05\/26\/um-ano-de-residencias-artisticas-para-promover-o-minho-e-apoiar-criadores\/#primaryimage"},"image":{"@id":"https:\/\/www.altominho.tv\/site\/2020\/05\/26\/um-ano-de-residencias-artisticas-para-promover-o-minho-e-apoiar-criadores\/#primaryimage"},"thumbnailUrl":"https:\/\/www.altominho.tv\/site\/wp-content\/uploads\/2020\/05\/vianastt.jpg","datePublished":"2020-05-26T16:54:48+00:00","dateModified":"2020-05-26T16:54:53+00:00","author":{"@id":"https:\/\/www.altominho.tv\/site\/#\/schema\/person\/dbaf181c01b51ff40c9f461a905d321e"},"breadcrumb":{"@id":"https:\/\/www.altominho.tv\/site\/2020\/05\/26\/um-ano-de-residencias-artisticas-para-promover-o-minho-e-apoiar-criadores\/#breadcrumb"},"inLanguage":"pt-PT","potentialAction":[{"@type":"ReadAction","target":["https:\/\/www.altominho.tv\/site\/2020\/05\/26\/um-ano-de-residencias-artisticas-para-promover-o-minho-e-apoiar-criadores\/"]}]},{"@type":"ImageObject","inLanguage":"pt-PT","@id":"https:\/\/www.altominho.tv\/site\/2020\/05\/26\/um-ano-de-residencias-artisticas-para-promover-o-minho-e-apoiar-criadores\/#primaryimage","url":"https:\/\/www.altominho.tv\/site\/wp-content\/uploads\/2020\/05\/vianastt.jpg","contentUrl":"https:\/\/www.altominho.tv\/site\/wp-content\/uploads\/2020\/05\/vianastt.jpg","width":754,"height":394},{"@type":"BreadcrumbList","@id":"https:\/\/www.altominho.tv\/site\/2020\/05\/26\/um-ano-de-residencias-artisticas-para-promover-o-minho-e-apoiar-criadores\/#breadcrumb","itemListElement":[{"@type":"ListItem","position":1,"name":"In\u00edcio","item":"https:\/\/www.altominho.tv\/site\/"},{"@type":"ListItem","position":2,"name":"Um ano de resid\u00eancias art\u00edsticas para promover o Minho e apoiar criadores"}]},{"@type":"WebSite","@id":"https:\/\/www.altominho.tv\/site\/#website","url":"https:\/\/www.altominho.tv\/site\/","name":"Altominho.tv","description":"A sua regi\u00e3o \u00e0 dist\u00e2ncia de um clique...","potentialAction":[{"@type":"SearchAction","target":{"@type":"EntryPoint","urlTemplate":"https:\/\/www.altominho.tv\/site\/?s={search_term_string}"},"query-input":{"@type":"PropertyValueSpecification","valueRequired":true,"valueName":"search_term_string"}}],"inLanguage":"pt-PT"},{"@type":"Person","@id":"https:\/\/www.altominho.tv\/site\/#\/schema\/person\/dbaf181c01b51ff40c9f461a905d321e","name":"Andreia Cunha | Lusa","image":{"@type":"ImageObject","inLanguage":"pt-PT","@id":"https:\/\/www.altominho.tv\/site\/wp-content\/uploads\/2017\/11\/Andreia_Cunha-1-150x150.jpg","url":"https:\/\/www.altominho.tv\/site\/wp-content\/uploads\/2017\/11\/Andreia_Cunha-1-150x150.jpg","contentUrl":"https:\/\/www.altominho.tv\/site\/wp-content\/uploads\/2017\/11\/Andreia_Cunha-1-150x150.jpg","caption":"Andreia Cunha | Lusa"},"sameAs":["https:\/\/www.altominho.tv\/site"],"url":"https:\/\/www.altominho.tv\/site\/author\/andreiacunhalusa\/"}]}},"_links":{"self":[{"href":"https:\/\/www.altominho.tv\/site\/wp-json\/wp\/v2\/posts\/47063","targetHints":{"allow":["GET"]}}],"collection":[{"href":"https:\/\/www.altominho.tv\/site\/wp-json\/wp\/v2\/posts"}],"about":[{"href":"https:\/\/www.altominho.tv\/site\/wp-json\/wp\/v2\/types\/post"}],"author":[{"embeddable":true,"href":"https:\/\/www.altominho.tv\/site\/wp-json\/wp\/v2\/users\/16"}],"replies":[{"embeddable":true,"href":"https:\/\/www.altominho.tv\/site\/wp-json\/wp\/v2\/comments?post=47063"}],"version-history":[{"count":0,"href":"https:\/\/www.altominho.tv\/site\/wp-json\/wp\/v2\/posts\/47063\/revisions"}],"wp:featuredmedia":[{"embeddable":true,"href":"https:\/\/www.altominho.tv\/site\/wp-json\/wp\/v2\/media\/47064"}],"wp:attachment":[{"href":"https:\/\/www.altominho.tv\/site\/wp-json\/wp\/v2\/media?parent=47063"}],"wp:term":[{"taxonomy":"category","embeddable":true,"href":"https:\/\/www.altominho.tv\/site\/wp-json\/wp\/v2\/categories?post=47063"},{"taxonomy":"post_tag","embeddable":true,"href":"https:\/\/www.altominho.tv\/site\/wp-json\/wp\/v2\/tags?post=47063"}],"curies":[{"name":"wp","href":"https:\/\/api.w.org\/{rel}","templated":true}]}}