{"id":47050,"date":"2020-05-26T15:35:17","date_gmt":"2020-05-26T14:35:17","guid":{"rendered":"http:\/\/www.altominho.tv\/site\/?p=47050"},"modified":"2020-05-26T15:35:21","modified_gmt":"2020-05-26T14:35:21","slug":"autarcas-do-norte-acusam-tap-de-ignorar-a-regiao","status":"publish","type":"post","link":"https:\/\/www.altominho.tv\/site\/2020\/05\/26\/autarcas-do-norte-acusam-tap-de-ignorar-a-regiao\/","title":{"rendered":"Autarcas do Norte acusam TAP de &#8220;ignorar a regi\u00e3o&#8221;"},"content":{"rendered":"<p><strong>O presidente da C\u00e2mara do Porto, Rui Moreira, acusou hoje a TAP de \u201cimpor um confinamento ao Porto e Norte\u201d e de \u201cabandonar o pa\u00eds\u201d neste momento de pandemia em que Portugal \u201cmais precisa\u201d da transportadora a\u00e9rea.<\/strong><\/p>\n<p>\u201cA realidade \u00e9 simples: a TAP est\u00e1 a tentar impor um confinamento ao Porto e Norte e f\u00e1-lo na senda daquilo que tem sido a sua hist\u00f3ria. A TAP nunca perdeu o v\u00ednculo de ser uma empresa de car\u00e1ter colonial e a sua estrutura nunca pensou de outra maneira\u201d, afirmou Rui Moreira, em confer\u00eancia de imprensa, na Maia, no distrito do Porto, na qual v\u00e1rios autarcas da regi\u00e3o e o presidente da Turismo do Porto e Norte de Portugal anunciaram, numa posi\u00e7\u00e3o p\u00fablica conjunta, que v\u00e3o pedir a interven\u00e7\u00e3o do Governo na TAP, cujo plano de retoma prev\u00ea para junho apenas tr\u00eas voos entre Porto e Lisboa.<\/p>\n<p>Ao lado do presidente da Turismo do Porto e Norte de Portugal (TPNP) e dos presidentes de C\u00e2mara Municipal da Maia, Viana do Castelo e Vila Real, Rui Moreira pediu ao Governo e aos governantes que demonstrem \u201cunidade nacional\u201d, lembrando que a regi\u00e3o Norte foi \u201cparticularmente fustigada pelo novo coronav\u00edrus, \u201cexatamente porque \u00e9 uma regi\u00e3o aberta\u201d, porque as empresas continuaram a \u201cfuncionar, porque exporta\u201d e \u201cporque trabalha\u201d.<\/p>\n<p>\u201cSe querem dar uma ajuda apenas para uma companhia de car\u00e1ter regional, fa\u00e7am o favor e incorporem a TAP na Carris e fa\u00e7am o que quiserem. N\u00e3o fa\u00e7am \u00e9 de n\u00f3s tontos, n\u00e3o fa\u00e7am, por favor, de n\u00f3s loucos, porque esta regi\u00e3o (\u2026) foi aquela que mais contribuiu para o crescimento de produtividade nacional\u201d, disse, afirmando que o Norte n\u00e3o aceita a nova estrat\u00e9gia da TAP para a retoma da sua atividade.<\/p>\n<p>\u201cN\u00e3o podemos aceitar esta situa\u00e7\u00e3o. Se o Governo entender apoiar a TAP, s\u00f3 tem uma forma de o fazer, \u00e9 exigir que a TAP retome, no momento em que retomar os voos, a mesma percentagem entre Lisboa, entre o Porto, entre Faro, entre a Madeira e os A\u00e7ores\u201d, sublinhou.<\/p>\n<p>Rui Moreira acrescentou que, no caso da TAP, o Governo tem uma &#8220;responsabilidade acrescida\u201d, porque decidiu retomar a \u201cparidade no capital da TAP\u201d, revertendo uma decis\u00e3o que tinha sido tomada anteriormente.<\/p>\n<p>\u201cO Governo tem de decidir mesmo. Das duas uma: ou [a TAP] \u00e9 uma empresa privada que n\u00e3o serve o pa\u00eds, e ent\u00e3o tem de encontrar meios de mobilizar financiamento onde quiser, ou \u00e9 uma empresa participada pelo Governo, em que o Governo vai ter de lhe dar provavelmente mil milh\u00f5es e ent\u00e3o vai ter de ser tomada como um ativo estrat\u00e9gico nacional\u201d, acrescentou.<\/p>\n<p>Rui Moreira considerou que a \u201cTAP n\u00e3o \u00e9 nem carne, nem peixe\u201d e acusou a transportadora a\u00e9rea de estar no Aeroporto S\u00e1 Carneiro \u201cpor oportunismo\u201d e n\u00e3o \u201cpor estrat\u00e9gia\u201d, e que agora, num momento em que se encontra numa \u201csitua\u00e7\u00e3o de debilidade\u201d e \u201cna altura em que o pa\u00eds mais precisa, a TAP abandona o pa\u00eds.<br \/>\n\u201cPorque estar s\u00f3 em Lisboa representa abandonar o pa\u00eds. Porque abandona Faro, e abandona o Funchal, e abandona os A\u00e7ores e abandona o Norte. Esta \u00e9 a realidade\u201d, disse o independente.<\/p>\n<p>O presidente da C\u00e2mara do Porto disse que \u201ca TAP \u00e9 uma empresa privada quando quer tomar decis\u00f5es e \u00e9 uma empresa p\u00fablica quando quer que os portugueses paguem os seus v\u00edcios, v\u00edcios esses criados n\u00e3o apenas em Portugal, mas tamb\u00e9m na opera\u00e7\u00e3o ruinosa do Brasil\u201d, que \u201clevou a TAP \u00e0 situa\u00e7\u00e3o atual\u201d.<\/p>\n<p>Os pedidos para o Governo intervir na TAP alargaram-se no decorrer da confer\u00eancia de imprensa, pelas vozes dos presidentes das c\u00e2maras da Maia, Silva Tiago, Viana do Castelo, Jos\u00e9 Maria Costa, Vila Real, Rui Santos, e do presidente da Turismo do Porto e Norte de Portugal (TPNP), Lu\u00eds Pedro Martins.<\/p>\n<p>\u201cAcho que o senhor primeiro-ministro deve intervir neste processo. J\u00e1 o fez h\u00e1 umas semanas quando veio ao Porto andar de metro e disse, claramente, que a TAP e o aeroporto estavam unidos e estavam numa comunh\u00e3o frutuosa e, portanto, eu espero que ele intervenha e que ponha ordem nesta desordem que \u00e9 concomitante com uma crise sanit\u00e1ria que nos avassala a todos\u201d, declarou o social-democrata Silva Tiago.<\/p>\n<p>Tamb\u00e9m o presidente de Vila Real, Rui Santos, lembrou que o Aeroporto S\u00e1 Carneiro \u00e9 uma \u201cporta de entrada no Norte da Pen\u00ednsula Ib\u00e9rica com impacto muit\u00edssimo importante na atividade tur\u00edstica e econ\u00f3mica na \u00c1rea Metropolitana do Porto, Galiza, Interior Norte e Douro\u201d , criticando a TAP por se dar ao \u201cdesplante de ignorar uma parte t\u00e3o significativa do pa\u00eds\u201d e lembrando que 50% dos acionistas representam o povo portugu\u00eas.<\/p>\n<p>\u201cImporta agora instar o Governo de Portugal e em particular o seu primeiro-ministro a n\u00e3o ceder um mil\u00edmetro na defesa nos melhores interesses da regi\u00e3o Norte de Portugal e da Pen\u00ednsula Ib\u00e9rica, impedindo mais um erro clamoroso do Conselho de Administra\u00e7\u00e3o da TAP\u201d, disse o socialista Rui Santos.<\/p>\n<p>O autarca socialista de Viana do Castelo, por seu turno, disse que esperava que \u201co bom senso voltasse\u201d \u00e0s decis\u00f5es e que o Governo continuasse a pensar \u201cque a TAP \u00e9 uma companhia para todo o Portugal\u201d.<\/p>\n<p>O presidente da TPNP criticou a TAP por ter anunciado apenas tr\u00eas voos semanais Porto\/Lisboa dos 27 anunciados para junho, considerando que se trata de \u201cuma humilha\u00e7\u00e3o para a regi\u00e3o Norte\u201d e para Portugal.<\/p>\n<p>\u201cEm v\u00e9speras de uma interven\u00e7\u00e3o p\u00fablica anunciada, ap\u00f3s recentes discuss\u00f5es, tomadas de posi\u00e7\u00f5es de entidades p\u00fablicas, dos autarcas, dos partidos, do Governo, esta atitude da TAP \u00e9 absolutamente inadmiss\u00edvel e \u00e9 mesmo uma humilha\u00e7\u00e3o para a regi\u00e3o Norte, uma humilha\u00e7\u00e3o para o pa\u00eds\u201d, afirmou Lu\u00eds Pedro Martins.<br \/>\nPara o presidente da TPNP, a TAP s\u00f3 tem sentido enquanto \u201ccompanhia bandeira, enquanto agregadora de todas as regi\u00f5es do pa\u00eds, enquanto empresa que presta um servi\u00e7o a todo o pa\u00eds\u201d.<\/p>\n<p>\u201cO contr\u00e1rio n\u00e3o faz sentido nenhum e desaguar\u00e1 numa autofagia totalmente incompreens\u00edvel\u201d, concluiu.<\/p>\n<p>A TAP publicou na segunda-feira o seu plano de voo para os pr\u00f3ximos dois meses, que implica 27 liga\u00e7\u00f5es semanais em junho e 247 em julho, sendo a maioria de Lisboa.<\/p>\n<p>No seu \u2018site\u2019, a companhia a\u00e9rea avisa que as rotas podem vir a ser alteradas caso as circunst\u00e2ncias o exijam.<\/p>\n<p>A TAP tem a sua opera\u00e7\u00e3o praticamente parada desde o in\u00edcio da pandemia, \u00e0 imagem do que aconteceu com as restantes companhias a\u00e9reas, prejudicadas pelo confinamento e pelo encerramento de fronteiras apara conter a covid-19.<\/p>\n","protected":false},"excerpt":{"rendered":"<p>O presidente da C\u00e2mara do Porto, Rui Moreira, acusou hoje a TAP de \u201cimpor um confinamento ao Porto e Norte\u201d e de \u201cabandonar o pa\u00eds\u201d neste momento de pandemia em que Portugal \u201cmais precisa\u201d da transportadora a\u00e9rea. \u201cA realidade \u00e9 simples: a TAP est\u00e1 a tentar impor um confinamento ao Porto e Norte e f\u00e1-lo [&hellip;]<\/p>\n","protected":false},"author":13,"featured_media":47051,"comment_status":"closed","ping_status":"closed","sticky":false,"template":"","format":"standard","meta":{"_exactmetrics_skip_tracking":false,"footnotes":""},"categories":[73],"tags":[21],"class_list":["post-47050","post","type-post","status-publish","format-standard","has-post-thumbnail","hentry","category-alto-minho","tag-economia"],"yoast_head":"<!-- This site is optimized with the Yoast SEO Premium plugin v28.3 (Yoast SEO v28.3) - https:\/\/yoast.com\/product\/yoast-seo-premium-wordpress\/ -->\n<title>Autarcas do Norte acusam TAP de &quot;ignorar a regi\u00e3o&quot;<\/title>\n<meta name=\"robots\" content=\"index, follow, max-snippet:-1, max-image-preview:large, max-video-preview:-1\" \/>\n<link rel=\"canonical\" href=\"https:\/\/www.altominho.tv\/site\/2020\/05\/26\/autarcas-do-norte-acusam-tap-de-ignorar-a-regiao\/\" \/>\n<meta property=\"og:locale\" content=\"pt_PT\" \/>\n<meta property=\"og:type\" content=\"article\" \/>\n<meta property=\"og:title\" content=\"Autarcas do Norte acusam TAP de &quot;ignorar a regi\u00e3o&quot;\" \/>\n<meta property=\"og:description\" content=\"O presidente da C\u00e2mara do Porto, Rui Moreira, acusou hoje a TAP de \u201cimpor um confinamento ao Porto e Norte\u201d e de \u201cabandonar o pa\u00eds\u201d neste momento de pandemia em que Portugal \u201cmais precisa\u201d da transportadora a\u00e9rea. \u201cA realidade \u00e9 simples: a TAP est\u00e1 a tentar impor um confinamento ao Porto e Norte e f\u00e1-lo [&hellip;]\" \/>\n<meta property=\"og:url\" content=\"https:\/\/www.altominho.tv\/site\/2020\/05\/26\/autarcas-do-norte-acusam-tap-de-ignorar-a-regiao\/\" \/>\n<meta property=\"og:site_name\" content=\"Altominho.tv\" \/>\n<meta property=\"article:publisher\" content=\"https:\/\/www.facebook.com\/altominhotv\" \/>\n<meta property=\"article:published_time\" content=\"2020-05-26T14:35:17+00:00\" \/>\n<meta property=\"article:modified_time\" content=\"2020-05-26T14:35:21+00:00\" \/>\n<meta property=\"og:image\" content=\"https:\/\/www.altominho.tv\/site\/wp-content\/uploads\/2020\/05\/Avia\u0303o_Tap.jpg\" \/>\n\t<meta property=\"og:image:width\" content=\"1600\" \/>\n\t<meta property=\"og:image:height\" content=\"1021\" \/>\n\t<meta property=\"og:image:type\" content=\"image\/jpeg\" \/>\n<meta name=\"author\" content=\"Lusa\" \/>\n<meta name=\"twitter:card\" content=\"summary_large_image\" \/>\n<meta name=\"twitter:creator\" content=\"@altominhoTV\" \/>\n<meta name=\"twitter:site\" content=\"@altominhoTV\" \/>\n<meta name=\"twitter:label1\" content=\"Escrito por\" \/>\n\t<meta name=\"twitter:data1\" content=\"Lusa\" \/>\n\t<meta name=\"twitter:label2\" content=\"Tempo estimado de leitura\" \/>\n\t<meta name=\"twitter:data2\" content=\"6 minutos\" \/>\n<script type=\"application\/ld+json\" class=\"yoast-schema-graph\">{\"@context\":\"https:\\\/\\\/schema.org\",\"@graph\":[{\"@type\":\"Article\",\"@id\":\"https:\\\/\\\/www.altominho.tv\\\/site\\\/2020\\\/05\\\/26\\\/autarcas-do-norte-acusam-tap-de-ignorar-a-regiao\\\/#article\",\"isPartOf\":{\"@id\":\"https:\\\/\\\/www.altominho.tv\\\/site\\\/2020\\\/05\\\/26\\\/autarcas-do-norte-acusam-tap-de-ignorar-a-regiao\\\/\"},\"author\":{\"name\":\"Lusa\",\"@id\":\"https:\\\/\\\/www.altominho.tv\\\/site\\\/#\\\/schema\\\/person\\\/63f693da3e1899361cbe955c46f3232e\"},\"headline\":\"Autarcas do Norte acusam TAP de &#8220;ignorar a regi\u00e3o&#8221;\",\"datePublished\":\"2020-05-26T14:35:17+00:00\",\"dateModified\":\"2020-05-26T14:35:21+00:00\",\"mainEntityOfPage\":{\"@id\":\"https:\\\/\\\/www.altominho.tv\\\/site\\\/2020\\\/05\\\/26\\\/autarcas-do-norte-acusam-tap-de-ignorar-a-regiao\\\/\"},\"wordCount\":1149,\"image\":{\"@id\":\"https:\\\/\\\/www.altominho.tv\\\/site\\\/2020\\\/05\\\/26\\\/autarcas-do-norte-acusam-tap-de-ignorar-a-regiao\\\/#primaryimage\"},\"thumbnailUrl\":\"https:\\\/\\\/www.altominho.tv\\\/site\\\/wp-content\\\/uploads\\\/2020\\\/05\\\/Avia\u0303o_Tap.jpg\",\"keywords\":[\"Economia\"],\"articleSection\":[\"Alto Minho\"],\"inLanguage\":\"pt-PT\",\"copyrightYear\":\"2020\",\"copyrightHolder\":{\"@id\":\"https:\\\/\\\/www.altominho.tv\\\/site\\\/#organization\"}},{\"@type\":\"WebPage\",\"@id\":\"https:\\\/\\\/www.altominho.tv\\\/site\\\/2020\\\/05\\\/26\\\/autarcas-do-norte-acusam-tap-de-ignorar-a-regiao\\\/\",\"url\":\"https:\\\/\\\/www.altominho.tv\\\/site\\\/2020\\\/05\\\/26\\\/autarcas-do-norte-acusam-tap-de-ignorar-a-regiao\\\/\",\"name\":\"Autarcas do Norte acusam TAP de \\\"ignorar a regi\u00e3o\\\"\",\"isPartOf\":{\"@id\":\"https:\\\/\\\/www.altominho.tv\\\/site\\\/#website\"},\"primaryImageOfPage\":{\"@id\":\"https:\\\/\\\/www.altominho.tv\\\/site\\\/2020\\\/05\\\/26\\\/autarcas-do-norte-acusam-tap-de-ignorar-a-regiao\\\/#primaryimage\"},\"image\":{\"@id\":\"https:\\\/\\\/www.altominho.tv\\\/site\\\/2020\\\/05\\\/26\\\/autarcas-do-norte-acusam-tap-de-ignorar-a-regiao\\\/#primaryimage\"},\"thumbnailUrl\":\"https:\\\/\\\/www.altominho.tv\\\/site\\\/wp-content\\\/uploads\\\/2020\\\/05\\\/Avia\u0303o_Tap.jpg\",\"datePublished\":\"2020-05-26T14:35:17+00:00\",\"dateModified\":\"2020-05-26T14:35:21+00:00\",\"author\":{\"@id\":\"https:\\\/\\\/www.altominho.tv\\\/site\\\/#\\\/schema\\\/person\\\/63f693da3e1899361cbe955c46f3232e\"},\"breadcrumb\":{\"@id\":\"https:\\\/\\\/www.altominho.tv\\\/site\\\/2020\\\/05\\\/26\\\/autarcas-do-norte-acusam-tap-de-ignorar-a-regiao\\\/#breadcrumb\"},\"inLanguage\":\"pt-PT\",\"potentialAction\":[{\"@type\":\"ReadAction\",\"target\":[\"https:\\\/\\\/www.altominho.tv\\\/site\\\/2020\\\/05\\\/26\\\/autarcas-do-norte-acusam-tap-de-ignorar-a-regiao\\\/\"]}]},{\"@type\":\"ImageObject\",\"inLanguage\":\"pt-PT\",\"@id\":\"https:\\\/\\\/www.altominho.tv\\\/site\\\/2020\\\/05\\\/26\\\/autarcas-do-norte-acusam-tap-de-ignorar-a-regiao\\\/#primaryimage\",\"url\":\"https:\\\/\\\/www.altominho.tv\\\/site\\\/wp-content\\\/uploads\\\/2020\\\/05\\\/Avia\u0303o_Tap.jpg\",\"contentUrl\":\"https:\\\/\\\/www.altominho.tv\\\/site\\\/wp-content\\\/uploads\\\/2020\\\/05\\\/Avia\u0303o_Tap.jpg\",\"width\":1600,\"height\":1021},{\"@type\":\"BreadcrumbList\",\"@id\":\"https:\\\/\\\/www.altominho.tv\\\/site\\\/2020\\\/05\\\/26\\\/autarcas-do-norte-acusam-tap-de-ignorar-a-regiao\\\/#breadcrumb\",\"itemListElement\":[{\"@type\":\"ListItem\",\"position\":1,\"name\":\"In\u00edcio\",\"item\":\"https:\\\/\\\/www.altominho.tv\\\/site\\\/\"},{\"@type\":\"ListItem\",\"position\":2,\"name\":\"Autarcas do Norte acusam TAP de &#8220;ignorar a regi\u00e3o&#8221;\"}]},{\"@type\":\"WebSite\",\"@id\":\"https:\\\/\\\/www.altominho.tv\\\/site\\\/#website\",\"url\":\"https:\\\/\\\/www.altominho.tv\\\/site\\\/\",\"name\":\"Altominho.tv\",\"description\":\"A sua regi\u00e3o \u00e0 dist\u00e2ncia de um clique...\",\"potentialAction\":[{\"@type\":\"SearchAction\",\"target\":{\"@type\":\"EntryPoint\",\"urlTemplate\":\"https:\\\/\\\/www.altominho.tv\\\/site\\\/?s={search_term_string}\"},\"query-input\":{\"@type\":\"PropertyValueSpecification\",\"valueRequired\":true,\"valueName\":\"search_term_string\"}}],\"inLanguage\":\"pt-PT\"},{\"@type\":\"Person\",\"@id\":\"https:\\\/\\\/www.altominho.tv\\\/site\\\/#\\\/schema\\\/person\\\/63f693da3e1899361cbe955c46f3232e\",\"name\":\"Lusa\",\"image\":{\"@type\":\"ImageObject\",\"inLanguage\":\"pt-PT\",\"@id\":\"https:\\\/\\\/www.altominho.tv\\\/site\\\/wp-content\\\/uploads\\\/2019\\\/08\\\/LUSA_Logo.gif\",\"url\":\"https:\\\/\\\/www.altominho.tv\\\/site\\\/wp-content\\\/uploads\\\/2019\\\/08\\\/LUSA_Logo.gif\",\"contentUrl\":\"https:\\\/\\\/www.altominho.tv\\\/site\\\/wp-content\\\/uploads\\\/2019\\\/08\\\/LUSA_Logo.gif\",\"caption\":\"Lusa\"},\"sameAs\":[\"http:\\\/\\\/\\\/\\\/www.altominho.tv\\\/site\"],\"url\":\"https:\\\/\\\/www.altominho.tv\\\/site\\\/author\\\/lusa\\\/\"}]}<\/script>\n<!-- \/ Yoast SEO Premium plugin. -->","yoast_head_json":{"title":"Autarcas do Norte acusam TAP de \"ignorar a regi\u00e3o\"","robots":{"index":"index","follow":"follow","max-snippet":"max-snippet:-1","max-image-preview":"max-image-preview:large","max-video-preview":"max-video-preview:-1"},"canonical":"https:\/\/www.altominho.tv\/site\/2020\/05\/26\/autarcas-do-norte-acusam-tap-de-ignorar-a-regiao\/","og_locale":"pt_PT","og_type":"article","og_title":"Autarcas do Norte acusam TAP de \"ignorar a regi\u00e3o\"","og_description":"O presidente da C\u00e2mara do Porto, Rui Moreira, acusou hoje a TAP de \u201cimpor um confinamento ao Porto e Norte\u201d e de \u201cabandonar o pa\u00eds\u201d neste momento de pandemia em que Portugal \u201cmais precisa\u201d da transportadora a\u00e9rea. \u201cA realidade \u00e9 simples: a TAP est\u00e1 a tentar impor um confinamento ao Porto e Norte e f\u00e1-lo [&hellip;]","og_url":"https:\/\/www.altominho.tv\/site\/2020\/05\/26\/autarcas-do-norte-acusam-tap-de-ignorar-a-regiao\/","og_site_name":"Altominho.tv","article_publisher":"https:\/\/www.facebook.com\/altominhotv","article_published_time":"2020-05-26T14:35:17+00:00","article_modified_time":"2020-05-26T14:35:21+00:00","og_image":[{"width":1600,"height":1021,"url":"https:\/\/www.altominho.tv\/site\/wp-content\/uploads\/2020\/05\/Avia\u0303o_Tap.jpg","type":"image\/jpeg"}],"author":"Lusa","twitter_card":"summary_large_image","twitter_creator":"@altominhoTV","twitter_site":"@altominhoTV","twitter_misc":{"Escrito por":"Lusa","Tempo estimado de leitura":"6 minutos"},"schema":{"@context":"https:\/\/schema.org","@graph":[{"@type":"Article","@id":"https:\/\/www.altominho.tv\/site\/2020\/05\/26\/autarcas-do-norte-acusam-tap-de-ignorar-a-regiao\/#article","isPartOf":{"@id":"https:\/\/www.altominho.tv\/site\/2020\/05\/26\/autarcas-do-norte-acusam-tap-de-ignorar-a-regiao\/"},"author":{"name":"Lusa","@id":"https:\/\/www.altominho.tv\/site\/#\/schema\/person\/63f693da3e1899361cbe955c46f3232e"},"headline":"Autarcas do Norte acusam TAP de &#8220;ignorar a regi\u00e3o&#8221;","datePublished":"2020-05-26T14:35:17+00:00","dateModified":"2020-05-26T14:35:21+00:00","mainEntityOfPage":{"@id":"https:\/\/www.altominho.tv\/site\/2020\/05\/26\/autarcas-do-norte-acusam-tap-de-ignorar-a-regiao\/"},"wordCount":1149,"image":{"@id":"https:\/\/www.altominho.tv\/site\/2020\/05\/26\/autarcas-do-norte-acusam-tap-de-ignorar-a-regiao\/#primaryimage"},"thumbnailUrl":"https:\/\/www.altominho.tv\/site\/wp-content\/uploads\/2020\/05\/Avia\u0303o_Tap.jpg","keywords":["Economia"],"articleSection":["Alto Minho"],"inLanguage":"pt-PT","copyrightYear":"2020","copyrightHolder":{"@id":"https:\/\/www.altominho.tv\/site\/#organization"}},{"@type":"WebPage","@id":"https:\/\/www.altominho.tv\/site\/2020\/05\/26\/autarcas-do-norte-acusam-tap-de-ignorar-a-regiao\/","url":"https:\/\/www.altominho.tv\/site\/2020\/05\/26\/autarcas-do-norte-acusam-tap-de-ignorar-a-regiao\/","name":"Autarcas do Norte acusam TAP de \"ignorar a regi\u00e3o\"","isPartOf":{"@id":"https:\/\/www.altominho.tv\/site\/#website"},"primaryImageOfPage":{"@id":"https:\/\/www.altominho.tv\/site\/2020\/05\/26\/autarcas-do-norte-acusam-tap-de-ignorar-a-regiao\/#primaryimage"},"image":{"@id":"https:\/\/www.altominho.tv\/site\/2020\/05\/26\/autarcas-do-norte-acusam-tap-de-ignorar-a-regiao\/#primaryimage"},"thumbnailUrl":"https:\/\/www.altominho.tv\/site\/wp-content\/uploads\/2020\/05\/Avia\u0303o_Tap.jpg","datePublished":"2020-05-26T14:35:17+00:00","dateModified":"2020-05-26T14:35:21+00:00","author":{"@id":"https:\/\/www.altominho.tv\/site\/#\/schema\/person\/63f693da3e1899361cbe955c46f3232e"},"breadcrumb":{"@id":"https:\/\/www.altominho.tv\/site\/2020\/05\/26\/autarcas-do-norte-acusam-tap-de-ignorar-a-regiao\/#breadcrumb"},"inLanguage":"pt-PT","potentialAction":[{"@type":"ReadAction","target":["https:\/\/www.altominho.tv\/site\/2020\/05\/26\/autarcas-do-norte-acusam-tap-de-ignorar-a-regiao\/"]}]},{"@type":"ImageObject","inLanguage":"pt-PT","@id":"https:\/\/www.altominho.tv\/site\/2020\/05\/26\/autarcas-do-norte-acusam-tap-de-ignorar-a-regiao\/#primaryimage","url":"https:\/\/www.altominho.tv\/site\/wp-content\/uploads\/2020\/05\/Avia\u0303o_Tap.jpg","contentUrl":"https:\/\/www.altominho.tv\/site\/wp-content\/uploads\/2020\/05\/Avia\u0303o_Tap.jpg","width":1600,"height":1021},{"@type":"BreadcrumbList","@id":"https:\/\/www.altominho.tv\/site\/2020\/05\/26\/autarcas-do-norte-acusam-tap-de-ignorar-a-regiao\/#breadcrumb","itemListElement":[{"@type":"ListItem","position":1,"name":"In\u00edcio","item":"https:\/\/www.altominho.tv\/site\/"},{"@type":"ListItem","position":2,"name":"Autarcas do Norte acusam TAP de &#8220;ignorar a regi\u00e3o&#8221;"}]},{"@type":"WebSite","@id":"https:\/\/www.altominho.tv\/site\/#website","url":"https:\/\/www.altominho.tv\/site\/","name":"Altominho.tv","description":"A sua regi\u00e3o \u00e0 dist\u00e2ncia de um clique...","potentialAction":[{"@type":"SearchAction","target":{"@type":"EntryPoint","urlTemplate":"https:\/\/www.altominho.tv\/site\/?s={search_term_string}"},"query-input":{"@type":"PropertyValueSpecification","valueRequired":true,"valueName":"search_term_string"}}],"inLanguage":"pt-PT"},{"@type":"Person","@id":"https:\/\/www.altominho.tv\/site\/#\/schema\/person\/63f693da3e1899361cbe955c46f3232e","name":"Lusa","image":{"@type":"ImageObject","inLanguage":"pt-PT","@id":"https:\/\/www.altominho.tv\/site\/wp-content\/uploads\/2019\/08\/LUSA_Logo.gif","url":"https:\/\/www.altominho.tv\/site\/wp-content\/uploads\/2019\/08\/LUSA_Logo.gif","contentUrl":"https:\/\/www.altominho.tv\/site\/wp-content\/uploads\/2019\/08\/LUSA_Logo.gif","caption":"Lusa"},"sameAs":["http:\/\/\/\/www.altominho.tv\/site"],"url":"https:\/\/www.altominho.tv\/site\/author\/lusa\/"}]}},"_links":{"self":[{"href":"https:\/\/www.altominho.tv\/site\/wp-json\/wp\/v2\/posts\/47050","targetHints":{"allow":["GET"]}}],"collection":[{"href":"https:\/\/www.altominho.tv\/site\/wp-json\/wp\/v2\/posts"}],"about":[{"href":"https:\/\/www.altominho.tv\/site\/wp-json\/wp\/v2\/types\/post"}],"author":[{"embeddable":true,"href":"https:\/\/www.altominho.tv\/site\/wp-json\/wp\/v2\/users\/13"}],"replies":[{"embeddable":true,"href":"https:\/\/www.altominho.tv\/site\/wp-json\/wp\/v2\/comments?post=47050"}],"version-history":[{"count":0,"href":"https:\/\/www.altominho.tv\/site\/wp-json\/wp\/v2\/posts\/47050\/revisions"}],"wp:featuredmedia":[{"embeddable":true,"href":"https:\/\/www.altominho.tv\/site\/wp-json\/wp\/v2\/media\/47051"}],"wp:attachment":[{"href":"https:\/\/www.altominho.tv\/site\/wp-json\/wp\/v2\/media?parent=47050"}],"wp:term":[{"taxonomy":"category","embeddable":true,"href":"https:\/\/www.altominho.tv\/site\/wp-json\/wp\/v2\/categories?post=47050"},{"taxonomy":"post_tag","embeddable":true,"href":"https:\/\/www.altominho.tv\/site\/wp-json\/wp\/v2\/tags?post=47050"}],"curies":[{"name":"wp","href":"https:\/\/api.w.org\/{rel}","templated":true}]}}