{"id":46978,"date":"2020-05-25T11:48:44","date_gmt":"2020-05-25T10:48:44","guid":{"rendered":"http:\/\/www.altominho.tv\/site\/?p=46978"},"modified":"2020-05-25T11:48:46","modified_gmt":"2020-05-25T10:48:46","slug":"missas-voltam-a-ser-celebradas-no-sabado-com-novas-regras","status":"publish","type":"post","link":"https:\/\/www.altominho.tv\/site\/2020\/05\/25\/missas-voltam-a-ser-celebradas-no-sabado-com-novas-regras\/","title":{"rendered":"Missas voltam a ser celebradas no s\u00e1bado com novas regras"},"content":{"rendered":"<p>As missas comunit\u00e1rias v\u00e3o regressar no s\u00e1bado, 30 de maio, com novas regras de seguran\u00e7a no contexto da pandemia de Covid-19.<\/p>\n<aside id=\"newsletter-subscription\" class=\"newsletter-subscription newsletter-subscription--logged\">\n<div class=\"newsletter-subscription__content\">\n<div class=\"supplemental-slot supplemental-slot--margin supplemental-slot--margin-thinner show-for-large\">\n<section class=\"module\" role=\"complementary\"><span style=\"font-size: inherit\">De acordo com as <a href=\"\/\/www.conferenciaepiscopal.pt\/v1\/orientacoes-da-conferencia-episcopal-portuguesa-para-a-celebracao-do-culto-publico-catolico-no-contexto-da-pandemia-covid-19\/\">orienta\u00e7\u00f5es<\/a> da Confer\u00eancia Episcopal Portuguesa (CEP), divulgadas anteriormente para o retomar de celebra\u00e7\u00f5es e cultos comunit\u00e1rios, a partir do \u00faltimo fim-de-semana de maio, um distanciamento social de quatro metros quadrados, obrigatoriedade de desinfe\u00e7\u00e3o de m\u00e3os \u00e0 entrada, lugares marcados, m\u00e1scaras para todos e sem os cumprimentos do \u201cgesto da paz\u201d entre fi\u00e9is est\u00e3o entre o conjunto de regras e recomenda\u00e7\u00f5es para evitar cont\u00e1gios.<\/span><\/p>\n<p>As igrejas devem organizar grupos de acolhimento de fi\u00e9is, que garantam que as entradas se fazem sem tocar em portas e ma\u00e7anetas, devendo as portas estar sempre abertas na hora de entrada para a missa, e que velem pelas regras de seguran\u00e7a, como a higieniza\u00e7\u00e3o das m\u00e3os com desinfetantes disponibilizados no local. Devem tamb\u00e9m ser garantidos circuitos de circula\u00e7\u00e3o que n\u00e3o permitam o cruzamento de entradas e sa\u00eddas.<\/p>\n<p>O uso de m\u00e1scara ser\u00e1 obrigat\u00f3rio para os fi\u00e9is, que apenas a podem retirar no momento da comunh\u00e3o. Todos os objetos de uso na missa devem ser desinfetados, assim como as m\u00e3os de quem os manuseia antes de serem utilizados, como por exemplo o c\u00e1lice das comunh\u00f5es. A limpeza deve ser feita utilizando m\u00e1scaras e luvas descart\u00e1veis e os objetos devem ser secos com toalhetes de papel descart\u00e1veis.<\/p>\n<p>O ofert\u00f3rio ser\u00e1 feito no final da missa, \u00e0 sa\u00edda da igreja, para evitar a passagem dos recipientes para as ofertas de m\u00e3o em m\u00e3o, e as filas para a comunh\u00e3o devem respeitar o distanciamento exigido, podendo marcar-se as dist\u00e2ncias no pavimento das igrejas. No momento da comunh\u00e3o, os celebrantes devem usar m\u00e1scara.<\/p>\n<p>\u201cNa recep\u00e7\u00e3o da Comunh\u00e3o, observem-se as normas de seguran\u00e7a e de sa\u00fade, nomeadamente em rela\u00e7\u00e3o ao distanciamento f\u00edsico entre os comungantes e \u00e0 higieniza\u00e7\u00e3o das m\u00e3os. Continua a n\u00e3o se ministrar a comunh\u00e3o na boca e pelo c\u00e1lice.[&#8230;] No caso de o sacerdote celebrante ser mais idoso ou pertencer a algum grupo de risco, deve ser substitu\u00eddo, na distribui\u00e7\u00e3o da comunh\u00e3o, por algum di\u00e1cono ou ministro extraordin\u00e1rio\u201d, refere a CEP.<\/p>\n<\/section>\n<p>\u201cO gesto de paz, que \u00e9 facultativo, continua suspenso\u201d, refere o documento da CEP, que determina ainda que cada fiel deve ter para si um espa\u00e7o de quatro metros quadrados, recomendando que se bloqueie o acesso a algumas filas de bancos ou que se aumente o espa\u00e7amento entre cadeiras para garantir o distanciamento social, apenas dispensado para pessoas da mesma fam\u00edlia ou que vivam juntas.<\/p>\n<p>A CEP pede \u00e0s pessoas doentes ou que se sintam doentes que se abstenham de as frequentar e a quem pertence a grupos de risco apela para que n\u00e3o v\u00e1 \u00e0 missa de domingo, mas a outras semanais com menor aflu\u00eancia.<\/p>\n<p>As sa\u00eddas da igreja devem fazer-se evitando aglomerados, garantindo espa\u00e7amentos e iniciando-se a sa\u00edda pelas pessoas mais pr\u00f3ximas das portas, e, ap\u00f3s as celebra\u00e7\u00f5es, as igrejas devem ser arejadas durante 30 minutos e os objetos, portas, ma\u00e7anetas, bancos e casas de banho devem ser desinfetados.<\/p>\n<p>A CEP sugere ainda que, \u201csempre que a meteorologia o permita e haja espa\u00e7os adequados\u201d, se celebrem &#8220;atos de culto ao ar livre&#8221;, dando prefer\u00eancia aos mais velhos para os lugares sentados que existam.<\/p>\n<\/div>\n<h3><strong>Outras celebra\u00e7\u00f5es<\/strong><\/h3>\n<div class=\"supplemental-slot supplemental-slot--margin supplemental-slot--margin-thinner show-for-large\">\n<p>Para celebra\u00e7\u00f5es e sacramentos como baptismos, primeiras comunh\u00f5es, matrim\u00f3nios ou para cerim\u00f3nias de ex\u00e9quias s\u00e3o tamb\u00e9m definidas regras.<\/p>\n<p>Nos baptismos, a \u00e1gua baptismal n\u00e3o pode ser reutilizada, a un\u00e7\u00e3o deve ser substitu\u00edda por uma ora\u00e7\u00e3o e o baptismo de mais do que uma crian\u00e7a em simult\u00e2neo \u00e9 permitido s\u00f3 se forem garantidas as dist\u00e2ncias. Apenas os pais devem ter contacto f\u00edsico com as crian\u00e7as.<\/p>\n<p>&#8220;As festas da primeira Comunh\u00e3o est\u00e3o sujeitas \u00e0s mesmas restri\u00e7\u00f5es e condicionamentos da Missa dominical&#8221;, refere a CEP.<\/p>\n<p>Para os casamentos devem seguir-se as mesmas regras determinadas para as missas. Na un\u00e7\u00e3o de enfermos devem ser usados equipamentos de prote\u00e7\u00e3o pessoal, deve ser evitado qualquer contacto f\u00edsico e padres mais velhos devem abster-se de prestar este sacramento.<\/p>\n<p>Nas ex\u00e9quias \u00e9 permitida a presen\u00e7a dos familiares na igreja, cumprindo as regras de seguran\u00e7a.<\/p>\n<\/div>\n<p>&#8220;Peregrina\u00e7\u00f5es, prociss\u00f5es, festas, romarias, concentra\u00e7\u00f5es religiosas, acampamentos e outras atividades similares em grandes grupos, pass\u00edveis de forte propaga\u00e7\u00e3o da epidemia&#8221;, mant\u00eam-se suspensas \u201cat\u00e9 novas orienta\u00e7\u00f5es\u201d.<\/p>\n<aside class=\"story__callout story__callout--inline story__callout--ad-in-content\"><\/aside>\n<\/div>\n<\/aside>\n","protected":false},"excerpt":{"rendered":"<p>As missas comunit\u00e1rias v\u00e3o regressar no s\u00e1bado, 30 de maio, com novas regras de seguran\u00e7a no contexto da pandemia de Covid-19. De acordo com as orienta\u00e7\u00f5es da Confer\u00eancia Episcopal Portuguesa (CEP), divulgadas anteriormente para o retomar de celebra\u00e7\u00f5es e cultos comunit\u00e1rios, a partir do \u00faltimo fim-de-semana de maio, um distanciamento social de quatro metros quadrados, [&hellip;]<\/p>\n","protected":false},"author":15,"featured_media":46980,"comment_status":"closed","ping_status":"closed","sticky":false,"template":"","format":"standard","meta":{"_exactmetrics_skip_tracking":false,"_exactmetrics_sitenote_active":false,"_exactmetrics_sitenote_note":"","_exactmetrics_sitenote_category":0,"footnotes":""},"categories":[73],"tags":[27],"class_list":["post-46978","post","type-post","status-publish","format-standard","has-post-thumbnail","hentry","category-alto-minho","tag-sociedade"],"yoast_head":"<!-- This site is optimized with the Yoast SEO Premium plugin v27.5 (Yoast SEO v27.5) - https:\/\/yoast.com\/product\/yoast-seo-premium-wordpress\/ -->\n<title>Missas voltam a ser celebradas no s\u00e1bado com novas regras<\/title>\n<meta name=\"robots\" content=\"index, follow, max-snippet:-1, max-image-preview:large, max-video-preview:-1\" \/>\n<link rel=\"canonical\" href=\"https:\/\/www.altominho.tv\/site\/2020\/05\/25\/missas-voltam-a-ser-celebradas-no-sabado-com-novas-regras\/\" \/>\n<meta property=\"og:locale\" content=\"pt_PT\" \/>\n<meta property=\"og:type\" content=\"article\" \/>\n<meta property=\"og:title\" content=\"Missas voltam a ser celebradas no s\u00e1bado com novas regras\" \/>\n<meta property=\"og:description\" content=\"As missas comunit\u00e1rias v\u00e3o regressar no s\u00e1bado, 30 de maio, com novas regras de seguran\u00e7a no contexto da pandemia de Covid-19. De acordo com as orienta\u00e7\u00f5es da Confer\u00eancia Episcopal Portuguesa (CEP), divulgadas anteriormente para o retomar de celebra\u00e7\u00f5es e cultos comunit\u00e1rios, a partir do \u00faltimo fim-de-semana de maio, um distanciamento social de quatro metros quadrados, [&hellip;]\" \/>\n<meta property=\"og:url\" content=\"https:\/\/www.altominho.tv\/site\/2020\/05\/25\/missas-voltam-a-ser-celebradas-no-sabado-com-novas-regras\/\" \/>\n<meta property=\"og:site_name\" content=\"Altominho.tv\" \/>\n<meta property=\"article:publisher\" content=\"https:\/\/www.facebook.com\/altominhotv\" \/>\n<meta property=\"article:published_time\" content=\"2020-05-25T10:48:44+00:00\" \/>\n<meta property=\"article:modified_time\" content=\"2020-05-25T10:48:46+00:00\" \/>\n<meta property=\"og:image\" content=\"https:\/\/www.altominho.tv\/site\/wp-content\/uploads\/2020\/05\/padre-segurando-o-calice-durante-uma-missa-nupcial-de-cerimonia-de-casamento-conceito-de-religiao_139317-2036.jpg\" \/>\n\t<meta property=\"og:image:width\" content=\"626\" \/>\n\t<meta property=\"og:image:height\" content=\"417\" \/>\n\t<meta property=\"og:image:type\" content=\"image\/jpeg\" \/>\n<meta name=\"author\" content=\"Andreia Ferreira | Lusa\" \/>\n<meta name=\"twitter:card\" content=\"summary_large_image\" \/>\n<meta name=\"twitter:creator\" content=\"@altominhoTV\" \/>\n<meta name=\"twitter:site\" content=\"@altominhoTV\" \/>\n<meta name=\"twitter:label1\" content=\"Escrito por\" \/>\n\t<meta name=\"twitter:data1\" content=\"Andreia Ferreira | Lusa\" \/>\n\t<meta name=\"twitter:label2\" content=\"Tempo estimado de leitura\" \/>\n\t<meta name=\"twitter:data2\" content=\"4 minutos\" \/>\n<script type=\"application\/ld+json\" class=\"yoast-schema-graph\">{\"@context\":\"https:\\\/\\\/schema.org\",\"@graph\":[{\"@type\":\"Article\",\"@id\":\"https:\\\/\\\/www.altominho.tv\\\/site\\\/2020\\\/05\\\/25\\\/missas-voltam-a-ser-celebradas-no-sabado-com-novas-regras\\\/#article\",\"isPartOf\":{\"@id\":\"https:\\\/\\\/www.altominho.tv\\\/site\\\/2020\\\/05\\\/25\\\/missas-voltam-a-ser-celebradas-no-sabado-com-novas-regras\\\/\"},\"author\":{\"name\":\"Andreia Ferreira | Lusa\",\"@id\":\"https:\\\/\\\/www.altominho.tv\\\/site\\\/#\\\/schema\\\/person\\\/a0bff6dc1041aadd46fa81887444b017\"},\"headline\":\"Missas voltam a ser celebradas no s\u00e1bado com novas regras\",\"datePublished\":\"2020-05-25T10:48:44+00:00\",\"dateModified\":\"2020-05-25T10:48:46+00:00\",\"mainEntityOfPage\":{\"@id\":\"https:\\\/\\\/www.altominho.tv\\\/site\\\/2020\\\/05\\\/25\\\/missas-voltam-a-ser-celebradas-no-sabado-com-novas-regras\\\/\"},\"wordCount\":802,\"image\":{\"@id\":\"https:\\\/\\\/www.altominho.tv\\\/site\\\/2020\\\/05\\\/25\\\/missas-voltam-a-ser-celebradas-no-sabado-com-novas-regras\\\/#primaryimage\"},\"thumbnailUrl\":\"https:\\\/\\\/www.altominho.tv\\\/site\\\/wp-content\\\/uploads\\\/2020\\\/05\\\/padre-segurando-o-calice-durante-uma-missa-nupcial-de-cerimonia-de-casamento-conceito-de-religiao_139317-2036.jpg\",\"keywords\":[\"Sociedade\"],\"articleSection\":[\"Alto Minho\"],\"inLanguage\":\"pt-PT\",\"copyrightYear\":\"2020\",\"copyrightHolder\":{\"@id\":\"https:\\\/\\\/www.altominho.tv\\\/site\\\/#organization\"}},{\"@type\":\"WebPage\",\"@id\":\"https:\\\/\\\/www.altominho.tv\\\/site\\\/2020\\\/05\\\/25\\\/missas-voltam-a-ser-celebradas-no-sabado-com-novas-regras\\\/\",\"url\":\"https:\\\/\\\/www.altominho.tv\\\/site\\\/2020\\\/05\\\/25\\\/missas-voltam-a-ser-celebradas-no-sabado-com-novas-regras\\\/\",\"name\":\"Missas voltam a ser celebradas no s\u00e1bado com novas regras\",\"isPartOf\":{\"@id\":\"https:\\\/\\\/www.altominho.tv\\\/site\\\/#website\"},\"primaryImageOfPage\":{\"@id\":\"https:\\\/\\\/www.altominho.tv\\\/site\\\/2020\\\/05\\\/25\\\/missas-voltam-a-ser-celebradas-no-sabado-com-novas-regras\\\/#primaryimage\"},\"image\":{\"@id\":\"https:\\\/\\\/www.altominho.tv\\\/site\\\/2020\\\/05\\\/25\\\/missas-voltam-a-ser-celebradas-no-sabado-com-novas-regras\\\/#primaryimage\"},\"thumbnailUrl\":\"https:\\\/\\\/www.altominho.tv\\\/site\\\/wp-content\\\/uploads\\\/2020\\\/05\\\/padre-segurando-o-calice-durante-uma-missa-nupcial-de-cerimonia-de-casamento-conceito-de-religiao_139317-2036.jpg\",\"datePublished\":\"2020-05-25T10:48:44+00:00\",\"dateModified\":\"2020-05-25T10:48:46+00:00\",\"author\":{\"@id\":\"https:\\\/\\\/www.altominho.tv\\\/site\\\/#\\\/schema\\\/person\\\/a0bff6dc1041aadd46fa81887444b017\"},\"breadcrumb\":{\"@id\":\"https:\\\/\\\/www.altominho.tv\\\/site\\\/2020\\\/05\\\/25\\\/missas-voltam-a-ser-celebradas-no-sabado-com-novas-regras\\\/#breadcrumb\"},\"inLanguage\":\"pt-PT\",\"potentialAction\":[{\"@type\":\"ReadAction\",\"target\":[\"https:\\\/\\\/www.altominho.tv\\\/site\\\/2020\\\/05\\\/25\\\/missas-voltam-a-ser-celebradas-no-sabado-com-novas-regras\\\/\"]}]},{\"@type\":\"ImageObject\",\"inLanguage\":\"pt-PT\",\"@id\":\"https:\\\/\\\/www.altominho.tv\\\/site\\\/2020\\\/05\\\/25\\\/missas-voltam-a-ser-celebradas-no-sabado-com-novas-regras\\\/#primaryimage\",\"url\":\"https:\\\/\\\/www.altominho.tv\\\/site\\\/wp-content\\\/uploads\\\/2020\\\/05\\\/padre-segurando-o-calice-durante-uma-missa-nupcial-de-cerimonia-de-casamento-conceito-de-religiao_139317-2036.jpg\",\"contentUrl\":\"https:\\\/\\\/www.altominho.tv\\\/site\\\/wp-content\\\/uploads\\\/2020\\\/05\\\/padre-segurando-o-calice-durante-uma-missa-nupcial-de-cerimonia-de-casamento-conceito-de-religiao_139317-2036.jpg\",\"width\":626,\"height\":417,\"caption\":\"FREEPIK\"},{\"@type\":\"BreadcrumbList\",\"@id\":\"https:\\\/\\\/www.altominho.tv\\\/site\\\/2020\\\/05\\\/25\\\/missas-voltam-a-ser-celebradas-no-sabado-com-novas-regras\\\/#breadcrumb\",\"itemListElement\":[{\"@type\":\"ListItem\",\"position\":1,\"name\":\"In\u00edcio\",\"item\":\"https:\\\/\\\/www.altominho.tv\\\/site\\\/\"},{\"@type\":\"ListItem\",\"position\":2,\"name\":\"Missas voltam a ser celebradas no s\u00e1bado com novas regras\"}]},{\"@type\":\"WebSite\",\"@id\":\"https:\\\/\\\/www.altominho.tv\\\/site\\\/#website\",\"url\":\"https:\\\/\\\/www.altominho.tv\\\/site\\\/\",\"name\":\"Altominho.tv\",\"description\":\"A sua regi\u00e3o \u00e0 dist\u00e2ncia de um clique...\",\"potentialAction\":[{\"@type\":\"SearchAction\",\"target\":{\"@type\":\"EntryPoint\",\"urlTemplate\":\"https:\\\/\\\/www.altominho.tv\\\/site\\\/?s={search_term_string}\"},\"query-input\":{\"@type\":\"PropertyValueSpecification\",\"valueRequired\":true,\"valueName\":\"search_term_string\"}}],\"inLanguage\":\"pt-PT\"},{\"@type\":\"Person\",\"@id\":\"https:\\\/\\\/www.altominho.tv\\\/site\\\/#\\\/schema\\\/person\\\/a0bff6dc1041aadd46fa81887444b017\",\"name\":\"Andreia Ferreira | Lusa\",\"image\":{\"@type\":\"ImageObject\",\"inLanguage\":\"pt-PT\",\"@id\":\"https:\\\/\\\/www.altominho.tv\\\/site\\\/wp-content\\\/uploads\\\/2018\\\/04\\\/Andreia-150x150.jpg\",\"url\":\"https:\\\/\\\/www.altominho.tv\\\/site\\\/wp-content\\\/uploads\\\/2018\\\/04\\\/Andreia-150x150.jpg\",\"contentUrl\":\"https:\\\/\\\/www.altominho.tv\\\/site\\\/wp-content\\\/uploads\\\/2018\\\/04\\\/Andreia-150x150.jpg\",\"caption\":\"Andreia Ferreira | Lusa\"},\"sameAs\":[\"https:\\\/\\\/www.altominho.tv\\\/site\"],\"url\":\"https:\\\/\\\/www.altominho.tv\\\/site\\\/author\\\/andreiaferreiralusa\\\/\"}]}<\/script>\n<!-- \/ Yoast SEO Premium plugin. -->","yoast_head_json":{"title":"Missas voltam a ser celebradas no s\u00e1bado com novas regras","robots":{"index":"index","follow":"follow","max-snippet":"max-snippet:-1","max-image-preview":"max-image-preview:large","max-video-preview":"max-video-preview:-1"},"canonical":"https:\/\/www.altominho.tv\/site\/2020\/05\/25\/missas-voltam-a-ser-celebradas-no-sabado-com-novas-regras\/","og_locale":"pt_PT","og_type":"article","og_title":"Missas voltam a ser celebradas no s\u00e1bado com novas regras","og_description":"As missas comunit\u00e1rias v\u00e3o regressar no s\u00e1bado, 30 de maio, com novas regras de seguran\u00e7a no contexto da pandemia de Covid-19. De acordo com as orienta\u00e7\u00f5es da Confer\u00eancia Episcopal Portuguesa (CEP), divulgadas anteriormente para o retomar de celebra\u00e7\u00f5es e cultos comunit\u00e1rios, a partir do \u00faltimo fim-de-semana de maio, um distanciamento social de quatro metros quadrados, [&hellip;]","og_url":"https:\/\/www.altominho.tv\/site\/2020\/05\/25\/missas-voltam-a-ser-celebradas-no-sabado-com-novas-regras\/","og_site_name":"Altominho.tv","article_publisher":"https:\/\/www.facebook.com\/altominhotv","article_published_time":"2020-05-25T10:48:44+00:00","article_modified_time":"2020-05-25T10:48:46+00:00","og_image":[{"width":626,"height":417,"url":"https:\/\/www.altominho.tv\/site\/wp-content\/uploads\/2020\/05\/padre-segurando-o-calice-durante-uma-missa-nupcial-de-cerimonia-de-casamento-conceito-de-religiao_139317-2036.jpg","type":"image\/jpeg"}],"author":"Andreia Ferreira | Lusa","twitter_card":"summary_large_image","twitter_creator":"@altominhoTV","twitter_site":"@altominhoTV","twitter_misc":{"Escrito por":"Andreia Ferreira | Lusa","Tempo estimado de leitura":"4 minutos"},"schema":{"@context":"https:\/\/schema.org","@graph":[{"@type":"Article","@id":"https:\/\/www.altominho.tv\/site\/2020\/05\/25\/missas-voltam-a-ser-celebradas-no-sabado-com-novas-regras\/#article","isPartOf":{"@id":"https:\/\/www.altominho.tv\/site\/2020\/05\/25\/missas-voltam-a-ser-celebradas-no-sabado-com-novas-regras\/"},"author":{"name":"Andreia Ferreira | Lusa","@id":"https:\/\/www.altominho.tv\/site\/#\/schema\/person\/a0bff6dc1041aadd46fa81887444b017"},"headline":"Missas voltam a ser celebradas no s\u00e1bado com novas regras","datePublished":"2020-05-25T10:48:44+00:00","dateModified":"2020-05-25T10:48:46+00:00","mainEntityOfPage":{"@id":"https:\/\/www.altominho.tv\/site\/2020\/05\/25\/missas-voltam-a-ser-celebradas-no-sabado-com-novas-regras\/"},"wordCount":802,"image":{"@id":"https:\/\/www.altominho.tv\/site\/2020\/05\/25\/missas-voltam-a-ser-celebradas-no-sabado-com-novas-regras\/#primaryimage"},"thumbnailUrl":"https:\/\/www.altominho.tv\/site\/wp-content\/uploads\/2020\/05\/padre-segurando-o-calice-durante-uma-missa-nupcial-de-cerimonia-de-casamento-conceito-de-religiao_139317-2036.jpg","keywords":["Sociedade"],"articleSection":["Alto Minho"],"inLanguage":"pt-PT","copyrightYear":"2020","copyrightHolder":{"@id":"https:\/\/www.altominho.tv\/site\/#organization"}},{"@type":"WebPage","@id":"https:\/\/www.altominho.tv\/site\/2020\/05\/25\/missas-voltam-a-ser-celebradas-no-sabado-com-novas-regras\/","url":"https:\/\/www.altominho.tv\/site\/2020\/05\/25\/missas-voltam-a-ser-celebradas-no-sabado-com-novas-regras\/","name":"Missas voltam a ser celebradas no s\u00e1bado com novas regras","isPartOf":{"@id":"https:\/\/www.altominho.tv\/site\/#website"},"primaryImageOfPage":{"@id":"https:\/\/www.altominho.tv\/site\/2020\/05\/25\/missas-voltam-a-ser-celebradas-no-sabado-com-novas-regras\/#primaryimage"},"image":{"@id":"https:\/\/www.altominho.tv\/site\/2020\/05\/25\/missas-voltam-a-ser-celebradas-no-sabado-com-novas-regras\/#primaryimage"},"thumbnailUrl":"https:\/\/www.altominho.tv\/site\/wp-content\/uploads\/2020\/05\/padre-segurando-o-calice-durante-uma-missa-nupcial-de-cerimonia-de-casamento-conceito-de-religiao_139317-2036.jpg","datePublished":"2020-05-25T10:48:44+00:00","dateModified":"2020-05-25T10:48:46+00:00","author":{"@id":"https:\/\/www.altominho.tv\/site\/#\/schema\/person\/a0bff6dc1041aadd46fa81887444b017"},"breadcrumb":{"@id":"https:\/\/www.altominho.tv\/site\/2020\/05\/25\/missas-voltam-a-ser-celebradas-no-sabado-com-novas-regras\/#breadcrumb"},"inLanguage":"pt-PT","potentialAction":[{"@type":"ReadAction","target":["https:\/\/www.altominho.tv\/site\/2020\/05\/25\/missas-voltam-a-ser-celebradas-no-sabado-com-novas-regras\/"]}]},{"@type":"ImageObject","inLanguage":"pt-PT","@id":"https:\/\/www.altominho.tv\/site\/2020\/05\/25\/missas-voltam-a-ser-celebradas-no-sabado-com-novas-regras\/#primaryimage","url":"https:\/\/www.altominho.tv\/site\/wp-content\/uploads\/2020\/05\/padre-segurando-o-calice-durante-uma-missa-nupcial-de-cerimonia-de-casamento-conceito-de-religiao_139317-2036.jpg","contentUrl":"https:\/\/www.altominho.tv\/site\/wp-content\/uploads\/2020\/05\/padre-segurando-o-calice-durante-uma-missa-nupcial-de-cerimonia-de-casamento-conceito-de-religiao_139317-2036.jpg","width":626,"height":417,"caption":"FREEPIK"},{"@type":"BreadcrumbList","@id":"https:\/\/www.altominho.tv\/site\/2020\/05\/25\/missas-voltam-a-ser-celebradas-no-sabado-com-novas-regras\/#breadcrumb","itemListElement":[{"@type":"ListItem","position":1,"name":"In\u00edcio","item":"https:\/\/www.altominho.tv\/site\/"},{"@type":"ListItem","position":2,"name":"Missas voltam a ser celebradas no s\u00e1bado com novas regras"}]},{"@type":"WebSite","@id":"https:\/\/www.altominho.tv\/site\/#website","url":"https:\/\/www.altominho.tv\/site\/","name":"Altominho.tv","description":"A sua regi\u00e3o \u00e0 dist\u00e2ncia de um clique...","potentialAction":[{"@type":"SearchAction","target":{"@type":"EntryPoint","urlTemplate":"https:\/\/www.altominho.tv\/site\/?s={search_term_string}"},"query-input":{"@type":"PropertyValueSpecification","valueRequired":true,"valueName":"search_term_string"}}],"inLanguage":"pt-PT"},{"@type":"Person","@id":"https:\/\/www.altominho.tv\/site\/#\/schema\/person\/a0bff6dc1041aadd46fa81887444b017","name":"Andreia Ferreira | Lusa","image":{"@type":"ImageObject","inLanguage":"pt-PT","@id":"https:\/\/www.altominho.tv\/site\/wp-content\/uploads\/2018\/04\/Andreia-150x150.jpg","url":"https:\/\/www.altominho.tv\/site\/wp-content\/uploads\/2018\/04\/Andreia-150x150.jpg","contentUrl":"https:\/\/www.altominho.tv\/site\/wp-content\/uploads\/2018\/04\/Andreia-150x150.jpg","caption":"Andreia Ferreira | Lusa"},"sameAs":["https:\/\/www.altominho.tv\/site"],"url":"https:\/\/www.altominho.tv\/site\/author\/andreiaferreiralusa\/"}]}},"_links":{"self":[{"href":"https:\/\/www.altominho.tv\/site\/wp-json\/wp\/v2\/posts\/46978","targetHints":{"allow":["GET"]}}],"collection":[{"href":"https:\/\/www.altominho.tv\/site\/wp-json\/wp\/v2\/posts"}],"about":[{"href":"https:\/\/www.altominho.tv\/site\/wp-json\/wp\/v2\/types\/post"}],"author":[{"embeddable":true,"href":"https:\/\/www.altominho.tv\/site\/wp-json\/wp\/v2\/users\/15"}],"replies":[{"embeddable":true,"href":"https:\/\/www.altominho.tv\/site\/wp-json\/wp\/v2\/comments?post=46978"}],"version-history":[{"count":0,"href":"https:\/\/www.altominho.tv\/site\/wp-json\/wp\/v2\/posts\/46978\/revisions"}],"wp:featuredmedia":[{"embeddable":true,"href":"https:\/\/www.altominho.tv\/site\/wp-json\/wp\/v2\/media\/46980"}],"wp:attachment":[{"href":"https:\/\/www.altominho.tv\/site\/wp-json\/wp\/v2\/media?parent=46978"}],"wp:term":[{"taxonomy":"category","embeddable":true,"href":"https:\/\/www.altominho.tv\/site\/wp-json\/wp\/v2\/categories?post=46978"},{"taxonomy":"post_tag","embeddable":true,"href":"https:\/\/www.altominho.tv\/site\/wp-json\/wp\/v2\/tags?post=46978"}],"curies":[{"name":"wp","href":"https:\/\/api.w.org\/{rel}","templated":true}]}}