{"id":46938,"date":"2020-05-24T15:00:54","date_gmt":"2020-05-24T14:00:54","guid":{"rendered":"http:\/\/www.altominho.tv\/site\/?p=46938"},"modified":"2020-05-24T15:00:58","modified_gmt":"2020-05-24T14:00:58","slug":"ministra-assume-impossibilidade-de-concentracoes-para-ver-jogos-de-futebol","status":"publish","type":"post","link":"https:\/\/www.altominho.tv\/site\/2020\/05\/24\/ministra-assume-impossibilidade-de-concentracoes-para-ver-jogos-de-futebol\/","title":{"rendered":"Ministra assume impossibilidade de concentra\u00e7\u00f5es para ver jogos de futebol"},"content":{"rendered":"<p><strong>A ministra da Sa\u00fade assumiu hoje a impossibilidade de ocorrem concentra\u00e7\u00f5es de pessoas para assistirem aos jogos da I Liga portuguesa de futebol, que v\u00e3o ser retomados em 03 de junho, sem p\u00fablico e transmitidos em canais pagos<\/strong><\/p>\n<p class=\"text-paragraph\">\u201cPor ocasi\u00e3o de competi\u00e7\u00f5es desportivas, haver concentra\u00e7\u00f5es em determinados espa\u00e7os, \u00e9 evidente que n\u00e3o isso vai poder acontecer da forma como est\u00e1vamos habituados\u201d, frisou Marta Temido, na confer\u00eancia de imprensa di\u00e1ria de avalia\u00e7\u00e3o da pandemia de covid-19.<\/p>\n<p class=\"text-paragraph\"><strong>As 10 \u00faltimas jornadas da edi\u00e7\u00e3o 2019\/20 da I Liga portuguesa de futebol v\u00e3o decorrer \u00e0 porta fechada, entre 03 de junho e 26 de julho, depois de a competi\u00e7\u00e3o ter sido suspensa em 12 de mar\u00e7o.<\/strong><\/p>\n<p class=\"text-paragraph\">\u201cN\u00f3s c\u00e1 estaremos para dar as explica\u00e7\u00f5es que entendam necess\u00e1rias e a Dire\u00e7\u00e3o-Geral da Sa\u00fade [DGS] para produzir os normativos adequados para que todos se sintam enquadrados\u201d, referiu a ministra, recusando, no entanto, criar uma \u201csociedade excessivamente normatizada, em que n\u00e3o \u00e9 poss\u00edvel prever tudo e os riscos de falhas tamb\u00e9m acontecem\u201d.<\/p>\n<p class=\"text-paragraph\">Nesse sentido, Marta Temido apontou \u00e0 responsabilidade individual para minimizar os riscos de cont\u00e1gio.<\/p>\n<p class=\"text-paragraph\">\u201cH\u00e1 um momento em que cada um tem de ser respons\u00e1vel pelos seus comportamentos individuais e pelo ambiente de eventual risco em que se coloca\u201d, rematou a ministra da Sa\u00fade, reconhecendo que \u201co comportamento individual tem sido o melhor garante dos resultados alcan\u00e7ados\u201d.<\/p>\n<p class=\"text-paragraph\">Questionada sobre a possibilidade de reabertura de gin\u00e1sios, Marta Temido e a diretora-geral da Sa\u00fade, Gra\u00e7a Freitas, afirmaram que est\u00e1 a ser feito o trabalho t\u00e9cnico, sem que haja uma decis\u00e3o sobre a retoma do funcionamento destes espa\u00e7os.<\/p>\n<p class=\"text-paragraph\">Ap\u00f3s a declara\u00e7\u00e3o de pandemia, em 11 de mar\u00e7o, as competi\u00e7\u00f5es desportivas de quase todas as modalidades foram disputadas sem p\u00fablico, adiadas &#8211; Jogos Ol\u00edmpicos T\u00f3quio2020, Euro2020 e Copa Am\u00e9rica -, suspensas, nos casos dos campeonatos nacionais e provas internacionais, ou mesmo canceladas.<\/p>\n<p class=\"text-paragraph\">Os campeonatos de futebol de Fran\u00e7a, Pa\u00edses Baixos, B\u00e9lgica e Esc\u00f3cia foram cancelados, enquanto outros pa\u00edses preparam o regresso \u00e0 competi\u00e7\u00e3o, com fortes restri\u00e7\u00f5es, como sucede em Inglaterra, It\u00e1lia, Espanha e Portugal, que tem o rein\u00edcio da I Liga previsto para 03 de junho, depois de a Liga alem\u00e3 ter sido retomada em 16 de maio.<\/p>\n<p class=\"text-paragraph\">Com 24 jornadas disputadas na I Liga, o FC Porto lidera com 60 pontos, mais um do que o campe\u00e3o Benfica.<\/p>\n<p class=\"text-paragraph\">De acordo com o boletim epidemiol\u00f3gico divulgado hoje pela DGS, Portugal <a href=\"\/\/www.altominho.tv\/site\/2020\/05\/24\/portugal-com-1-316-mortos-e-30-623-infetados\/\">contabiliza 1.316 mortos associados \u00e0 covid-19 em 30.623 casos confirmados de infe\u00e7\u00e3o<\/a>.<\/p>\n<p class=\"text-paragraph\">Relativamente a s\u00e1bado, h\u00e1 mais 14 mortos (+1%) e mais 152 casos de infe\u00e7\u00e3o (+0,5%).<\/p>\n","protected":false},"excerpt":{"rendered":"<p>A ministra da Sa\u00fade assumiu hoje a impossibilidade de ocorrem concentra\u00e7\u00f5es de pessoas para assistirem aos jogos da I Liga portuguesa de futebol, que v\u00e3o ser retomados em 03 de junho, sem p\u00fablico e transmitidos em canais pagos \u201cPor ocasi\u00e3o de competi\u00e7\u00f5es desportivas, haver concentra\u00e7\u00f5es em determinados espa\u00e7os, \u00e9 evidente que n\u00e3o isso vai poder [&hellip;]<\/p>\n","protected":false},"author":13,"featured_media":46940,"comment_status":"closed","ping_status":"closed","sticky":false,"template":"","format":"standard","meta":{"_exactmetrics_skip_tracking":false,"_exactmetrics_sitenote_active":false,"_exactmetrics_sitenote_note":"","_exactmetrics_sitenote_category":0,"footnotes":""},"categories":[42722],"tags":[20],"class_list":["post-46938","post","type-post","status-publish","format-standard","has-post-thumbnail","hentry","category-covid-19","tag-desporto"],"yoast_head":"<!-- This site is optimized with the Yoast SEO Premium plugin v27.5 (Yoast SEO v27.5) - https:\/\/yoast.com\/product\/yoast-seo-premium-wordpress\/ -->\n<title>Ministra assume impossibilidade de concentra\u00e7\u00f5es para ver jogos de futebol<\/title>\n<meta name=\"robots\" content=\"index, follow, max-snippet:-1, max-image-preview:large, max-video-preview:-1\" \/>\n<link rel=\"canonical\" href=\"https:\/\/www.altominho.tv\/site\/2020\/05\/24\/ministra-assume-impossibilidade-de-concentracoes-para-ver-jogos-de-futebol\/\" \/>\n<meta property=\"og:locale\" content=\"pt_PT\" \/>\n<meta property=\"og:type\" content=\"article\" \/>\n<meta property=\"og:title\" content=\"Ministra assume impossibilidade de concentra\u00e7\u00f5es para ver jogos de futebol\" \/>\n<meta property=\"og:description\" content=\"A ministra da Sa\u00fade assumiu hoje a impossibilidade de ocorrem concentra\u00e7\u00f5es de pessoas para assistirem aos jogos da I Liga portuguesa de futebol, que v\u00e3o ser retomados em 03 de junho, sem p\u00fablico e transmitidos em canais pagos \u201cPor ocasi\u00e3o de competi\u00e7\u00f5es desportivas, haver concentra\u00e7\u00f5es em determinados espa\u00e7os, \u00e9 evidente que n\u00e3o isso vai poder [&hellip;]\" \/>\n<meta property=\"og:url\" content=\"https:\/\/www.altominho.tv\/site\/2020\/05\/24\/ministra-assume-impossibilidade-de-concentracoes-para-ver-jogos-de-futebol\/\" \/>\n<meta property=\"og:site_name\" content=\"Altominho.tv\" \/>\n<meta property=\"article:publisher\" content=\"https:\/\/www.facebook.com\/altominhotv\" \/>\n<meta property=\"article:published_time\" content=\"2020-05-24T14:00:54+00:00\" \/>\n<meta property=\"article:modified_time\" content=\"2020-05-24T14:00:58+00:00\" \/>\n<meta property=\"og:image\" content=\"https:\/\/www.altominho.tv\/site\/wp-content\/uploads\/2020\/05\/Jogos_Porta_Fechada.jpg\" \/>\n\t<meta property=\"og:image:width\" content=\"768\" \/>\n\t<meta property=\"og:image:height\" content=\"432\" \/>\n\t<meta property=\"og:image:type\" content=\"image\/jpeg\" \/>\n<meta name=\"author\" content=\"Lusa\" \/>\n<meta name=\"twitter:card\" content=\"summary_large_image\" \/>\n<meta name=\"twitter:creator\" content=\"@altominhoTV\" \/>\n<meta name=\"twitter:site\" content=\"@altominhoTV\" \/>\n<meta name=\"twitter:label1\" content=\"Escrito por\" \/>\n\t<meta name=\"twitter:data1\" content=\"Lusa\" \/>\n\t<meta name=\"twitter:label2\" content=\"Tempo estimado de leitura\" \/>\n\t<meta name=\"twitter:data2\" content=\"2 minutos\" \/>\n<script type=\"application\/ld+json\" class=\"yoast-schema-graph\">{\"@context\":\"https:\\\/\\\/schema.org\",\"@graph\":[{\"@type\":\"Article\",\"@id\":\"https:\\\/\\\/www.altominho.tv\\\/site\\\/2020\\\/05\\\/24\\\/ministra-assume-impossibilidade-de-concentracoes-para-ver-jogos-de-futebol\\\/#article\",\"isPartOf\":{\"@id\":\"https:\\\/\\\/www.altominho.tv\\\/site\\\/2020\\\/05\\\/24\\\/ministra-assume-impossibilidade-de-concentracoes-para-ver-jogos-de-futebol\\\/\"},\"author\":{\"name\":\"Lusa\",\"@id\":\"https:\\\/\\\/www.altominho.tv\\\/site\\\/#\\\/schema\\\/person\\\/63f693da3e1899361cbe955c46f3232e\"},\"headline\":\"Ministra assume impossibilidade de concentra\u00e7\u00f5es para ver jogos de futebol\",\"datePublished\":\"2020-05-24T14:00:54+00:00\",\"dateModified\":\"2020-05-24T14:00:58+00:00\",\"mainEntityOfPage\":{\"@id\":\"https:\\\/\\\/www.altominho.tv\\\/site\\\/2020\\\/05\\\/24\\\/ministra-assume-impossibilidade-de-concentracoes-para-ver-jogos-de-futebol\\\/\"},\"wordCount\":462,\"image\":{\"@id\":\"https:\\\/\\\/www.altominho.tv\\\/site\\\/2020\\\/05\\\/24\\\/ministra-assume-impossibilidade-de-concentracoes-para-ver-jogos-de-futebol\\\/#primaryimage\"},\"thumbnailUrl\":\"https:\\\/\\\/www.altominho.tv\\\/site\\\/wp-content\\\/uploads\\\/2020\\\/05\\\/Jogos_Porta_Fechada.jpg\",\"keywords\":[\"Desporto\"],\"articleSection\":[\"Coronav\u00edrus\"],\"inLanguage\":\"pt-PT\",\"copyrightYear\":\"2020\",\"copyrightHolder\":{\"@id\":\"https:\\\/\\\/www.altominho.tv\\\/site\\\/#organization\"}},{\"@type\":\"WebPage\",\"@id\":\"https:\\\/\\\/www.altominho.tv\\\/site\\\/2020\\\/05\\\/24\\\/ministra-assume-impossibilidade-de-concentracoes-para-ver-jogos-de-futebol\\\/\",\"url\":\"https:\\\/\\\/www.altominho.tv\\\/site\\\/2020\\\/05\\\/24\\\/ministra-assume-impossibilidade-de-concentracoes-para-ver-jogos-de-futebol\\\/\",\"name\":\"Ministra assume impossibilidade de concentra\u00e7\u00f5es para ver jogos de futebol\",\"isPartOf\":{\"@id\":\"https:\\\/\\\/www.altominho.tv\\\/site\\\/#website\"},\"primaryImageOfPage\":{\"@id\":\"https:\\\/\\\/www.altominho.tv\\\/site\\\/2020\\\/05\\\/24\\\/ministra-assume-impossibilidade-de-concentracoes-para-ver-jogos-de-futebol\\\/#primaryimage\"},\"image\":{\"@id\":\"https:\\\/\\\/www.altominho.tv\\\/site\\\/2020\\\/05\\\/24\\\/ministra-assume-impossibilidade-de-concentracoes-para-ver-jogos-de-futebol\\\/#primaryimage\"},\"thumbnailUrl\":\"https:\\\/\\\/www.altominho.tv\\\/site\\\/wp-content\\\/uploads\\\/2020\\\/05\\\/Jogos_Porta_Fechada.jpg\",\"datePublished\":\"2020-05-24T14:00:54+00:00\",\"dateModified\":\"2020-05-24T14:00:58+00:00\",\"author\":{\"@id\":\"https:\\\/\\\/www.altominho.tv\\\/site\\\/#\\\/schema\\\/person\\\/63f693da3e1899361cbe955c46f3232e\"},\"breadcrumb\":{\"@id\":\"https:\\\/\\\/www.altominho.tv\\\/site\\\/2020\\\/05\\\/24\\\/ministra-assume-impossibilidade-de-concentracoes-para-ver-jogos-de-futebol\\\/#breadcrumb\"},\"inLanguage\":\"pt-PT\",\"potentialAction\":[{\"@type\":\"ReadAction\",\"target\":[\"https:\\\/\\\/www.altominho.tv\\\/site\\\/2020\\\/05\\\/24\\\/ministra-assume-impossibilidade-de-concentracoes-para-ver-jogos-de-futebol\\\/\"]}]},{\"@type\":\"ImageObject\",\"inLanguage\":\"pt-PT\",\"@id\":\"https:\\\/\\\/www.altominho.tv\\\/site\\\/2020\\\/05\\\/24\\\/ministra-assume-impossibilidade-de-concentracoes-para-ver-jogos-de-futebol\\\/#primaryimage\",\"url\":\"https:\\\/\\\/www.altominho.tv\\\/site\\\/wp-content\\\/uploads\\\/2020\\\/05\\\/Jogos_Porta_Fechada.jpg\",\"contentUrl\":\"https:\\\/\\\/www.altominho.tv\\\/site\\\/wp-content\\\/uploads\\\/2020\\\/05\\\/Jogos_Porta_Fechada.jpg\",\"width\":768,\"height\":432},{\"@type\":\"BreadcrumbList\",\"@id\":\"https:\\\/\\\/www.altominho.tv\\\/site\\\/2020\\\/05\\\/24\\\/ministra-assume-impossibilidade-de-concentracoes-para-ver-jogos-de-futebol\\\/#breadcrumb\",\"itemListElement\":[{\"@type\":\"ListItem\",\"position\":1,\"name\":\"In\u00edcio\",\"item\":\"https:\\\/\\\/www.altominho.tv\\\/site\\\/\"},{\"@type\":\"ListItem\",\"position\":2,\"name\":\"Ministra assume impossibilidade de concentra\u00e7\u00f5es para ver jogos de futebol\"}]},{\"@type\":\"WebSite\",\"@id\":\"https:\\\/\\\/www.altominho.tv\\\/site\\\/#website\",\"url\":\"https:\\\/\\\/www.altominho.tv\\\/site\\\/\",\"name\":\"Altominho.tv\",\"description\":\"A sua regi\u00e3o \u00e0 dist\u00e2ncia de um clique...\",\"potentialAction\":[{\"@type\":\"SearchAction\",\"target\":{\"@type\":\"EntryPoint\",\"urlTemplate\":\"https:\\\/\\\/www.altominho.tv\\\/site\\\/?s={search_term_string}\"},\"query-input\":{\"@type\":\"PropertyValueSpecification\",\"valueRequired\":true,\"valueName\":\"search_term_string\"}}],\"inLanguage\":\"pt-PT\"},{\"@type\":\"Person\",\"@id\":\"https:\\\/\\\/www.altominho.tv\\\/site\\\/#\\\/schema\\\/person\\\/63f693da3e1899361cbe955c46f3232e\",\"name\":\"Lusa\",\"image\":{\"@type\":\"ImageObject\",\"inLanguage\":\"pt-PT\",\"@id\":\"https:\\\/\\\/www.altominho.tv\\\/site\\\/wp-content\\\/uploads\\\/2019\\\/08\\\/LUSA_Logo.gif\",\"url\":\"https:\\\/\\\/www.altominho.tv\\\/site\\\/wp-content\\\/uploads\\\/2019\\\/08\\\/LUSA_Logo.gif\",\"contentUrl\":\"https:\\\/\\\/www.altominho.tv\\\/site\\\/wp-content\\\/uploads\\\/2019\\\/08\\\/LUSA_Logo.gif\",\"caption\":\"Lusa\"},\"sameAs\":[\"http:\\\/\\\/\\\/\\\/www.altominho.tv\\\/site\"],\"url\":\"https:\\\/\\\/www.altominho.tv\\\/site\\\/author\\\/lusa\\\/\"}]}<\/script>\n<!-- \/ Yoast SEO Premium plugin. -->","yoast_head_json":{"title":"Ministra assume impossibilidade de concentra\u00e7\u00f5es para ver jogos de futebol","robots":{"index":"index","follow":"follow","max-snippet":"max-snippet:-1","max-image-preview":"max-image-preview:large","max-video-preview":"max-video-preview:-1"},"canonical":"https:\/\/www.altominho.tv\/site\/2020\/05\/24\/ministra-assume-impossibilidade-de-concentracoes-para-ver-jogos-de-futebol\/","og_locale":"pt_PT","og_type":"article","og_title":"Ministra assume impossibilidade de concentra\u00e7\u00f5es para ver jogos de futebol","og_description":"A ministra da Sa\u00fade assumiu hoje a impossibilidade de ocorrem concentra\u00e7\u00f5es de pessoas para assistirem aos jogos da I Liga portuguesa de futebol, que v\u00e3o ser retomados em 03 de junho, sem p\u00fablico e transmitidos em canais pagos \u201cPor ocasi\u00e3o de competi\u00e7\u00f5es desportivas, haver concentra\u00e7\u00f5es em determinados espa\u00e7os, \u00e9 evidente que n\u00e3o isso vai poder [&hellip;]","og_url":"https:\/\/www.altominho.tv\/site\/2020\/05\/24\/ministra-assume-impossibilidade-de-concentracoes-para-ver-jogos-de-futebol\/","og_site_name":"Altominho.tv","article_publisher":"https:\/\/www.facebook.com\/altominhotv","article_published_time":"2020-05-24T14:00:54+00:00","article_modified_time":"2020-05-24T14:00:58+00:00","og_image":[{"width":768,"height":432,"url":"https:\/\/www.altominho.tv\/site\/wp-content\/uploads\/2020\/05\/Jogos_Porta_Fechada.jpg","type":"image\/jpeg"}],"author":"Lusa","twitter_card":"summary_large_image","twitter_creator":"@altominhoTV","twitter_site":"@altominhoTV","twitter_misc":{"Escrito por":"Lusa","Tempo estimado de leitura":"2 minutos"},"schema":{"@context":"https:\/\/schema.org","@graph":[{"@type":"Article","@id":"https:\/\/www.altominho.tv\/site\/2020\/05\/24\/ministra-assume-impossibilidade-de-concentracoes-para-ver-jogos-de-futebol\/#article","isPartOf":{"@id":"https:\/\/www.altominho.tv\/site\/2020\/05\/24\/ministra-assume-impossibilidade-de-concentracoes-para-ver-jogos-de-futebol\/"},"author":{"name":"Lusa","@id":"https:\/\/www.altominho.tv\/site\/#\/schema\/person\/63f693da3e1899361cbe955c46f3232e"},"headline":"Ministra assume impossibilidade de concentra\u00e7\u00f5es para ver jogos de futebol","datePublished":"2020-05-24T14:00:54+00:00","dateModified":"2020-05-24T14:00:58+00:00","mainEntityOfPage":{"@id":"https:\/\/www.altominho.tv\/site\/2020\/05\/24\/ministra-assume-impossibilidade-de-concentracoes-para-ver-jogos-de-futebol\/"},"wordCount":462,"image":{"@id":"https:\/\/www.altominho.tv\/site\/2020\/05\/24\/ministra-assume-impossibilidade-de-concentracoes-para-ver-jogos-de-futebol\/#primaryimage"},"thumbnailUrl":"https:\/\/www.altominho.tv\/site\/wp-content\/uploads\/2020\/05\/Jogos_Porta_Fechada.jpg","keywords":["Desporto"],"articleSection":["Coronav\u00edrus"],"inLanguage":"pt-PT","copyrightYear":"2020","copyrightHolder":{"@id":"https:\/\/www.altominho.tv\/site\/#organization"}},{"@type":"WebPage","@id":"https:\/\/www.altominho.tv\/site\/2020\/05\/24\/ministra-assume-impossibilidade-de-concentracoes-para-ver-jogos-de-futebol\/","url":"https:\/\/www.altominho.tv\/site\/2020\/05\/24\/ministra-assume-impossibilidade-de-concentracoes-para-ver-jogos-de-futebol\/","name":"Ministra assume impossibilidade de concentra\u00e7\u00f5es para ver jogos de futebol","isPartOf":{"@id":"https:\/\/www.altominho.tv\/site\/#website"},"primaryImageOfPage":{"@id":"https:\/\/www.altominho.tv\/site\/2020\/05\/24\/ministra-assume-impossibilidade-de-concentracoes-para-ver-jogos-de-futebol\/#primaryimage"},"image":{"@id":"https:\/\/www.altominho.tv\/site\/2020\/05\/24\/ministra-assume-impossibilidade-de-concentracoes-para-ver-jogos-de-futebol\/#primaryimage"},"thumbnailUrl":"https:\/\/www.altominho.tv\/site\/wp-content\/uploads\/2020\/05\/Jogos_Porta_Fechada.jpg","datePublished":"2020-05-24T14:00:54+00:00","dateModified":"2020-05-24T14:00:58+00:00","author":{"@id":"https:\/\/www.altominho.tv\/site\/#\/schema\/person\/63f693da3e1899361cbe955c46f3232e"},"breadcrumb":{"@id":"https:\/\/www.altominho.tv\/site\/2020\/05\/24\/ministra-assume-impossibilidade-de-concentracoes-para-ver-jogos-de-futebol\/#breadcrumb"},"inLanguage":"pt-PT","potentialAction":[{"@type":"ReadAction","target":["https:\/\/www.altominho.tv\/site\/2020\/05\/24\/ministra-assume-impossibilidade-de-concentracoes-para-ver-jogos-de-futebol\/"]}]},{"@type":"ImageObject","inLanguage":"pt-PT","@id":"https:\/\/www.altominho.tv\/site\/2020\/05\/24\/ministra-assume-impossibilidade-de-concentracoes-para-ver-jogos-de-futebol\/#primaryimage","url":"https:\/\/www.altominho.tv\/site\/wp-content\/uploads\/2020\/05\/Jogos_Porta_Fechada.jpg","contentUrl":"https:\/\/www.altominho.tv\/site\/wp-content\/uploads\/2020\/05\/Jogos_Porta_Fechada.jpg","width":768,"height":432},{"@type":"BreadcrumbList","@id":"https:\/\/www.altominho.tv\/site\/2020\/05\/24\/ministra-assume-impossibilidade-de-concentracoes-para-ver-jogos-de-futebol\/#breadcrumb","itemListElement":[{"@type":"ListItem","position":1,"name":"In\u00edcio","item":"https:\/\/www.altominho.tv\/site\/"},{"@type":"ListItem","position":2,"name":"Ministra assume impossibilidade de concentra\u00e7\u00f5es para ver jogos de futebol"}]},{"@type":"WebSite","@id":"https:\/\/www.altominho.tv\/site\/#website","url":"https:\/\/www.altominho.tv\/site\/","name":"Altominho.tv","description":"A sua regi\u00e3o \u00e0 dist\u00e2ncia de um clique...","potentialAction":[{"@type":"SearchAction","target":{"@type":"EntryPoint","urlTemplate":"https:\/\/www.altominho.tv\/site\/?s={search_term_string}"},"query-input":{"@type":"PropertyValueSpecification","valueRequired":true,"valueName":"search_term_string"}}],"inLanguage":"pt-PT"},{"@type":"Person","@id":"https:\/\/www.altominho.tv\/site\/#\/schema\/person\/63f693da3e1899361cbe955c46f3232e","name":"Lusa","image":{"@type":"ImageObject","inLanguage":"pt-PT","@id":"https:\/\/www.altominho.tv\/site\/wp-content\/uploads\/2019\/08\/LUSA_Logo.gif","url":"https:\/\/www.altominho.tv\/site\/wp-content\/uploads\/2019\/08\/LUSA_Logo.gif","contentUrl":"https:\/\/www.altominho.tv\/site\/wp-content\/uploads\/2019\/08\/LUSA_Logo.gif","caption":"Lusa"},"sameAs":["http:\/\/\/\/www.altominho.tv\/site"],"url":"https:\/\/www.altominho.tv\/site\/author\/lusa\/"}]}},"_links":{"self":[{"href":"https:\/\/www.altominho.tv\/site\/wp-json\/wp\/v2\/posts\/46938","targetHints":{"allow":["GET"]}}],"collection":[{"href":"https:\/\/www.altominho.tv\/site\/wp-json\/wp\/v2\/posts"}],"about":[{"href":"https:\/\/www.altominho.tv\/site\/wp-json\/wp\/v2\/types\/post"}],"author":[{"embeddable":true,"href":"https:\/\/www.altominho.tv\/site\/wp-json\/wp\/v2\/users\/13"}],"replies":[{"embeddable":true,"href":"https:\/\/www.altominho.tv\/site\/wp-json\/wp\/v2\/comments?post=46938"}],"version-history":[{"count":0,"href":"https:\/\/www.altominho.tv\/site\/wp-json\/wp\/v2\/posts\/46938\/revisions"}],"wp:featuredmedia":[{"embeddable":true,"href":"https:\/\/www.altominho.tv\/site\/wp-json\/wp\/v2\/media\/46940"}],"wp:attachment":[{"href":"https:\/\/www.altominho.tv\/site\/wp-json\/wp\/v2\/media?parent=46938"}],"wp:term":[{"taxonomy":"category","embeddable":true,"href":"https:\/\/www.altominho.tv\/site\/wp-json\/wp\/v2\/categories?post=46938"},{"taxonomy":"post_tag","embeddable":true,"href":"https:\/\/www.altominho.tv\/site\/wp-json\/wp\/v2\/tags?post=46938"}],"curies":[{"name":"wp","href":"https:\/\/api.w.org\/{rel}","templated":true}]}}